{"id":7875,"date":"2020-03-15T02:13:14","date_gmt":"2020-03-15T02:13:14","guid":{"rendered":"https:\/\/catholic-television.com\/wp-staging\/?p=7875\/"},"modified":"2020-03-15T02:13:58","modified_gmt":"2020-03-15T02:13:58","slug":"dios-mas-importante-que-la-familia","status":"publish","type":"post","link":"https:\/\/catholic-television.com\/es\/dios-mas-importante-que-la-familia\/","title":{"rendered":"\u00bfPor qu\u00e9 es Dios m\u00e1s importante que la familia?"},"content":{"rendered":"<p style=\"text-align: justify\"><span style=\"color: #000000\"><strong>\u00bfPor qu\u00e9 es Dios m\u00e1s importante que la familia?<\/strong><\/span><\/p>\n<p style=\"text-align: justify\"><span style=\"color: #000000\"><strong>El hombre no puede vivir sin relaciones. La relaci\u00f3n m\u00e1s importante del hombre es la que tiene con Dios. Tiene prioridad sobre todas las relaciones humanas, incluidas las familiares.<\/strong><\/span><\/p>\n<p style=\"text-align: justify\"><span style=\"color: #000000\">Los hijos no pertenecen a sus padres ni los padres a sus hijos. Toda persona pertenece directamente a Dios. S\u00f3lo con Dios existe un v\u00ednculo absoluto y perpetuo. As\u00ed se comprende la palabra de Jes\u00fas a quienes son llamados: \u00abEl que quiere a su padre o a su madre m\u00e1s que a m\u00ed, no es digno de m\u00ed; el que quiere a su hijo o a su hija m\u00e1s que a m\u00ed, no es digno de m\u00ed\u00bb. Por ello los padres deben poner a sus hijos en manos de Dios, llenos de confianza. Cuando el Se\u00f1or los llame a una vida de entrega en una comunidad religiosa o como Presb\u00edteros.<\/span><\/p>\n","protected":false},"excerpt":{"rendered":"<p>\u00bfPor qu\u00e9 es Dios m\u00e1s importante que la familia? El hombre no puede vivir sin relaciones. La relaci\u00f3n m\u00e1s importante del hombre es la que tiene con Dios. Tiene prioridad sobre todas las relaciones humanas, incluidas las familiares. Los hijos no pertenecen a sus padres ni los padres a sus hijos. Toda persona pertenece directamente&hellip; <a class=\"more-link\" href=\"https:\/\/catholic-television.com\/es\/dios-mas-importante-que-la-familia\/\">Seguir leyendo <span class=\"screen-reader-text\">\u00bfPor qu\u00e9 es Dios m\u00e1s importante que la familia?<\/span><\/a><\/p>\n","protected":false},"author":7,"featured_media":7876,"comment_status":"open","ping_status":"open","sticky":false,"template":"","format":"standard","meta":{"footnotes":""},"categories":[668,650],"tags":[22550,18509,22548,22545,18614,22549,20181,22544,22546,22547,22543],"class_list":["post-7875","post","type-post","status-publish","format-standard","has-post-thumbnail","hentry","category-bienvenidos","category-catequesis","tag-comunidad-religiosa","tag-confianza","tag-digno","tag-dios-prioridad","tag-hombre","tag-manos-dios","tag-presbiteros","tag-relacion-importante","tag-vinculo-absoluto","tag-vinculo-perpetuo","tag-vivir-sin-relaciones","entry"],"yoast_head":"<!-- This site is optimized with the Yoast SEO plugin v27.4 - https:\/\/yoast.com\/product\/yoast-seo-wordpress\/ -->\n<title>\u00bfPor qu\u00e9 es Dios m\u00e1s importante que la familia? | Hombre | Dios prioridad<\/title>\n<meta name=\"description\" content=\"Importante que. Los hijos no pertenecen a sus padres ni los padres a sus hijos. Toda persona pertenece directamente a Dios. S\u00f3lo con Dios existe un...\" \/>\n<meta name=\"robots\" content=\"index, follow, max-snippet:-1, max-image-preview:large, max-video-preview:-1\" \/>\n<link rel=\"canonical\" href=\"https:\/\/catholic-television.com\/es\/dios-mas-importante-que-la-familia\/\" \/>\n<meta property=\"og:locale\" content=\"es_ES\" \/>\n<meta property=\"og:type\" content=\"article\" \/>\n<meta property=\"og:title\" content=\"\u00bfPor qu\u00e9 es Dios m\u00e1s importante que la familia? | Hombre | Dios prioridad\" \/>\n<meta property=\"og:description\" content=\"Importante que. Los hijos no pertenecen a sus padres ni los padres a sus hijos. Toda persona pertenece directamente a Dios. S\u00f3lo con Dios existe un...\" \/>\n<meta property=\"og:url\" content=\"https:\/\/catholic-television.com\/es\/dios-mas-importante-que-la-familia\/\" \/>\n<meta property=\"og:site_name\" content=\"Catholic-television\" \/>\n<meta property=\"article:publisher\" content=\"https:\/\/www.facebook.com\/catholic.television.production\/\" \/>\n<meta property=\"article:published_time\" content=\"2020-03-15T02:13:14+00:00\" \/>\n<meta property=\"article:modified_time\" content=\"2020-03-15T02:13:58+00:00\" \/>\n<meta property=\"og:image\" content=\"https:\/\/catholic-television.com\/wp-content\/uploads\/2020\/03\/\u00bfPor-qu\u00e9-es-Dios-m\u00e1s-importante-que-la-familia-Hombre-Dios-prioridad.jpg\" \/>\n\t<meta property=\"og:image:width\" content=\"1024\" \/>\n\t<meta property=\"og:image:height\" content=\"576\" \/>\n\t<meta property=\"og:image:type\" content=\"image\/jpeg\" \/>\n<meta name=\"author\" content=\"vlad\" \/>\n<meta name=\"twitter:card\" content=\"summary_large_image\" \/>\n<meta name=\"twitter:creator\" content=\"@catholictele\" \/>\n<meta name=\"twitter:site\" content=\"@catholictele\" \/>\n<meta name=\"twitter:label1\" content=\"Escrito por\" \/>\n\t<meta name=\"twitter:data1\" content=\"vlad\" \/>\n\t<meta name=\"twitter:label2\" content=\"Tiempo de lectura\" \/>\n\t<meta name=\"twitter:data2\" content=\"1 minuto\" \/>\n<script type=\"application\/ld+json\" class=\"yoast-schema-graph\">{\"@context\":\"https:\\\/\\\/schema.org\",\"@graph\":[{\"@type\":\"Article\",\"@id\":\"https:\\\/\\\/catholic-television.com\\\/es\\\/dios-mas-importante-que-la-familia\\\/#article\",\"isPartOf\":{\"@id\":\"https:\\\/\\\/catholic-television.com\\\/es\\\/dios-mas-importante-que-la-familia\\\/\"},\"author\":{\"name\":\"vlad\",\"@id\":\"https:\\\/\\\/catholic-television.com\\\/es\\\/#\\\/schema\\\/person\\\/3188c12fc213ed75be05c8a3a8650318\"},\"headline\":\"\u00bfPor qu\u00e9 es Dios m\u00e1s importante que la familia?\",\"datePublished\":\"2020-03-15T02:13:14+00:00\",\"dateModified\":\"2020-03-15T02:13:58+00:00\",\"mainEntityOfPage\":{\"@id\":\"https:\\\/\\\/catholic-television.com\\\/es\\\/dios-mas-importante-que-la-familia\\\/\"},\"wordCount\":168,\"commentCount\":0,\"publisher\":{\"@id\":\"https:\\\/\\\/catholic-television.com\\\/es\\\/#organization\"},\"image\":{\"@id\":\"https:\\\/\\\/catholic-television.com\\\/es\\\/dios-mas-importante-que-la-familia\\\/#primaryimage\"},\"thumbnailUrl\":\"https:\\\/\\\/catholic-television.com\\\/wp-content\\\/uploads\\\/2020\\\/03\\\/\u00bfPor-qu\u00e9-es-Dios-m\u00e1s-importante-que-la-familia-Hombre-Dios-prioridad.jpg\",\"keywords\":[\"Comunidad religiosa\",\"Confianza\",\"Digno\",\"Dios prioridad\",\"Hombre\",\"Manos Dios\",\"Presb\u00edteros\",\"Relaci\u00f3n importante\",\"V\u00ednculo absoluto\",\"V\u00ednculo perpetuo\",\"Vivir sin relaciones\"],\"articleSection\":[\"Bienvenidos\",\"Catequesis\"],\"inLanguage\":\"es\",\"potentialAction\":[{\"@type\":\"CommentAction\",\"name\":\"Comment\",\"target\":[\"https:\\\/\\\/catholic-television.com\\\/es\\\/dios-mas-importante-que-la-familia\\\/#respond\"]}]},{\"@type\":\"WebPage\",\"@id\":\"https:\\\/\\\/catholic-television.com\\\/es\\\/dios-mas-importante-que-la-familia\\\/\",\"url\":\"https:\\\/\\\/catholic-television.com\\\/es\\\/dios-mas-importante-que-la-familia\\\/\",\"name\":\"\u00bfPor qu\u00e9 es Dios m\u00e1s importante que la familia? | Hombre | Dios prioridad\",\"isPartOf\":{\"@id\":\"https:\\\/\\\/catholic-television.com\\\/es\\\/#website\"},\"primaryImageOfPage\":{\"@id\":\"https:\\\/\\\/catholic-television.com\\\/es\\\/dios-mas-importante-que-la-familia\\\/#primaryimage\"},\"image\":{\"@id\":\"https:\\\/\\\/catholic-television.com\\\/es\\\/dios-mas-importante-que-la-familia\\\/#primaryimage\"},\"thumbnailUrl\":\"https:\\\/\\\/catholic-television.com\\\/wp-content\\\/uploads\\\/2020\\\/03\\\/\u00bfPor-qu\u00e9-es-Dios-m\u00e1s-importante-que-la-familia-Hombre-Dios-prioridad.jpg\",\"datePublished\":\"2020-03-15T02:13:14+00:00\",\"dateModified\":\"2020-03-15T02:13:58+00:00\",\"description\":\"Importante que. Los hijos no pertenecen a sus padres ni los padres a sus hijos. Toda persona pertenece directamente a Dios. S\u00f3lo con Dios existe un...\",\"breadcrumb\":{\"@id\":\"https:\\\/\\\/catholic-television.com\\\/es\\\/dios-mas-importante-que-la-familia\\\/#breadcrumb\"},\"inLanguage\":\"es\",\"potentialAction\":[{\"@type\":\"ReadAction\",\"target\":[\"https:\\\/\\\/catholic-television.com\\\/es\\\/dios-mas-importante-que-la-familia\\\/\"]}]},{\"@type\":\"ImageObject\",\"inLanguage\":\"es\",\"@id\":\"https:\\\/\\\/catholic-television.com\\\/es\\\/dios-mas-importante-que-la-familia\\\/#primaryimage\",\"url\":\"https:\\\/\\\/catholic-television.com\\\/wp-content\\\/uploads\\\/2020\\\/03\\\/\u00bfPor-qu\u00e9-es-Dios-m\u00e1s-importante-que-la-familia-Hombre-Dios-prioridad.jpg\",\"contentUrl\":\"https:\\\/\\\/catholic-television.com\\\/wp-content\\\/uploads\\\/2020\\\/03\\\/\u00bfPor-qu\u00e9-es-Dios-m\u00e1s-importante-que-la-familia-Hombre-Dios-prioridad.jpg\",\"width\":1024,\"height\":576,\"caption\":\"\u00bfPor qu\u00e9 es Dios m\u00e1s importante que la familia? | Hombre | Dios prioridad\"},{\"@type\":\"BreadcrumbList\",\"@id\":\"https:\\\/\\\/catholic-television.com\\\/es\\\/dios-mas-importante-que-la-familia\\\/#breadcrumb\",\"itemListElement\":[{\"@type\":\"ListItem\",\"position\":1,\"name\":\"Portada\",\"item\":\"https:\\\/\\\/catholic-television.com\\\/es\\\/?lang=es\"},{\"@type\":\"ListItem\",\"position\":2,\"name\":\"\u00bfPor qu\u00e9 es Dios m\u00e1s importante que la familia?\"}]},{\"@type\":\"WebSite\",\"@id\":\"https:\\\/\\\/catholic-television.com\\\/es\\\/#website\",\"url\":\"https:\\\/\\\/catholic-television.com\\\/es\\\/\",\"name\":\"Catholic-television\",\"description\":\"Catholic Television\",\"publisher\":{\"@id\":\"https:\\\/\\\/catholic-television.com\\\/es\\\/#organization\"},\"potentialAction\":[{\"@type\":\"SearchAction\",\"target\":{\"@type\":\"EntryPoint\",\"urlTemplate\":\"https:\\\/\\\/catholic-television.com\\\/es\\\/?s={search_term_string}\"},\"query-input\":{\"@type\":\"PropertyValueSpecification\",\"valueRequired\":true,\"valueName\":\"search_term_string\"}}],\"inLanguage\":\"es\"},{\"@type\":\"Organization\",\"@id\":\"https:\\\/\\\/catholic-television.com\\\/es\\\/#organization\",\"name\":\"Catholic-television\",\"url\":\"https:\\\/\\\/catholic-television.com\\\/es\\\/\",\"logo\":{\"@type\":\"ImageObject\",\"inLanguage\":\"es\",\"@id\":\"https:\\\/\\\/catholic-television.com\\\/es\\\/#\\\/schema\\\/logo\\\/image\\\/\",\"url\":\"https:\\\/\\\/catholic-television.com\\\/wp-content\\\/uploads\\\/2019\\\/06\\\/catholic-tv_ok2.png\",\"contentUrl\":\"https:\\\/\\\/catholic-television.com\\\/wp-content\\\/uploads\\\/2019\\\/06\\\/catholic-tv_ok2.png\",\"width\":303,\"height\":99,\"caption\":\"Catholic-television\"},\"image\":{\"@id\":\"https:\\\/\\\/catholic-television.com\\\/es\\\/#\\\/schema\\\/logo\\\/image\\\/\"},\"sameAs\":[\"https:\\\/\\\/www.facebook.com\\\/catholic.television.production\\\/\",\"https:\\\/\\\/x.com\\\/catholictele\"]},{\"@type\":\"Person\",\"@id\":\"https:\\\/\\\/catholic-television.com\\\/es\\\/#\\\/schema\\\/person\\\/3188c12fc213ed75be05c8a3a8650318\",\"name\":\"vlad\",\"image\":{\"@type\":\"ImageObject\",\"inLanguage\":\"es\",\"@id\":\"https:\\\/\\\/secure.gravatar.com\\\/avatar\\\/fc95831d9c48ad0da181a29b0820e0beb60a927341a41b7ffd6b73a4ef239589?s=96&d=mm&r=g\",\"url\":\"https:\\\/\\\/secure.gravatar.com\\\/avatar\\\/fc95831d9c48ad0da181a29b0820e0beb60a927341a41b7ffd6b73a4ef239589?s=96&d=mm&r=g\",\"contentUrl\":\"https:\\\/\\\/secure.gravatar.com\\\/avatar\\\/fc95831d9c48ad0da181a29b0820e0beb60a927341a41b7ffd6b73a4ef239589?s=96&d=mm&r=g\",\"caption\":\"vlad\"}}]}<\/script>\n<!-- \/ Yoast SEO plugin. -->","yoast_head_json":{"title":"\u00bfPor qu\u00e9 es Dios m\u00e1s importante que la familia? | Hombre | Dios prioridad","description":"Importante que. Los hijos no pertenecen a sus padres ni los padres a sus hijos. Toda persona pertenece directamente a Dios. S\u00f3lo con Dios existe un...","robots":{"index":"index","follow":"follow","max-snippet":"max-snippet:-1","max-image-preview":"max-image-preview:large","max-video-preview":"max-video-preview:-1"},"canonical":"https:\/\/catholic-television.com\/es\/dios-mas-importante-que-la-familia\/","og_locale":"es_ES","og_type":"article","og_title":"\u00bfPor qu\u00e9 es Dios m\u00e1s importante que la familia? | Hombre | Dios prioridad","og_description":"Importante que. Los hijos no pertenecen a sus padres ni los padres a sus hijos. Toda persona pertenece directamente a Dios. S\u00f3lo con Dios existe un...","og_url":"https:\/\/catholic-television.com\/es\/dios-mas-importante-que-la-familia\/","og_site_name":"Catholic-television","article_publisher":"https:\/\/www.facebook.com\/catholic.television.production\/","article_published_time":"2020-03-15T02:13:14+00:00","article_modified_time":"2020-03-15T02:13:58+00:00","og_image":[{"width":1024,"height":576,"url":"https:\/\/catholic-television.com\/wp-content\/uploads\/2020\/03\/\u00bfPor-qu\u00e9-es-Dios-m\u00e1s-importante-que-la-familia-Hombre-Dios-prioridad.jpg","type":"image\/jpeg"}],"author":"vlad","twitter_card":"summary_large_image","twitter_creator":"@catholictele","twitter_site":"@catholictele","twitter_misc":{"Escrito por":"vlad","Tiempo de lectura":"1 minuto"},"schema":{"@context":"https:\/\/schema.org","@graph":[{"@type":"Article","@id":"https:\/\/catholic-television.com\/es\/dios-mas-importante-que-la-familia\/#article","isPartOf":{"@id":"https:\/\/catholic-television.com\/es\/dios-mas-importante-que-la-familia\/"},"author":{"name":"vlad","@id":"https:\/\/catholic-television.com\/es\/#\/schema\/person\/3188c12fc213ed75be05c8a3a8650318"},"headline":"\u00bfPor qu\u00e9 es Dios m\u00e1s importante que la familia?","datePublished":"2020-03-15T02:13:14+00:00","dateModified":"2020-03-15T02:13:58+00:00","mainEntityOfPage":{"@id":"https:\/\/catholic-television.com\/es\/dios-mas-importante-que-la-familia\/"},"wordCount":168,"commentCount":0,"publisher":{"@id":"https:\/\/catholic-television.com\/es\/#organization"},"image":{"@id":"https:\/\/catholic-television.com\/es\/dios-mas-importante-que-la-familia\/#primaryimage"},"thumbnailUrl":"https:\/\/catholic-television.com\/wp-content\/uploads\/2020\/03\/\u00bfPor-qu\u00e9-es-Dios-m\u00e1s-importante-que-la-familia-Hombre-Dios-prioridad.jpg","keywords":["Comunidad religiosa","Confianza","Digno","Dios prioridad","Hombre","Manos Dios","Presb\u00edteros","Relaci\u00f3n importante","V\u00ednculo absoluto","V\u00ednculo perpetuo","Vivir sin relaciones"],"articleSection":["Bienvenidos","Catequesis"],"inLanguage":"es","potentialAction":[{"@type":"CommentAction","name":"Comment","target":["https:\/\/catholic-television.com\/es\/dios-mas-importante-que-la-familia\/#respond"]}]},{"@type":"WebPage","@id":"https:\/\/catholic-television.com\/es\/dios-mas-importante-que-la-familia\/","url":"https:\/\/catholic-television.com\/es\/dios-mas-importante-que-la-familia\/","name":"\u00bfPor qu\u00e9 es Dios m\u00e1s importante que la familia? | Hombre | Dios prioridad","isPartOf":{"@id":"https:\/\/catholic-television.com\/es\/#website"},"primaryImageOfPage":{"@id":"https:\/\/catholic-television.com\/es\/dios-mas-importante-que-la-familia\/#primaryimage"},"image":{"@id":"https:\/\/catholic-television.com\/es\/dios-mas-importante-que-la-familia\/#primaryimage"},"thumbnailUrl":"https:\/\/catholic-television.com\/wp-content\/uploads\/2020\/03\/\u00bfPor-qu\u00e9-es-Dios-m\u00e1s-importante-que-la-familia-Hombre-Dios-prioridad.jpg","datePublished":"2020-03-15T02:13:14+00:00","dateModified":"2020-03-15T02:13:58+00:00","description":"Importante que. Los hijos no pertenecen a sus padres ni los padres a sus hijos. Toda persona pertenece directamente a Dios. S\u00f3lo con Dios existe un...","breadcrumb":{"@id":"https:\/\/catholic-television.com\/es\/dios-mas-importante-que-la-familia\/#breadcrumb"},"inLanguage":"es","potentialAction":[{"@type":"ReadAction","target":["https:\/\/catholic-television.com\/es\/dios-mas-importante-que-la-familia\/"]}]},{"@type":"ImageObject","inLanguage":"es","@id":"https:\/\/catholic-television.com\/es\/dios-mas-importante-que-la-familia\/#primaryimage","url":"https:\/\/catholic-television.com\/wp-content\/uploads\/2020\/03\/\u00bfPor-qu\u00e9-es-Dios-m\u00e1s-importante-que-la-familia-Hombre-Dios-prioridad.jpg","contentUrl":"https:\/\/catholic-television.com\/wp-content\/uploads\/2020\/03\/\u00bfPor-qu\u00e9-es-Dios-m\u00e1s-importante-que-la-familia-Hombre-Dios-prioridad.jpg","width":1024,"height":576,"caption":"\u00bfPor qu\u00e9 es Dios m\u00e1s importante que la familia? | Hombre | Dios prioridad"},{"@type":"BreadcrumbList","@id":"https:\/\/catholic-television.com\/es\/dios-mas-importante-que-la-familia\/#breadcrumb","itemListElement":[{"@type":"ListItem","position":1,"name":"Portada","item":"https:\/\/catholic-television.com\/es\/?lang=es"},{"@type":"ListItem","position":2,"name":"\u00bfPor qu\u00e9 es Dios m\u00e1s importante que la familia?"}]},{"@type":"WebSite","@id":"https:\/\/catholic-television.com\/es\/#website","url":"https:\/\/catholic-television.com\/es\/","name":"Catholic-television","description":"Catholic Television","publisher":{"@id":"https:\/\/catholic-television.com\/es\/#organization"},"potentialAction":[{"@type":"SearchAction","target":{"@type":"EntryPoint","urlTemplate":"https:\/\/catholic-television.com\/es\/?s={search_term_string}"},"query-input":{"@type":"PropertyValueSpecification","valueRequired":true,"valueName":"search_term_string"}}],"inLanguage":"es"},{"@type":"Organization","@id":"https:\/\/catholic-television.com\/es\/#organization","name":"Catholic-television","url":"https:\/\/catholic-television.com\/es\/","logo":{"@type":"ImageObject","inLanguage":"es","@id":"https:\/\/catholic-television.com\/es\/#\/schema\/logo\/image\/","url":"https:\/\/catholic-television.com\/wp-content\/uploads\/2019\/06\/catholic-tv_ok2.png","contentUrl":"https:\/\/catholic-television.com\/wp-content\/uploads\/2019\/06\/catholic-tv_ok2.png","width":303,"height":99,"caption":"Catholic-television"},"image":{"@id":"https:\/\/catholic-television.com\/es\/#\/schema\/logo\/image\/"},"sameAs":["https:\/\/www.facebook.com\/catholic.television.production\/","https:\/\/x.com\/catholictele"]},{"@type":"Person","@id":"https:\/\/catholic-television.com\/es\/#\/schema\/person\/3188c12fc213ed75be05c8a3a8650318","name":"vlad","image":{"@type":"ImageObject","inLanguage":"es","@id":"https:\/\/secure.gravatar.com\/avatar\/fc95831d9c48ad0da181a29b0820e0beb60a927341a41b7ffd6b73a4ef239589?s=96&d=mm&r=g","url":"https:\/\/secure.gravatar.com\/avatar\/fc95831d9c48ad0da181a29b0820e0beb60a927341a41b7ffd6b73a4ef239589?s=96&d=mm&r=g","contentUrl":"https:\/\/secure.gravatar.com\/avatar\/fc95831d9c48ad0da181a29b0820e0beb60a927341a41b7ffd6b73a4ef239589?s=96&d=mm&r=g","caption":"vlad"}}]}},"_links":{"self":[{"href":"https:\/\/catholic-television.com\/es\/wp-json\/wp\/v2\/posts\/7875","targetHints":{"allow":["GET"]}}],"collection":[{"href":"https:\/\/catholic-television.com\/es\/wp-json\/wp\/v2\/posts"}],"about":[{"href":"https:\/\/catholic-television.com\/es\/wp-json\/wp\/v2\/types\/post"}],"author":[{"embeddable":true,"href":"https:\/\/catholic-television.com\/es\/wp-json\/wp\/v2\/users\/7"}],"replies":[{"embeddable":true,"href":"https:\/\/catholic-television.com\/es\/wp-json\/wp\/v2\/comments?post=7875"}],"version-history":[{"count":1,"href":"https:\/\/catholic-television.com\/es\/wp-json\/wp\/v2\/posts\/7875\/revisions"}],"predecessor-version":[{"id":7877,"href":"https:\/\/catholic-television.com\/es\/wp-json\/wp\/v2\/posts\/7875\/revisions\/7877"}],"wp:featuredmedia":[{"embeddable":true,"href":"https:\/\/catholic-television.com\/es\/wp-json\/wp\/v2\/media\/7876"}],"wp:attachment":[{"href":"https:\/\/catholic-television.com\/es\/wp-json\/wp\/v2\/media?parent=7875"}],"wp:term":[{"taxonomy":"category","embeddable":true,"href":"https:\/\/catholic-television.com\/es\/wp-json\/wp\/v2\/categories?post=7875"},{"taxonomy":"post_tag","embeddable":true,"href":"https:\/\/catholic-television.com\/es\/wp-json\/wp\/v2\/tags?post=7875"}],"curies":[{"name":"wp","href":"https:\/\/api.w.org\/{rel}","templated":true}]}}