{"id":7711,"date":"2020-03-10T11:13:32","date_gmt":"2020-03-10T11:13:32","guid":{"rendered":"https:\/\/catholic-television.com\/wp-staging\/?p=7711\/"},"modified":"2020-03-10T11:13:32","modified_gmt":"2020-03-10T11:13:32","slug":"puede-aportar-el-individuo-al-bien-comun","status":"publish","type":"post","link":"https:\/\/catholic-television.com\/es\/puede-aportar-el-individuo-al-bien-comun\/","title":{"rendered":"\u00bfQu\u00e9 puede aportar el individuo al bien com\u00fan?"},"content":{"rendered":"<p style=\"text-align: justify\"><span style=\"color: #000000\"><strong>\u00bfQu\u00e9 puede aportar el individuo al bien com\u00fan?<\/strong><\/span><\/p>\n<p style=\"text-align: justify\"><span style=\"color: #000000\"><strong>Trabajar por el Bien Com\u00fan quiere decir asumir responsabilidades en favor de los dem\u00e1s.<\/strong><\/span><\/p>\n<p style=\"text-align: justify\"><span style=\"color: #000000\">El Bien Com\u00fan debe ser cosa de todos. Esto se da en primer lugar cuando las personas se comprometen en su ambiente concreto -familia, vecindario, trabajo- y asumen responsabilidades. Implicarse tambi\u00e9n en responsabilidades sociales y pol\u00edticas es importante. Pero quien asume una responsabilidad, ejerce el poder y est\u00e1 siempre en peligro de abusar de este poder. Por eso todo responsable est\u00e1 llamado a un proceso continuo de conversi\u00f3n, para poder ejercer el cuidado de los otros en justicia y en caridad permanentes.<\/span><\/p>\n","protected":false},"excerpt":{"rendered":"<p>\u00bfQu\u00e9 puede aportar el individuo al bien com\u00fan? Trabajar por el Bien Com\u00fan quiere decir asumir responsabilidades en favor de los dem\u00e1s. El Bien Com\u00fan debe ser cosa de todos. Esto se da en primer lugar cuando las personas se comprometen en su ambiente concreto -familia, vecindario, trabajo- y asumen responsabilidades. Implicarse tambi\u00e9n en responsabilidades&hellip; <a class=\"more-link\" href=\"https:\/\/catholic-television.com\/es\/puede-aportar-el-individuo-al-bien-comun\/\">Seguir leyendo <span class=\"screen-reader-text\">\u00bfQu\u00e9 puede aportar el individuo al bien com\u00fan?<\/span><\/a><\/p>\n","protected":false},"author":7,"featured_media":7712,"comment_status":"open","ping_status":"open","sticky":false,"template":"","format":"standard","meta":{"footnotes":""},"categories":[668,650],"tags":[22032,19588,19037,22037,21293,19516,22035,22036,22031,22034,22033],"class_list":["post-7711","post","type-post","status-publish","format-standard","has-post-thumbnail","hentry","category-bienvenidos","category-catequesis","tag-asumir-responsabilidades","tag-caridad","tag-conversion","tag-ejerce-poder","tag-familia","tag-justicia","tag-responsabilidades","tag-sociales-politicas","tag-trabajar-bien-comun","tag-trabajo","tag-vecindario","entry"],"yoast_head":"<!-- This site is optimized with the Yoast SEO plugin v27.4 - https:\/\/yoast.com\/product\/yoast-seo-wordpress\/ -->\n<title>\u00bfQu\u00e9 puede aportar el individuo al bien com\u00fan? | Familia | Conversi\u00f3n<\/title>\n<meta name=\"description\" content=\"Aportar el individuo. El Bien Com\u00fan debe ser cosa de todos. Esto se da en primer lugar cuando las personas se comprometen en su ambiente concreto...\" \/>\n<meta name=\"robots\" content=\"index, follow, max-snippet:-1, max-image-preview:large, max-video-preview:-1\" \/>\n<link rel=\"canonical\" href=\"https:\/\/catholic-television.com\/es\/puede-aportar-el-individuo-al-bien-comun\/\" \/>\n<meta property=\"og:locale\" content=\"es_ES\" \/>\n<meta property=\"og:type\" content=\"article\" \/>\n<meta property=\"og:title\" content=\"\u00bfQu\u00e9 puede aportar el individuo al bien com\u00fan? | Familia | Conversi\u00f3n\" \/>\n<meta property=\"og:description\" content=\"Aportar el individuo. El Bien Com\u00fan debe ser cosa de todos. Esto se da en primer lugar cuando las personas se comprometen en su ambiente concreto...\" \/>\n<meta property=\"og:url\" content=\"https:\/\/catholic-television.com\/es\/puede-aportar-el-individuo-al-bien-comun\/\" \/>\n<meta property=\"og:site_name\" content=\"Catholic-television\" \/>\n<meta property=\"article:publisher\" content=\"https:\/\/www.facebook.com\/catholic.television.production\/\" \/>\n<meta property=\"article:published_time\" content=\"2020-03-10T11:13:32+00:00\" \/>\n<meta property=\"og:image\" content=\"https:\/\/catholic-television.com\/wp-content\/uploads\/2020\/03\/\u00bfQu\u00e9-puede-aportar-el-individuo-al-bien-com\u00fan-Familia-Conversi\u00f3n.jpg\" \/>\n\t<meta property=\"og:image:width\" content=\"1024\" \/>\n\t<meta property=\"og:image:height\" content=\"576\" \/>\n\t<meta property=\"og:image:type\" content=\"image\/jpeg\" \/>\n<meta name=\"author\" content=\"vlad\" \/>\n<meta name=\"twitter:card\" content=\"summary_large_image\" \/>\n<meta name=\"twitter:creator\" content=\"@catholictele\" \/>\n<meta name=\"twitter:site\" content=\"@catholictele\" \/>\n<meta name=\"twitter:label1\" content=\"Escrito por\" \/>\n\t<meta name=\"twitter:data1\" content=\"vlad\" \/>\n\t<meta name=\"twitter:label2\" content=\"Tiempo de lectura\" \/>\n\t<meta name=\"twitter:data2\" content=\"1 minuto\" \/>\n<script type=\"application\/ld+json\" class=\"yoast-schema-graph\">{\"@context\":\"https:\\\/\\\/schema.org\",\"@graph\":[{\"@type\":\"Article\",\"@id\":\"https:\\\/\\\/catholic-television.com\\\/es\\\/puede-aportar-el-individuo-al-bien-comun\\\/#article\",\"isPartOf\":{\"@id\":\"https:\\\/\\\/catholic-television.com\\\/es\\\/puede-aportar-el-individuo-al-bien-comun\\\/\"},\"author\":{\"name\":\"vlad\",\"@id\":\"https:\\\/\\\/catholic-television.com\\\/es\\\/#\\\/schema\\\/person\\\/3188c12fc213ed75be05c8a3a8650318\"},\"headline\":\"\u00bfQu\u00e9 puede aportar el individuo al bien com\u00fan?\",\"datePublished\":\"2020-03-10T11:13:32+00:00\",\"mainEntityOfPage\":{\"@id\":\"https:\\\/\\\/catholic-television.com\\\/es\\\/puede-aportar-el-individuo-al-bien-comun\\\/\"},\"wordCount\":120,\"commentCount\":0,\"publisher\":{\"@id\":\"https:\\\/\\\/catholic-television.com\\\/es\\\/#organization\"},\"image\":{\"@id\":\"https:\\\/\\\/catholic-television.com\\\/es\\\/puede-aportar-el-individuo-al-bien-comun\\\/#primaryimage\"},\"thumbnailUrl\":\"https:\\\/\\\/catholic-television.com\\\/wp-content\\\/uploads\\\/2020\\\/03\\\/\u00bfQu\u00e9-puede-aportar-el-individuo-al-bien-com\u00fan-Familia-Conversi\u00f3n.jpg\",\"keywords\":[\"Asumir responsabilidades\",\"Caridad\",\"Conversi\u00f3n\",\"Ejerce poder\",\"Familia\",\"Justicia\",\"Responsabilidades\",\"Sociales pol\u00edticas\",\"Trabajar bien com\u00fan\",\"Trabajo\",\"Vecindario\"],\"articleSection\":[\"Bienvenidos\",\"Catequesis\"],\"inLanguage\":\"es\",\"potentialAction\":[{\"@type\":\"CommentAction\",\"name\":\"Comment\",\"target\":[\"https:\\\/\\\/catholic-television.com\\\/es\\\/puede-aportar-el-individuo-al-bien-comun\\\/#respond\"]}]},{\"@type\":\"WebPage\",\"@id\":\"https:\\\/\\\/catholic-television.com\\\/es\\\/puede-aportar-el-individuo-al-bien-comun\\\/\",\"url\":\"https:\\\/\\\/catholic-television.com\\\/es\\\/puede-aportar-el-individuo-al-bien-comun\\\/\",\"name\":\"\u00bfQu\u00e9 puede aportar el individuo al bien com\u00fan? | Familia | Conversi\u00f3n\",\"isPartOf\":{\"@id\":\"https:\\\/\\\/catholic-television.com\\\/es\\\/#website\"},\"primaryImageOfPage\":{\"@id\":\"https:\\\/\\\/catholic-television.com\\\/es\\\/puede-aportar-el-individuo-al-bien-comun\\\/#primaryimage\"},\"image\":{\"@id\":\"https:\\\/\\\/catholic-television.com\\\/es\\\/puede-aportar-el-individuo-al-bien-comun\\\/#primaryimage\"},\"thumbnailUrl\":\"https:\\\/\\\/catholic-television.com\\\/wp-content\\\/uploads\\\/2020\\\/03\\\/\u00bfQu\u00e9-puede-aportar-el-individuo-al-bien-com\u00fan-Familia-Conversi\u00f3n.jpg\",\"datePublished\":\"2020-03-10T11:13:32+00:00\",\"description\":\"Aportar el individuo. El Bien Com\u00fan debe ser cosa de todos. Esto se da en primer lugar cuando las personas se comprometen en su ambiente concreto...\",\"breadcrumb\":{\"@id\":\"https:\\\/\\\/catholic-television.com\\\/es\\\/puede-aportar-el-individuo-al-bien-comun\\\/#breadcrumb\"},\"inLanguage\":\"es\",\"potentialAction\":[{\"@type\":\"ReadAction\",\"target\":[\"https:\\\/\\\/catholic-television.com\\\/es\\\/puede-aportar-el-individuo-al-bien-comun\\\/\"]}]},{\"@type\":\"ImageObject\",\"inLanguage\":\"es\",\"@id\":\"https:\\\/\\\/catholic-television.com\\\/es\\\/puede-aportar-el-individuo-al-bien-comun\\\/#primaryimage\",\"url\":\"https:\\\/\\\/catholic-television.com\\\/wp-content\\\/uploads\\\/2020\\\/03\\\/\u00bfQu\u00e9-puede-aportar-el-individuo-al-bien-com\u00fan-Familia-Conversi\u00f3n.jpg\",\"contentUrl\":\"https:\\\/\\\/catholic-television.com\\\/wp-content\\\/uploads\\\/2020\\\/03\\\/\u00bfQu\u00e9-puede-aportar-el-individuo-al-bien-com\u00fan-Familia-Conversi\u00f3n.jpg\",\"width\":1024,\"height\":576,\"caption\":\"\u00bfQu\u00e9 puede aportar el individuo al bien com\u00fan? | Familia | Conversi\u00f3n\"},{\"@type\":\"BreadcrumbList\",\"@id\":\"https:\\\/\\\/catholic-television.com\\\/es\\\/puede-aportar-el-individuo-al-bien-comun\\\/#breadcrumb\",\"itemListElement\":[{\"@type\":\"ListItem\",\"position\":1,\"name\":\"Portada\",\"item\":\"https:\\\/\\\/catholic-television.com\\\/es\\\/?lang=es\"},{\"@type\":\"ListItem\",\"position\":2,\"name\":\"\u00bfQu\u00e9 puede aportar el individuo al bien com\u00fan?\"}]},{\"@type\":\"WebSite\",\"@id\":\"https:\\\/\\\/catholic-television.com\\\/es\\\/#website\",\"url\":\"https:\\\/\\\/catholic-television.com\\\/es\\\/\",\"name\":\"Catholic-television\",\"description\":\"Catholic Television\",\"publisher\":{\"@id\":\"https:\\\/\\\/catholic-television.com\\\/es\\\/#organization\"},\"potentialAction\":[{\"@type\":\"SearchAction\",\"target\":{\"@type\":\"EntryPoint\",\"urlTemplate\":\"https:\\\/\\\/catholic-television.com\\\/es\\\/?s={search_term_string}\"},\"query-input\":{\"@type\":\"PropertyValueSpecification\",\"valueRequired\":true,\"valueName\":\"search_term_string\"}}],\"inLanguage\":\"es\"},{\"@type\":\"Organization\",\"@id\":\"https:\\\/\\\/catholic-television.com\\\/es\\\/#organization\",\"name\":\"Catholic-television\",\"url\":\"https:\\\/\\\/catholic-television.com\\\/es\\\/\",\"logo\":{\"@type\":\"ImageObject\",\"inLanguage\":\"es\",\"@id\":\"https:\\\/\\\/catholic-television.com\\\/es\\\/#\\\/schema\\\/logo\\\/image\\\/\",\"url\":\"https:\\\/\\\/catholic-television.com\\\/wp-content\\\/uploads\\\/2019\\\/06\\\/catholic-tv_ok2.png\",\"contentUrl\":\"https:\\\/\\\/catholic-television.com\\\/wp-content\\\/uploads\\\/2019\\\/06\\\/catholic-tv_ok2.png\",\"width\":303,\"height\":99,\"caption\":\"Catholic-television\"},\"image\":{\"@id\":\"https:\\\/\\\/catholic-television.com\\\/es\\\/#\\\/schema\\\/logo\\\/image\\\/\"},\"sameAs\":[\"https:\\\/\\\/www.facebook.com\\\/catholic.television.production\\\/\",\"https:\\\/\\\/x.com\\\/catholictele\"]},{\"@type\":\"Person\",\"@id\":\"https:\\\/\\\/catholic-television.com\\\/es\\\/#\\\/schema\\\/person\\\/3188c12fc213ed75be05c8a3a8650318\",\"name\":\"vlad\",\"image\":{\"@type\":\"ImageObject\",\"inLanguage\":\"es\",\"@id\":\"https:\\\/\\\/secure.gravatar.com\\\/avatar\\\/fc95831d9c48ad0da181a29b0820e0beb60a927341a41b7ffd6b73a4ef239589?s=96&d=mm&r=g\",\"url\":\"https:\\\/\\\/secure.gravatar.com\\\/avatar\\\/fc95831d9c48ad0da181a29b0820e0beb60a927341a41b7ffd6b73a4ef239589?s=96&d=mm&r=g\",\"contentUrl\":\"https:\\\/\\\/secure.gravatar.com\\\/avatar\\\/fc95831d9c48ad0da181a29b0820e0beb60a927341a41b7ffd6b73a4ef239589?s=96&d=mm&r=g\",\"caption\":\"vlad\"}}]}<\/script>\n<!-- \/ Yoast SEO plugin. -->","yoast_head_json":{"title":"\u00bfQu\u00e9 puede aportar el individuo al bien com\u00fan? | Familia | Conversi\u00f3n","description":"Aportar el individuo. El Bien Com\u00fan debe ser cosa de todos. Esto se da en primer lugar cuando las personas se comprometen en su ambiente concreto...","robots":{"index":"index","follow":"follow","max-snippet":"max-snippet:-1","max-image-preview":"max-image-preview:large","max-video-preview":"max-video-preview:-1"},"canonical":"https:\/\/catholic-television.com\/es\/puede-aportar-el-individuo-al-bien-comun\/","og_locale":"es_ES","og_type":"article","og_title":"\u00bfQu\u00e9 puede aportar el individuo al bien com\u00fan? | Familia | Conversi\u00f3n","og_description":"Aportar el individuo. El Bien Com\u00fan debe ser cosa de todos. Esto se da en primer lugar cuando las personas se comprometen en su ambiente concreto...","og_url":"https:\/\/catholic-television.com\/es\/puede-aportar-el-individuo-al-bien-comun\/","og_site_name":"Catholic-television","article_publisher":"https:\/\/www.facebook.com\/catholic.television.production\/","article_published_time":"2020-03-10T11:13:32+00:00","og_image":[{"width":1024,"height":576,"url":"https:\/\/catholic-television.com\/wp-content\/uploads\/2020\/03\/\u00bfQu\u00e9-puede-aportar-el-individuo-al-bien-com\u00fan-Familia-Conversi\u00f3n.jpg","type":"image\/jpeg"}],"author":"vlad","twitter_card":"summary_large_image","twitter_creator":"@catholictele","twitter_site":"@catholictele","twitter_misc":{"Escrito por":"vlad","Tiempo de lectura":"1 minuto"},"schema":{"@context":"https:\/\/schema.org","@graph":[{"@type":"Article","@id":"https:\/\/catholic-television.com\/es\/puede-aportar-el-individuo-al-bien-comun\/#article","isPartOf":{"@id":"https:\/\/catholic-television.com\/es\/puede-aportar-el-individuo-al-bien-comun\/"},"author":{"name":"vlad","@id":"https:\/\/catholic-television.com\/es\/#\/schema\/person\/3188c12fc213ed75be05c8a3a8650318"},"headline":"\u00bfQu\u00e9 puede aportar el individuo al bien com\u00fan?","datePublished":"2020-03-10T11:13:32+00:00","mainEntityOfPage":{"@id":"https:\/\/catholic-television.com\/es\/puede-aportar-el-individuo-al-bien-comun\/"},"wordCount":120,"commentCount":0,"publisher":{"@id":"https:\/\/catholic-television.com\/es\/#organization"},"image":{"@id":"https:\/\/catholic-television.com\/es\/puede-aportar-el-individuo-al-bien-comun\/#primaryimage"},"thumbnailUrl":"https:\/\/catholic-television.com\/wp-content\/uploads\/2020\/03\/\u00bfQu\u00e9-puede-aportar-el-individuo-al-bien-com\u00fan-Familia-Conversi\u00f3n.jpg","keywords":["Asumir responsabilidades","Caridad","Conversi\u00f3n","Ejerce poder","Familia","Justicia","Responsabilidades","Sociales pol\u00edticas","Trabajar bien com\u00fan","Trabajo","Vecindario"],"articleSection":["Bienvenidos","Catequesis"],"inLanguage":"es","potentialAction":[{"@type":"CommentAction","name":"Comment","target":["https:\/\/catholic-television.com\/es\/puede-aportar-el-individuo-al-bien-comun\/#respond"]}]},{"@type":"WebPage","@id":"https:\/\/catholic-television.com\/es\/puede-aportar-el-individuo-al-bien-comun\/","url":"https:\/\/catholic-television.com\/es\/puede-aportar-el-individuo-al-bien-comun\/","name":"\u00bfQu\u00e9 puede aportar el individuo al bien com\u00fan? | Familia | Conversi\u00f3n","isPartOf":{"@id":"https:\/\/catholic-television.com\/es\/#website"},"primaryImageOfPage":{"@id":"https:\/\/catholic-television.com\/es\/puede-aportar-el-individuo-al-bien-comun\/#primaryimage"},"image":{"@id":"https:\/\/catholic-television.com\/es\/puede-aportar-el-individuo-al-bien-comun\/#primaryimage"},"thumbnailUrl":"https:\/\/catholic-television.com\/wp-content\/uploads\/2020\/03\/\u00bfQu\u00e9-puede-aportar-el-individuo-al-bien-com\u00fan-Familia-Conversi\u00f3n.jpg","datePublished":"2020-03-10T11:13:32+00:00","description":"Aportar el individuo. El Bien Com\u00fan debe ser cosa de todos. Esto se da en primer lugar cuando las personas se comprometen en su ambiente concreto...","breadcrumb":{"@id":"https:\/\/catholic-television.com\/es\/puede-aportar-el-individuo-al-bien-comun\/#breadcrumb"},"inLanguage":"es","potentialAction":[{"@type":"ReadAction","target":["https:\/\/catholic-television.com\/es\/puede-aportar-el-individuo-al-bien-comun\/"]}]},{"@type":"ImageObject","inLanguage":"es","@id":"https:\/\/catholic-television.com\/es\/puede-aportar-el-individuo-al-bien-comun\/#primaryimage","url":"https:\/\/catholic-television.com\/wp-content\/uploads\/2020\/03\/\u00bfQu\u00e9-puede-aportar-el-individuo-al-bien-com\u00fan-Familia-Conversi\u00f3n.jpg","contentUrl":"https:\/\/catholic-television.com\/wp-content\/uploads\/2020\/03\/\u00bfQu\u00e9-puede-aportar-el-individuo-al-bien-com\u00fan-Familia-Conversi\u00f3n.jpg","width":1024,"height":576,"caption":"\u00bfQu\u00e9 puede aportar el individuo al bien com\u00fan? | Familia | Conversi\u00f3n"},{"@type":"BreadcrumbList","@id":"https:\/\/catholic-television.com\/es\/puede-aportar-el-individuo-al-bien-comun\/#breadcrumb","itemListElement":[{"@type":"ListItem","position":1,"name":"Portada","item":"https:\/\/catholic-television.com\/es\/?lang=es"},{"@type":"ListItem","position":2,"name":"\u00bfQu\u00e9 puede aportar el individuo al bien com\u00fan?"}]},{"@type":"WebSite","@id":"https:\/\/catholic-television.com\/es\/#website","url":"https:\/\/catholic-television.com\/es\/","name":"Catholic-television","description":"Catholic Television","publisher":{"@id":"https:\/\/catholic-television.com\/es\/#organization"},"potentialAction":[{"@type":"SearchAction","target":{"@type":"EntryPoint","urlTemplate":"https:\/\/catholic-television.com\/es\/?s={search_term_string}"},"query-input":{"@type":"PropertyValueSpecification","valueRequired":true,"valueName":"search_term_string"}}],"inLanguage":"es"},{"@type":"Organization","@id":"https:\/\/catholic-television.com\/es\/#organization","name":"Catholic-television","url":"https:\/\/catholic-television.com\/es\/","logo":{"@type":"ImageObject","inLanguage":"es","@id":"https:\/\/catholic-television.com\/es\/#\/schema\/logo\/image\/","url":"https:\/\/catholic-television.com\/wp-content\/uploads\/2019\/06\/catholic-tv_ok2.png","contentUrl":"https:\/\/catholic-television.com\/wp-content\/uploads\/2019\/06\/catholic-tv_ok2.png","width":303,"height":99,"caption":"Catholic-television"},"image":{"@id":"https:\/\/catholic-television.com\/es\/#\/schema\/logo\/image\/"},"sameAs":["https:\/\/www.facebook.com\/catholic.television.production\/","https:\/\/x.com\/catholictele"]},{"@type":"Person","@id":"https:\/\/catholic-television.com\/es\/#\/schema\/person\/3188c12fc213ed75be05c8a3a8650318","name":"vlad","image":{"@type":"ImageObject","inLanguage":"es","@id":"https:\/\/secure.gravatar.com\/avatar\/fc95831d9c48ad0da181a29b0820e0beb60a927341a41b7ffd6b73a4ef239589?s=96&d=mm&r=g","url":"https:\/\/secure.gravatar.com\/avatar\/fc95831d9c48ad0da181a29b0820e0beb60a927341a41b7ffd6b73a4ef239589?s=96&d=mm&r=g","contentUrl":"https:\/\/secure.gravatar.com\/avatar\/fc95831d9c48ad0da181a29b0820e0beb60a927341a41b7ffd6b73a4ef239589?s=96&d=mm&r=g","caption":"vlad"}}]}},"_links":{"self":[{"href":"https:\/\/catholic-television.com\/es\/wp-json\/wp\/v2\/posts\/7711","targetHints":{"allow":["GET"]}}],"collection":[{"href":"https:\/\/catholic-television.com\/es\/wp-json\/wp\/v2\/posts"}],"about":[{"href":"https:\/\/catholic-television.com\/es\/wp-json\/wp\/v2\/types\/post"}],"author":[{"embeddable":true,"href":"https:\/\/catholic-television.com\/es\/wp-json\/wp\/v2\/users\/7"}],"replies":[{"embeddable":true,"href":"https:\/\/catholic-television.com\/es\/wp-json\/wp\/v2\/comments?post=7711"}],"version-history":[{"count":1,"href":"https:\/\/catholic-television.com\/es\/wp-json\/wp\/v2\/posts\/7711\/revisions"}],"predecessor-version":[{"id":7713,"href":"https:\/\/catholic-television.com\/es\/wp-json\/wp\/v2\/posts\/7711\/revisions\/7713"}],"wp:featuredmedia":[{"embeddable":true,"href":"https:\/\/catholic-television.com\/es\/wp-json\/wp\/v2\/media\/7712"}],"wp:attachment":[{"href":"https:\/\/catholic-television.com\/es\/wp-json\/wp\/v2\/media?parent=7711"}],"wp:term":[{"taxonomy":"category","embeddable":true,"href":"https:\/\/catholic-television.com\/es\/wp-json\/wp\/v2\/categories?post=7711"},{"taxonomy":"post_tag","embeddable":true,"href":"https:\/\/catholic-television.com\/es\/wp-json\/wp\/v2\/tags?post=7711"}],"curies":[{"name":"wp","href":"https:\/\/api.w.org\/{rel}","templated":true}]}}