{"id":7580,"date":"2020-03-05T05:14:28","date_gmt":"2020-03-05T05:14:28","guid":{"rendered":"https:\/\/catholic-television.com\/wp-staging\/?p=7580\/"},"modified":"2020-03-05T05:14:28","modified_gmt":"2020-03-05T05:14:28","slug":"pecador-experimenta-pasiones-fuertes","status":"publish","type":"post","link":"https:\/\/catholic-television.com\/es\/pecador-experimenta-pasiones-fuertes\/","title":{"rendered":"\u00bfEs pecador quien experimenta en s\u00ed mismo pasiones fuertes?"},"content":{"rendered":"<p style=\"text-align: justify\"><span style=\"color: #000000\"><strong>\u00bfEs pecador quien experimenta en s\u00ed mismo pasiones fuertes?<\/strong><\/span><\/p>\n<p style=\"text-align: justify\"><span style=\"color: #000000\"><strong>No, las pasiones pueden ser muy valiosas. S\u00f3lo por una mala orientaci\u00f3n, las pasiones, que est\u00e1n pensadas para la realizaci\u00f3n vigorosa del bien, se convierten en colaboradoras del mal.<\/strong><\/span><\/p>\n<p style=\"text-align: justify\"><span style=\"color: #000000\">Las pasiones que se orientan al bien se convierten en virtudes por medio del discernimiento de la raz\u00f3n. Son entonces las propulsoras de una vida de lucha en pro del amor y la justicia. Las pasiones que dominan al hombre, oscureciendo la luz de la raz\u00f3n, y le privan de su libertad y le empujan al mal se llaman vicios.<\/span><\/p>\n","protected":false},"excerpt":{"rendered":"<p>\u00bfEs pecador quien experimenta en s\u00ed mismo pasiones fuertes? No, las pasiones pueden ser muy valiosas. S\u00f3lo por una mala orientaci\u00f3n, las pasiones, que est\u00e1n pensadas para la realizaci\u00f3n vigorosa del bien, se convierten en colaboradoras del mal. Las pasiones que se orientan al bien se convierten en virtudes por medio del discernimiento de la&hellip; <a class=\"more-link\" href=\"https:\/\/catholic-television.com\/es\/pecador-experimenta-pasiones-fuertes\/\">Seguir leyendo <span class=\"screen-reader-text\">\u00bfEs pecador quien experimenta en s\u00ed mismo pasiones fuertes?<\/span><\/a><\/p>\n","protected":false},"author":7,"featured_media":7581,"comment_status":"open","ping_status":"open","sticky":false,"template":"","format":"standard","meta":{"footnotes":""},"categories":[668,650],"tags":[21616,20012,21614,21613,21611,21612,21617,21618,21615],"class_list":["post-7580","post","type-post","status-publish","format-standard","has-post-thumbnail","hentry","category-bienvenidos","category-catequesis","tag-discernimiento","tag-mal","tag-mala-orientacion","tag-pasiones-fuertes","tag-pasiones-valiosas","tag-pecador","tag-privan-libertad","tag-vicios","tag-virtudes","entry"],"yoast_head":"<!-- This site is optimized with the Yoast SEO plugin v27.5 - https:\/\/yoast.com\/product\/yoast-seo-wordpress\/ -->\n<title>\u00bfEs pecador quien experimenta en s\u00ed mismo pasiones fuertes? | Vicios<\/title>\n<meta name=\"description\" content=\"Pasiones fuertes. Las pasiones que se orientan al bien se convierten en virtudes por medio del discernimiento de la raz\u00f3n. Son entonces las propulsoras...\" \/>\n<meta name=\"robots\" content=\"index, follow, max-snippet:-1, max-image-preview:large, max-video-preview:-1\" \/>\n<link rel=\"canonical\" href=\"https:\/\/catholic-television.com\/es\/pecador-experimenta-pasiones-fuertes\/\" \/>\n<meta property=\"og:locale\" content=\"es_ES\" \/>\n<meta property=\"og:type\" content=\"article\" \/>\n<meta property=\"og:title\" content=\"\u00bfEs pecador quien experimenta en s\u00ed mismo pasiones fuertes? | Vicios\" \/>\n<meta property=\"og:description\" content=\"Pasiones fuertes. Las pasiones que se orientan al bien se convierten en virtudes por medio del discernimiento de la raz\u00f3n. Son entonces las propulsoras...\" \/>\n<meta property=\"og:url\" content=\"https:\/\/catholic-television.com\/es\/pecador-experimenta-pasiones-fuertes\/\" \/>\n<meta property=\"og:site_name\" content=\"Catholic-television\" \/>\n<meta property=\"article:publisher\" content=\"https:\/\/www.facebook.com\/catholic.television.production\/\" \/>\n<meta property=\"article:published_time\" content=\"2020-03-05T05:14:28+00:00\" \/>\n<meta property=\"og:image\" content=\"https:\/\/catholic-television.com\/wp-content\/uploads\/2020\/03\/\u00bfEs-pecador-quien-experimenta-en-s\u00ed-mismo-pasiones-fuertes-Vicios.jpg\" \/>\n\t<meta property=\"og:image:width\" content=\"1024\" \/>\n\t<meta property=\"og:image:height\" content=\"576\" \/>\n\t<meta property=\"og:image:type\" content=\"image\/jpeg\" \/>\n<meta name=\"author\" content=\"vlad\" \/>\n<meta name=\"twitter:card\" content=\"summary_large_image\" \/>\n<meta name=\"twitter:creator\" content=\"@catholictele\" \/>\n<meta name=\"twitter:site\" content=\"@catholictele\" \/>\n<meta name=\"twitter:label1\" content=\"Escrito por\" \/>\n\t<meta name=\"twitter:data1\" content=\"vlad\" \/>\n\t<meta name=\"twitter:label2\" content=\"Tiempo de lectura\" \/>\n\t<meta name=\"twitter:data2\" content=\"1 minuto\" \/>\n<script type=\"application\/ld+json\" class=\"yoast-schema-graph\">{\"@context\":\"https:\\\/\\\/schema.org\",\"@graph\":[{\"@type\":\"Article\",\"@id\":\"https:\\\/\\\/catholic-television.com\\\/es\\\/pecador-experimenta-pasiones-fuertes\\\/#article\",\"isPartOf\":{\"@id\":\"https:\\\/\\\/catholic-television.com\\\/es\\\/pecador-experimenta-pasiones-fuertes\\\/\"},\"author\":{\"name\":\"vlad\",\"@id\":\"https:\\\/\\\/catholic-television.com\\\/es\\\/#\\\/schema\\\/person\\\/3188c12fc213ed75be05c8a3a8650318\"},\"headline\":\"\u00bfEs pecador quien experimenta en s\u00ed mismo pasiones fuertes?\",\"datePublished\":\"2020-03-05T05:14:28+00:00\",\"mainEntityOfPage\":{\"@id\":\"https:\\\/\\\/catholic-television.com\\\/es\\\/pecador-experimenta-pasiones-fuertes\\\/\"},\"wordCount\":113,\"commentCount\":0,\"publisher\":{\"@id\":\"https:\\\/\\\/catholic-television.com\\\/es\\\/#organization\"},\"image\":{\"@id\":\"https:\\\/\\\/catholic-television.com\\\/es\\\/pecador-experimenta-pasiones-fuertes\\\/#primaryimage\"},\"thumbnailUrl\":\"https:\\\/\\\/catholic-television.com\\\/wp-content\\\/uploads\\\/2020\\\/03\\\/\u00bfEs-pecador-quien-experimenta-en-s\u00ed-mismo-pasiones-fuertes-Vicios.jpg\",\"keywords\":[\"Discernimiento\",\"Mal\",\"Mala orientaci\u00f3n\",\"Pasiones fuertes\",\"Pasiones valiosas\",\"Pecador\",\"Privan libertad\",\"Vicios\",\"Virtudes\"],\"articleSection\":[\"Bienvenidos\",\"Catequesis\"],\"inLanguage\":\"es\",\"potentialAction\":[{\"@type\":\"CommentAction\",\"name\":\"Comment\",\"target\":[\"https:\\\/\\\/catholic-television.com\\\/es\\\/pecador-experimenta-pasiones-fuertes\\\/#respond\"]}]},{\"@type\":\"WebPage\",\"@id\":\"https:\\\/\\\/catholic-television.com\\\/es\\\/pecador-experimenta-pasiones-fuertes\\\/\",\"url\":\"https:\\\/\\\/catholic-television.com\\\/es\\\/pecador-experimenta-pasiones-fuertes\\\/\",\"name\":\"\u00bfEs pecador quien experimenta en s\u00ed mismo pasiones fuertes? | Vicios\",\"isPartOf\":{\"@id\":\"https:\\\/\\\/catholic-television.com\\\/es\\\/#website\"},\"primaryImageOfPage\":{\"@id\":\"https:\\\/\\\/catholic-television.com\\\/es\\\/pecador-experimenta-pasiones-fuertes\\\/#primaryimage\"},\"image\":{\"@id\":\"https:\\\/\\\/catholic-television.com\\\/es\\\/pecador-experimenta-pasiones-fuertes\\\/#primaryimage\"},\"thumbnailUrl\":\"https:\\\/\\\/catholic-television.com\\\/wp-content\\\/uploads\\\/2020\\\/03\\\/\u00bfEs-pecador-quien-experimenta-en-s\u00ed-mismo-pasiones-fuertes-Vicios.jpg\",\"datePublished\":\"2020-03-05T05:14:28+00:00\",\"description\":\"Pasiones fuertes. Las pasiones que se orientan al bien se convierten en virtudes por medio del discernimiento de la raz\u00f3n. Son entonces las propulsoras...\",\"breadcrumb\":{\"@id\":\"https:\\\/\\\/catholic-television.com\\\/es\\\/pecador-experimenta-pasiones-fuertes\\\/#breadcrumb\"},\"inLanguage\":\"es\",\"potentialAction\":[{\"@type\":\"ReadAction\",\"target\":[\"https:\\\/\\\/catholic-television.com\\\/es\\\/pecador-experimenta-pasiones-fuertes\\\/\"]}]},{\"@type\":\"ImageObject\",\"inLanguage\":\"es\",\"@id\":\"https:\\\/\\\/catholic-television.com\\\/es\\\/pecador-experimenta-pasiones-fuertes\\\/#primaryimage\",\"url\":\"https:\\\/\\\/catholic-television.com\\\/wp-content\\\/uploads\\\/2020\\\/03\\\/\u00bfEs-pecador-quien-experimenta-en-s\u00ed-mismo-pasiones-fuertes-Vicios.jpg\",\"contentUrl\":\"https:\\\/\\\/catholic-television.com\\\/wp-content\\\/uploads\\\/2020\\\/03\\\/\u00bfEs-pecador-quien-experimenta-en-s\u00ed-mismo-pasiones-fuertes-Vicios.jpg\",\"width\":1024,\"height\":576,\"caption\":\"\u00bfEs pecador quien experimenta en s\u00ed mismo pasiones fuertes? | Vicios\"},{\"@type\":\"BreadcrumbList\",\"@id\":\"https:\\\/\\\/catholic-television.com\\\/es\\\/pecador-experimenta-pasiones-fuertes\\\/#breadcrumb\",\"itemListElement\":[{\"@type\":\"ListItem\",\"position\":1,\"name\":\"Portada\",\"item\":\"https:\\\/\\\/catholic-television.com\\\/es\\\/?lang=es\"},{\"@type\":\"ListItem\",\"position\":2,\"name\":\"\u00bfEs pecador quien experimenta en s\u00ed mismo pasiones fuertes?\"}]},{\"@type\":\"WebSite\",\"@id\":\"https:\\\/\\\/catholic-television.com\\\/es\\\/#website\",\"url\":\"https:\\\/\\\/catholic-television.com\\\/es\\\/\",\"name\":\"Catholic-television\",\"description\":\"Catholic Television\",\"publisher\":{\"@id\":\"https:\\\/\\\/catholic-television.com\\\/es\\\/#organization\"},\"potentialAction\":[{\"@type\":\"SearchAction\",\"target\":{\"@type\":\"EntryPoint\",\"urlTemplate\":\"https:\\\/\\\/catholic-television.com\\\/es\\\/?s={search_term_string}\"},\"query-input\":{\"@type\":\"PropertyValueSpecification\",\"valueRequired\":true,\"valueName\":\"search_term_string\"}}],\"inLanguage\":\"es\"},{\"@type\":\"Organization\",\"@id\":\"https:\\\/\\\/catholic-television.com\\\/es\\\/#organization\",\"name\":\"Catholic-television\",\"url\":\"https:\\\/\\\/catholic-television.com\\\/es\\\/\",\"logo\":{\"@type\":\"ImageObject\",\"inLanguage\":\"es\",\"@id\":\"https:\\\/\\\/catholic-television.com\\\/es\\\/#\\\/schema\\\/logo\\\/image\\\/\",\"url\":\"https:\\\/\\\/catholic-television.com\\\/wp-content\\\/uploads\\\/2019\\\/06\\\/catholic-tv_ok2.png\",\"contentUrl\":\"https:\\\/\\\/catholic-television.com\\\/wp-content\\\/uploads\\\/2019\\\/06\\\/catholic-tv_ok2.png\",\"width\":303,\"height\":99,\"caption\":\"Catholic-television\"},\"image\":{\"@id\":\"https:\\\/\\\/catholic-television.com\\\/es\\\/#\\\/schema\\\/logo\\\/image\\\/\"},\"sameAs\":[\"https:\\\/\\\/www.facebook.com\\\/catholic.television.production\\\/\",\"https:\\\/\\\/x.com\\\/catholictele\"]},{\"@type\":\"Person\",\"@id\":\"https:\\\/\\\/catholic-television.com\\\/es\\\/#\\\/schema\\\/person\\\/3188c12fc213ed75be05c8a3a8650318\",\"name\":\"vlad\",\"image\":{\"@type\":\"ImageObject\",\"inLanguage\":\"es\",\"@id\":\"https:\\\/\\\/secure.gravatar.com\\\/avatar\\\/fc95831d9c48ad0da181a29b0820e0beb60a927341a41b7ffd6b73a4ef239589?s=96&d=mm&r=g\",\"url\":\"https:\\\/\\\/secure.gravatar.com\\\/avatar\\\/fc95831d9c48ad0da181a29b0820e0beb60a927341a41b7ffd6b73a4ef239589?s=96&d=mm&r=g\",\"contentUrl\":\"https:\\\/\\\/secure.gravatar.com\\\/avatar\\\/fc95831d9c48ad0da181a29b0820e0beb60a927341a41b7ffd6b73a4ef239589?s=96&d=mm&r=g\",\"caption\":\"vlad\"}}]}<\/script>\n<!-- \/ Yoast SEO plugin. -->","yoast_head_json":{"title":"\u00bfEs pecador quien experimenta en s\u00ed mismo pasiones fuertes? | Vicios","description":"Pasiones fuertes. Las pasiones que se orientan al bien se convierten en virtudes por medio del discernimiento de la raz\u00f3n. Son entonces las propulsoras...","robots":{"index":"index","follow":"follow","max-snippet":"max-snippet:-1","max-image-preview":"max-image-preview:large","max-video-preview":"max-video-preview:-1"},"canonical":"https:\/\/catholic-television.com\/es\/pecador-experimenta-pasiones-fuertes\/","og_locale":"es_ES","og_type":"article","og_title":"\u00bfEs pecador quien experimenta en s\u00ed mismo pasiones fuertes? | Vicios","og_description":"Pasiones fuertes. Las pasiones que se orientan al bien se convierten en virtudes por medio del discernimiento de la raz\u00f3n. Son entonces las propulsoras...","og_url":"https:\/\/catholic-television.com\/es\/pecador-experimenta-pasiones-fuertes\/","og_site_name":"Catholic-television","article_publisher":"https:\/\/www.facebook.com\/catholic.television.production\/","article_published_time":"2020-03-05T05:14:28+00:00","og_image":[{"width":1024,"height":576,"url":"https:\/\/catholic-television.com\/wp-content\/uploads\/2020\/03\/\u00bfEs-pecador-quien-experimenta-en-s\u00ed-mismo-pasiones-fuertes-Vicios.jpg","type":"image\/jpeg"}],"author":"vlad","twitter_card":"summary_large_image","twitter_creator":"@catholictele","twitter_site":"@catholictele","twitter_misc":{"Escrito por":"vlad","Tiempo de lectura":"1 minuto"},"schema":{"@context":"https:\/\/schema.org","@graph":[{"@type":"Article","@id":"https:\/\/catholic-television.com\/es\/pecador-experimenta-pasiones-fuertes\/#article","isPartOf":{"@id":"https:\/\/catholic-television.com\/es\/pecador-experimenta-pasiones-fuertes\/"},"author":{"name":"vlad","@id":"https:\/\/catholic-television.com\/es\/#\/schema\/person\/3188c12fc213ed75be05c8a3a8650318"},"headline":"\u00bfEs pecador quien experimenta en s\u00ed mismo pasiones fuertes?","datePublished":"2020-03-05T05:14:28+00:00","mainEntityOfPage":{"@id":"https:\/\/catholic-television.com\/es\/pecador-experimenta-pasiones-fuertes\/"},"wordCount":113,"commentCount":0,"publisher":{"@id":"https:\/\/catholic-television.com\/es\/#organization"},"image":{"@id":"https:\/\/catholic-television.com\/es\/pecador-experimenta-pasiones-fuertes\/#primaryimage"},"thumbnailUrl":"https:\/\/catholic-television.com\/wp-content\/uploads\/2020\/03\/\u00bfEs-pecador-quien-experimenta-en-s\u00ed-mismo-pasiones-fuertes-Vicios.jpg","keywords":["Discernimiento","Mal","Mala orientaci\u00f3n","Pasiones fuertes","Pasiones valiosas","Pecador","Privan libertad","Vicios","Virtudes"],"articleSection":["Bienvenidos","Catequesis"],"inLanguage":"es","potentialAction":[{"@type":"CommentAction","name":"Comment","target":["https:\/\/catholic-television.com\/es\/pecador-experimenta-pasiones-fuertes\/#respond"]}]},{"@type":"WebPage","@id":"https:\/\/catholic-television.com\/es\/pecador-experimenta-pasiones-fuertes\/","url":"https:\/\/catholic-television.com\/es\/pecador-experimenta-pasiones-fuertes\/","name":"\u00bfEs pecador quien experimenta en s\u00ed mismo pasiones fuertes? | Vicios","isPartOf":{"@id":"https:\/\/catholic-television.com\/es\/#website"},"primaryImageOfPage":{"@id":"https:\/\/catholic-television.com\/es\/pecador-experimenta-pasiones-fuertes\/#primaryimage"},"image":{"@id":"https:\/\/catholic-television.com\/es\/pecador-experimenta-pasiones-fuertes\/#primaryimage"},"thumbnailUrl":"https:\/\/catholic-television.com\/wp-content\/uploads\/2020\/03\/\u00bfEs-pecador-quien-experimenta-en-s\u00ed-mismo-pasiones-fuertes-Vicios.jpg","datePublished":"2020-03-05T05:14:28+00:00","description":"Pasiones fuertes. Las pasiones que se orientan al bien se convierten en virtudes por medio del discernimiento de la raz\u00f3n. Son entonces las propulsoras...","breadcrumb":{"@id":"https:\/\/catholic-television.com\/es\/pecador-experimenta-pasiones-fuertes\/#breadcrumb"},"inLanguage":"es","potentialAction":[{"@type":"ReadAction","target":["https:\/\/catholic-television.com\/es\/pecador-experimenta-pasiones-fuertes\/"]}]},{"@type":"ImageObject","inLanguage":"es","@id":"https:\/\/catholic-television.com\/es\/pecador-experimenta-pasiones-fuertes\/#primaryimage","url":"https:\/\/catholic-television.com\/wp-content\/uploads\/2020\/03\/\u00bfEs-pecador-quien-experimenta-en-s\u00ed-mismo-pasiones-fuertes-Vicios.jpg","contentUrl":"https:\/\/catholic-television.com\/wp-content\/uploads\/2020\/03\/\u00bfEs-pecador-quien-experimenta-en-s\u00ed-mismo-pasiones-fuertes-Vicios.jpg","width":1024,"height":576,"caption":"\u00bfEs pecador quien experimenta en s\u00ed mismo pasiones fuertes? | Vicios"},{"@type":"BreadcrumbList","@id":"https:\/\/catholic-television.com\/es\/pecador-experimenta-pasiones-fuertes\/#breadcrumb","itemListElement":[{"@type":"ListItem","position":1,"name":"Portada","item":"https:\/\/catholic-television.com\/es\/?lang=es"},{"@type":"ListItem","position":2,"name":"\u00bfEs pecador quien experimenta en s\u00ed mismo pasiones fuertes?"}]},{"@type":"WebSite","@id":"https:\/\/catholic-television.com\/es\/#website","url":"https:\/\/catholic-television.com\/es\/","name":"Catholic-television","description":"Catholic Television","publisher":{"@id":"https:\/\/catholic-television.com\/es\/#organization"},"potentialAction":[{"@type":"SearchAction","target":{"@type":"EntryPoint","urlTemplate":"https:\/\/catholic-television.com\/es\/?s={search_term_string}"},"query-input":{"@type":"PropertyValueSpecification","valueRequired":true,"valueName":"search_term_string"}}],"inLanguage":"es"},{"@type":"Organization","@id":"https:\/\/catholic-television.com\/es\/#organization","name":"Catholic-television","url":"https:\/\/catholic-television.com\/es\/","logo":{"@type":"ImageObject","inLanguage":"es","@id":"https:\/\/catholic-television.com\/es\/#\/schema\/logo\/image\/","url":"https:\/\/catholic-television.com\/wp-content\/uploads\/2019\/06\/catholic-tv_ok2.png","contentUrl":"https:\/\/catholic-television.com\/wp-content\/uploads\/2019\/06\/catholic-tv_ok2.png","width":303,"height":99,"caption":"Catholic-television"},"image":{"@id":"https:\/\/catholic-television.com\/es\/#\/schema\/logo\/image\/"},"sameAs":["https:\/\/www.facebook.com\/catholic.television.production\/","https:\/\/x.com\/catholictele"]},{"@type":"Person","@id":"https:\/\/catholic-television.com\/es\/#\/schema\/person\/3188c12fc213ed75be05c8a3a8650318","name":"vlad","image":{"@type":"ImageObject","inLanguage":"es","@id":"https:\/\/secure.gravatar.com\/avatar\/fc95831d9c48ad0da181a29b0820e0beb60a927341a41b7ffd6b73a4ef239589?s=96&d=mm&r=g","url":"https:\/\/secure.gravatar.com\/avatar\/fc95831d9c48ad0da181a29b0820e0beb60a927341a41b7ffd6b73a4ef239589?s=96&d=mm&r=g","contentUrl":"https:\/\/secure.gravatar.com\/avatar\/fc95831d9c48ad0da181a29b0820e0beb60a927341a41b7ffd6b73a4ef239589?s=96&d=mm&r=g","caption":"vlad"}}]}},"_links":{"self":[{"href":"https:\/\/catholic-television.com\/es\/wp-json\/wp\/v2\/posts\/7580","targetHints":{"allow":["GET"]}}],"collection":[{"href":"https:\/\/catholic-television.com\/es\/wp-json\/wp\/v2\/posts"}],"about":[{"href":"https:\/\/catholic-television.com\/es\/wp-json\/wp\/v2\/types\/post"}],"author":[{"embeddable":true,"href":"https:\/\/catholic-television.com\/es\/wp-json\/wp\/v2\/users\/7"}],"replies":[{"embeddable":true,"href":"https:\/\/catholic-television.com\/es\/wp-json\/wp\/v2\/comments?post=7580"}],"version-history":[{"count":1,"href":"https:\/\/catholic-television.com\/es\/wp-json\/wp\/v2\/posts\/7580\/revisions"}],"predecessor-version":[{"id":7582,"href":"https:\/\/catholic-television.com\/es\/wp-json\/wp\/v2\/posts\/7580\/revisions\/7582"}],"wp:featuredmedia":[{"embeddable":true,"href":"https:\/\/catholic-television.com\/es\/wp-json\/wp\/v2\/media\/7581"}],"wp:attachment":[{"href":"https:\/\/catholic-television.com\/es\/wp-json\/wp\/v2\/media?parent=7580"}],"wp:term":[{"taxonomy":"category","embeddable":true,"href":"https:\/\/catholic-television.com\/es\/wp-json\/wp\/v2\/categories?post=7580"},{"taxonomy":"post_tag","embeddable":true,"href":"https:\/\/catholic-television.com\/es\/wp-json\/wp\/v2\/tags?post=7580"}],"curies":[{"name":"wp","href":"https:\/\/api.w.org\/{rel}","templated":true}]}}