{"id":7435,"date":"2020-02-28T10:00:10","date_gmt":"2020-02-28T10:00:10","guid":{"rendered":"https:\/\/catholic-television.com\/wp-staging\/?p=7435\/"},"modified":"2020-02-28T10:00:10","modified_gmt":"2020-02-28T10:00:10","slug":"que-sucede-en-ordenacion-diaconal","status":"publish","type":"post","link":"https:\/\/catholic-television.com\/es\/que-sucede-en-ordenacion-diaconal\/","title":{"rendered":"\u00bfQu\u00e9 sucede en la ordenaci\u00f3n diaconal?"},"content":{"rendered":"<p style=\"text-align: justify\"><span style=\"color: #000000\"><strong>En la ordenaci\u00f3n diaconal el candidato recibe el encargo de un servicio propio dentro del orden. Porque representa a Cristo como el que no ha venido a \u00abser servido sino a servir y a dar su vida en rescate por muchos\u00bb. En la liturgia de ordenaci\u00f3n se dice: \u00abEn el servicio de la Palabra, del altar y de la caridad, el Di\u00e1cono est\u00e1 disponible para todos\u00bb.<\/strong><\/span><\/p>\n<p style=\"text-align: justify\"><span style=\"color: #000000\">El prototipo del Di\u00e1cono es el m\u00e1rtir san Esteban. Cuando los Ap\u00f3stoles, en la comunidad primitiva de Jerusal\u00e9n, se vieron desbordados por la abundancia de tareas caritativas, buscaron a siete hombres \u00abpara servir las mesas\u00bb, que fueron ordenados por ellos. Esteban, el primero en ser nombrado, actu\u00f3 \u00ablleno de gracia y poder\u00bb a favor de la nueva fe, as\u00ed como de pobres de la comunidad. Despu\u00e9s de que durante siglos el di\u00e1cono haya sido s\u00f3lo un grado del Orden en el camino al presbiterado, hoy es nuevamente una vocaci\u00f3n independiente para c\u00e9libes y para casados. Por un lado era preciso destacar con ello de nuevo el car\u00e1cter de servicio de la Iglesia, por otro se quer\u00eda, como en la Iglesia primitiva, poner junto a los Presb\u00edteros un estado que asuma determinados encargos pastorales y sociales de la Iglesia. Tambi\u00e9n la ordenaci\u00f3n diaconal marca al ordenado para toda la vida y de modo irrevocable.<\/span><\/p>\n","protected":false},"excerpt":{"rendered":"<p>En la ordenaci\u00f3n diaconal el candidato recibe el encargo de un servicio propio dentro del orden. Porque representa a Cristo como el que no ha venido a \u00abser servido sino a servir y a dar su vida en rescate por muchos\u00bb. En la liturgia de ordenaci\u00f3n se dice: \u00abEn el servicio de la Palabra, del&hellip; <a class=\"more-link\" href=\"https:\/\/catholic-television.com\/es\/que-sucede-en-ordenacion-diaconal\/\">Seguir leyendo <span class=\"screen-reader-text\">\u00bfQu\u00e9 sucede en la ordenaci\u00f3n diaconal?<\/span><\/a><\/p>\n","protected":false},"author":7,"featured_media":7436,"comment_status":"open","ping_status":"open","sticky":false,"template":"","format":"standard","meta":{"footnotes":""},"categories":[668,650],"tags":[20314,3956,19588,21068,19298,20413,21066,21064,21067,21062,21061,21063,21060,9581,21065],"class_list":["post-7435","post","type-post","status-publish","format-standard","has-post-thumbnail","hentry","category-bienvenidos","category-catequesis","tag-altar","tag-apostoles","tag-caridad","tag-celibes","tag-comunidad-primitiva","tag-diacono","tag-gracia-poder","tag-martir-san-esteban","tag-nueva-fe","tag-ordenacion-diaconal","tag-rescate","tag-servicio-palabra","tag-servicio-propio","tag-servir","tag-tareas-caritativas","entry"],"yoast_head":"<!-- This site is optimized with the Yoast SEO plugin v27.5 - https:\/\/yoast.com\/product\/yoast-seo-wordpress\/ -->\n<title>\u00bfQu\u00e9 sucede en la ordenaci\u00f3n diaconal? | Servicio propio | C\u00e9libes | Altar<\/title>\n<meta name=\"description\" content=\"Diaconal. El prototipo del Di\u00e1cono es el m\u00e1rtir san Esteban. Cuando los Ap\u00f3stoles, en la comunidad primitiva de Jerusal\u00e9n, se vieron desbordados...\" \/>\n<meta name=\"robots\" content=\"index, follow, max-snippet:-1, max-image-preview:large, max-video-preview:-1\" \/>\n<link rel=\"canonical\" href=\"https:\/\/catholic-television.com\/es\/que-sucede-en-ordenacion-diaconal\/\" \/>\n<meta property=\"og:locale\" content=\"es_ES\" \/>\n<meta property=\"og:type\" content=\"article\" \/>\n<meta property=\"og:title\" content=\"\u00bfQu\u00e9 sucede en la ordenaci\u00f3n diaconal? | Servicio propio | C\u00e9libes | Altar\" \/>\n<meta property=\"og:description\" content=\"Diaconal. El prototipo del Di\u00e1cono es el m\u00e1rtir san Esteban. Cuando los Ap\u00f3stoles, en la comunidad primitiva de Jerusal\u00e9n, se vieron desbordados...\" \/>\n<meta property=\"og:url\" content=\"https:\/\/catholic-television.com\/es\/que-sucede-en-ordenacion-diaconal\/\" \/>\n<meta property=\"og:site_name\" content=\"Catholic-television\" \/>\n<meta property=\"article:publisher\" content=\"https:\/\/www.facebook.com\/catholic.television.production\/\" \/>\n<meta property=\"article:published_time\" content=\"2020-02-28T10:00:10+00:00\" \/>\n<meta property=\"og:image\" content=\"https:\/\/catholic-television.com\/wp-content\/uploads\/2020\/02\/\u00bfQu\u00e9-sucede-en-la-ordenaci\u00f3n-diaconal-Servicio-propio-C\u00e9libes-Altar.jpg\" \/>\n\t<meta property=\"og:image:width\" content=\"1024\" \/>\n\t<meta property=\"og:image:height\" content=\"576\" \/>\n\t<meta property=\"og:image:type\" content=\"image\/jpeg\" \/>\n<meta name=\"author\" content=\"vlad\" \/>\n<meta name=\"twitter:card\" content=\"summary_large_image\" \/>\n<meta name=\"twitter:creator\" content=\"@catholictele\" \/>\n<meta name=\"twitter:site\" content=\"@catholictele\" \/>\n<meta name=\"twitter:label1\" content=\"Escrito por\" \/>\n\t<meta name=\"twitter:data1\" content=\"vlad\" \/>\n\t<meta name=\"twitter:label2\" content=\"Tiempo de lectura\" \/>\n\t<meta name=\"twitter:data2\" content=\"1 minuto\" \/>\n<script type=\"application\/ld+json\" class=\"yoast-schema-graph\">{\"@context\":\"https:\\\/\\\/schema.org\",\"@graph\":[{\"@type\":\"Article\",\"@id\":\"https:\\\/\\\/catholic-television.com\\\/es\\\/que-sucede-en-ordenacion-diaconal\\\/#article\",\"isPartOf\":{\"@id\":\"https:\\\/\\\/catholic-television.com\\\/es\\\/que-sucede-en-ordenacion-diaconal\\\/\"},\"author\":{\"name\":\"vlad\",\"@id\":\"https:\\\/\\\/catholic-television.com\\\/es\\\/#\\\/schema\\\/person\\\/3188c12fc213ed75be05c8a3a8650318\"},\"headline\":\"\u00bfQu\u00e9 sucede en la ordenaci\u00f3n diaconal?\",\"datePublished\":\"2020-02-28T10:00:10+00:00\",\"mainEntityOfPage\":{\"@id\":\"https:\\\/\\\/catholic-television.com\\\/es\\\/que-sucede-en-ordenacion-diaconal\\\/\"},\"wordCount\":243,\"commentCount\":0,\"publisher\":{\"@id\":\"https:\\\/\\\/catholic-television.com\\\/es\\\/#organization\"},\"image\":{\"@id\":\"https:\\\/\\\/catholic-television.com\\\/es\\\/que-sucede-en-ordenacion-diaconal\\\/#primaryimage\"},\"thumbnailUrl\":\"https:\\\/\\\/catholic-television.com\\\/wp-content\\\/uploads\\\/2020\\\/02\\\/\u00bfQu\u00e9-sucede-en-la-ordenaci\u00f3n-diaconal-Servicio-propio-C\u00e9libes-Altar.jpg\",\"keywords\":[\"Altar\",\"Ap\u00f3stoles\",\"Caridad\",\"C\u00e9libes\",\"Comunidad primitiva\",\"Di\u00e1cono\",\"Gracia poder\",\"M\u00e1rtir San Esteban\",\"Nueva fe\",\"Ordenaci\u00f3n diaconal\",\"Rescate\",\"Servicio Palabra\",\"Servicio propio\",\"Servir\",\"Tareas caritativas\"],\"articleSection\":[\"Bienvenidos\",\"Catequesis\"],\"inLanguage\":\"es\",\"potentialAction\":[{\"@type\":\"CommentAction\",\"name\":\"Comment\",\"target\":[\"https:\\\/\\\/catholic-television.com\\\/es\\\/que-sucede-en-ordenacion-diaconal\\\/#respond\"]}]},{\"@type\":\"WebPage\",\"@id\":\"https:\\\/\\\/catholic-television.com\\\/es\\\/que-sucede-en-ordenacion-diaconal\\\/\",\"url\":\"https:\\\/\\\/catholic-television.com\\\/es\\\/que-sucede-en-ordenacion-diaconal\\\/\",\"name\":\"\u00bfQu\u00e9 sucede en la ordenaci\u00f3n diaconal? | Servicio propio | C\u00e9libes | Altar\",\"isPartOf\":{\"@id\":\"https:\\\/\\\/catholic-television.com\\\/es\\\/#website\"},\"primaryImageOfPage\":{\"@id\":\"https:\\\/\\\/catholic-television.com\\\/es\\\/que-sucede-en-ordenacion-diaconal\\\/#primaryimage\"},\"image\":{\"@id\":\"https:\\\/\\\/catholic-television.com\\\/es\\\/que-sucede-en-ordenacion-diaconal\\\/#primaryimage\"},\"thumbnailUrl\":\"https:\\\/\\\/catholic-television.com\\\/wp-content\\\/uploads\\\/2020\\\/02\\\/\u00bfQu\u00e9-sucede-en-la-ordenaci\u00f3n-diaconal-Servicio-propio-C\u00e9libes-Altar.jpg\",\"datePublished\":\"2020-02-28T10:00:10+00:00\",\"description\":\"Diaconal. El prototipo del Di\u00e1cono es el m\u00e1rtir san Esteban. Cuando los Ap\u00f3stoles, en la comunidad primitiva de Jerusal\u00e9n, se vieron desbordados...\",\"breadcrumb\":{\"@id\":\"https:\\\/\\\/catholic-television.com\\\/es\\\/que-sucede-en-ordenacion-diaconal\\\/#breadcrumb\"},\"inLanguage\":\"es\",\"potentialAction\":[{\"@type\":\"ReadAction\",\"target\":[\"https:\\\/\\\/catholic-television.com\\\/es\\\/que-sucede-en-ordenacion-diaconal\\\/\"]}]},{\"@type\":\"ImageObject\",\"inLanguage\":\"es\",\"@id\":\"https:\\\/\\\/catholic-television.com\\\/es\\\/que-sucede-en-ordenacion-diaconal\\\/#primaryimage\",\"url\":\"https:\\\/\\\/catholic-television.com\\\/wp-content\\\/uploads\\\/2020\\\/02\\\/\u00bfQu\u00e9-sucede-en-la-ordenaci\u00f3n-diaconal-Servicio-propio-C\u00e9libes-Altar.jpg\",\"contentUrl\":\"https:\\\/\\\/catholic-television.com\\\/wp-content\\\/uploads\\\/2020\\\/02\\\/\u00bfQu\u00e9-sucede-en-la-ordenaci\u00f3n-diaconal-Servicio-propio-C\u00e9libes-Altar.jpg\",\"width\":1024,\"height\":576,\"caption\":\"\u00bfQu\u00e9 sucede en la ordenaci\u00f3n diaconal? | Servicio propio | C\u00e9libes | Altar\"},{\"@type\":\"BreadcrumbList\",\"@id\":\"https:\\\/\\\/catholic-television.com\\\/es\\\/que-sucede-en-ordenacion-diaconal\\\/#breadcrumb\",\"itemListElement\":[{\"@type\":\"ListItem\",\"position\":1,\"name\":\"Portada\",\"item\":\"https:\\\/\\\/catholic-television.com\\\/es\\\/?lang=es\"},{\"@type\":\"ListItem\",\"position\":2,\"name\":\"\u00bfQu\u00e9 sucede en la ordenaci\u00f3n diaconal?\"}]},{\"@type\":\"WebSite\",\"@id\":\"https:\\\/\\\/catholic-television.com\\\/es\\\/#website\",\"url\":\"https:\\\/\\\/catholic-television.com\\\/es\\\/\",\"name\":\"Catholic-television\",\"description\":\"Catholic Television\",\"publisher\":{\"@id\":\"https:\\\/\\\/catholic-television.com\\\/es\\\/#organization\"},\"potentialAction\":[{\"@type\":\"SearchAction\",\"target\":{\"@type\":\"EntryPoint\",\"urlTemplate\":\"https:\\\/\\\/catholic-television.com\\\/es\\\/?s={search_term_string}\"},\"query-input\":{\"@type\":\"PropertyValueSpecification\",\"valueRequired\":true,\"valueName\":\"search_term_string\"}}],\"inLanguage\":\"es\"},{\"@type\":\"Organization\",\"@id\":\"https:\\\/\\\/catholic-television.com\\\/es\\\/#organization\",\"name\":\"Catholic-television\",\"url\":\"https:\\\/\\\/catholic-television.com\\\/es\\\/\",\"logo\":{\"@type\":\"ImageObject\",\"inLanguage\":\"es\",\"@id\":\"https:\\\/\\\/catholic-television.com\\\/es\\\/#\\\/schema\\\/logo\\\/image\\\/\",\"url\":\"https:\\\/\\\/catholic-television.com\\\/wp-content\\\/uploads\\\/2019\\\/06\\\/catholic-tv_ok2.png\",\"contentUrl\":\"https:\\\/\\\/catholic-television.com\\\/wp-content\\\/uploads\\\/2019\\\/06\\\/catholic-tv_ok2.png\",\"width\":303,\"height\":99,\"caption\":\"Catholic-television\"},\"image\":{\"@id\":\"https:\\\/\\\/catholic-television.com\\\/es\\\/#\\\/schema\\\/logo\\\/image\\\/\"},\"sameAs\":[\"https:\\\/\\\/www.facebook.com\\\/catholic.television.production\\\/\",\"https:\\\/\\\/x.com\\\/catholictele\"]},{\"@type\":\"Person\",\"@id\":\"https:\\\/\\\/catholic-television.com\\\/es\\\/#\\\/schema\\\/person\\\/3188c12fc213ed75be05c8a3a8650318\",\"name\":\"vlad\",\"image\":{\"@type\":\"ImageObject\",\"inLanguage\":\"es\",\"@id\":\"https:\\\/\\\/secure.gravatar.com\\\/avatar\\\/fc95831d9c48ad0da181a29b0820e0beb60a927341a41b7ffd6b73a4ef239589?s=96&d=mm&r=g\",\"url\":\"https:\\\/\\\/secure.gravatar.com\\\/avatar\\\/fc95831d9c48ad0da181a29b0820e0beb60a927341a41b7ffd6b73a4ef239589?s=96&d=mm&r=g\",\"contentUrl\":\"https:\\\/\\\/secure.gravatar.com\\\/avatar\\\/fc95831d9c48ad0da181a29b0820e0beb60a927341a41b7ffd6b73a4ef239589?s=96&d=mm&r=g\",\"caption\":\"vlad\"}}]}<\/script>\n<!-- \/ Yoast SEO plugin. -->","yoast_head_json":{"title":"\u00bfQu\u00e9 sucede en la ordenaci\u00f3n diaconal? | Servicio propio | C\u00e9libes | Altar","description":"Diaconal. El prototipo del Di\u00e1cono es el m\u00e1rtir san Esteban. Cuando los Ap\u00f3stoles, en la comunidad primitiva de Jerusal\u00e9n, se vieron desbordados...","robots":{"index":"index","follow":"follow","max-snippet":"max-snippet:-1","max-image-preview":"max-image-preview:large","max-video-preview":"max-video-preview:-1"},"canonical":"https:\/\/catholic-television.com\/es\/que-sucede-en-ordenacion-diaconal\/","og_locale":"es_ES","og_type":"article","og_title":"\u00bfQu\u00e9 sucede en la ordenaci\u00f3n diaconal? | Servicio propio | C\u00e9libes | Altar","og_description":"Diaconal. El prototipo del Di\u00e1cono es el m\u00e1rtir san Esteban. Cuando los Ap\u00f3stoles, en la comunidad primitiva de Jerusal\u00e9n, se vieron desbordados...","og_url":"https:\/\/catholic-television.com\/es\/que-sucede-en-ordenacion-diaconal\/","og_site_name":"Catholic-television","article_publisher":"https:\/\/www.facebook.com\/catholic.television.production\/","article_published_time":"2020-02-28T10:00:10+00:00","og_image":[{"width":1024,"height":576,"url":"https:\/\/catholic-television.com\/wp-content\/uploads\/2020\/02\/\u00bfQu\u00e9-sucede-en-la-ordenaci\u00f3n-diaconal-Servicio-propio-C\u00e9libes-Altar.jpg","type":"image\/jpeg"}],"author":"vlad","twitter_card":"summary_large_image","twitter_creator":"@catholictele","twitter_site":"@catholictele","twitter_misc":{"Escrito por":"vlad","Tiempo de lectura":"1 minuto"},"schema":{"@context":"https:\/\/schema.org","@graph":[{"@type":"Article","@id":"https:\/\/catholic-television.com\/es\/que-sucede-en-ordenacion-diaconal\/#article","isPartOf":{"@id":"https:\/\/catholic-television.com\/es\/que-sucede-en-ordenacion-diaconal\/"},"author":{"name":"vlad","@id":"https:\/\/catholic-television.com\/es\/#\/schema\/person\/3188c12fc213ed75be05c8a3a8650318"},"headline":"\u00bfQu\u00e9 sucede en la ordenaci\u00f3n diaconal?","datePublished":"2020-02-28T10:00:10+00:00","mainEntityOfPage":{"@id":"https:\/\/catholic-television.com\/es\/que-sucede-en-ordenacion-diaconal\/"},"wordCount":243,"commentCount":0,"publisher":{"@id":"https:\/\/catholic-television.com\/es\/#organization"},"image":{"@id":"https:\/\/catholic-television.com\/es\/que-sucede-en-ordenacion-diaconal\/#primaryimage"},"thumbnailUrl":"https:\/\/catholic-television.com\/wp-content\/uploads\/2020\/02\/\u00bfQu\u00e9-sucede-en-la-ordenaci\u00f3n-diaconal-Servicio-propio-C\u00e9libes-Altar.jpg","keywords":["Altar","Ap\u00f3stoles","Caridad","C\u00e9libes","Comunidad primitiva","Di\u00e1cono","Gracia poder","M\u00e1rtir San Esteban","Nueva fe","Ordenaci\u00f3n diaconal","Rescate","Servicio Palabra","Servicio propio","Servir","Tareas caritativas"],"articleSection":["Bienvenidos","Catequesis"],"inLanguage":"es","potentialAction":[{"@type":"CommentAction","name":"Comment","target":["https:\/\/catholic-television.com\/es\/que-sucede-en-ordenacion-diaconal\/#respond"]}]},{"@type":"WebPage","@id":"https:\/\/catholic-television.com\/es\/que-sucede-en-ordenacion-diaconal\/","url":"https:\/\/catholic-television.com\/es\/que-sucede-en-ordenacion-diaconal\/","name":"\u00bfQu\u00e9 sucede en la ordenaci\u00f3n diaconal? | Servicio propio | C\u00e9libes | Altar","isPartOf":{"@id":"https:\/\/catholic-television.com\/es\/#website"},"primaryImageOfPage":{"@id":"https:\/\/catholic-television.com\/es\/que-sucede-en-ordenacion-diaconal\/#primaryimage"},"image":{"@id":"https:\/\/catholic-television.com\/es\/que-sucede-en-ordenacion-diaconal\/#primaryimage"},"thumbnailUrl":"https:\/\/catholic-television.com\/wp-content\/uploads\/2020\/02\/\u00bfQu\u00e9-sucede-en-la-ordenaci\u00f3n-diaconal-Servicio-propio-C\u00e9libes-Altar.jpg","datePublished":"2020-02-28T10:00:10+00:00","description":"Diaconal. El prototipo del Di\u00e1cono es el m\u00e1rtir san Esteban. Cuando los Ap\u00f3stoles, en la comunidad primitiva de Jerusal\u00e9n, se vieron desbordados...","breadcrumb":{"@id":"https:\/\/catholic-television.com\/es\/que-sucede-en-ordenacion-diaconal\/#breadcrumb"},"inLanguage":"es","potentialAction":[{"@type":"ReadAction","target":["https:\/\/catholic-television.com\/es\/que-sucede-en-ordenacion-diaconal\/"]}]},{"@type":"ImageObject","inLanguage":"es","@id":"https:\/\/catholic-television.com\/es\/que-sucede-en-ordenacion-diaconal\/#primaryimage","url":"https:\/\/catholic-television.com\/wp-content\/uploads\/2020\/02\/\u00bfQu\u00e9-sucede-en-la-ordenaci\u00f3n-diaconal-Servicio-propio-C\u00e9libes-Altar.jpg","contentUrl":"https:\/\/catholic-television.com\/wp-content\/uploads\/2020\/02\/\u00bfQu\u00e9-sucede-en-la-ordenaci\u00f3n-diaconal-Servicio-propio-C\u00e9libes-Altar.jpg","width":1024,"height":576,"caption":"\u00bfQu\u00e9 sucede en la ordenaci\u00f3n diaconal? | Servicio propio | C\u00e9libes | Altar"},{"@type":"BreadcrumbList","@id":"https:\/\/catholic-television.com\/es\/que-sucede-en-ordenacion-diaconal\/#breadcrumb","itemListElement":[{"@type":"ListItem","position":1,"name":"Portada","item":"https:\/\/catholic-television.com\/es\/?lang=es"},{"@type":"ListItem","position":2,"name":"\u00bfQu\u00e9 sucede en la ordenaci\u00f3n diaconal?"}]},{"@type":"WebSite","@id":"https:\/\/catholic-television.com\/es\/#website","url":"https:\/\/catholic-television.com\/es\/","name":"Catholic-television","description":"Catholic Television","publisher":{"@id":"https:\/\/catholic-television.com\/es\/#organization"},"potentialAction":[{"@type":"SearchAction","target":{"@type":"EntryPoint","urlTemplate":"https:\/\/catholic-television.com\/es\/?s={search_term_string}"},"query-input":{"@type":"PropertyValueSpecification","valueRequired":true,"valueName":"search_term_string"}}],"inLanguage":"es"},{"@type":"Organization","@id":"https:\/\/catholic-television.com\/es\/#organization","name":"Catholic-television","url":"https:\/\/catholic-television.com\/es\/","logo":{"@type":"ImageObject","inLanguage":"es","@id":"https:\/\/catholic-television.com\/es\/#\/schema\/logo\/image\/","url":"https:\/\/catholic-television.com\/wp-content\/uploads\/2019\/06\/catholic-tv_ok2.png","contentUrl":"https:\/\/catholic-television.com\/wp-content\/uploads\/2019\/06\/catholic-tv_ok2.png","width":303,"height":99,"caption":"Catholic-television"},"image":{"@id":"https:\/\/catholic-television.com\/es\/#\/schema\/logo\/image\/"},"sameAs":["https:\/\/www.facebook.com\/catholic.television.production\/","https:\/\/x.com\/catholictele"]},{"@type":"Person","@id":"https:\/\/catholic-television.com\/es\/#\/schema\/person\/3188c12fc213ed75be05c8a3a8650318","name":"vlad","image":{"@type":"ImageObject","inLanguage":"es","@id":"https:\/\/secure.gravatar.com\/avatar\/fc95831d9c48ad0da181a29b0820e0beb60a927341a41b7ffd6b73a4ef239589?s=96&d=mm&r=g","url":"https:\/\/secure.gravatar.com\/avatar\/fc95831d9c48ad0da181a29b0820e0beb60a927341a41b7ffd6b73a4ef239589?s=96&d=mm&r=g","contentUrl":"https:\/\/secure.gravatar.com\/avatar\/fc95831d9c48ad0da181a29b0820e0beb60a927341a41b7ffd6b73a4ef239589?s=96&d=mm&r=g","caption":"vlad"}}]}},"_links":{"self":[{"href":"https:\/\/catholic-television.com\/es\/wp-json\/wp\/v2\/posts\/7435","targetHints":{"allow":["GET"]}}],"collection":[{"href":"https:\/\/catholic-television.com\/es\/wp-json\/wp\/v2\/posts"}],"about":[{"href":"https:\/\/catholic-television.com\/es\/wp-json\/wp\/v2\/types\/post"}],"author":[{"embeddable":true,"href":"https:\/\/catholic-television.com\/es\/wp-json\/wp\/v2\/users\/7"}],"replies":[{"embeddable":true,"href":"https:\/\/catholic-television.com\/es\/wp-json\/wp\/v2\/comments?post=7435"}],"version-history":[{"count":1,"href":"https:\/\/catholic-television.com\/es\/wp-json\/wp\/v2\/posts\/7435\/revisions"}],"predecessor-version":[{"id":7437,"href":"https:\/\/catholic-television.com\/es\/wp-json\/wp\/v2\/posts\/7435\/revisions\/7437"}],"wp:featuredmedia":[{"embeddable":true,"href":"https:\/\/catholic-television.com\/es\/wp-json\/wp\/v2\/media\/7436"}],"wp:attachment":[{"href":"https:\/\/catholic-television.com\/es\/wp-json\/wp\/v2\/media?parent=7435"}],"wp:term":[{"taxonomy":"category","embeddable":true,"href":"https:\/\/catholic-television.com\/es\/wp-json\/wp\/v2\/categories?post=7435"},{"taxonomy":"post_tag","embeddable":true,"href":"https:\/\/catholic-television.com\/es\/wp-json\/wp\/v2\/tags?post=7435"}],"curies":[{"name":"wp","href":"https:\/\/api.w.org\/{rel}","templated":true}]}}