{"id":6938,"date":"2020-02-11T04:51:30","date_gmt":"2020-02-11T04:51:30","guid":{"rendered":"https:\/\/catholic-television.com\/wp-staging\/?p=6938\/"},"modified":"2020-02-11T04:51:30","modified_gmt":"2020-02-11T04:51:30","slug":"quiere-decir-creo-en-espiritu-santo","status":"publish","type":"post","link":"https:\/\/catholic-television.com\/es\/quiere-decir-creo-en-espiritu-santo\/","title":{"rendered":"\u00bfQu\u00e9 quiere decir: Creo en el Esp\u00edritu Santo?"},"content":{"rendered":"<p><strong><span style=\"color: #000000\">\u00bfQu\u00e9 quiere decir: Creo en el Esp\u00edritu Santo?<\/span><\/strong><\/p>\n<p style=\"text-align: justify\"><span style=\"color: #000000\"><strong>Creer en el Esp\u00edritu Santo es adorarle como Dios, igual que al Padre y al Hijo. Quiere decir creer que el Esp\u00edritu Santo. Viene a nuestro coraz\u00f3n para que como hijos de Dios conozcamos a nuestro Padre del cielo. Movidos por el Esp\u00edritu Santo podemos cambiar la faz de la tierra.<\/strong><\/span><\/p>\n<p style=\"text-align: justify\"><span style=\"color: #000000\">Antes de su muerte Jes\u00fas hab\u00eda prometido a sus disc\u00edpulos enviarles \u00abotro Par\u00e1clito\u00bb, cuando ya no estuviera con ellos. Cuando despu\u00e9s se derram\u00f3 el Esp\u00edritu Santo sobre los disc\u00edpulos de la Iglesia primitiva, entendieron lo que Jes\u00fas hab\u00eda querido decir. Experimentaron una seguridad profunda y la alegr\u00eda de la fe y recibieron determinados carismas; es decir, pod\u00edan profetizar, sanar y hacer milagros. Hasta hoy existen personas en la Iglesia que tienen estos dones y estas experiencias.<\/span><\/p>\n","protected":false},"excerpt":{"rendered":"<p>\u00bfQu\u00e9 quiere decir: Creo en el Esp\u00edritu Santo? Creer en el Esp\u00edritu Santo es adorarle como Dios, igual que al Padre y al Hijo. Quiere decir creer que el Esp\u00edritu Santo. Viene a nuestro coraz\u00f3n para que como hijos de Dios conozcamos a nuestro Padre del cielo. Movidos por el Esp\u00edritu Santo podemos cambiar la&hellip; <a class=\"more-link\" href=\"https:\/\/catholic-television.com\/es\/quiere-decir-creo-en-espiritu-santo\/\">Seguir leyendo <span class=\"screen-reader-text\">\u00bfQu\u00e9 quiere decir: Creo en el Esp\u00edritu Santo?<\/span><\/a><\/p>\n","protected":false},"author":7,"featured_media":6939,"comment_status":"open","ping_status":"open","sticky":false,"template":"","format":"standard","meta":{"footnotes":""},"categories":[668,650],"tags":[19356,19360,19361,18113,3957,3899,18280,18961,18349,19357,18279,19181,19358,19362,19359],"class_list":["post-6938","post","type-post","status-publish","format-standard","has-post-thumbnail","hentry","category-bienvenidos","category-catequesis","tag-adorarle","tag-alegria-fe","tag-carismas","tag-creo","tag-discipulos","tag-espiritu-santo","tag-hijo","tag-iglesia-primitiva","tag-milagros","tag-nuestro-corazon","tag-padre","tag-padre-cielo","tag-paraclito","tag-profetizar","tag-seguridad-profunda","entry"],"yoast_head":"<!-- This site is optimized with the Yoast SEO plugin v27.5 - https:\/\/yoast.com\/product\/yoast-seo-wordpress\/ -->\n<title>\u00bfQu\u00e9 quiere decir: Creo en el Esp\u00edritu Santo? | Hijo | Carismas | Profetizar<\/title>\n<meta name=\"description\" content=\"Creo en. Antes de su muerte Jes\u00fas hab\u00eda prometido a sus disc\u00edpulos enviarles \u00abotro Par\u00e1clito\u00bb, cuando ya no estuviera con ellos. Cuando despu\u00e9s se derra...\" \/>\n<meta name=\"robots\" content=\"index, follow, max-snippet:-1, max-image-preview:large, max-video-preview:-1\" \/>\n<link rel=\"canonical\" href=\"https:\/\/catholic-television.com\/es\/quiere-decir-creo-en-espiritu-santo\/\" \/>\n<meta property=\"og:locale\" content=\"es_ES\" \/>\n<meta property=\"og:type\" content=\"article\" \/>\n<meta property=\"og:title\" content=\"\u00bfQu\u00e9 quiere decir: Creo en el Esp\u00edritu Santo? | Hijo | Carismas | Profetizar\" \/>\n<meta property=\"og:description\" content=\"Creo en. Antes de su muerte Jes\u00fas hab\u00eda prometido a sus disc\u00edpulos enviarles \u00abotro Par\u00e1clito\u00bb, cuando ya no estuviera con ellos. Cuando despu\u00e9s se derra...\" \/>\n<meta property=\"og:url\" content=\"https:\/\/catholic-television.com\/es\/quiere-decir-creo-en-espiritu-santo\/\" \/>\n<meta property=\"og:site_name\" content=\"Catholic-television\" \/>\n<meta property=\"article:publisher\" content=\"https:\/\/www.facebook.com\/catholic.television.production\/\" \/>\n<meta property=\"article:published_time\" content=\"2020-02-11T04:51:30+00:00\" \/>\n<meta property=\"og:image\" content=\"https:\/\/catholic-television.com\/wp-content\/uploads\/2020\/02\/\u00bfQu\u00e9-quiere-decir-Creo-en-el-Esp\u00edritu-Santo-Hijo-Carismas-Profetizar.jpg\" \/>\n\t<meta property=\"og:image:width\" content=\"1024\" \/>\n\t<meta property=\"og:image:height\" content=\"576\" \/>\n\t<meta property=\"og:image:type\" content=\"image\/jpeg\" \/>\n<meta name=\"author\" content=\"vlad\" \/>\n<meta name=\"twitter:card\" content=\"summary_large_image\" \/>\n<meta name=\"twitter:creator\" content=\"@catholictele\" \/>\n<meta name=\"twitter:site\" content=\"@catholictele\" \/>\n<meta name=\"twitter:label1\" content=\"Escrito por\" \/>\n\t<meta name=\"twitter:data1\" content=\"vlad\" \/>\n\t<meta name=\"twitter:label2\" content=\"Tiempo de lectura\" \/>\n\t<meta name=\"twitter:data2\" content=\"1 minuto\" \/>\n<script type=\"application\/ld+json\" class=\"yoast-schema-graph\">{\"@context\":\"https:\\\/\\\/schema.org\",\"@graph\":[{\"@type\":\"Article\",\"@id\":\"https:\\\/\\\/catholic-television.com\\\/es\\\/quiere-decir-creo-en-espiritu-santo\\\/#article\",\"isPartOf\":{\"@id\":\"https:\\\/\\\/catholic-television.com\\\/es\\\/quiere-decir-creo-en-espiritu-santo\\\/\"},\"author\":{\"name\":\"vlad\",\"@id\":\"https:\\\/\\\/catholic-television.com\\\/es\\\/#\\\/schema\\\/person\\\/3188c12fc213ed75be05c8a3a8650318\"},\"headline\":\"\u00bfQu\u00e9 quiere decir: Creo en el Esp\u00edritu Santo?\",\"datePublished\":\"2020-02-11T04:51:30+00:00\",\"mainEntityOfPage\":{\"@id\":\"https:\\\/\\\/catholic-television.com\\\/es\\\/quiere-decir-creo-en-espiritu-santo\\\/\"},\"wordCount\":160,\"commentCount\":0,\"publisher\":{\"@id\":\"https:\\\/\\\/catholic-television.com\\\/es\\\/#organization\"},\"image\":{\"@id\":\"https:\\\/\\\/catholic-television.com\\\/es\\\/quiere-decir-creo-en-espiritu-santo\\\/#primaryimage\"},\"thumbnailUrl\":\"https:\\\/\\\/catholic-television.com\\\/wp-content\\\/uploads\\\/2020\\\/02\\\/\u00bfQu\u00e9-quiere-decir-Creo-en-el-Esp\u00edritu-Santo-Hijo-Carismas-Profetizar.jpg\",\"keywords\":[\"Adorarle\",\"Alegr\u00eda fe\",\"Carismas\",\"Creo\",\"disc\u00edpulos\",\"Esp\u00edritu Santo\",\"Hijo\",\"Iglesia primitiva\",\"Milagros\",\"Nuestro coraz\u00f3n\",\"Padre\",\"Padre cielo\",\"Par\u00e1clito\",\"Profetizar\",\"Seguridad profunda\"],\"articleSection\":[\"Bienvenidos\",\"Catequesis\"],\"inLanguage\":\"es\",\"potentialAction\":[{\"@type\":\"CommentAction\",\"name\":\"Comment\",\"target\":[\"https:\\\/\\\/catholic-television.com\\\/es\\\/quiere-decir-creo-en-espiritu-santo\\\/#respond\"]}]},{\"@type\":\"WebPage\",\"@id\":\"https:\\\/\\\/catholic-television.com\\\/es\\\/quiere-decir-creo-en-espiritu-santo\\\/\",\"url\":\"https:\\\/\\\/catholic-television.com\\\/es\\\/quiere-decir-creo-en-espiritu-santo\\\/\",\"name\":\"\u00bfQu\u00e9 quiere decir: Creo en el Esp\u00edritu Santo? | Hijo | Carismas | Profetizar\",\"isPartOf\":{\"@id\":\"https:\\\/\\\/catholic-television.com\\\/es\\\/#website\"},\"primaryImageOfPage\":{\"@id\":\"https:\\\/\\\/catholic-television.com\\\/es\\\/quiere-decir-creo-en-espiritu-santo\\\/#primaryimage\"},\"image\":{\"@id\":\"https:\\\/\\\/catholic-television.com\\\/es\\\/quiere-decir-creo-en-espiritu-santo\\\/#primaryimage\"},\"thumbnailUrl\":\"https:\\\/\\\/catholic-television.com\\\/wp-content\\\/uploads\\\/2020\\\/02\\\/\u00bfQu\u00e9-quiere-decir-Creo-en-el-Esp\u00edritu-Santo-Hijo-Carismas-Profetizar.jpg\",\"datePublished\":\"2020-02-11T04:51:30+00:00\",\"description\":\"Creo en. Antes de su muerte Jes\u00fas hab\u00eda prometido a sus disc\u00edpulos enviarles \u00abotro Par\u00e1clito\u00bb, cuando ya no estuviera con ellos. Cuando despu\u00e9s se derra...\",\"breadcrumb\":{\"@id\":\"https:\\\/\\\/catholic-television.com\\\/es\\\/quiere-decir-creo-en-espiritu-santo\\\/#breadcrumb\"},\"inLanguage\":\"es\",\"potentialAction\":[{\"@type\":\"ReadAction\",\"target\":[\"https:\\\/\\\/catholic-television.com\\\/es\\\/quiere-decir-creo-en-espiritu-santo\\\/\"]}]},{\"@type\":\"ImageObject\",\"inLanguage\":\"es\",\"@id\":\"https:\\\/\\\/catholic-television.com\\\/es\\\/quiere-decir-creo-en-espiritu-santo\\\/#primaryimage\",\"url\":\"https:\\\/\\\/catholic-television.com\\\/wp-content\\\/uploads\\\/2020\\\/02\\\/\u00bfQu\u00e9-quiere-decir-Creo-en-el-Esp\u00edritu-Santo-Hijo-Carismas-Profetizar.jpg\",\"contentUrl\":\"https:\\\/\\\/catholic-television.com\\\/wp-content\\\/uploads\\\/2020\\\/02\\\/\u00bfQu\u00e9-quiere-decir-Creo-en-el-Esp\u00edritu-Santo-Hijo-Carismas-Profetizar.jpg\",\"width\":1024,\"height\":576,\"caption\":\"\u00bfQu\u00e9 quiere decir: Creo en el Esp\u00edritu Santo? | Hijo | Carismas | Profetizar\"},{\"@type\":\"BreadcrumbList\",\"@id\":\"https:\\\/\\\/catholic-television.com\\\/es\\\/quiere-decir-creo-en-espiritu-santo\\\/#breadcrumb\",\"itemListElement\":[{\"@type\":\"ListItem\",\"position\":1,\"name\":\"Portada\",\"item\":\"https:\\\/\\\/catholic-television.com\\\/es\\\/?lang=es\"},{\"@type\":\"ListItem\",\"position\":2,\"name\":\"\u00bfQu\u00e9 quiere decir: Creo en el Esp\u00edritu Santo?\"}]},{\"@type\":\"WebSite\",\"@id\":\"https:\\\/\\\/catholic-television.com\\\/es\\\/#website\",\"url\":\"https:\\\/\\\/catholic-television.com\\\/es\\\/\",\"name\":\"Catholic-television\",\"description\":\"Catholic Television\",\"publisher\":{\"@id\":\"https:\\\/\\\/catholic-television.com\\\/es\\\/#organization\"},\"potentialAction\":[{\"@type\":\"SearchAction\",\"target\":{\"@type\":\"EntryPoint\",\"urlTemplate\":\"https:\\\/\\\/catholic-television.com\\\/es\\\/?s={search_term_string}\"},\"query-input\":{\"@type\":\"PropertyValueSpecification\",\"valueRequired\":true,\"valueName\":\"search_term_string\"}}],\"inLanguage\":\"es\"},{\"@type\":\"Organization\",\"@id\":\"https:\\\/\\\/catholic-television.com\\\/es\\\/#organization\",\"name\":\"Catholic-television\",\"url\":\"https:\\\/\\\/catholic-television.com\\\/es\\\/\",\"logo\":{\"@type\":\"ImageObject\",\"inLanguage\":\"es\",\"@id\":\"https:\\\/\\\/catholic-television.com\\\/es\\\/#\\\/schema\\\/logo\\\/image\\\/\",\"url\":\"https:\\\/\\\/catholic-television.com\\\/wp-content\\\/uploads\\\/2019\\\/06\\\/catholic-tv_ok2.png\",\"contentUrl\":\"https:\\\/\\\/catholic-television.com\\\/wp-content\\\/uploads\\\/2019\\\/06\\\/catholic-tv_ok2.png\",\"width\":303,\"height\":99,\"caption\":\"Catholic-television\"},\"image\":{\"@id\":\"https:\\\/\\\/catholic-television.com\\\/es\\\/#\\\/schema\\\/logo\\\/image\\\/\"},\"sameAs\":[\"https:\\\/\\\/www.facebook.com\\\/catholic.television.production\\\/\",\"https:\\\/\\\/x.com\\\/catholictele\"]},{\"@type\":\"Person\",\"@id\":\"https:\\\/\\\/catholic-television.com\\\/es\\\/#\\\/schema\\\/person\\\/3188c12fc213ed75be05c8a3a8650318\",\"name\":\"vlad\",\"image\":{\"@type\":\"ImageObject\",\"inLanguage\":\"es\",\"@id\":\"https:\\\/\\\/secure.gravatar.com\\\/avatar\\\/fc95831d9c48ad0da181a29b0820e0beb60a927341a41b7ffd6b73a4ef239589?s=96&d=mm&r=g\",\"url\":\"https:\\\/\\\/secure.gravatar.com\\\/avatar\\\/fc95831d9c48ad0da181a29b0820e0beb60a927341a41b7ffd6b73a4ef239589?s=96&d=mm&r=g\",\"contentUrl\":\"https:\\\/\\\/secure.gravatar.com\\\/avatar\\\/fc95831d9c48ad0da181a29b0820e0beb60a927341a41b7ffd6b73a4ef239589?s=96&d=mm&r=g\",\"caption\":\"vlad\"}}]}<\/script>\n<!-- \/ Yoast SEO plugin. -->","yoast_head_json":{"title":"\u00bfQu\u00e9 quiere decir: Creo en el Esp\u00edritu Santo? | Hijo | Carismas | Profetizar","description":"Creo en. Antes de su muerte Jes\u00fas hab\u00eda prometido a sus disc\u00edpulos enviarles \u00abotro Par\u00e1clito\u00bb, cuando ya no estuviera con ellos. Cuando despu\u00e9s se derra...","robots":{"index":"index","follow":"follow","max-snippet":"max-snippet:-1","max-image-preview":"max-image-preview:large","max-video-preview":"max-video-preview:-1"},"canonical":"https:\/\/catholic-television.com\/es\/quiere-decir-creo-en-espiritu-santo\/","og_locale":"es_ES","og_type":"article","og_title":"\u00bfQu\u00e9 quiere decir: Creo en el Esp\u00edritu Santo? | Hijo | Carismas | Profetizar","og_description":"Creo en. Antes de su muerte Jes\u00fas hab\u00eda prometido a sus disc\u00edpulos enviarles \u00abotro Par\u00e1clito\u00bb, cuando ya no estuviera con ellos. Cuando despu\u00e9s se derra...","og_url":"https:\/\/catholic-television.com\/es\/quiere-decir-creo-en-espiritu-santo\/","og_site_name":"Catholic-television","article_publisher":"https:\/\/www.facebook.com\/catholic.television.production\/","article_published_time":"2020-02-11T04:51:30+00:00","og_image":[{"width":1024,"height":576,"url":"https:\/\/catholic-television.com\/wp-content\/uploads\/2020\/02\/\u00bfQu\u00e9-quiere-decir-Creo-en-el-Esp\u00edritu-Santo-Hijo-Carismas-Profetizar.jpg","type":"image\/jpeg"}],"author":"vlad","twitter_card":"summary_large_image","twitter_creator":"@catholictele","twitter_site":"@catholictele","twitter_misc":{"Escrito por":"vlad","Tiempo de lectura":"1 minuto"},"schema":{"@context":"https:\/\/schema.org","@graph":[{"@type":"Article","@id":"https:\/\/catholic-television.com\/es\/quiere-decir-creo-en-espiritu-santo\/#article","isPartOf":{"@id":"https:\/\/catholic-television.com\/es\/quiere-decir-creo-en-espiritu-santo\/"},"author":{"name":"vlad","@id":"https:\/\/catholic-television.com\/es\/#\/schema\/person\/3188c12fc213ed75be05c8a3a8650318"},"headline":"\u00bfQu\u00e9 quiere decir: Creo en el Esp\u00edritu Santo?","datePublished":"2020-02-11T04:51:30+00:00","mainEntityOfPage":{"@id":"https:\/\/catholic-television.com\/es\/quiere-decir-creo-en-espiritu-santo\/"},"wordCount":160,"commentCount":0,"publisher":{"@id":"https:\/\/catholic-television.com\/es\/#organization"},"image":{"@id":"https:\/\/catholic-television.com\/es\/quiere-decir-creo-en-espiritu-santo\/#primaryimage"},"thumbnailUrl":"https:\/\/catholic-television.com\/wp-content\/uploads\/2020\/02\/\u00bfQu\u00e9-quiere-decir-Creo-en-el-Esp\u00edritu-Santo-Hijo-Carismas-Profetizar.jpg","keywords":["Adorarle","Alegr\u00eda fe","Carismas","Creo","disc\u00edpulos","Esp\u00edritu Santo","Hijo","Iglesia primitiva","Milagros","Nuestro coraz\u00f3n","Padre","Padre cielo","Par\u00e1clito","Profetizar","Seguridad profunda"],"articleSection":["Bienvenidos","Catequesis"],"inLanguage":"es","potentialAction":[{"@type":"CommentAction","name":"Comment","target":["https:\/\/catholic-television.com\/es\/quiere-decir-creo-en-espiritu-santo\/#respond"]}]},{"@type":"WebPage","@id":"https:\/\/catholic-television.com\/es\/quiere-decir-creo-en-espiritu-santo\/","url":"https:\/\/catholic-television.com\/es\/quiere-decir-creo-en-espiritu-santo\/","name":"\u00bfQu\u00e9 quiere decir: Creo en el Esp\u00edritu Santo? | Hijo | Carismas | Profetizar","isPartOf":{"@id":"https:\/\/catholic-television.com\/es\/#website"},"primaryImageOfPage":{"@id":"https:\/\/catholic-television.com\/es\/quiere-decir-creo-en-espiritu-santo\/#primaryimage"},"image":{"@id":"https:\/\/catholic-television.com\/es\/quiere-decir-creo-en-espiritu-santo\/#primaryimage"},"thumbnailUrl":"https:\/\/catholic-television.com\/wp-content\/uploads\/2020\/02\/\u00bfQu\u00e9-quiere-decir-Creo-en-el-Esp\u00edritu-Santo-Hijo-Carismas-Profetizar.jpg","datePublished":"2020-02-11T04:51:30+00:00","description":"Creo en. Antes de su muerte Jes\u00fas hab\u00eda prometido a sus disc\u00edpulos enviarles \u00abotro Par\u00e1clito\u00bb, cuando ya no estuviera con ellos. Cuando despu\u00e9s se derra...","breadcrumb":{"@id":"https:\/\/catholic-television.com\/es\/quiere-decir-creo-en-espiritu-santo\/#breadcrumb"},"inLanguage":"es","potentialAction":[{"@type":"ReadAction","target":["https:\/\/catholic-television.com\/es\/quiere-decir-creo-en-espiritu-santo\/"]}]},{"@type":"ImageObject","inLanguage":"es","@id":"https:\/\/catholic-television.com\/es\/quiere-decir-creo-en-espiritu-santo\/#primaryimage","url":"https:\/\/catholic-television.com\/wp-content\/uploads\/2020\/02\/\u00bfQu\u00e9-quiere-decir-Creo-en-el-Esp\u00edritu-Santo-Hijo-Carismas-Profetizar.jpg","contentUrl":"https:\/\/catholic-television.com\/wp-content\/uploads\/2020\/02\/\u00bfQu\u00e9-quiere-decir-Creo-en-el-Esp\u00edritu-Santo-Hijo-Carismas-Profetizar.jpg","width":1024,"height":576,"caption":"\u00bfQu\u00e9 quiere decir: Creo en el Esp\u00edritu Santo? | Hijo | Carismas | Profetizar"},{"@type":"BreadcrumbList","@id":"https:\/\/catholic-television.com\/es\/quiere-decir-creo-en-espiritu-santo\/#breadcrumb","itemListElement":[{"@type":"ListItem","position":1,"name":"Portada","item":"https:\/\/catholic-television.com\/es\/?lang=es"},{"@type":"ListItem","position":2,"name":"\u00bfQu\u00e9 quiere decir: Creo en el Esp\u00edritu Santo?"}]},{"@type":"WebSite","@id":"https:\/\/catholic-television.com\/es\/#website","url":"https:\/\/catholic-television.com\/es\/","name":"Catholic-television","description":"Catholic Television","publisher":{"@id":"https:\/\/catholic-television.com\/es\/#organization"},"potentialAction":[{"@type":"SearchAction","target":{"@type":"EntryPoint","urlTemplate":"https:\/\/catholic-television.com\/es\/?s={search_term_string}"},"query-input":{"@type":"PropertyValueSpecification","valueRequired":true,"valueName":"search_term_string"}}],"inLanguage":"es"},{"@type":"Organization","@id":"https:\/\/catholic-television.com\/es\/#organization","name":"Catholic-television","url":"https:\/\/catholic-television.com\/es\/","logo":{"@type":"ImageObject","inLanguage":"es","@id":"https:\/\/catholic-television.com\/es\/#\/schema\/logo\/image\/","url":"https:\/\/catholic-television.com\/wp-content\/uploads\/2019\/06\/catholic-tv_ok2.png","contentUrl":"https:\/\/catholic-television.com\/wp-content\/uploads\/2019\/06\/catholic-tv_ok2.png","width":303,"height":99,"caption":"Catholic-television"},"image":{"@id":"https:\/\/catholic-television.com\/es\/#\/schema\/logo\/image\/"},"sameAs":["https:\/\/www.facebook.com\/catholic.television.production\/","https:\/\/x.com\/catholictele"]},{"@type":"Person","@id":"https:\/\/catholic-television.com\/es\/#\/schema\/person\/3188c12fc213ed75be05c8a3a8650318","name":"vlad","image":{"@type":"ImageObject","inLanguage":"es","@id":"https:\/\/secure.gravatar.com\/avatar\/fc95831d9c48ad0da181a29b0820e0beb60a927341a41b7ffd6b73a4ef239589?s=96&d=mm&r=g","url":"https:\/\/secure.gravatar.com\/avatar\/fc95831d9c48ad0da181a29b0820e0beb60a927341a41b7ffd6b73a4ef239589?s=96&d=mm&r=g","contentUrl":"https:\/\/secure.gravatar.com\/avatar\/fc95831d9c48ad0da181a29b0820e0beb60a927341a41b7ffd6b73a4ef239589?s=96&d=mm&r=g","caption":"vlad"}}]}},"_links":{"self":[{"href":"https:\/\/catholic-television.com\/es\/wp-json\/wp\/v2\/posts\/6938","targetHints":{"allow":["GET"]}}],"collection":[{"href":"https:\/\/catholic-television.com\/es\/wp-json\/wp\/v2\/posts"}],"about":[{"href":"https:\/\/catholic-television.com\/es\/wp-json\/wp\/v2\/types\/post"}],"author":[{"embeddable":true,"href":"https:\/\/catholic-television.com\/es\/wp-json\/wp\/v2\/users\/7"}],"replies":[{"embeddable":true,"href":"https:\/\/catholic-television.com\/es\/wp-json\/wp\/v2\/comments?post=6938"}],"version-history":[{"count":1,"href":"https:\/\/catholic-television.com\/es\/wp-json\/wp\/v2\/posts\/6938\/revisions"}],"predecessor-version":[{"id":6940,"href":"https:\/\/catholic-television.com\/es\/wp-json\/wp\/v2\/posts\/6938\/revisions\/6940"}],"wp:featuredmedia":[{"embeddable":true,"href":"https:\/\/catholic-television.com\/es\/wp-json\/wp\/v2\/media\/6939"}],"wp:attachment":[{"href":"https:\/\/catholic-television.com\/es\/wp-json\/wp\/v2\/media?parent=6938"}],"wp:term":[{"taxonomy":"category","embeddable":true,"href":"https:\/\/catholic-television.com\/es\/wp-json\/wp\/v2\/categories?post=6938"},{"taxonomy":"post_tag","embeddable":true,"href":"https:\/\/catholic-television.com\/es\/wp-json\/wp\/v2\/tags?post=6938"}],"curies":[{"name":"wp","href":"https:\/\/api.w.org\/{rel}","templated":true}]}}