{"id":6887,"date":"2020-02-09T01:00:56","date_gmt":"2020-02-09T01:00:56","guid":{"rendered":"https:\/\/catholic-television.com\/wp-staging\/?p=6887\/"},"modified":"2020-02-09T01:02:46","modified_gmt":"2020-02-09T01:02:46","slug":"que-sucedio-en-la-ultima-cena","status":"publish","type":"post","link":"https:\/\/catholic-television.com\/es\/que-sucedio-en-la-ultima-cena\/","title":{"rendered":"\u00bfQu\u00e9 sucedi\u00f3 en la \u00daltima Cena?"},"content":{"rendered":"<p><span style=\"color: #000000\"><strong>\u00bfQu\u00e9 sucedi\u00f3 en la \u00daltima Cena?<\/strong><\/span><\/p>\n<p style=\"text-align: justify\"><span style=\"color: #000000\"><strong>Jes\u00fas lav\u00f3 los pies a sus disc\u00edpulos la v\u00edspera de su muerte; instituy\u00f3 la Eucarist\u00eda e inaugur\u00f3 el sacerdocio de la Nueva Alianza.<\/strong><\/span><\/p>\n<p style=\"text-align: justify\"><span style=\"color: #000000\">Jes\u00fas mostr\u00f3 su amor hasta el extremo de tres maneras: lav\u00f3 los pies a sus disc\u00edpulos y mostr\u00f3 que est\u00e1 entre nosotros como el que sirve. Anticip\u00f3 simb\u00f3licamente su muerte redentora, pronunciando sobre los dones del pan y del vino estas palabras: \u00abEsto es mi cuerpo, que se entrega por vosotros\u00bb. De este modo instituy\u00f3 la Sagrada Eucarist\u00eda. Y al mandar a sus ap\u00f3stoles: \u00abHaced esto en memoria m\u00eda\u00bb, los convirti\u00f3 en sacerdotes de la Nueva Alianza.<\/span><\/p>\n","protected":false},"excerpt":{"rendered":"<p>\u00bfQu\u00e9 sucedi\u00f3 en la \u00daltima Cena? Jes\u00fas lav\u00f3 los pies a sus disc\u00edpulos la v\u00edspera de su muerte; instituy\u00f3 la Eucarist\u00eda e inaugur\u00f3 el sacerdocio de la Nueva Alianza. Jes\u00fas mostr\u00f3 su amor hasta el extremo de tres maneras: lav\u00f3 los pies a sus disc\u00edpulos y mostr\u00f3 que est\u00e1 entre nosotros como el que sirve.&hellip; <a class=\"more-link\" href=\"https:\/\/catholic-television.com\/es\/que-sucedio-en-la-ultima-cena\/\">Seguir leyendo <span class=\"screen-reader-text\">\u00bfQu\u00e9 sucedi\u00f3 en la \u00daltima Cena?<\/span><\/a><\/p>\n","protected":false},"author":7,"featured_media":6888,"comment_status":"open","ping_status":"open","sticky":false,"template":"","format":"standard","meta":{"footnotes":""},"categories":[668,650],"tags":[19201,19205,19204,19203,19206,18015,19207,19202],"class_list":["post-6887","post","type-post","status-publish","format-standard","has-post-thumbnail","hentry","category-bienvenidos","category-catequesis","tag-lavo-pies","tag-muerte-redentora","tag-nueva-alianza","tag-sacerdocio","tag-sacerdotes","tag-sagrada-eucaristia","tag-su-muerte","tag-ultima-cena","entry"],"yoast_head":"<!-- This site is optimized with the Yoast SEO plugin v27.5 - https:\/\/yoast.com\/product\/yoast-seo-wordpress\/ -->\n<title>\u00bfQu\u00e9 sucedi\u00f3 en la \u00daltima Cena? | Lav\u00f3 pies | \u00daltima cena | Su muerte<\/title>\n<meta name=\"description\" content=\"Cena. Jes\u00fas mostr\u00f3 su amor hasta el extremo de tres maneras: lav\u00f3 los pies a sus disc\u00edpulos y mostr\u00f3 que est\u00e1 entre nosotros como el que sirve...\" \/>\n<meta name=\"robots\" content=\"index, follow, max-snippet:-1, max-image-preview:large, max-video-preview:-1\" \/>\n<link rel=\"canonical\" href=\"https:\/\/catholic-television.com\/es\/que-sucedio-en-la-ultima-cena\/\" \/>\n<meta property=\"og:locale\" content=\"es_ES\" \/>\n<meta property=\"og:type\" content=\"article\" \/>\n<meta property=\"og:title\" content=\"\u00bfQu\u00e9 sucedi\u00f3 en la \u00daltima Cena? | Lav\u00f3 pies | \u00daltima cena | Su muerte\" \/>\n<meta property=\"og:description\" content=\"Cena. Jes\u00fas mostr\u00f3 su amor hasta el extremo de tres maneras: lav\u00f3 los pies a sus disc\u00edpulos y mostr\u00f3 que est\u00e1 entre nosotros como el que sirve...\" \/>\n<meta property=\"og:url\" content=\"https:\/\/catholic-television.com\/es\/que-sucedio-en-la-ultima-cena\/\" \/>\n<meta property=\"og:site_name\" content=\"Catholic-television\" \/>\n<meta property=\"article:publisher\" content=\"https:\/\/www.facebook.com\/catholic.television.production\/\" \/>\n<meta property=\"article:published_time\" content=\"2020-02-09T01:00:56+00:00\" \/>\n<meta property=\"article:modified_time\" content=\"2020-02-09T01:02:46+00:00\" \/>\n<meta property=\"og:image\" content=\"https:\/\/catholic-television.com\/wp-content\/uploads\/2020\/02\/\u00bfQu\u00e9-sucedi\u00f3-en-la-\u00daltima-Cena-Lav\u00f3-pies-\u00daltima-cena-Su-muerte.jpg\" \/>\n\t<meta property=\"og:image:width\" content=\"1024\" \/>\n\t<meta property=\"og:image:height\" content=\"576\" \/>\n\t<meta property=\"og:image:type\" content=\"image\/jpeg\" \/>\n<meta name=\"author\" content=\"vlad\" \/>\n<meta name=\"twitter:card\" content=\"summary_large_image\" \/>\n<meta name=\"twitter:creator\" content=\"@catholictele\" \/>\n<meta name=\"twitter:site\" content=\"@catholictele\" \/>\n<meta name=\"twitter:label1\" content=\"Escrito por\" \/>\n\t<meta name=\"twitter:data1\" content=\"vlad\" \/>\n\t<meta name=\"twitter:label2\" content=\"Tiempo de lectura\" \/>\n\t<meta name=\"twitter:data2\" content=\"1 minuto\" \/>\n<script type=\"application\/ld+json\" class=\"yoast-schema-graph\">{\"@context\":\"https:\\\/\\\/schema.org\",\"@graph\":[{\"@type\":\"Article\",\"@id\":\"https:\\\/\\\/catholic-television.com\\\/es\\\/que-sucedio-en-la-ultima-cena\\\/#article\",\"isPartOf\":{\"@id\":\"https:\\\/\\\/catholic-television.com\\\/es\\\/que-sucedio-en-la-ultima-cena\\\/\"},\"author\":{\"name\":\"vlad\",\"@id\":\"https:\\\/\\\/catholic-television.com\\\/es\\\/#\\\/schema\\\/person\\\/3188c12fc213ed75be05c8a3a8650318\"},\"headline\":\"\u00bfQu\u00e9 sucedi\u00f3 en la \u00daltima Cena?\",\"datePublished\":\"2020-02-09T01:00:56+00:00\",\"dateModified\":\"2020-02-09T01:02:46+00:00\",\"mainEntityOfPage\":{\"@id\":\"https:\\\/\\\/catholic-television.com\\\/es\\\/que-sucedio-en-la-ultima-cena\\\/\"},\"wordCount\":122,\"commentCount\":0,\"publisher\":{\"@id\":\"https:\\\/\\\/catholic-television.com\\\/es\\\/#organization\"},\"image\":{\"@id\":\"https:\\\/\\\/catholic-television.com\\\/es\\\/que-sucedio-en-la-ultima-cena\\\/#primaryimage\"},\"thumbnailUrl\":\"https:\\\/\\\/catholic-television.com\\\/wp-content\\\/uploads\\\/2020\\\/02\\\/\u00bfQu\u00e9-sucedi\u00f3-en-la-\u00daltima-Cena-Lav\u00f3-pies-\u00daltima-cena-Su-muerte.jpg\",\"keywords\":[\"Lav\u00f3 pies\",\"Muerte redentora\",\"Nueva Alianza\",\"Sacerdocio\",\"Sacerdotes\",\"Sagrada Eucarist\u00eda\",\"Su muerte\",\"\u00daltima cena\"],\"articleSection\":[\"Bienvenidos\",\"Catequesis\"],\"inLanguage\":\"es\",\"potentialAction\":[{\"@type\":\"CommentAction\",\"name\":\"Comment\",\"target\":[\"https:\\\/\\\/catholic-television.com\\\/es\\\/que-sucedio-en-la-ultima-cena\\\/#respond\"]}]},{\"@type\":\"WebPage\",\"@id\":\"https:\\\/\\\/catholic-television.com\\\/es\\\/que-sucedio-en-la-ultima-cena\\\/\",\"url\":\"https:\\\/\\\/catholic-television.com\\\/es\\\/que-sucedio-en-la-ultima-cena\\\/\",\"name\":\"\u00bfQu\u00e9 sucedi\u00f3 en la \u00daltima Cena? | Lav\u00f3 pies | \u00daltima cena | Su muerte\",\"isPartOf\":{\"@id\":\"https:\\\/\\\/catholic-television.com\\\/es\\\/#website\"},\"primaryImageOfPage\":{\"@id\":\"https:\\\/\\\/catholic-television.com\\\/es\\\/que-sucedio-en-la-ultima-cena\\\/#primaryimage\"},\"image\":{\"@id\":\"https:\\\/\\\/catholic-television.com\\\/es\\\/que-sucedio-en-la-ultima-cena\\\/#primaryimage\"},\"thumbnailUrl\":\"https:\\\/\\\/catholic-television.com\\\/wp-content\\\/uploads\\\/2020\\\/02\\\/\u00bfQu\u00e9-sucedi\u00f3-en-la-\u00daltima-Cena-Lav\u00f3-pies-\u00daltima-cena-Su-muerte.jpg\",\"datePublished\":\"2020-02-09T01:00:56+00:00\",\"dateModified\":\"2020-02-09T01:02:46+00:00\",\"description\":\"Cena. Jes\u00fas mostr\u00f3 su amor hasta el extremo de tres maneras: lav\u00f3 los pies a sus disc\u00edpulos y mostr\u00f3 que est\u00e1 entre nosotros como el que sirve...\",\"breadcrumb\":{\"@id\":\"https:\\\/\\\/catholic-television.com\\\/es\\\/que-sucedio-en-la-ultima-cena\\\/#breadcrumb\"},\"inLanguage\":\"es\",\"potentialAction\":[{\"@type\":\"ReadAction\",\"target\":[\"https:\\\/\\\/catholic-television.com\\\/es\\\/que-sucedio-en-la-ultima-cena\\\/\"]}]},{\"@type\":\"ImageObject\",\"inLanguage\":\"es\",\"@id\":\"https:\\\/\\\/catholic-television.com\\\/es\\\/que-sucedio-en-la-ultima-cena\\\/#primaryimage\",\"url\":\"https:\\\/\\\/catholic-television.com\\\/wp-content\\\/uploads\\\/2020\\\/02\\\/\u00bfQu\u00e9-sucedi\u00f3-en-la-\u00daltima-Cena-Lav\u00f3-pies-\u00daltima-cena-Su-muerte.jpg\",\"contentUrl\":\"https:\\\/\\\/catholic-television.com\\\/wp-content\\\/uploads\\\/2020\\\/02\\\/\u00bfQu\u00e9-sucedi\u00f3-en-la-\u00daltima-Cena-Lav\u00f3-pies-\u00daltima-cena-Su-muerte.jpg\",\"width\":1024,\"height\":576,\"caption\":\"\u00bfQu\u00e9 sucedi\u00f3 en la \u00daltima Cena? | Lav\u00f3 pies | \u00daltima cena | Su muerte\"},{\"@type\":\"BreadcrumbList\",\"@id\":\"https:\\\/\\\/catholic-television.com\\\/es\\\/que-sucedio-en-la-ultima-cena\\\/#breadcrumb\",\"itemListElement\":[{\"@type\":\"ListItem\",\"position\":1,\"name\":\"Portada\",\"item\":\"https:\\\/\\\/catholic-television.com\\\/es\\\/?lang=es\"},{\"@type\":\"ListItem\",\"position\":2,\"name\":\"\u00bfQu\u00e9 sucedi\u00f3 en la \u00daltima Cena?\"}]},{\"@type\":\"WebSite\",\"@id\":\"https:\\\/\\\/catholic-television.com\\\/es\\\/#website\",\"url\":\"https:\\\/\\\/catholic-television.com\\\/es\\\/\",\"name\":\"Catholic-television\",\"description\":\"Catholic Television\",\"publisher\":{\"@id\":\"https:\\\/\\\/catholic-television.com\\\/es\\\/#organization\"},\"potentialAction\":[{\"@type\":\"SearchAction\",\"target\":{\"@type\":\"EntryPoint\",\"urlTemplate\":\"https:\\\/\\\/catholic-television.com\\\/es\\\/?s={search_term_string}\"},\"query-input\":{\"@type\":\"PropertyValueSpecification\",\"valueRequired\":true,\"valueName\":\"search_term_string\"}}],\"inLanguage\":\"es\"},{\"@type\":\"Organization\",\"@id\":\"https:\\\/\\\/catholic-television.com\\\/es\\\/#organization\",\"name\":\"Catholic-television\",\"url\":\"https:\\\/\\\/catholic-television.com\\\/es\\\/\",\"logo\":{\"@type\":\"ImageObject\",\"inLanguage\":\"es\",\"@id\":\"https:\\\/\\\/catholic-television.com\\\/es\\\/#\\\/schema\\\/logo\\\/image\\\/\",\"url\":\"https:\\\/\\\/catholic-television.com\\\/wp-content\\\/uploads\\\/2019\\\/06\\\/catholic-tv_ok2.png\",\"contentUrl\":\"https:\\\/\\\/catholic-television.com\\\/wp-content\\\/uploads\\\/2019\\\/06\\\/catholic-tv_ok2.png\",\"width\":303,\"height\":99,\"caption\":\"Catholic-television\"},\"image\":{\"@id\":\"https:\\\/\\\/catholic-television.com\\\/es\\\/#\\\/schema\\\/logo\\\/image\\\/\"},\"sameAs\":[\"https:\\\/\\\/www.facebook.com\\\/catholic.television.production\\\/\",\"https:\\\/\\\/x.com\\\/catholictele\"]},{\"@type\":\"Person\",\"@id\":\"https:\\\/\\\/catholic-television.com\\\/es\\\/#\\\/schema\\\/person\\\/3188c12fc213ed75be05c8a3a8650318\",\"name\":\"vlad\",\"image\":{\"@type\":\"ImageObject\",\"inLanguage\":\"es\",\"@id\":\"https:\\\/\\\/secure.gravatar.com\\\/avatar\\\/fc95831d9c48ad0da181a29b0820e0beb60a927341a41b7ffd6b73a4ef239589?s=96&d=mm&r=g\",\"url\":\"https:\\\/\\\/secure.gravatar.com\\\/avatar\\\/fc95831d9c48ad0da181a29b0820e0beb60a927341a41b7ffd6b73a4ef239589?s=96&d=mm&r=g\",\"contentUrl\":\"https:\\\/\\\/secure.gravatar.com\\\/avatar\\\/fc95831d9c48ad0da181a29b0820e0beb60a927341a41b7ffd6b73a4ef239589?s=96&d=mm&r=g\",\"caption\":\"vlad\"}}]}<\/script>\n<!-- \/ Yoast SEO plugin. -->","yoast_head_json":{"title":"\u00bfQu\u00e9 sucedi\u00f3 en la \u00daltima Cena? | Lav\u00f3 pies | \u00daltima cena | Su muerte","description":"Cena. Jes\u00fas mostr\u00f3 su amor hasta el extremo de tres maneras: lav\u00f3 los pies a sus disc\u00edpulos y mostr\u00f3 que est\u00e1 entre nosotros como el que sirve...","robots":{"index":"index","follow":"follow","max-snippet":"max-snippet:-1","max-image-preview":"max-image-preview:large","max-video-preview":"max-video-preview:-1"},"canonical":"https:\/\/catholic-television.com\/es\/que-sucedio-en-la-ultima-cena\/","og_locale":"es_ES","og_type":"article","og_title":"\u00bfQu\u00e9 sucedi\u00f3 en la \u00daltima Cena? | Lav\u00f3 pies | \u00daltima cena | Su muerte","og_description":"Cena. Jes\u00fas mostr\u00f3 su amor hasta el extremo de tres maneras: lav\u00f3 los pies a sus disc\u00edpulos y mostr\u00f3 que est\u00e1 entre nosotros como el que sirve...","og_url":"https:\/\/catholic-television.com\/es\/que-sucedio-en-la-ultima-cena\/","og_site_name":"Catholic-television","article_publisher":"https:\/\/www.facebook.com\/catholic.television.production\/","article_published_time":"2020-02-09T01:00:56+00:00","article_modified_time":"2020-02-09T01:02:46+00:00","og_image":[{"width":1024,"height":576,"url":"https:\/\/catholic-television.com\/wp-content\/uploads\/2020\/02\/\u00bfQu\u00e9-sucedi\u00f3-en-la-\u00daltima-Cena-Lav\u00f3-pies-\u00daltima-cena-Su-muerte.jpg","type":"image\/jpeg"}],"author":"vlad","twitter_card":"summary_large_image","twitter_creator":"@catholictele","twitter_site":"@catholictele","twitter_misc":{"Escrito por":"vlad","Tiempo de lectura":"1 minuto"},"schema":{"@context":"https:\/\/schema.org","@graph":[{"@type":"Article","@id":"https:\/\/catholic-television.com\/es\/que-sucedio-en-la-ultima-cena\/#article","isPartOf":{"@id":"https:\/\/catholic-television.com\/es\/que-sucedio-en-la-ultima-cena\/"},"author":{"name":"vlad","@id":"https:\/\/catholic-television.com\/es\/#\/schema\/person\/3188c12fc213ed75be05c8a3a8650318"},"headline":"\u00bfQu\u00e9 sucedi\u00f3 en la \u00daltima Cena?","datePublished":"2020-02-09T01:00:56+00:00","dateModified":"2020-02-09T01:02:46+00:00","mainEntityOfPage":{"@id":"https:\/\/catholic-television.com\/es\/que-sucedio-en-la-ultima-cena\/"},"wordCount":122,"commentCount":0,"publisher":{"@id":"https:\/\/catholic-television.com\/es\/#organization"},"image":{"@id":"https:\/\/catholic-television.com\/es\/que-sucedio-en-la-ultima-cena\/#primaryimage"},"thumbnailUrl":"https:\/\/catholic-television.com\/wp-content\/uploads\/2020\/02\/\u00bfQu\u00e9-sucedi\u00f3-en-la-\u00daltima-Cena-Lav\u00f3-pies-\u00daltima-cena-Su-muerte.jpg","keywords":["Lav\u00f3 pies","Muerte redentora","Nueva Alianza","Sacerdocio","Sacerdotes","Sagrada Eucarist\u00eda","Su muerte","\u00daltima cena"],"articleSection":["Bienvenidos","Catequesis"],"inLanguage":"es","potentialAction":[{"@type":"CommentAction","name":"Comment","target":["https:\/\/catholic-television.com\/es\/que-sucedio-en-la-ultima-cena\/#respond"]}]},{"@type":"WebPage","@id":"https:\/\/catholic-television.com\/es\/que-sucedio-en-la-ultima-cena\/","url":"https:\/\/catholic-television.com\/es\/que-sucedio-en-la-ultima-cena\/","name":"\u00bfQu\u00e9 sucedi\u00f3 en la \u00daltima Cena? | Lav\u00f3 pies | \u00daltima cena | Su muerte","isPartOf":{"@id":"https:\/\/catholic-television.com\/es\/#website"},"primaryImageOfPage":{"@id":"https:\/\/catholic-television.com\/es\/que-sucedio-en-la-ultima-cena\/#primaryimage"},"image":{"@id":"https:\/\/catholic-television.com\/es\/que-sucedio-en-la-ultima-cena\/#primaryimage"},"thumbnailUrl":"https:\/\/catholic-television.com\/wp-content\/uploads\/2020\/02\/\u00bfQu\u00e9-sucedi\u00f3-en-la-\u00daltima-Cena-Lav\u00f3-pies-\u00daltima-cena-Su-muerte.jpg","datePublished":"2020-02-09T01:00:56+00:00","dateModified":"2020-02-09T01:02:46+00:00","description":"Cena. Jes\u00fas mostr\u00f3 su amor hasta el extremo de tres maneras: lav\u00f3 los pies a sus disc\u00edpulos y mostr\u00f3 que est\u00e1 entre nosotros como el que sirve...","breadcrumb":{"@id":"https:\/\/catholic-television.com\/es\/que-sucedio-en-la-ultima-cena\/#breadcrumb"},"inLanguage":"es","potentialAction":[{"@type":"ReadAction","target":["https:\/\/catholic-television.com\/es\/que-sucedio-en-la-ultima-cena\/"]}]},{"@type":"ImageObject","inLanguage":"es","@id":"https:\/\/catholic-television.com\/es\/que-sucedio-en-la-ultima-cena\/#primaryimage","url":"https:\/\/catholic-television.com\/wp-content\/uploads\/2020\/02\/\u00bfQu\u00e9-sucedi\u00f3-en-la-\u00daltima-Cena-Lav\u00f3-pies-\u00daltima-cena-Su-muerte.jpg","contentUrl":"https:\/\/catholic-television.com\/wp-content\/uploads\/2020\/02\/\u00bfQu\u00e9-sucedi\u00f3-en-la-\u00daltima-Cena-Lav\u00f3-pies-\u00daltima-cena-Su-muerte.jpg","width":1024,"height":576,"caption":"\u00bfQu\u00e9 sucedi\u00f3 en la \u00daltima Cena? | Lav\u00f3 pies | \u00daltima cena | Su muerte"},{"@type":"BreadcrumbList","@id":"https:\/\/catholic-television.com\/es\/que-sucedio-en-la-ultima-cena\/#breadcrumb","itemListElement":[{"@type":"ListItem","position":1,"name":"Portada","item":"https:\/\/catholic-television.com\/es\/?lang=es"},{"@type":"ListItem","position":2,"name":"\u00bfQu\u00e9 sucedi\u00f3 en la \u00daltima Cena?"}]},{"@type":"WebSite","@id":"https:\/\/catholic-television.com\/es\/#website","url":"https:\/\/catholic-television.com\/es\/","name":"Catholic-television","description":"Catholic Television","publisher":{"@id":"https:\/\/catholic-television.com\/es\/#organization"},"potentialAction":[{"@type":"SearchAction","target":{"@type":"EntryPoint","urlTemplate":"https:\/\/catholic-television.com\/es\/?s={search_term_string}"},"query-input":{"@type":"PropertyValueSpecification","valueRequired":true,"valueName":"search_term_string"}}],"inLanguage":"es"},{"@type":"Organization","@id":"https:\/\/catholic-television.com\/es\/#organization","name":"Catholic-television","url":"https:\/\/catholic-television.com\/es\/","logo":{"@type":"ImageObject","inLanguage":"es","@id":"https:\/\/catholic-television.com\/es\/#\/schema\/logo\/image\/","url":"https:\/\/catholic-television.com\/wp-content\/uploads\/2019\/06\/catholic-tv_ok2.png","contentUrl":"https:\/\/catholic-television.com\/wp-content\/uploads\/2019\/06\/catholic-tv_ok2.png","width":303,"height":99,"caption":"Catholic-television"},"image":{"@id":"https:\/\/catholic-television.com\/es\/#\/schema\/logo\/image\/"},"sameAs":["https:\/\/www.facebook.com\/catholic.television.production\/","https:\/\/x.com\/catholictele"]},{"@type":"Person","@id":"https:\/\/catholic-television.com\/es\/#\/schema\/person\/3188c12fc213ed75be05c8a3a8650318","name":"vlad","image":{"@type":"ImageObject","inLanguage":"es","@id":"https:\/\/secure.gravatar.com\/avatar\/fc95831d9c48ad0da181a29b0820e0beb60a927341a41b7ffd6b73a4ef239589?s=96&d=mm&r=g","url":"https:\/\/secure.gravatar.com\/avatar\/fc95831d9c48ad0da181a29b0820e0beb60a927341a41b7ffd6b73a4ef239589?s=96&d=mm&r=g","contentUrl":"https:\/\/secure.gravatar.com\/avatar\/fc95831d9c48ad0da181a29b0820e0beb60a927341a41b7ffd6b73a4ef239589?s=96&d=mm&r=g","caption":"vlad"}}]}},"_links":{"self":[{"href":"https:\/\/catholic-television.com\/es\/wp-json\/wp\/v2\/posts\/6887","targetHints":{"allow":["GET"]}}],"collection":[{"href":"https:\/\/catholic-television.com\/es\/wp-json\/wp\/v2\/posts"}],"about":[{"href":"https:\/\/catholic-television.com\/es\/wp-json\/wp\/v2\/types\/post"}],"author":[{"embeddable":true,"href":"https:\/\/catholic-television.com\/es\/wp-json\/wp\/v2\/users\/7"}],"replies":[{"embeddable":true,"href":"https:\/\/catholic-television.com\/es\/wp-json\/wp\/v2\/comments?post=6887"}],"version-history":[{"count":3,"href":"https:\/\/catholic-television.com\/es\/wp-json\/wp\/v2\/posts\/6887\/revisions"}],"predecessor-version":[{"id":6891,"href":"https:\/\/catholic-television.com\/es\/wp-json\/wp\/v2\/posts\/6887\/revisions\/6891"}],"wp:featuredmedia":[{"embeddable":true,"href":"https:\/\/catholic-television.com\/es\/wp-json\/wp\/v2\/media\/6888"}],"wp:attachment":[{"href":"https:\/\/catholic-television.com\/es\/wp-json\/wp\/v2\/media?parent=6887"}],"wp:term":[{"taxonomy":"category","embeddable":true,"href":"https:\/\/catholic-television.com\/es\/wp-json\/wp\/v2\/categories?post=6887"},{"taxonomy":"post_tag","embeddable":true,"href":"https:\/\/catholic-television.com\/es\/wp-json\/wp\/v2\/tags?post=6887"}],"curies":[{"name":"wp","href":"https:\/\/api.w.org\/{rel}","templated":true}]}}