{"id":6847,"date":"2020-02-07T10:27:55","date_gmt":"2020-02-07T10:27:55","guid":{"rendered":"https:\/\/catholic-television.com\/wp-staging\/?p=6847\/"},"modified":"2020-02-07T10:27:55","modified_gmt":"2020-02-07T10:27:55","slug":"ser-tentado-jesus-ser-tentado-realmente","status":"publish","type":"post","link":"https:\/\/catholic-television.com\/es\/ser-tentado-jesus-ser-tentado-realmente\/","title":{"rendered":"\u00bfPor qu\u00e9 fue tentado Jes\u00fas? \u00bfAcaso pod\u00eda ser tentado realmente?"},"content":{"rendered":"<p style=\"text-align: justify\"><strong><span style=\"color: #000000\">\u00bfPor qu\u00e9 fue tentado Jes\u00fas? \u00bfAcaso pod\u00eda ser tentado realmente?<\/span><\/strong><\/p>\n<p style=\"text-align: justify\"><span style=\"color: #000000\">A la verdadera humanidad de Jes\u00fas pertenece la posibilidad de ser tentado. Pues en Jes\u00fas no tenemos un salvador \u00abincapaz de compadecerse de nuestras debilidades, sino que ha sido probado en todo, como nosotros, menos en el pecado\u00bb.<\/span><\/p>\n","protected":false},"excerpt":{"rendered":"<p>\u00bfPor qu\u00e9 fue tentado Jes\u00fas? \u00bfAcaso pod\u00eda ser tentado realmente? A la verdadera humanidad de Jes\u00fas pertenece la posibilidad de ser tentado. Pues en Jes\u00fas no tenemos un salvador \u00abincapaz de compadecerse de nuestras debilidades, sino que ha sido probado en todo, como nosotros, menos en el pecado\u00bb.<\/p>\n","protected":false},"author":7,"featured_media":6848,"comment_status":"open","ping_status":"open","sticky":false,"template":"","format":"standard","meta":{"footnotes":""},"categories":[668,650],"tags":[19042,802,19041,18784,19040],"class_list":["post-6847","post","type-post","status-publish","format-standard","has-post-thumbnail","hentry","category-bienvenidos","category-catequesis","tag-compadecerse","tag-salvador","tag-ser-tentado","tag-tentado","tag-verdadera-humanidad","entry"],"yoast_head":"<!-- This site is optimized with the Yoast SEO plugin v27.5 - https:\/\/yoast.com\/product\/yoast-seo-wordpress\/ -->\n<title>\u00bfPor qu\u00e9 fue tentado Jes\u00fas? \u00bfAcaso pod\u00eda ser tentado realmente?<\/title>\n<meta name=\"description\" content=\"Ser tentado. A la verdadera humanidad de Jes\u00fas pertenece la posibilidad de ser tentado. Pues en Jes\u00fas no tenemos un salvador \u00abincapaz de compadecerse de...\" \/>\n<meta name=\"robots\" content=\"index, follow, max-snippet:-1, max-image-preview:large, max-video-preview:-1\" \/>\n<link rel=\"canonical\" href=\"https:\/\/catholic-television.com\/es\/ser-tentado-jesus-ser-tentado-realmente\/\" \/>\n<meta property=\"og:locale\" content=\"es_ES\" \/>\n<meta property=\"og:type\" content=\"article\" \/>\n<meta property=\"og:title\" content=\"\u00bfPor qu\u00e9 fue tentado Jes\u00fas? \u00bfAcaso pod\u00eda ser tentado realmente?\" \/>\n<meta property=\"og:description\" content=\"Ser tentado. A la verdadera humanidad de Jes\u00fas pertenece la posibilidad de ser tentado. Pues en Jes\u00fas no tenemos un salvador \u00abincapaz de compadecerse de...\" \/>\n<meta property=\"og:url\" content=\"https:\/\/catholic-television.com\/es\/ser-tentado-jesus-ser-tentado-realmente\/\" \/>\n<meta property=\"og:site_name\" content=\"Catholic-television\" \/>\n<meta property=\"article:publisher\" content=\"https:\/\/www.facebook.com\/catholic.television.production\/\" \/>\n<meta property=\"article:published_time\" content=\"2020-02-07T10:27:55+00:00\" \/>\n<meta property=\"og:image\" content=\"https:\/\/catholic-television.com\/wp-content\/uploads\/2020\/02\/\u00bfPor-qu\u00e9-fue-tentado-Jes\u00fas-\u00bfAcaso-pod\u00eda-ser-tentado-realmente.jpg\" \/>\n\t<meta property=\"og:image:width\" content=\"1024\" \/>\n\t<meta property=\"og:image:height\" content=\"576\" \/>\n\t<meta property=\"og:image:type\" content=\"image\/jpeg\" \/>\n<meta name=\"author\" content=\"vlad\" \/>\n<meta name=\"twitter:card\" content=\"summary_large_image\" \/>\n<meta name=\"twitter:creator\" content=\"@catholictele\" \/>\n<meta name=\"twitter:site\" content=\"@catholictele\" \/>\n<meta name=\"twitter:label1\" content=\"Escrito por\" \/>\n\t<meta name=\"twitter:data1\" content=\"vlad\" \/>\n<script type=\"application\/ld+json\" class=\"yoast-schema-graph\">{\"@context\":\"https:\\\/\\\/schema.org\",\"@graph\":[{\"@type\":\"Article\",\"@id\":\"https:\\\/\\\/catholic-television.com\\\/es\\\/ser-tentado-jesus-ser-tentado-realmente\\\/#article\",\"isPartOf\":{\"@id\":\"https:\\\/\\\/catholic-television.com\\\/es\\\/ser-tentado-jesus-ser-tentado-realmente\\\/\"},\"author\":{\"name\":\"vlad\",\"@id\":\"https:\\\/\\\/catholic-television.com\\\/es\\\/#\\\/schema\\\/person\\\/3188c12fc213ed75be05c8a3a8650318\"},\"headline\":\"\u00bfPor qu\u00e9 fue tentado Jes\u00fas? \u00bfAcaso pod\u00eda ser tentado realmente?\",\"datePublished\":\"2020-02-07T10:27:55+00:00\",\"mainEntityOfPage\":{\"@id\":\"https:\\\/\\\/catholic-television.com\\\/es\\\/ser-tentado-jesus-ser-tentado-realmente\\\/\"},\"wordCount\":64,\"commentCount\":0,\"publisher\":{\"@id\":\"https:\\\/\\\/catholic-television.com\\\/es\\\/#organization\"},\"image\":{\"@id\":\"https:\\\/\\\/catholic-television.com\\\/es\\\/ser-tentado-jesus-ser-tentado-realmente\\\/#primaryimage\"},\"thumbnailUrl\":\"https:\\\/\\\/catholic-television.com\\\/wp-content\\\/uploads\\\/2020\\\/02\\\/\u00bfPor-qu\u00e9-fue-tentado-Jes\u00fas-\u00bfAcaso-pod\u00eda-ser-tentado-realmente.jpg\",\"keywords\":[\"Compadecerse\",\"salvador\",\"Ser tentado\",\"Tentado\",\"Verdadera humanidad\"],\"articleSection\":[\"Bienvenidos\",\"Catequesis\"],\"inLanguage\":\"es\",\"potentialAction\":[{\"@type\":\"CommentAction\",\"name\":\"Comment\",\"target\":[\"https:\\\/\\\/catholic-television.com\\\/es\\\/ser-tentado-jesus-ser-tentado-realmente\\\/#respond\"]}]},{\"@type\":\"WebPage\",\"@id\":\"https:\\\/\\\/catholic-television.com\\\/es\\\/ser-tentado-jesus-ser-tentado-realmente\\\/\",\"url\":\"https:\\\/\\\/catholic-television.com\\\/es\\\/ser-tentado-jesus-ser-tentado-realmente\\\/\",\"name\":\"\u00bfPor qu\u00e9 fue tentado Jes\u00fas? \u00bfAcaso pod\u00eda ser tentado realmente?\",\"isPartOf\":{\"@id\":\"https:\\\/\\\/catholic-television.com\\\/es\\\/#website\"},\"primaryImageOfPage\":{\"@id\":\"https:\\\/\\\/catholic-television.com\\\/es\\\/ser-tentado-jesus-ser-tentado-realmente\\\/#primaryimage\"},\"image\":{\"@id\":\"https:\\\/\\\/catholic-television.com\\\/es\\\/ser-tentado-jesus-ser-tentado-realmente\\\/#primaryimage\"},\"thumbnailUrl\":\"https:\\\/\\\/catholic-television.com\\\/wp-content\\\/uploads\\\/2020\\\/02\\\/\u00bfPor-qu\u00e9-fue-tentado-Jes\u00fas-\u00bfAcaso-pod\u00eda-ser-tentado-realmente.jpg\",\"datePublished\":\"2020-02-07T10:27:55+00:00\",\"description\":\"Ser tentado. A la verdadera humanidad de Jes\u00fas pertenece la posibilidad de ser tentado. Pues en Jes\u00fas no tenemos un salvador \u00abincapaz de compadecerse de...\",\"breadcrumb\":{\"@id\":\"https:\\\/\\\/catholic-television.com\\\/es\\\/ser-tentado-jesus-ser-tentado-realmente\\\/#breadcrumb\"},\"inLanguage\":\"es\",\"potentialAction\":[{\"@type\":\"ReadAction\",\"target\":[\"https:\\\/\\\/catholic-television.com\\\/es\\\/ser-tentado-jesus-ser-tentado-realmente\\\/\"]}]},{\"@type\":\"ImageObject\",\"inLanguage\":\"es\",\"@id\":\"https:\\\/\\\/catholic-television.com\\\/es\\\/ser-tentado-jesus-ser-tentado-realmente\\\/#primaryimage\",\"url\":\"https:\\\/\\\/catholic-television.com\\\/wp-content\\\/uploads\\\/2020\\\/02\\\/\u00bfPor-qu\u00e9-fue-tentado-Jes\u00fas-\u00bfAcaso-pod\u00eda-ser-tentado-realmente.jpg\",\"contentUrl\":\"https:\\\/\\\/catholic-television.com\\\/wp-content\\\/uploads\\\/2020\\\/02\\\/\u00bfPor-qu\u00e9-fue-tentado-Jes\u00fas-\u00bfAcaso-pod\u00eda-ser-tentado-realmente.jpg\",\"width\":1024,\"height\":576,\"caption\":\"\u00bfPor qu\u00e9 fue tentado Jes\u00fas? \u00bfAcaso pod\u00eda ser tentado realmente?\"},{\"@type\":\"BreadcrumbList\",\"@id\":\"https:\\\/\\\/catholic-television.com\\\/es\\\/ser-tentado-jesus-ser-tentado-realmente\\\/#breadcrumb\",\"itemListElement\":[{\"@type\":\"ListItem\",\"position\":1,\"name\":\"Portada\",\"item\":\"https:\\\/\\\/catholic-television.com\\\/es\\\/?lang=es\"},{\"@type\":\"ListItem\",\"position\":2,\"name\":\"\u00bfPor qu\u00e9 fue tentado Jes\u00fas? \u00bfAcaso pod\u00eda ser tentado realmente?\"}]},{\"@type\":\"WebSite\",\"@id\":\"https:\\\/\\\/catholic-television.com\\\/es\\\/#website\",\"url\":\"https:\\\/\\\/catholic-television.com\\\/es\\\/\",\"name\":\"Catholic-television\",\"description\":\"Catholic Television\",\"publisher\":{\"@id\":\"https:\\\/\\\/catholic-television.com\\\/es\\\/#organization\"},\"potentialAction\":[{\"@type\":\"SearchAction\",\"target\":{\"@type\":\"EntryPoint\",\"urlTemplate\":\"https:\\\/\\\/catholic-television.com\\\/es\\\/?s={search_term_string}\"},\"query-input\":{\"@type\":\"PropertyValueSpecification\",\"valueRequired\":true,\"valueName\":\"search_term_string\"}}],\"inLanguage\":\"es\"},{\"@type\":\"Organization\",\"@id\":\"https:\\\/\\\/catholic-television.com\\\/es\\\/#organization\",\"name\":\"Catholic-television\",\"url\":\"https:\\\/\\\/catholic-television.com\\\/es\\\/\",\"logo\":{\"@type\":\"ImageObject\",\"inLanguage\":\"es\",\"@id\":\"https:\\\/\\\/catholic-television.com\\\/es\\\/#\\\/schema\\\/logo\\\/image\\\/\",\"url\":\"https:\\\/\\\/catholic-television.com\\\/wp-content\\\/uploads\\\/2019\\\/06\\\/catholic-tv_ok2.png\",\"contentUrl\":\"https:\\\/\\\/catholic-television.com\\\/wp-content\\\/uploads\\\/2019\\\/06\\\/catholic-tv_ok2.png\",\"width\":303,\"height\":99,\"caption\":\"Catholic-television\"},\"image\":{\"@id\":\"https:\\\/\\\/catholic-television.com\\\/es\\\/#\\\/schema\\\/logo\\\/image\\\/\"},\"sameAs\":[\"https:\\\/\\\/www.facebook.com\\\/catholic.television.production\\\/\",\"https:\\\/\\\/x.com\\\/catholictele\"]},{\"@type\":\"Person\",\"@id\":\"https:\\\/\\\/catholic-television.com\\\/es\\\/#\\\/schema\\\/person\\\/3188c12fc213ed75be05c8a3a8650318\",\"name\":\"vlad\",\"image\":{\"@type\":\"ImageObject\",\"inLanguage\":\"es\",\"@id\":\"https:\\\/\\\/secure.gravatar.com\\\/avatar\\\/fc95831d9c48ad0da181a29b0820e0beb60a927341a41b7ffd6b73a4ef239589?s=96&d=mm&r=g\",\"url\":\"https:\\\/\\\/secure.gravatar.com\\\/avatar\\\/fc95831d9c48ad0da181a29b0820e0beb60a927341a41b7ffd6b73a4ef239589?s=96&d=mm&r=g\",\"contentUrl\":\"https:\\\/\\\/secure.gravatar.com\\\/avatar\\\/fc95831d9c48ad0da181a29b0820e0beb60a927341a41b7ffd6b73a4ef239589?s=96&d=mm&r=g\",\"caption\":\"vlad\"}}]}<\/script>\n<!-- \/ Yoast SEO plugin. -->","yoast_head_json":{"title":"\u00bfPor qu\u00e9 fue tentado Jes\u00fas? \u00bfAcaso pod\u00eda ser tentado realmente?","description":"Ser tentado. A la verdadera humanidad de Jes\u00fas pertenece la posibilidad de ser tentado. Pues en Jes\u00fas no tenemos un salvador \u00abincapaz de compadecerse de...","robots":{"index":"index","follow":"follow","max-snippet":"max-snippet:-1","max-image-preview":"max-image-preview:large","max-video-preview":"max-video-preview:-1"},"canonical":"https:\/\/catholic-television.com\/es\/ser-tentado-jesus-ser-tentado-realmente\/","og_locale":"es_ES","og_type":"article","og_title":"\u00bfPor qu\u00e9 fue tentado Jes\u00fas? \u00bfAcaso pod\u00eda ser tentado realmente?","og_description":"Ser tentado. A la verdadera humanidad de Jes\u00fas pertenece la posibilidad de ser tentado. Pues en Jes\u00fas no tenemos un salvador \u00abincapaz de compadecerse de...","og_url":"https:\/\/catholic-television.com\/es\/ser-tentado-jesus-ser-tentado-realmente\/","og_site_name":"Catholic-television","article_publisher":"https:\/\/www.facebook.com\/catholic.television.production\/","article_published_time":"2020-02-07T10:27:55+00:00","og_image":[{"width":1024,"height":576,"url":"https:\/\/catholic-television.com\/wp-content\/uploads\/2020\/02\/\u00bfPor-qu\u00e9-fue-tentado-Jes\u00fas-\u00bfAcaso-pod\u00eda-ser-tentado-realmente.jpg","type":"image\/jpeg"}],"author":"vlad","twitter_card":"summary_large_image","twitter_creator":"@catholictele","twitter_site":"@catholictele","twitter_misc":{"Escrito por":"vlad"},"schema":{"@context":"https:\/\/schema.org","@graph":[{"@type":"Article","@id":"https:\/\/catholic-television.com\/es\/ser-tentado-jesus-ser-tentado-realmente\/#article","isPartOf":{"@id":"https:\/\/catholic-television.com\/es\/ser-tentado-jesus-ser-tentado-realmente\/"},"author":{"name":"vlad","@id":"https:\/\/catholic-television.com\/es\/#\/schema\/person\/3188c12fc213ed75be05c8a3a8650318"},"headline":"\u00bfPor qu\u00e9 fue tentado Jes\u00fas? \u00bfAcaso pod\u00eda ser tentado realmente?","datePublished":"2020-02-07T10:27:55+00:00","mainEntityOfPage":{"@id":"https:\/\/catholic-television.com\/es\/ser-tentado-jesus-ser-tentado-realmente\/"},"wordCount":64,"commentCount":0,"publisher":{"@id":"https:\/\/catholic-television.com\/es\/#organization"},"image":{"@id":"https:\/\/catholic-television.com\/es\/ser-tentado-jesus-ser-tentado-realmente\/#primaryimage"},"thumbnailUrl":"https:\/\/catholic-television.com\/wp-content\/uploads\/2020\/02\/\u00bfPor-qu\u00e9-fue-tentado-Jes\u00fas-\u00bfAcaso-pod\u00eda-ser-tentado-realmente.jpg","keywords":["Compadecerse","salvador","Ser tentado","Tentado","Verdadera humanidad"],"articleSection":["Bienvenidos","Catequesis"],"inLanguage":"es","potentialAction":[{"@type":"CommentAction","name":"Comment","target":["https:\/\/catholic-television.com\/es\/ser-tentado-jesus-ser-tentado-realmente\/#respond"]}]},{"@type":"WebPage","@id":"https:\/\/catholic-television.com\/es\/ser-tentado-jesus-ser-tentado-realmente\/","url":"https:\/\/catholic-television.com\/es\/ser-tentado-jesus-ser-tentado-realmente\/","name":"\u00bfPor qu\u00e9 fue tentado Jes\u00fas? \u00bfAcaso pod\u00eda ser tentado realmente?","isPartOf":{"@id":"https:\/\/catholic-television.com\/es\/#website"},"primaryImageOfPage":{"@id":"https:\/\/catholic-television.com\/es\/ser-tentado-jesus-ser-tentado-realmente\/#primaryimage"},"image":{"@id":"https:\/\/catholic-television.com\/es\/ser-tentado-jesus-ser-tentado-realmente\/#primaryimage"},"thumbnailUrl":"https:\/\/catholic-television.com\/wp-content\/uploads\/2020\/02\/\u00bfPor-qu\u00e9-fue-tentado-Jes\u00fas-\u00bfAcaso-pod\u00eda-ser-tentado-realmente.jpg","datePublished":"2020-02-07T10:27:55+00:00","description":"Ser tentado. A la verdadera humanidad de Jes\u00fas pertenece la posibilidad de ser tentado. Pues en Jes\u00fas no tenemos un salvador \u00abincapaz de compadecerse de...","breadcrumb":{"@id":"https:\/\/catholic-television.com\/es\/ser-tentado-jesus-ser-tentado-realmente\/#breadcrumb"},"inLanguage":"es","potentialAction":[{"@type":"ReadAction","target":["https:\/\/catholic-television.com\/es\/ser-tentado-jesus-ser-tentado-realmente\/"]}]},{"@type":"ImageObject","inLanguage":"es","@id":"https:\/\/catholic-television.com\/es\/ser-tentado-jesus-ser-tentado-realmente\/#primaryimage","url":"https:\/\/catholic-television.com\/wp-content\/uploads\/2020\/02\/\u00bfPor-qu\u00e9-fue-tentado-Jes\u00fas-\u00bfAcaso-pod\u00eda-ser-tentado-realmente.jpg","contentUrl":"https:\/\/catholic-television.com\/wp-content\/uploads\/2020\/02\/\u00bfPor-qu\u00e9-fue-tentado-Jes\u00fas-\u00bfAcaso-pod\u00eda-ser-tentado-realmente.jpg","width":1024,"height":576,"caption":"\u00bfPor qu\u00e9 fue tentado Jes\u00fas? \u00bfAcaso pod\u00eda ser tentado realmente?"},{"@type":"BreadcrumbList","@id":"https:\/\/catholic-television.com\/es\/ser-tentado-jesus-ser-tentado-realmente\/#breadcrumb","itemListElement":[{"@type":"ListItem","position":1,"name":"Portada","item":"https:\/\/catholic-television.com\/es\/?lang=es"},{"@type":"ListItem","position":2,"name":"\u00bfPor qu\u00e9 fue tentado Jes\u00fas? \u00bfAcaso pod\u00eda ser tentado realmente?"}]},{"@type":"WebSite","@id":"https:\/\/catholic-television.com\/es\/#website","url":"https:\/\/catholic-television.com\/es\/","name":"Catholic-television","description":"Catholic Television","publisher":{"@id":"https:\/\/catholic-television.com\/es\/#organization"},"potentialAction":[{"@type":"SearchAction","target":{"@type":"EntryPoint","urlTemplate":"https:\/\/catholic-television.com\/es\/?s={search_term_string}"},"query-input":{"@type":"PropertyValueSpecification","valueRequired":true,"valueName":"search_term_string"}}],"inLanguage":"es"},{"@type":"Organization","@id":"https:\/\/catholic-television.com\/es\/#organization","name":"Catholic-television","url":"https:\/\/catholic-television.com\/es\/","logo":{"@type":"ImageObject","inLanguage":"es","@id":"https:\/\/catholic-television.com\/es\/#\/schema\/logo\/image\/","url":"https:\/\/catholic-television.com\/wp-content\/uploads\/2019\/06\/catholic-tv_ok2.png","contentUrl":"https:\/\/catholic-television.com\/wp-content\/uploads\/2019\/06\/catholic-tv_ok2.png","width":303,"height":99,"caption":"Catholic-television"},"image":{"@id":"https:\/\/catholic-television.com\/es\/#\/schema\/logo\/image\/"},"sameAs":["https:\/\/www.facebook.com\/catholic.television.production\/","https:\/\/x.com\/catholictele"]},{"@type":"Person","@id":"https:\/\/catholic-television.com\/es\/#\/schema\/person\/3188c12fc213ed75be05c8a3a8650318","name":"vlad","image":{"@type":"ImageObject","inLanguage":"es","@id":"https:\/\/secure.gravatar.com\/avatar\/fc95831d9c48ad0da181a29b0820e0beb60a927341a41b7ffd6b73a4ef239589?s=96&d=mm&r=g","url":"https:\/\/secure.gravatar.com\/avatar\/fc95831d9c48ad0da181a29b0820e0beb60a927341a41b7ffd6b73a4ef239589?s=96&d=mm&r=g","contentUrl":"https:\/\/secure.gravatar.com\/avatar\/fc95831d9c48ad0da181a29b0820e0beb60a927341a41b7ffd6b73a4ef239589?s=96&d=mm&r=g","caption":"vlad"}}]}},"_links":{"self":[{"href":"https:\/\/catholic-television.com\/es\/wp-json\/wp\/v2\/posts\/6847","targetHints":{"allow":["GET"]}}],"collection":[{"href":"https:\/\/catholic-television.com\/es\/wp-json\/wp\/v2\/posts"}],"about":[{"href":"https:\/\/catholic-television.com\/es\/wp-json\/wp\/v2\/types\/post"}],"author":[{"embeddable":true,"href":"https:\/\/catholic-television.com\/es\/wp-json\/wp\/v2\/users\/7"}],"replies":[{"embeddable":true,"href":"https:\/\/catholic-television.com\/es\/wp-json\/wp\/v2\/comments?post=6847"}],"version-history":[{"count":1,"href":"https:\/\/catholic-television.com\/es\/wp-json\/wp\/v2\/posts\/6847\/revisions"}],"predecessor-version":[{"id":6849,"href":"https:\/\/catholic-television.com\/es\/wp-json\/wp\/v2\/posts\/6847\/revisions\/6849"}],"wp:featuredmedia":[{"embeddable":true,"href":"https:\/\/catholic-television.com\/es\/wp-json\/wp\/v2\/media\/6848"}],"wp:attachment":[{"href":"https:\/\/catholic-television.com\/es\/wp-json\/wp\/v2\/media?parent=6847"}],"wp:term":[{"taxonomy":"category","embeddable":true,"href":"https:\/\/catholic-television.com\/es\/wp-json\/wp\/v2\/categories?post=6847"},{"taxonomy":"post_tag","embeddable":true,"href":"https:\/\/catholic-television.com\/es\/wp-json\/wp\/v2\/tags?post=6847"}],"curies":[{"name":"wp","href":"https:\/\/api.w.org\/{rel}","templated":true}]}}