{"id":6784,"date":"2020-02-06T00:37:25","date_gmt":"2020-02-06T00:37:25","guid":{"rendered":"https:\/\/catholic-television.com\/wp-staging\/?p=6784\/"},"modified":"2020-02-06T00:37:25","modified_gmt":"2020-02-06T00:37:25","slug":"evangelio-buena-nueva-relatos-jesus","status":"publish","type":"post","link":"https:\/\/catholic-television.com\/es\/evangelio-buena-nueva-relatos-jesus\/","title":{"rendered":"\u00bfPor qu\u00e9 se llaman \u00abevangelio\u00bb, es decir, \u00abbuena nueva\u00bb los relatos sobre Jes\u00fas?"},"content":{"rendered":"<p style=\"text-align: justify\"><span style=\"color: #000000\"><strong>\u00bfPor qu\u00e9 se llaman \u00abevangelio\u00bb, es decir, \u00abbuena nueva\u00bb los relatos sobre Jes\u00fas?<\/strong><\/span><\/p>\n<p style=\"text-align: justify\"><span style=\"color: #000000\"><strong>Sin los evangelios no sabr\u00edamos que Dios nos env\u00eda a su Hijo por su amor eterno, para que, a pesar de nuestros pecados, podamos retornar a la comuni\u00f3n eterna con Dios.<\/strong><\/span><\/p>\n<p style=\"text-align: justify\"><span style=\"color: #000000\">Los relatos acerca de la vida, muerte y resurrecci\u00f3n de Jes\u00fas son la mejor noticia del mundo. Testimonian que el jud\u00edo Jes\u00fas de Nazaret, nacido en Bel\u00e9n, es \u00abel Hijo de Dios vivo\u00bb hecho hombre. Fue enviado por el Padre para que \u00abtodos se salven y lleguen al conocimiento de la verdad\u00bb.<\/span><\/p>\n","protected":false},"excerpt":{"rendered":"<p>\u00bfPor qu\u00e9 se llaman \u00abevangelio\u00bb, es decir, \u00abbuena nueva\u00bb los relatos sobre Jes\u00fas? Sin los evangelios no sabr\u00edamos que Dios nos env\u00eda a su Hijo por su amor eterno, para que, a pesar de nuestros pecados, podamos retornar a la comuni\u00f3n eterna con Dios. Los relatos acerca de la vida, muerte y resurrecci\u00f3n de Jes\u00fas&hellip; <a class=\"more-link\" href=\"https:\/\/catholic-television.com\/es\/evangelio-buena-nueva-relatos-jesus\/\">Seguir leyendo <span class=\"screen-reader-text\">\u00bfPor qu\u00e9 se llaman \u00abevangelio\u00bb, es decir, \u00abbuena nueva\u00bb los relatos sobre Jes\u00fas?<\/span><\/a><\/p>\n","protected":false},"author":7,"featured_media":6785,"comment_status":"open","ping_status":"open","sticky":false,"template":"","format":"standard","meta":{"footnotes":""},"categories":[668,650],"tags":[18821,18822,18824,18087,2324,18823,3959,18825],"class_list":["post-6784","post","type-post","status-publish","format-standard","has-post-thumbnail","hentry","category-bienvenidos","category-catequesis","tag-amor-eterno","tag-comunion-eterna","tag-hecho-hombre","tag-hijo-dios","tag-nuestros-pecados","tag-relatos","tag-resurreccion","tag-salven","entry"],"yoast_head":"<!-- This site is optimized with the Yoast SEO plugin v27.5 - https:\/\/yoast.com\/product\/yoast-seo-wordpress\/ -->\n<title>\u00bfPor qu\u00e9 se llaman \u00abevangelio\u00bb, es \u00abbuena nueva\u00bb relatos sobre Jes\u00fas?<\/title>\n<meta name=\"description\" content=\"Buena nueva. Los relatos acerca de la vida, muerte y resurrecci\u00f3n de Jes\u00fas son la mejor noticia del mundo. Testimonian que el jud\u00edo Jes\u00fas de Nazaret,...\" \/>\n<meta name=\"robots\" content=\"index, follow, max-snippet:-1, max-image-preview:large, max-video-preview:-1\" \/>\n<link rel=\"canonical\" href=\"https:\/\/catholic-television.com\/es\/evangelio-buena-nueva-relatos-jesus\/\" \/>\n<meta property=\"og:locale\" content=\"es_ES\" \/>\n<meta property=\"og:type\" content=\"article\" \/>\n<meta property=\"og:title\" content=\"\u00bfPor qu\u00e9 se llaman \u00abevangelio\u00bb, es \u00abbuena nueva\u00bb relatos sobre Jes\u00fas?\" \/>\n<meta property=\"og:description\" content=\"Buena nueva. Los relatos acerca de la vida, muerte y resurrecci\u00f3n de Jes\u00fas son la mejor noticia del mundo. Testimonian que el jud\u00edo Jes\u00fas de Nazaret,...\" \/>\n<meta property=\"og:url\" content=\"https:\/\/catholic-television.com\/es\/evangelio-buena-nueva-relatos-jesus\/\" \/>\n<meta property=\"og:site_name\" content=\"Catholic-television\" \/>\n<meta property=\"article:publisher\" content=\"https:\/\/www.facebook.com\/catholic.television.production\/\" \/>\n<meta property=\"article:published_time\" content=\"2020-02-06T00:37:25+00:00\" \/>\n<meta property=\"og:image\" content=\"https:\/\/catholic-television.com\/wp-content\/uploads\/2020\/02\/\u00bfPor-qu\u00e9-se-llaman-\u00abevangelio\u00bb-es-\u00abbuena-nueva\u00bb-relatos-sobre-Jes\u00fas.jpg\" \/>\n\t<meta property=\"og:image:width\" content=\"1024\" \/>\n\t<meta property=\"og:image:height\" content=\"576\" \/>\n\t<meta property=\"og:image:type\" content=\"image\/jpeg\" \/>\n<meta name=\"author\" content=\"vlad\" \/>\n<meta name=\"twitter:card\" content=\"summary_large_image\" \/>\n<meta name=\"twitter:creator\" content=\"@catholictele\" \/>\n<meta name=\"twitter:site\" content=\"@catholictele\" \/>\n<meta name=\"twitter:label1\" content=\"Escrito por\" \/>\n\t<meta name=\"twitter:data1\" content=\"vlad\" \/>\n\t<meta name=\"twitter:label2\" content=\"Tiempo de lectura\" \/>\n\t<meta name=\"twitter:data2\" content=\"1 minuto\" \/>\n<script type=\"application\/ld+json\" class=\"yoast-schema-graph\">{\"@context\":\"https:\\\/\\\/schema.org\",\"@graph\":[{\"@type\":\"Article\",\"@id\":\"https:\\\/\\\/catholic-television.com\\\/es\\\/evangelio-buena-nueva-relatos-jesus\\\/#article\",\"isPartOf\":{\"@id\":\"https:\\\/\\\/catholic-television.com\\\/es\\\/evangelio-buena-nueva-relatos-jesus\\\/\"},\"author\":{\"name\":\"vlad\",\"@id\":\"https:\\\/\\\/catholic-television.com\\\/es\\\/#\\\/schema\\\/person\\\/3188c12fc213ed75be05c8a3a8650318\"},\"headline\":\"\u00bfPor qu\u00e9 se llaman \u00abevangelio\u00bb, es decir, \u00abbuena nueva\u00bb los relatos sobre Jes\u00fas?\",\"datePublished\":\"2020-02-06T00:37:25+00:00\",\"mainEntityOfPage\":{\"@id\":\"https:\\\/\\\/catholic-television.com\\\/es\\\/evangelio-buena-nueva-relatos-jesus\\\/\"},\"wordCount\":119,\"commentCount\":0,\"publisher\":{\"@id\":\"https:\\\/\\\/catholic-television.com\\\/es\\\/#organization\"},\"image\":{\"@id\":\"https:\\\/\\\/catholic-television.com\\\/es\\\/evangelio-buena-nueva-relatos-jesus\\\/#primaryimage\"},\"thumbnailUrl\":\"https:\\\/\\\/catholic-television.com\\\/wp-content\\\/uploads\\\/2020\\\/02\\\/\u00bfPor-qu\u00e9-se-llaman-\u00abevangelio\u00bb-es-\u00abbuena-nueva\u00bb-relatos-sobre-Jes\u00fas.jpg\",\"keywords\":[\"Amor eterno\",\"Comuni\u00f3n eterna\",\"Hecho hombre\",\"Hijo Dios\",\"nuestros pecados\",\"Relatos\",\"Resurrecci\u00f3n\",\"Salven\"],\"articleSection\":[\"Bienvenidos\",\"Catequesis\"],\"inLanguage\":\"es\",\"potentialAction\":[{\"@type\":\"CommentAction\",\"name\":\"Comment\",\"target\":[\"https:\\\/\\\/catholic-television.com\\\/es\\\/evangelio-buena-nueva-relatos-jesus\\\/#respond\"]}]},{\"@type\":\"WebPage\",\"@id\":\"https:\\\/\\\/catholic-television.com\\\/es\\\/evangelio-buena-nueva-relatos-jesus\\\/\",\"url\":\"https:\\\/\\\/catholic-television.com\\\/es\\\/evangelio-buena-nueva-relatos-jesus\\\/\",\"name\":\"\u00bfPor qu\u00e9 se llaman \u00abevangelio\u00bb, es \u00abbuena nueva\u00bb relatos sobre Jes\u00fas?\",\"isPartOf\":{\"@id\":\"https:\\\/\\\/catholic-television.com\\\/es\\\/#website\"},\"primaryImageOfPage\":{\"@id\":\"https:\\\/\\\/catholic-television.com\\\/es\\\/evangelio-buena-nueva-relatos-jesus\\\/#primaryimage\"},\"image\":{\"@id\":\"https:\\\/\\\/catholic-television.com\\\/es\\\/evangelio-buena-nueva-relatos-jesus\\\/#primaryimage\"},\"thumbnailUrl\":\"https:\\\/\\\/catholic-television.com\\\/wp-content\\\/uploads\\\/2020\\\/02\\\/\u00bfPor-qu\u00e9-se-llaman-\u00abevangelio\u00bb-es-\u00abbuena-nueva\u00bb-relatos-sobre-Jes\u00fas.jpg\",\"datePublished\":\"2020-02-06T00:37:25+00:00\",\"description\":\"Buena nueva. Los relatos acerca de la vida, muerte y resurrecci\u00f3n de Jes\u00fas son la mejor noticia del mundo. Testimonian que el jud\u00edo Jes\u00fas de Nazaret,...\",\"breadcrumb\":{\"@id\":\"https:\\\/\\\/catholic-television.com\\\/es\\\/evangelio-buena-nueva-relatos-jesus\\\/#breadcrumb\"},\"inLanguage\":\"es\",\"potentialAction\":[{\"@type\":\"ReadAction\",\"target\":[\"https:\\\/\\\/catholic-television.com\\\/es\\\/evangelio-buena-nueva-relatos-jesus\\\/\"]}]},{\"@type\":\"ImageObject\",\"inLanguage\":\"es\",\"@id\":\"https:\\\/\\\/catholic-television.com\\\/es\\\/evangelio-buena-nueva-relatos-jesus\\\/#primaryimage\",\"url\":\"https:\\\/\\\/catholic-television.com\\\/wp-content\\\/uploads\\\/2020\\\/02\\\/\u00bfPor-qu\u00e9-se-llaman-\u00abevangelio\u00bb-es-\u00abbuena-nueva\u00bb-relatos-sobre-Jes\u00fas.jpg\",\"contentUrl\":\"https:\\\/\\\/catholic-television.com\\\/wp-content\\\/uploads\\\/2020\\\/02\\\/\u00bfPor-qu\u00e9-se-llaman-\u00abevangelio\u00bb-es-\u00abbuena-nueva\u00bb-relatos-sobre-Jes\u00fas.jpg\",\"width\":1024,\"height\":576,\"caption\":\"\u00bfPor qu\u00e9 se llaman \u00abevangelio\u00bb, es \u00abbuena nueva\u00bb relatos sobre Jes\u00fas?\"},{\"@type\":\"BreadcrumbList\",\"@id\":\"https:\\\/\\\/catholic-television.com\\\/es\\\/evangelio-buena-nueva-relatos-jesus\\\/#breadcrumb\",\"itemListElement\":[{\"@type\":\"ListItem\",\"position\":1,\"name\":\"Portada\",\"item\":\"https:\\\/\\\/catholic-television.com\\\/es\\\/?lang=es\"},{\"@type\":\"ListItem\",\"position\":2,\"name\":\"\u00bfPor qu\u00e9 se llaman \u00abevangelio\u00bb, es decir, \u00abbuena nueva\u00bb los relatos sobre Jes\u00fas?\"}]},{\"@type\":\"WebSite\",\"@id\":\"https:\\\/\\\/catholic-television.com\\\/es\\\/#website\",\"url\":\"https:\\\/\\\/catholic-television.com\\\/es\\\/\",\"name\":\"Catholic-television\",\"description\":\"Catholic Television\",\"publisher\":{\"@id\":\"https:\\\/\\\/catholic-television.com\\\/es\\\/#organization\"},\"potentialAction\":[{\"@type\":\"SearchAction\",\"target\":{\"@type\":\"EntryPoint\",\"urlTemplate\":\"https:\\\/\\\/catholic-television.com\\\/es\\\/?s={search_term_string}\"},\"query-input\":{\"@type\":\"PropertyValueSpecification\",\"valueRequired\":true,\"valueName\":\"search_term_string\"}}],\"inLanguage\":\"es\"},{\"@type\":\"Organization\",\"@id\":\"https:\\\/\\\/catholic-television.com\\\/es\\\/#organization\",\"name\":\"Catholic-television\",\"url\":\"https:\\\/\\\/catholic-television.com\\\/es\\\/\",\"logo\":{\"@type\":\"ImageObject\",\"inLanguage\":\"es\",\"@id\":\"https:\\\/\\\/catholic-television.com\\\/es\\\/#\\\/schema\\\/logo\\\/image\\\/\",\"url\":\"https:\\\/\\\/catholic-television.com\\\/wp-content\\\/uploads\\\/2019\\\/06\\\/catholic-tv_ok2.png\",\"contentUrl\":\"https:\\\/\\\/catholic-television.com\\\/wp-content\\\/uploads\\\/2019\\\/06\\\/catholic-tv_ok2.png\",\"width\":303,\"height\":99,\"caption\":\"Catholic-television\"},\"image\":{\"@id\":\"https:\\\/\\\/catholic-television.com\\\/es\\\/#\\\/schema\\\/logo\\\/image\\\/\"},\"sameAs\":[\"https:\\\/\\\/www.facebook.com\\\/catholic.television.production\\\/\",\"https:\\\/\\\/x.com\\\/catholictele\"]},{\"@type\":\"Person\",\"@id\":\"https:\\\/\\\/catholic-television.com\\\/es\\\/#\\\/schema\\\/person\\\/3188c12fc213ed75be05c8a3a8650318\",\"name\":\"vlad\",\"image\":{\"@type\":\"ImageObject\",\"inLanguage\":\"es\",\"@id\":\"https:\\\/\\\/secure.gravatar.com\\\/avatar\\\/fc95831d9c48ad0da181a29b0820e0beb60a927341a41b7ffd6b73a4ef239589?s=96&d=mm&r=g\",\"url\":\"https:\\\/\\\/secure.gravatar.com\\\/avatar\\\/fc95831d9c48ad0da181a29b0820e0beb60a927341a41b7ffd6b73a4ef239589?s=96&d=mm&r=g\",\"contentUrl\":\"https:\\\/\\\/secure.gravatar.com\\\/avatar\\\/fc95831d9c48ad0da181a29b0820e0beb60a927341a41b7ffd6b73a4ef239589?s=96&d=mm&r=g\",\"caption\":\"vlad\"}}]}<\/script>\n<!-- \/ Yoast SEO plugin. -->","yoast_head_json":{"title":"\u00bfPor qu\u00e9 se llaman \u00abevangelio\u00bb, es \u00abbuena nueva\u00bb relatos sobre Jes\u00fas?","description":"Buena nueva. Los relatos acerca de la vida, muerte y resurrecci\u00f3n de Jes\u00fas son la mejor noticia del mundo. Testimonian que el jud\u00edo Jes\u00fas de Nazaret,...","robots":{"index":"index","follow":"follow","max-snippet":"max-snippet:-1","max-image-preview":"max-image-preview:large","max-video-preview":"max-video-preview:-1"},"canonical":"https:\/\/catholic-television.com\/es\/evangelio-buena-nueva-relatos-jesus\/","og_locale":"es_ES","og_type":"article","og_title":"\u00bfPor qu\u00e9 se llaman \u00abevangelio\u00bb, es \u00abbuena nueva\u00bb relatos sobre Jes\u00fas?","og_description":"Buena nueva. Los relatos acerca de la vida, muerte y resurrecci\u00f3n de Jes\u00fas son la mejor noticia del mundo. Testimonian que el jud\u00edo Jes\u00fas de Nazaret,...","og_url":"https:\/\/catholic-television.com\/es\/evangelio-buena-nueva-relatos-jesus\/","og_site_name":"Catholic-television","article_publisher":"https:\/\/www.facebook.com\/catholic.television.production\/","article_published_time":"2020-02-06T00:37:25+00:00","og_image":[{"width":1024,"height":576,"url":"https:\/\/catholic-television.com\/wp-content\/uploads\/2020\/02\/\u00bfPor-qu\u00e9-se-llaman-\u00abevangelio\u00bb-es-\u00abbuena-nueva\u00bb-relatos-sobre-Jes\u00fas.jpg","type":"image\/jpeg"}],"author":"vlad","twitter_card":"summary_large_image","twitter_creator":"@catholictele","twitter_site":"@catholictele","twitter_misc":{"Escrito por":"vlad","Tiempo de lectura":"1 minuto"},"schema":{"@context":"https:\/\/schema.org","@graph":[{"@type":"Article","@id":"https:\/\/catholic-television.com\/es\/evangelio-buena-nueva-relatos-jesus\/#article","isPartOf":{"@id":"https:\/\/catholic-television.com\/es\/evangelio-buena-nueva-relatos-jesus\/"},"author":{"name":"vlad","@id":"https:\/\/catholic-television.com\/es\/#\/schema\/person\/3188c12fc213ed75be05c8a3a8650318"},"headline":"\u00bfPor qu\u00e9 se llaman \u00abevangelio\u00bb, es decir, \u00abbuena nueva\u00bb los relatos sobre Jes\u00fas?","datePublished":"2020-02-06T00:37:25+00:00","mainEntityOfPage":{"@id":"https:\/\/catholic-television.com\/es\/evangelio-buena-nueva-relatos-jesus\/"},"wordCount":119,"commentCount":0,"publisher":{"@id":"https:\/\/catholic-television.com\/es\/#organization"},"image":{"@id":"https:\/\/catholic-television.com\/es\/evangelio-buena-nueva-relatos-jesus\/#primaryimage"},"thumbnailUrl":"https:\/\/catholic-television.com\/wp-content\/uploads\/2020\/02\/\u00bfPor-qu\u00e9-se-llaman-\u00abevangelio\u00bb-es-\u00abbuena-nueva\u00bb-relatos-sobre-Jes\u00fas.jpg","keywords":["Amor eterno","Comuni\u00f3n eterna","Hecho hombre","Hijo Dios","nuestros pecados","Relatos","Resurrecci\u00f3n","Salven"],"articleSection":["Bienvenidos","Catequesis"],"inLanguage":"es","potentialAction":[{"@type":"CommentAction","name":"Comment","target":["https:\/\/catholic-television.com\/es\/evangelio-buena-nueva-relatos-jesus\/#respond"]}]},{"@type":"WebPage","@id":"https:\/\/catholic-television.com\/es\/evangelio-buena-nueva-relatos-jesus\/","url":"https:\/\/catholic-television.com\/es\/evangelio-buena-nueva-relatos-jesus\/","name":"\u00bfPor qu\u00e9 se llaman \u00abevangelio\u00bb, es \u00abbuena nueva\u00bb relatos sobre Jes\u00fas?","isPartOf":{"@id":"https:\/\/catholic-television.com\/es\/#website"},"primaryImageOfPage":{"@id":"https:\/\/catholic-television.com\/es\/evangelio-buena-nueva-relatos-jesus\/#primaryimage"},"image":{"@id":"https:\/\/catholic-television.com\/es\/evangelio-buena-nueva-relatos-jesus\/#primaryimage"},"thumbnailUrl":"https:\/\/catholic-television.com\/wp-content\/uploads\/2020\/02\/\u00bfPor-qu\u00e9-se-llaman-\u00abevangelio\u00bb-es-\u00abbuena-nueva\u00bb-relatos-sobre-Jes\u00fas.jpg","datePublished":"2020-02-06T00:37:25+00:00","description":"Buena nueva. Los relatos acerca de la vida, muerte y resurrecci\u00f3n de Jes\u00fas son la mejor noticia del mundo. Testimonian que el jud\u00edo Jes\u00fas de Nazaret,...","breadcrumb":{"@id":"https:\/\/catholic-television.com\/es\/evangelio-buena-nueva-relatos-jesus\/#breadcrumb"},"inLanguage":"es","potentialAction":[{"@type":"ReadAction","target":["https:\/\/catholic-television.com\/es\/evangelio-buena-nueva-relatos-jesus\/"]}]},{"@type":"ImageObject","inLanguage":"es","@id":"https:\/\/catholic-television.com\/es\/evangelio-buena-nueva-relatos-jesus\/#primaryimage","url":"https:\/\/catholic-television.com\/wp-content\/uploads\/2020\/02\/\u00bfPor-qu\u00e9-se-llaman-\u00abevangelio\u00bb-es-\u00abbuena-nueva\u00bb-relatos-sobre-Jes\u00fas.jpg","contentUrl":"https:\/\/catholic-television.com\/wp-content\/uploads\/2020\/02\/\u00bfPor-qu\u00e9-se-llaman-\u00abevangelio\u00bb-es-\u00abbuena-nueva\u00bb-relatos-sobre-Jes\u00fas.jpg","width":1024,"height":576,"caption":"\u00bfPor qu\u00e9 se llaman \u00abevangelio\u00bb, es \u00abbuena nueva\u00bb relatos sobre Jes\u00fas?"},{"@type":"BreadcrumbList","@id":"https:\/\/catholic-television.com\/es\/evangelio-buena-nueva-relatos-jesus\/#breadcrumb","itemListElement":[{"@type":"ListItem","position":1,"name":"Portada","item":"https:\/\/catholic-television.com\/es\/?lang=es"},{"@type":"ListItem","position":2,"name":"\u00bfPor qu\u00e9 se llaman \u00abevangelio\u00bb, es decir, \u00abbuena nueva\u00bb los relatos sobre Jes\u00fas?"}]},{"@type":"WebSite","@id":"https:\/\/catholic-television.com\/es\/#website","url":"https:\/\/catholic-television.com\/es\/","name":"Catholic-television","description":"Catholic Television","publisher":{"@id":"https:\/\/catholic-television.com\/es\/#organization"},"potentialAction":[{"@type":"SearchAction","target":{"@type":"EntryPoint","urlTemplate":"https:\/\/catholic-television.com\/es\/?s={search_term_string}"},"query-input":{"@type":"PropertyValueSpecification","valueRequired":true,"valueName":"search_term_string"}}],"inLanguage":"es"},{"@type":"Organization","@id":"https:\/\/catholic-television.com\/es\/#organization","name":"Catholic-television","url":"https:\/\/catholic-television.com\/es\/","logo":{"@type":"ImageObject","inLanguage":"es","@id":"https:\/\/catholic-television.com\/es\/#\/schema\/logo\/image\/","url":"https:\/\/catholic-television.com\/wp-content\/uploads\/2019\/06\/catholic-tv_ok2.png","contentUrl":"https:\/\/catholic-television.com\/wp-content\/uploads\/2019\/06\/catholic-tv_ok2.png","width":303,"height":99,"caption":"Catholic-television"},"image":{"@id":"https:\/\/catholic-television.com\/es\/#\/schema\/logo\/image\/"},"sameAs":["https:\/\/www.facebook.com\/catholic.television.production\/","https:\/\/x.com\/catholictele"]},{"@type":"Person","@id":"https:\/\/catholic-television.com\/es\/#\/schema\/person\/3188c12fc213ed75be05c8a3a8650318","name":"vlad","image":{"@type":"ImageObject","inLanguage":"es","@id":"https:\/\/secure.gravatar.com\/avatar\/fc95831d9c48ad0da181a29b0820e0beb60a927341a41b7ffd6b73a4ef239589?s=96&d=mm&r=g","url":"https:\/\/secure.gravatar.com\/avatar\/fc95831d9c48ad0da181a29b0820e0beb60a927341a41b7ffd6b73a4ef239589?s=96&d=mm&r=g","contentUrl":"https:\/\/secure.gravatar.com\/avatar\/fc95831d9c48ad0da181a29b0820e0beb60a927341a41b7ffd6b73a4ef239589?s=96&d=mm&r=g","caption":"vlad"}}]}},"_links":{"self":[{"href":"https:\/\/catholic-television.com\/es\/wp-json\/wp\/v2\/posts\/6784","targetHints":{"allow":["GET"]}}],"collection":[{"href":"https:\/\/catholic-television.com\/es\/wp-json\/wp\/v2\/posts"}],"about":[{"href":"https:\/\/catholic-television.com\/es\/wp-json\/wp\/v2\/types\/post"}],"author":[{"embeddable":true,"href":"https:\/\/catholic-television.com\/es\/wp-json\/wp\/v2\/users\/7"}],"replies":[{"embeddable":true,"href":"https:\/\/catholic-television.com\/es\/wp-json\/wp\/v2\/comments?post=6784"}],"version-history":[{"count":1,"href":"https:\/\/catholic-television.com\/es\/wp-json\/wp\/v2\/posts\/6784\/revisions"}],"predecessor-version":[{"id":6786,"href":"https:\/\/catholic-television.com\/es\/wp-json\/wp\/v2\/posts\/6784\/revisions\/6786"}],"wp:featuredmedia":[{"embeddable":true,"href":"https:\/\/catholic-television.com\/es\/wp-json\/wp\/v2\/media\/6785"}],"wp:attachment":[{"href":"https:\/\/catholic-television.com\/es\/wp-json\/wp\/v2\/media?parent=6784"}],"wp:term":[{"taxonomy":"category","embeddable":true,"href":"https:\/\/catholic-television.com\/es\/wp-json\/wp\/v2\/categories?post=6784"},{"taxonomy":"post_tag","embeddable":true,"href":"https:\/\/catholic-television.com\/es\/wp-json\/wp\/v2\/tags?post=6784"}],"curies":[{"name":"wp","href":"https:\/\/api.w.org\/{rel}","templated":true}]}}