{"id":6728,"date":"2020-02-04T03:44:53","date_gmt":"2020-02-04T03:44:53","guid":{"rendered":"https:\/\/catholic-television.com\/wp-staging\/?p=6728\/"},"modified":"2020-02-06T07:20:47","modified_gmt":"2020-02-06T07:20:47","slug":"establecer-relaciones-con-angeles","status":"publish","type":"post","link":"https:\/\/catholic-television.com\/es\/establecer-relaciones-con-angeles\/","title":{"rendered":"\u00bfSe pueden establecer relaciones con los \u00e1ngeles?"},"content":{"rendered":"<p><strong><span style=\"color: #000000\">\u00bfSe pueden establecer relaciones con los \u00e1ngeles?<\/span><\/strong><\/p>\n<p style=\"text-align: justify\"><span style=\"color: #000000\"><strong>S\u00ed. Se puede pedir ayuda a los \u00e1ngeles y solicitar su intercesi\u00f3n ante Dios.<\/strong><\/span><\/p>\n<p style=\"text-align: justify\"><span style=\"color: #000000\">Cada persona recibe de Dios un \u00e1ngel custodio. Rezar al \u00e1ngel de la guarda por uno mismo y por otros es bueno y sensato. Los \u00e1ngeles tambi\u00e9n se pueden hacer perceptibles por su cuenta en la vida de un cristiano, por ejemplo como portadores de una noticia o como acompa\u00f1antes que ayudan. La fe no tiene nada que ver con los falsos \u00e1ngeles del esoterismo.<\/span><\/p>\n","protected":false},"excerpt":{"rendered":"<p>\u00bfSe pueden establecer relaciones con los \u00e1ngeles? S\u00ed. Se puede pedir ayuda a los \u00e1ngeles y solicitar su intercesi\u00f3n ante Dios. Cada persona recibe de Dios un \u00e1ngel custodio. Rezar al \u00e1ngel de la guarda por uno mismo y por otros es bueno y sensato. Los \u00e1ngeles tambi\u00e9n se pueden hacer perceptibles por su cuenta&hellip; <a class=\"more-link\" href=\"https:\/\/catholic-television.com\/es\/establecer-relaciones-con-angeles\/\">Seguir leyendo <span class=\"screen-reader-text\">\u00bfSe pueden establecer relaciones con los \u00e1ngeles?<\/span><\/a><\/p>\n","protected":false},"author":7,"featured_media":6729,"comment_status":"open","ping_status":"open","sticky":false,"template":"","format":"standard","meta":{"footnotes":""},"categories":[668,650],"tags":[18604,18606,9753,18457,18608,18605,18607],"class_list":["post-6728","post","type-post","status-publish","format-standard","has-post-thumbnail","hentry","category-bienvenidos","category-catequesis","tag-angel-custodio","tag-angel-guarda","tag-angeles","tag-cristiano","tag-esoterismo","tag-rezar","tag-sensato","entry"],"yoast_head":"<!-- This site is optimized with the Yoast SEO plugin v27.5 - https:\/\/yoast.com\/product\/yoast-seo-wordpress\/ -->\n<title>\u00bfSe pueden establecer relaciones con los \u00e1ngeles? | \u00c1ngel custodio<\/title>\n<meta name=\"description\" content=\"Establecer relaciones. Cada persona recibe de Dios un \u00e1ngel custodio. Rezar al \u00e1ngel de la guarda por uno mismo y por otros es bueno y sensato. Los \u00e1...\" \/>\n<meta name=\"robots\" content=\"index, follow, max-snippet:-1, max-image-preview:large, max-video-preview:-1\" \/>\n<link rel=\"canonical\" href=\"https:\/\/catholic-television.com\/es\/establecer-relaciones-con-angeles\/\" \/>\n<meta property=\"og:locale\" content=\"es_ES\" \/>\n<meta property=\"og:type\" content=\"article\" \/>\n<meta property=\"og:title\" content=\"\u00bfSe pueden establecer relaciones con los \u00e1ngeles? | \u00c1ngel custodio\" \/>\n<meta property=\"og:description\" content=\"Establecer relaciones. Cada persona recibe de Dios un \u00e1ngel custodio. Rezar al \u00e1ngel de la guarda por uno mismo y por otros es bueno y sensato. Los \u00e1...\" \/>\n<meta property=\"og:url\" content=\"https:\/\/catholic-television.com\/es\/establecer-relaciones-con-angeles\/\" \/>\n<meta property=\"og:site_name\" content=\"Catholic-television\" \/>\n<meta property=\"article:publisher\" content=\"https:\/\/www.facebook.com\/catholic.television.production\/\" \/>\n<meta property=\"article:published_time\" content=\"2020-02-04T03:44:53+00:00\" \/>\n<meta property=\"article:modified_time\" content=\"2020-02-06T07:20:47+00:00\" \/>\n<meta property=\"og:image\" content=\"https:\/\/catholic-television.com\/wp-content\/uploads\/2020\/02\/\u00bfSe-pueden-establecer-relaciones-con-los-\u00e1ngeles-\u00c1ngel-custodio-Rezar.jpg\" \/>\n\t<meta property=\"og:image:width\" content=\"1024\" \/>\n\t<meta property=\"og:image:height\" content=\"576\" \/>\n\t<meta property=\"og:image:type\" content=\"image\/jpeg\" \/>\n<meta name=\"author\" content=\"vlad\" \/>\n<meta name=\"twitter:card\" content=\"summary_large_image\" \/>\n<meta name=\"twitter:creator\" content=\"@catholictele\" \/>\n<meta name=\"twitter:site\" content=\"@catholictele\" \/>\n<meta name=\"twitter:label1\" content=\"Escrito por\" \/>\n\t<meta name=\"twitter:data1\" content=\"vlad\" \/>\n<script type=\"application\/ld+json\" class=\"yoast-schema-graph\">{\"@context\":\"https:\\\/\\\/schema.org\",\"@graph\":[{\"@type\":\"Article\",\"@id\":\"https:\\\/\\\/catholic-television.com\\\/es\\\/establecer-relaciones-con-angeles\\\/#article\",\"isPartOf\":{\"@id\":\"https:\\\/\\\/catholic-television.com\\\/es\\\/establecer-relaciones-con-angeles\\\/\"},\"author\":{\"name\":\"vlad\",\"@id\":\"https:\\\/\\\/catholic-television.com\\\/es\\\/#\\\/schema\\\/person\\\/3188c12fc213ed75be05c8a3a8650318\"},\"headline\":\"\u00bfSe pueden establecer relaciones con los \u00e1ngeles?\",\"datePublished\":\"2020-02-04T03:44:53+00:00\",\"dateModified\":\"2020-02-06T07:20:47+00:00\",\"mainEntityOfPage\":{\"@id\":\"https:\\\/\\\/catholic-television.com\\\/es\\\/establecer-relaciones-con-angeles\\\/\"},\"wordCount\":96,\"commentCount\":0,\"publisher\":{\"@id\":\"https:\\\/\\\/catholic-television.com\\\/es\\\/#organization\"},\"image\":{\"@id\":\"https:\\\/\\\/catholic-television.com\\\/es\\\/establecer-relaciones-con-angeles\\\/#primaryimage\"},\"thumbnailUrl\":\"https:\\\/\\\/catholic-television.com\\\/wp-content\\\/uploads\\\/2020\\\/02\\\/\u00bfSe-pueden-establecer-relaciones-con-los-\u00e1ngeles-\u00c1ngel-custodio-Rezar.jpg\",\"keywords\":[\"\u00c1ngel custodio\",\"\u00c1ngel guarda\",\"\u00e1ngeles\",\"Cristiano\",\"Esoterismo\",\"Rezar\",\"Sensato\"],\"articleSection\":[\"Bienvenidos\",\"Catequesis\"],\"inLanguage\":\"es\",\"potentialAction\":[{\"@type\":\"CommentAction\",\"name\":\"Comment\",\"target\":[\"https:\\\/\\\/catholic-television.com\\\/es\\\/establecer-relaciones-con-angeles\\\/#respond\"]}]},{\"@type\":\"WebPage\",\"@id\":\"https:\\\/\\\/catholic-television.com\\\/es\\\/establecer-relaciones-con-angeles\\\/\",\"url\":\"https:\\\/\\\/catholic-television.com\\\/es\\\/establecer-relaciones-con-angeles\\\/\",\"name\":\"\u00bfSe pueden establecer relaciones con los \u00e1ngeles? | \u00c1ngel custodio\",\"isPartOf\":{\"@id\":\"https:\\\/\\\/catholic-television.com\\\/es\\\/#website\"},\"primaryImageOfPage\":{\"@id\":\"https:\\\/\\\/catholic-television.com\\\/es\\\/establecer-relaciones-con-angeles\\\/#primaryimage\"},\"image\":{\"@id\":\"https:\\\/\\\/catholic-television.com\\\/es\\\/establecer-relaciones-con-angeles\\\/#primaryimage\"},\"thumbnailUrl\":\"https:\\\/\\\/catholic-television.com\\\/wp-content\\\/uploads\\\/2020\\\/02\\\/\u00bfSe-pueden-establecer-relaciones-con-los-\u00e1ngeles-\u00c1ngel-custodio-Rezar.jpg\",\"datePublished\":\"2020-02-04T03:44:53+00:00\",\"dateModified\":\"2020-02-06T07:20:47+00:00\",\"description\":\"Establecer relaciones. Cada persona recibe de Dios un \u00e1ngel custodio. Rezar al \u00e1ngel de la guarda por uno mismo y por otros es bueno y sensato. Los \u00e1...\",\"breadcrumb\":{\"@id\":\"https:\\\/\\\/catholic-television.com\\\/es\\\/establecer-relaciones-con-angeles\\\/#breadcrumb\"},\"inLanguage\":\"es\",\"potentialAction\":[{\"@type\":\"ReadAction\",\"target\":[\"https:\\\/\\\/catholic-television.com\\\/es\\\/establecer-relaciones-con-angeles\\\/\"]}]},{\"@type\":\"ImageObject\",\"inLanguage\":\"es\",\"@id\":\"https:\\\/\\\/catholic-television.com\\\/es\\\/establecer-relaciones-con-angeles\\\/#primaryimage\",\"url\":\"https:\\\/\\\/catholic-television.com\\\/wp-content\\\/uploads\\\/2020\\\/02\\\/\u00bfSe-pueden-establecer-relaciones-con-los-\u00e1ngeles-\u00c1ngel-custodio-Rezar.jpg\",\"contentUrl\":\"https:\\\/\\\/catholic-television.com\\\/wp-content\\\/uploads\\\/2020\\\/02\\\/\u00bfSe-pueden-establecer-relaciones-con-los-\u00e1ngeles-\u00c1ngel-custodio-Rezar.jpg\",\"width\":1024,\"height\":576,\"caption\":\"\u00bfSe pueden establecer relaciones con los \u00e1ngeles? | \u00c1ngel custodio\"},{\"@type\":\"BreadcrumbList\",\"@id\":\"https:\\\/\\\/catholic-television.com\\\/es\\\/establecer-relaciones-con-angeles\\\/#breadcrumb\",\"itemListElement\":[{\"@type\":\"ListItem\",\"position\":1,\"name\":\"Portada\",\"item\":\"https:\\\/\\\/catholic-television.com\\\/es\\\/?lang=es\"},{\"@type\":\"ListItem\",\"position\":2,\"name\":\"\u00bfSe pueden establecer relaciones con los \u00e1ngeles?\"}]},{\"@type\":\"WebSite\",\"@id\":\"https:\\\/\\\/catholic-television.com\\\/es\\\/#website\",\"url\":\"https:\\\/\\\/catholic-television.com\\\/es\\\/\",\"name\":\"Catholic-television\",\"description\":\"Catholic Television\",\"publisher\":{\"@id\":\"https:\\\/\\\/catholic-television.com\\\/es\\\/#organization\"},\"potentialAction\":[{\"@type\":\"SearchAction\",\"target\":{\"@type\":\"EntryPoint\",\"urlTemplate\":\"https:\\\/\\\/catholic-television.com\\\/es\\\/?s={search_term_string}\"},\"query-input\":{\"@type\":\"PropertyValueSpecification\",\"valueRequired\":true,\"valueName\":\"search_term_string\"}}],\"inLanguage\":\"es\"},{\"@type\":\"Organization\",\"@id\":\"https:\\\/\\\/catholic-television.com\\\/es\\\/#organization\",\"name\":\"Catholic-television\",\"url\":\"https:\\\/\\\/catholic-television.com\\\/es\\\/\",\"logo\":{\"@type\":\"ImageObject\",\"inLanguage\":\"es\",\"@id\":\"https:\\\/\\\/catholic-television.com\\\/es\\\/#\\\/schema\\\/logo\\\/image\\\/\",\"url\":\"https:\\\/\\\/catholic-television.com\\\/wp-content\\\/uploads\\\/2019\\\/06\\\/catholic-tv_ok2.png\",\"contentUrl\":\"https:\\\/\\\/catholic-television.com\\\/wp-content\\\/uploads\\\/2019\\\/06\\\/catholic-tv_ok2.png\",\"width\":303,\"height\":99,\"caption\":\"Catholic-television\"},\"image\":{\"@id\":\"https:\\\/\\\/catholic-television.com\\\/es\\\/#\\\/schema\\\/logo\\\/image\\\/\"},\"sameAs\":[\"https:\\\/\\\/www.facebook.com\\\/catholic.television.production\\\/\",\"https:\\\/\\\/x.com\\\/catholictele\"]},{\"@type\":\"Person\",\"@id\":\"https:\\\/\\\/catholic-television.com\\\/es\\\/#\\\/schema\\\/person\\\/3188c12fc213ed75be05c8a3a8650318\",\"name\":\"vlad\",\"image\":{\"@type\":\"ImageObject\",\"inLanguage\":\"es\",\"@id\":\"https:\\\/\\\/secure.gravatar.com\\\/avatar\\\/fc95831d9c48ad0da181a29b0820e0beb60a927341a41b7ffd6b73a4ef239589?s=96&d=mm&r=g\",\"url\":\"https:\\\/\\\/secure.gravatar.com\\\/avatar\\\/fc95831d9c48ad0da181a29b0820e0beb60a927341a41b7ffd6b73a4ef239589?s=96&d=mm&r=g\",\"contentUrl\":\"https:\\\/\\\/secure.gravatar.com\\\/avatar\\\/fc95831d9c48ad0da181a29b0820e0beb60a927341a41b7ffd6b73a4ef239589?s=96&d=mm&r=g\",\"caption\":\"vlad\"}}]}<\/script>\n<!-- \/ Yoast SEO plugin. -->","yoast_head_json":{"title":"\u00bfSe pueden establecer relaciones con los \u00e1ngeles? | \u00c1ngel custodio","description":"Establecer relaciones. Cada persona recibe de Dios un \u00e1ngel custodio. Rezar al \u00e1ngel de la guarda por uno mismo y por otros es bueno y sensato. Los \u00e1...","robots":{"index":"index","follow":"follow","max-snippet":"max-snippet:-1","max-image-preview":"max-image-preview:large","max-video-preview":"max-video-preview:-1"},"canonical":"https:\/\/catholic-television.com\/es\/establecer-relaciones-con-angeles\/","og_locale":"es_ES","og_type":"article","og_title":"\u00bfSe pueden establecer relaciones con los \u00e1ngeles? | \u00c1ngel custodio","og_description":"Establecer relaciones. Cada persona recibe de Dios un \u00e1ngel custodio. Rezar al \u00e1ngel de la guarda por uno mismo y por otros es bueno y sensato. Los \u00e1...","og_url":"https:\/\/catholic-television.com\/es\/establecer-relaciones-con-angeles\/","og_site_name":"Catholic-television","article_publisher":"https:\/\/www.facebook.com\/catholic.television.production\/","article_published_time":"2020-02-04T03:44:53+00:00","article_modified_time":"2020-02-06T07:20:47+00:00","og_image":[{"width":1024,"height":576,"url":"https:\/\/catholic-television.com\/wp-content\/uploads\/2020\/02\/\u00bfSe-pueden-establecer-relaciones-con-los-\u00e1ngeles-\u00c1ngel-custodio-Rezar.jpg","type":"image\/jpeg"}],"author":"vlad","twitter_card":"summary_large_image","twitter_creator":"@catholictele","twitter_site":"@catholictele","twitter_misc":{"Escrito por":"vlad"},"schema":{"@context":"https:\/\/schema.org","@graph":[{"@type":"Article","@id":"https:\/\/catholic-television.com\/es\/establecer-relaciones-con-angeles\/#article","isPartOf":{"@id":"https:\/\/catholic-television.com\/es\/establecer-relaciones-con-angeles\/"},"author":{"name":"vlad","@id":"https:\/\/catholic-television.com\/es\/#\/schema\/person\/3188c12fc213ed75be05c8a3a8650318"},"headline":"\u00bfSe pueden establecer relaciones con los \u00e1ngeles?","datePublished":"2020-02-04T03:44:53+00:00","dateModified":"2020-02-06T07:20:47+00:00","mainEntityOfPage":{"@id":"https:\/\/catholic-television.com\/es\/establecer-relaciones-con-angeles\/"},"wordCount":96,"commentCount":0,"publisher":{"@id":"https:\/\/catholic-television.com\/es\/#organization"},"image":{"@id":"https:\/\/catholic-television.com\/es\/establecer-relaciones-con-angeles\/#primaryimage"},"thumbnailUrl":"https:\/\/catholic-television.com\/wp-content\/uploads\/2020\/02\/\u00bfSe-pueden-establecer-relaciones-con-los-\u00e1ngeles-\u00c1ngel-custodio-Rezar.jpg","keywords":["\u00c1ngel custodio","\u00c1ngel guarda","\u00e1ngeles","Cristiano","Esoterismo","Rezar","Sensato"],"articleSection":["Bienvenidos","Catequesis"],"inLanguage":"es","potentialAction":[{"@type":"CommentAction","name":"Comment","target":["https:\/\/catholic-television.com\/es\/establecer-relaciones-con-angeles\/#respond"]}]},{"@type":"WebPage","@id":"https:\/\/catholic-television.com\/es\/establecer-relaciones-con-angeles\/","url":"https:\/\/catholic-television.com\/es\/establecer-relaciones-con-angeles\/","name":"\u00bfSe pueden establecer relaciones con los \u00e1ngeles? | \u00c1ngel custodio","isPartOf":{"@id":"https:\/\/catholic-television.com\/es\/#website"},"primaryImageOfPage":{"@id":"https:\/\/catholic-television.com\/es\/establecer-relaciones-con-angeles\/#primaryimage"},"image":{"@id":"https:\/\/catholic-television.com\/es\/establecer-relaciones-con-angeles\/#primaryimage"},"thumbnailUrl":"https:\/\/catholic-television.com\/wp-content\/uploads\/2020\/02\/\u00bfSe-pueden-establecer-relaciones-con-los-\u00e1ngeles-\u00c1ngel-custodio-Rezar.jpg","datePublished":"2020-02-04T03:44:53+00:00","dateModified":"2020-02-06T07:20:47+00:00","description":"Establecer relaciones. Cada persona recibe de Dios un \u00e1ngel custodio. Rezar al \u00e1ngel de la guarda por uno mismo y por otros es bueno y sensato. Los \u00e1...","breadcrumb":{"@id":"https:\/\/catholic-television.com\/es\/establecer-relaciones-con-angeles\/#breadcrumb"},"inLanguage":"es","potentialAction":[{"@type":"ReadAction","target":["https:\/\/catholic-television.com\/es\/establecer-relaciones-con-angeles\/"]}]},{"@type":"ImageObject","inLanguage":"es","@id":"https:\/\/catholic-television.com\/es\/establecer-relaciones-con-angeles\/#primaryimage","url":"https:\/\/catholic-television.com\/wp-content\/uploads\/2020\/02\/\u00bfSe-pueden-establecer-relaciones-con-los-\u00e1ngeles-\u00c1ngel-custodio-Rezar.jpg","contentUrl":"https:\/\/catholic-television.com\/wp-content\/uploads\/2020\/02\/\u00bfSe-pueden-establecer-relaciones-con-los-\u00e1ngeles-\u00c1ngel-custodio-Rezar.jpg","width":1024,"height":576,"caption":"\u00bfSe pueden establecer relaciones con los \u00e1ngeles? | \u00c1ngel custodio"},{"@type":"BreadcrumbList","@id":"https:\/\/catholic-television.com\/es\/establecer-relaciones-con-angeles\/#breadcrumb","itemListElement":[{"@type":"ListItem","position":1,"name":"Portada","item":"https:\/\/catholic-television.com\/es\/?lang=es"},{"@type":"ListItem","position":2,"name":"\u00bfSe pueden establecer relaciones con los \u00e1ngeles?"}]},{"@type":"WebSite","@id":"https:\/\/catholic-television.com\/es\/#website","url":"https:\/\/catholic-television.com\/es\/","name":"Catholic-television","description":"Catholic Television","publisher":{"@id":"https:\/\/catholic-television.com\/es\/#organization"},"potentialAction":[{"@type":"SearchAction","target":{"@type":"EntryPoint","urlTemplate":"https:\/\/catholic-television.com\/es\/?s={search_term_string}"},"query-input":{"@type":"PropertyValueSpecification","valueRequired":true,"valueName":"search_term_string"}}],"inLanguage":"es"},{"@type":"Organization","@id":"https:\/\/catholic-television.com\/es\/#organization","name":"Catholic-television","url":"https:\/\/catholic-television.com\/es\/","logo":{"@type":"ImageObject","inLanguage":"es","@id":"https:\/\/catholic-television.com\/es\/#\/schema\/logo\/image\/","url":"https:\/\/catholic-television.com\/wp-content\/uploads\/2019\/06\/catholic-tv_ok2.png","contentUrl":"https:\/\/catholic-television.com\/wp-content\/uploads\/2019\/06\/catholic-tv_ok2.png","width":303,"height":99,"caption":"Catholic-television"},"image":{"@id":"https:\/\/catholic-television.com\/es\/#\/schema\/logo\/image\/"},"sameAs":["https:\/\/www.facebook.com\/catholic.television.production\/","https:\/\/x.com\/catholictele"]},{"@type":"Person","@id":"https:\/\/catholic-television.com\/es\/#\/schema\/person\/3188c12fc213ed75be05c8a3a8650318","name":"vlad","image":{"@type":"ImageObject","inLanguage":"es","@id":"https:\/\/secure.gravatar.com\/avatar\/fc95831d9c48ad0da181a29b0820e0beb60a927341a41b7ffd6b73a4ef239589?s=96&d=mm&r=g","url":"https:\/\/secure.gravatar.com\/avatar\/fc95831d9c48ad0da181a29b0820e0beb60a927341a41b7ffd6b73a4ef239589?s=96&d=mm&r=g","contentUrl":"https:\/\/secure.gravatar.com\/avatar\/fc95831d9c48ad0da181a29b0820e0beb60a927341a41b7ffd6b73a4ef239589?s=96&d=mm&r=g","caption":"vlad"}}]}},"_links":{"self":[{"href":"https:\/\/catholic-television.com\/es\/wp-json\/wp\/v2\/posts\/6728","targetHints":{"allow":["GET"]}}],"collection":[{"href":"https:\/\/catholic-television.com\/es\/wp-json\/wp\/v2\/posts"}],"about":[{"href":"https:\/\/catholic-television.com\/es\/wp-json\/wp\/v2\/types\/post"}],"author":[{"embeddable":true,"href":"https:\/\/catholic-television.com\/es\/wp-json\/wp\/v2\/users\/7"}],"replies":[{"embeddable":true,"href":"https:\/\/catholic-television.com\/es\/wp-json\/wp\/v2\/comments?post=6728"}],"version-history":[{"count":3,"href":"https:\/\/catholic-television.com\/es\/wp-json\/wp\/v2\/posts\/6728\/revisions"}],"predecessor-version":[{"id":6732,"href":"https:\/\/catholic-television.com\/es\/wp-json\/wp\/v2\/posts\/6728\/revisions\/6732"}],"wp:featuredmedia":[{"embeddable":true,"href":"https:\/\/catholic-television.com\/es\/wp-json\/wp\/v2\/media\/6729"}],"wp:attachment":[{"href":"https:\/\/catholic-television.com\/es\/wp-json\/wp\/v2\/media?parent=6728"}],"wp:term":[{"taxonomy":"category","embeddable":true,"href":"https:\/\/catholic-television.com\/es\/wp-json\/wp\/v2\/categories?post=6728"},{"taxonomy":"post_tag","embeddable":true,"href":"https:\/\/catholic-television.com\/es\/wp-json\/wp\/v2\/tags?post=6728"}],"curies":[{"name":"wp","href":"https:\/\/api.w.org\/{rel}","templated":true}]}}