{"id":4939,"date":"2019-11-06T12:04:32","date_gmt":"2019-11-06T12:04:32","guid":{"rendered":"https:\/\/catholic-television.com\/wp-staging\/?p=4939\/"},"modified":"2019-11-06T12:04:32","modified_gmt":"2019-11-06T12:04:32","slug":"santuario-de-san-ignacio-de-loyola","status":"publish","type":"post","link":"https:\/\/catholic-television.com\/es\/santuario-de-san-ignacio-de-loyola\/","title":{"rendered":"Santuario de San Ignacio de Loyola"},"content":{"rendered":"<p style=\"text-align: justify;\"><span style=\"color: #000000;\">Azpeitia es un municipio de la provincia de Guip\u00fazcoa en el Pa\u00eds Vasco (Espa\u00f1a), perteneciente a la regi\u00f3n de Urola Costa, con una poblaci\u00f3n aproximada de 16000 habitantes. Es un peque\u00f1o y hermoso pedazo de tierra habitado por Dios. Pero, \u00bfes eso todo lo que describe a Azpeitia o hay algo m\u00e1s que hace a esta peque\u00f1a localidad vasca a\u00fan m\u00e1s especial y extraordinaria?<\/span><\/p>\n<p style=\"text-align: justify;\"><span style=\"color: #000000;\">Este es el lugar de nacimiento de San Ignacio Loyola, el fundador de la Compa\u00f1\u00eda de Jes\u00fas, tambi\u00e9n conocido como jesuitas. Naci\u00f3 en 1491, comenz\u00f3 su viaje como soldado, pero finalmente termin\u00f3 siendo fiel siervo de Dios y fund\u00f3 una congregaci\u00f3n que hoy sirve a la humanidad y est\u00e1 difundiendo el Evangelio en todo el mundo.<\/span><\/p>\n<p style=\"text-align: justify;\"><span style=\"color: #000000;\">Cada a\u00f1o, miles de turistas y peregrinos visitan el santuario de San Ignacio de Loyola situado en un peque\u00f1o pueblo de Azpeitia llamado \u00abLoiola\u00bb. Hoy nos gustar\u00eda explorar el lugar de nacimiento de este santo que ha dejado una profunda huella en la humanidad a trav\u00e9s de su amor por el Se\u00f1or y profunda espiritualidad. Vamos a sentir juntos la presencia del Se\u00f1or y su Esp\u00edritu Santo en el Santuario de San Ignacio de Loyola.<\/span><\/p>\n<p style=\"text-align: justify;\"><span style=\"color: #000000;\">Bienvenidos al coraz\u00f3n del Santuario de San Ignacio de Loyola, \u201cLa Santa Casa\u201d. La Santa Casa es el cubo de 16m x 16m. Aqu\u00ed naci\u00f3 I\u00f1igo L\u00f3pez de Loyola y en ella se convirti\u00f3 a Dios a sus 30 a\u00f1os de edad. San Ignacio es el fundador de la Compa\u00f1\u00eda de Jes\u00fas, los Jesuitas; y el autor del libro de los Ejercicios Espirituales.<\/span><\/p>\n<p style=\"text-align: justify;\"><span style=\"color: #000000;\">En cuanto a la construcci\u00f3n: la mitad inferior, toda de piedra, casi privada de ventanas y las paredes son de 2m de espesor. La mitad superior, de ladrillo, con numerosas ventanas y siguiendo el estilo mud\u00e9jar. Es una reconstrucci\u00f3n realizada en 1460, por el abuelo de I\u00f1igo, Don Juan P\u00e9rez de Loyola.<\/span><\/p>\n<p style=\"text-align: justify;\"><span style=\"color: #000000;\">Este grupo de bronce, evoca el momento en que I\u00f1igo de Loyola, herido gravemente en la defensa del castillo de Pamplona llega a su casa natal. Hay tres estatuas como esta en toda Espa\u00f1a. La original est\u00e1 en Manresa. Del mismo bronce, pero posterior se hizo la de Loyola. Y hay otra en Pamplona, que hasta hace 3 a\u00f1os, ten\u00edan una de hierro, pero le quitaron la cabeza a uno, al otro parte de la pierna, etc. Entonces, se quit\u00f3 y hace 2 a\u00f1os y medio, se puso una de bronce, igualita que las anteriores.<\/span><\/p>\n<p style=\"text-align: justify;\"><span style=\"color: #000000;\">En esta planta baja se pueden contemplar las 7 troneras, una vieja bombarda, los 4 recios pilares centrales, etc. Un curioso mapa cuajada de torres rojas y azules, muestra el territorio guipuzcoano de los Se\u00f1ores feudales, llamados Parientes Mayores. Divididos en 2 bandos irreconciliables: los O\u00d1ACINOS (las casas de torres rojas): Eran el linaje de O\u00f1az con los Loyola. El abuelo de I\u00f1igo era el jefe de este bando. Y \u00e9stos defend\u00edan el linaje de O\u00f1az. Y los GAMBOINOS (las casas de torres azules): Eran el linaje de Gamboa.<\/span><\/p>\n<p style=\"text-align: justify;\"><span style=\"color: #000000;\">Enrique IV, rey de Castilla, da la raz\u00f3n a las villas, destierra a algunos nobles (entre ellos el abuelo de I\u00f1igo), y ordena desmantelar sus fortalezas. La l\u00e1pida que vemos en el suelo, al lado del ca\u00f1\u00f3n, nos cuenta que entre los a\u00f1os 1717 \u2013 1867, se les enterraba aqu\u00ed, a los jesuitas que fallec\u00edan.<\/span><\/p>\n<p style=\"text-align: justify;\"><span style=\"color: #000000;\">Antes del a\u00f1o 1990, la Santa Casa estaba dividida en 12 capillas diferentes. Pero en este a\u00f1o 1990, los jesuitas de la comunidad, tuvieron un enorme problema con las termitas, que se comieron casi todo el interior. Entonces, se vieron obligados a restaurar toda la Casa por completo. Por lo cual, se quitaron todas las capillas, excepto dos, que todav\u00eda existen, son la Capilla familiar u oratorio de la Santa Casa, y la Capilla de la Conversi\u00f3n.<\/span><\/p>\n<p style=\"text-align: justify;\"><span style=\"color: #000000;\">En \u00e9sta parte de la casa, se encontraba, la Capilla de la Inmaculada. Empezaron a quitar, dicha capilla, y es cuando apareci\u00f3 \u00e9sta cocina, que es la original. En esta cocina, padres e hijos, amos y criados, conviv\u00edan en torno al fuego del hogar. Sobre todo, aqu\u00ed se iban transmitiendo la cultura colectiva familiar y sus valores. Alrededor de esta cocina se encontraban las habitaciones de la servidumbre.<\/span><\/p>\n<p style=\"text-align: justify;\"><span style=\"color: #000000;\">El grafito de una nave (pintado en la pared), la maqueta naval, y la carta de todos los puertos mar\u00edtimos de Europa, que se encuentra en la otra pared, nos recuerda, por un lado, la vocaci\u00f3n itinerante y mar\u00edtima de los O\u00f1az y Loyola. Y, por otro lado, nos recuerda que, el hermano mayor de I\u00f1igo de Loyola, Mart\u00edn Garc\u00eda de O\u00f1az, era marine, y particip\u00f3 en el segundo viaje de Crist\u00f3bal Col\u00f3n a Am\u00e9rica. De hecho, uno de los barcos que se utiliz\u00f3 para realizar dicho viaje, fue armado con hierros de las ferrer\u00edas de los Loyola.<\/span><\/p>\n<p style=\"text-align: justify;\"><span style=\"color: #000000;\">E I\u00f1igo, \u00bfa d\u00f3nde ir\u00eda a parar? En 1508 fue enviado a la villa de Ar\u00e9valo. A sus espaldas, en la parte superior de la columna tienen su escudo. El Se\u00f1or de esta casa, Don Juan P\u00e9rez de Cuellar, Contador Mayor de Haciendas de Castilla, hab\u00eda pedido al padre de I\u00f1igo, Don Beltr\u00e1n de Loyola, que le enviase alguno de sus hijos para que \u00e9l lo iniciase en la corte. All\u00e1 estuvo hasta el a\u00f1o 1517, ya que en este a\u00f1o falleci\u00f3 Don Juan Vel\u00e1zquez de Cu\u00e9llar. Entonces I\u00f1igo por relanzar su carrera de gentilhombre, se traslad\u00f3 a la corte del Duque de N\u00e1jera, Virrey de Navarra, Don Antonio Manrique de Lara.<\/span><\/p>\n<p style=\"text-align: justify;\"><span style=\"color: #000000;\">En esta vitrina iluminada, nos encontramos con la maqueta de la ciudad de Pamplona en 1521. Ella nos evoca la presencia de I\u00f1igo en Navarra, en la defensa del Castillo de Pamplona, a favor del ya emperador Carlos V, contra un ej\u00e9rcito enviado por Francisco I de Francia. El primer d\u00eda del asedio, 20 de mayo, I\u00f1igo result\u00f3 gravemente herido en ambas piernas por una bala de artiller\u00eda. Los mismos contrarios, lo vieron en tan cr\u00edtica situaci\u00f3n que decidieron ayudarle, y traerle a su casa Natal a curarse. Este viaje dur\u00f3 15 d\u00edas.<\/span><\/p>\n<p style=\"text-align: justify;\"><span style=\"color: #000000;\">En esta estancia en la que nos encontramos, era la habitaci\u00f3n de la Se\u00f1ora de Loyola, Do\u00f1a Marina S\u00e1nchez de Licona. Aqu\u00ed dio a luz en 1491 a su \u00faltimo y und\u00e9cimo hijo, I\u00f1igo. Do\u00f1a Marina, falleci\u00f3 cuando I\u00f1igo solamente ten\u00eda 7 a\u00f1os. Entonces la persona que dependi\u00f3 de la educaci\u00f3n de I\u00f1igo y la que hizo el papel de madre de I\u00f1igo, fue su cu\u00f1ada Do\u00f1a Magdalena de Araoz (esposa de Martin Garc\u00eda de O\u00f1az, y amiga y dama de honor de Isabel la Cat\u00f3lica).<\/span><\/p>\n<p style=\"text-align: justify;\"><span style=\"color: #000000;\">Este Oratorio o Capilla familiar, es el segundo lugar m\u00e1s venerable de la Santa Casa. El retablo g\u00f3tico flamenco est\u00e1 dividido en 2 partes: Parte superior: Grupo de la Piedad. Parte inferior: A su izquierda, Santa Catalina de Alejandr\u00eda; A su derecha, Santa Catalina de Siena; y en el centro: La tabla flamenca de la Anunciaci\u00f3n. Obra del franc\u00e9s Jean Prevost. Y es un regalo de bodas de Isabel la Cat\u00f3lica a su ahijada y dama de honor Magdalena de Araoz, cu\u00f1ada de I\u00f1igo.<\/span><\/p>\n<p style=\"text-align: justify;\"><span style=\"color: #000000;\">Este sal\u00f3n de honor era la estancia de representaci\u00f3n, destinada a las principales ocasiones y a los hu\u00e9spedes m\u00e1s importantes. Pero lo que m\u00e1s importancia tienen, son estos dos libros que est\u00e1n expuestos en la alacena\/librer\u00eda. Son la Leyenda de los Santos y la Vida de Jesucristo, en castellano. Llegar\u00edan a manos de I\u00f1igo durante la convalecencia. Entre sus p\u00e1ginas le esperaba Dios.<\/span><\/p>\n<p style=\"text-align: justify;\"><span style=\"color: #000000;\">Este \u00faltimo piso, en tiempos de I\u00f1igo estaba destinado a las habitaciones de los hijos de la familia y a los hu\u00e9spedes. I\u00f1igo, cuando vino malherido de Pamplona, fue aposentado en su habitaci\u00f3n (en el \u00e1ngulo nordeste de la planta), donde est\u00e1 la estatua de I\u00f1igo sentado, con un libro en la mano. Las vigas del techo son las que \u00e9l contemplaba. Y sobre todo las ventanas son aquellas por las que se asomaba de noche a mirar el cielo y las estrellas. En esta habitaci\u00f3n es donde I\u00f1igo fue operado repetidas veces, y en la que estuvo a punto de morir.<\/span><\/p>\n<p style=\"text-align: justify;\"><span style=\"color: #000000;\">Para distraerse pidi\u00f3 libros de caballer\u00edas, pero como su cu\u00f1ada, Magdalena de Araoz, no encontr\u00f3 ning\u00fan libro de este estilo en la casa, le dej\u00f3 otros: La Vida de Santos y una Vida de Cristo. Aquellas lecturas fueron abriendo ante I\u00f1igo como un nuevo mundo. Porque empez\u00f3 a preguntarse si no podr\u00eda hacer tambi\u00e9n \u00e9l las cosas que hab\u00edan hecho los Santos. Poco a poco se fue convirtiendo en algo nuevo y distinto: Dios va enamorando a I\u00f1igo e I\u00f1igo se va enamorando de Dios. M\u00e1s a\u00fan: I\u00f1igo se rinde, se entrega a Dios. Como est\u00e1 escrito sobre la viga de madera del techo: AQU\u00cd SE ENTREGO A DIOS I\u00d1IGO DE LOYOLA. Y como para sellar esta entrega, recibe aqu\u00ed mismo una visitaci\u00f3n de la Virgen, por ello fue colgada en esta Capilla de la Conversi\u00f3n una imagen de la Virgen de Ar\u00e1nzazu, porque es el primer Santuario que visit\u00f3 I\u00f1igo despu\u00e9s de su Conversi\u00f3n. Ya que I\u00f1igo, despu\u00e9s de convertirse, quer\u00eda seguir los pasos de Jes\u00fas y empez\u00f3 a peregrinar.<\/span><\/p>\n<p style=\"text-align: justify;\"><span style=\"color: #000000;\">En Montserrat, I\u00f1igo confiesa sus pecados, abandona sus vestidos de caballero, y emprende una nueva vida de penitente y de peregrino hacia Cristo. En la noche del 24 al 25 de marzo de 1522, colg\u00f3 ante la Virgen de Montserrat su espada, y vela durante toda la noche. Al cabo de un a\u00f1o, I\u00f1igo logr\u00f3 llegar a Jerusal\u00e9n, aunque muy a su pesar no consigui\u00f3 quedarse all\u00ed para siempre. I\u00f1igo, durante los primeros a\u00f1os de su conversi\u00f3n, ir\u00e1 desarrollando un m\u00e9todo, que en el futuro se llamar\u00e1 Ejercicios Espirituales.<\/span><\/p>\n<p style=\"text-align: justify;\"><span style=\"color: #000000;\">En la segunda planta se encuentra la exposici\u00f3n de dioramas que representan en acentuada perspectiva tras sus vitrinas, los momentos m\u00e1s significativos de la vida de San Ignacio de Loyola.<\/span><\/p>\n<p style=\"text-align: justify;\"><span style=\"color: #000000;\">Si la Casa Santa es el coraz\u00f3n interior del santuario de Loyola, la bas\u00edlica es el exterior. Destacada en el centro de la gran fachada del edificio del Real Colegio, est\u00e1 dominada por su gran c\u00fapula y precedida por un amplio p\u00f3rtico de tres vanos al que se sube por una gran escalera. El barroco dominante toma en el p\u00f3rtico la variaci\u00f3n churrigueresca\u00a0llenando con multitud de adornos sus paredes.<\/span><\/p>\n<p style=\"text-align: justify;\"><span style=\"color: #000000;\">La Casa de Austria fue la impulsora de la construcci\u00f3n del santuario, pero \u00e9ste se realiz\u00f3 bajo la dinast\u00eda de los Borbones. Por ello sobre el p\u00f3rtico se ubica un gran escudo de los Borbones. Bajo el techo en el p\u00f3rtico se hallan las estatuas de San Ignacio, San Francisco de Javier, San Francisco de Borja, San Luis Gonzaga y San Estanislao de Kostka.<\/span><\/p>\n<p style=\"text-align: justify;\"><span style=\"color: #000000;\">El templo se inaugur\u00f3 en 1738 y se consagr\u00f3 en 1888 y 1889. Como testigo de esas consagraciones hay dos l\u00e1pidas a ambos lados de la puerta principal. El templo del santuario de Loyola fue declarado bas\u00edlica menor en 1921 por el papa Benedicto XV.<\/span><\/p>\n<p style=\"text-align: justify;\"><span style=\"color: #000000;\">El altar mayor Es de estilo Churrigueresco, dise\u00f1ado por Ignacio \u00cdbero en m\u00e1rmol, flanqueado por dos grandes columnas salom\u00f3nicas.<\/span><\/p>\n<p style=\"text-align: justify;\"><span style=\"color: #000000;\">Destacan el templete de exposici\u00f3n del Sant\u00edsimo y la estatua de plata de san Ignacio de Loyola.\u00a0 Se complementa el altar con las im\u00e1genes de san Jos\u00e9 y san Joaqu\u00edn.<\/span><\/p>\n<p style=\"text-align: justify;\"><span style=\"color: #000000;\">Hay otros seis altares m\u00e1s dedicados al Coraz\u00f3n de Jes\u00fas, a la Virgen del Patrocinio, san Francisco Javier; san Francisco de Borja; san Pedro Claver y san Alonso Rodr\u00edguez, estos cuatro \u00faltimos santos jesuitas espa\u00f1oles.<\/span><\/p>\n<p style=\"text-align: justify;\"><span style=\"color: #000000;\">Al lado del Santuario existe el centro de la espiritualidad Cogarte Etxea.<\/span><\/p>\n<p style=\"text-align: justify;\"><span style=\"color: #000000;\">Al este del santuario, detr\u00e1s de la bas\u00edlica, se extienden los jardines privados del mismo. Un parque de 25 hect\u00e1reas de uso privado para la comunidad y usuarios de los centros de espiritualidad.<\/span><\/p>\n<p style=\"text-align: justify;\"><span style=\"color: #000000;\">Forma parte de los jardines el cementerio del monasterio, que se sit\u00faa en la ladera del monte Erlepater. En el a\u00f1o 2000\u00a0se acondicionaron varios caminos y se coloc\u00f3 un monumento de bronce, obra del Antonio Oteiza, que recuerda la peregrinaci\u00f3n al Santuario de Ar\u00e1nzazu\u00a0de un Ignacio de Loyola ya convertido.<\/span><\/p>\n<p style=\"text-align: justify;\"><span style=\"color: #000000;\">Desde 2003\u00a0se ha venido ornamentando el jard\u00edn con diferentes elementos que estaban almacenados en el santuario, como columnas similares a las del altar mayor y pilas de agua bendita.<\/span><\/p>\n<p style=\"text-align: justify;\"><span style=\"color: #000000;\">Todo ello forma un conjunto integrado en un exuberante paraje natural donde abundan \u00e1rboles t\u00edpicos de la regi\u00f3n, como hayas y robles.<\/span><\/p>\n<p style=\"text-align: justify;\"><span style=\"color: #000000;\">La vida de San Ignacio de Loyola nos muestra un gran ejemplo sobre c\u00f3mo rendirnos ante el Se\u00f1or y vivir de acuerdo a su voluntad. El camino que Ignacio recorri\u00f3 buscando la gloria del Reino de Dios, la vida sencilla y humilde que llev\u00f3, la forma en que sirvi\u00f3 a los pobres y vulnerables deja una pregunta en nuestra mente; \u00bfEstamos tambi\u00e9n cumpliendo el prop\u00f3sito de la vida que Dios ha establecido para nosotros? Al salir del santuario de San Ignacio de Loyola, restauremos nuestra relaci\u00f3n con el Se\u00f1or y recordemos que estamos aqu\u00ed para cumplir Su voluntad y no la nuestra. \u00a1Viva San Ignacio de Loyola!\u00a0 Amen.<\/span><\/p>\n","protected":false},"excerpt":{"rendered":"<p>Azpeitia es un municipio de la provincia de Guip\u00fazcoa en el Pa\u00eds Vasco (Espa\u00f1a), perteneciente a la regi\u00f3n de Urola Costa, con una poblaci\u00f3n aproximada de 16000 habitantes. Es un peque\u00f1o y hermoso pedazo de tierra habitado por Dios. Pero, \u00bfes eso todo lo que describe a Azpeitia o hay algo m\u00e1s que hace a&hellip; <a class=\"more-link\" href=\"https:\/\/catholic-television.com\/es\/santuario-de-san-ignacio-de-loyola\/\">Seguir leyendo <span class=\"screen-reader-text\">Santuario de San Ignacio de Loyola<\/span><\/a><\/p>\n","protected":false},"author":1,"featured_media":4941,"comment_status":"open","ping_status":"open","sticky":false,"template":"","format":"video","meta":{"footnotes":""},"categories":[668,929],"tags":[12767,12776,759,12770,12772,760,12769,12773,12775,12774,12777,12766,12768,12771],"class_list":["post-4939","post","type-post","status-publish","format-video","has-post-thumbnail","hentry","category-bienvenidos","category-santos-lugares-sagrados","tag-azpeitia-pais-vasco","tag-cogarte-etxea","tag-compania-de-jesus","tag-guipuzcoa","tag-inigo-lopez-de-loyola","tag-jesuitas","tag-loiola","tag-san-estanislao-de-kostka","tag-san-francisco-de-borja","tag-san-luis-gonzaga","tag-santuario-de-aranzazu","tag-santuario-san-ignacio-loyola","tag-santuarios-espana","tag-urola-costa","post_format-post-format-video","entry"],"yoast_head":"<!-- This site is optimized with the Yoast SEO plugin v27.4 - https:\/\/yoast.com\/product\/yoast-seo-wordpress\/ -->\n<title>Santuario de San Ignacio de Loyola - Azpeitia Espa\u00f1a - Catholic Television<\/title>\n<meta name=\"description\" content=\"Este es el lugar de nacimiento de San Ignacio Loyola, el fundador de la Compa\u00f1\u00eda de Jes\u00fas, tambi\u00e9n conocido como jesuitas. Naci\u00f3 en 1491, comenz\u00f3 su viaje..\" \/>\n<meta name=\"robots\" content=\"index, follow, max-snippet:-1, max-image-preview:large, max-video-preview:-1\" \/>\n<link rel=\"canonical\" href=\"https:\/\/catholic-television.com\/es\/santuario-de-san-ignacio-de-loyola\/\" \/>\n<meta property=\"og:locale\" content=\"es_ES\" \/>\n<meta property=\"og:type\" content=\"article\" \/>\n<meta property=\"og:title\" content=\"Santuario de San Ignacio de Loyola - Azpeitia Espa\u00f1a - Catholic Television\" \/>\n<meta property=\"og:description\" content=\"Este es el lugar de nacimiento de San Ignacio Loyola, el fundador de la Compa\u00f1\u00eda de Jes\u00fas, tambi\u00e9n conocido como jesuitas. Naci\u00f3 en 1491, comenz\u00f3 su viaje..\" \/>\n<meta property=\"og:url\" content=\"https:\/\/catholic-television.com\/es\/santuario-de-san-ignacio-de-loyola\/\" \/>\n<meta property=\"og:site_name\" content=\"Catholic-television\" \/>\n<meta property=\"article:publisher\" content=\"https:\/\/www.facebook.com\/catholic.television.production\/\" \/>\n<meta property=\"article:published_time\" content=\"2019-11-06T12:04:32+00:00\" \/>\n<meta property=\"og:image\" content=\"https:\/\/catholic-television.com\/wp-content\/uploads\/2019\/11\/Santuario-de-San-Ignacio-de-Loyola-Azpeitia-Espa\u00f1a-Catholic-Television.jpg\" \/>\n\t<meta property=\"og:image:width\" content=\"1024\" \/>\n\t<meta property=\"og:image:height\" content=\"576\" \/>\n\t<meta property=\"og:image:type\" content=\"image\/jpeg\" \/>\n<meta name=\"author\" content=\"David-Rothfuss\" \/>\n<meta name=\"twitter:card\" content=\"summary_large_image\" \/>\n<meta name=\"twitter:creator\" content=\"@catholictele\" \/>\n<meta name=\"twitter:site\" content=\"@catholictele\" \/>\n<meta name=\"twitter:label1\" content=\"Escrito por\" \/>\n\t<meta name=\"twitter:data1\" content=\"David-Rothfuss\" \/>\n\t<meta name=\"twitter:label2\" content=\"Tiempo de lectura\" \/>\n\t<meta name=\"twitter:data2\" content=\"12 minutos\" \/>\n<script type=\"application\/ld+json\" class=\"yoast-schema-graph\">{\"@context\":\"https:\\\/\\\/schema.org\",\"@graph\":[{\"@type\":\"Article\",\"@id\":\"https:\\\/\\\/catholic-television.com\\\/es\\\/santuario-de-san-ignacio-de-loyola\\\/#article\",\"isPartOf\":{\"@id\":\"https:\\\/\\\/catholic-television.com\\\/es\\\/santuario-de-san-ignacio-de-loyola\\\/\"},\"author\":{\"name\":\"David-Rothfuss\",\"@id\":\"https:\\\/\\\/catholic-television.com\\\/es\\\/#\\\/schema\\\/person\\\/e012ff19693cfabdf8f197251428c7dd\"},\"headline\":\"Santuario de San Ignacio de Loyola\",\"datePublished\":\"2019-11-06T12:04:32+00:00\",\"mainEntityOfPage\":{\"@id\":\"https:\\\/\\\/catholic-television.com\\\/es\\\/santuario-de-san-ignacio-de-loyola\\\/\"},\"wordCount\":2321,\"commentCount\":0,\"publisher\":{\"@id\":\"https:\\\/\\\/catholic-television.com\\\/es\\\/#organization\"},\"image\":{\"@id\":\"https:\\\/\\\/catholic-television.com\\\/es\\\/santuario-de-san-ignacio-de-loyola\\\/#primaryimage\"},\"thumbnailUrl\":\"https:\\\/\\\/catholic-television.com\\\/wp-content\\\/uploads\\\/2019\\\/11\\\/Santuario-de-San-Ignacio-de-Loyola-Azpeitia-Espa\u00f1a-Catholic-Television.jpg\",\"keywords\":[\"Azpeitia Pa\u00eds Vasco\",\"Cogarte Etxea\",\"Compa\u00f1\u00eda de Jes\u00fas\",\"Guip\u00fazcoa\",\"I\u00f1igo L\u00f3pez de Loyola\",\"Jesuitas\",\"Loiola\",\"San Estanislao de Kostka\",\"San Francisco de Borja\",\"San Luis Gonzaga\",\"Santuario de Ar\u00e1nzazu\",\"Santuario San Ignacio Loyola\",\"Santuarios Espa\u00f1a\",\"Urola Costa\"],\"articleSection\":[\"Bienvenidos\",\"Santos y lugares sagrados\"],\"inLanguage\":\"es\",\"potentialAction\":[{\"@type\":\"CommentAction\",\"name\":\"Comment\",\"target\":[\"https:\\\/\\\/catholic-television.com\\\/es\\\/santuario-de-san-ignacio-de-loyola\\\/#respond\"]}]},{\"@type\":\"WebPage\",\"@id\":\"https:\\\/\\\/catholic-television.com\\\/es\\\/santuario-de-san-ignacio-de-loyola\\\/\",\"url\":\"https:\\\/\\\/catholic-television.com\\\/es\\\/santuario-de-san-ignacio-de-loyola\\\/\",\"name\":\"Santuario de San Ignacio de Loyola - Azpeitia Espa\u00f1a - Catholic Television\",\"isPartOf\":{\"@id\":\"https:\\\/\\\/catholic-television.com\\\/es\\\/#website\"},\"primaryImageOfPage\":{\"@id\":\"https:\\\/\\\/catholic-television.com\\\/es\\\/santuario-de-san-ignacio-de-loyola\\\/#primaryimage\"},\"image\":{\"@id\":\"https:\\\/\\\/catholic-television.com\\\/es\\\/santuario-de-san-ignacio-de-loyola\\\/#primaryimage\"},\"thumbnailUrl\":\"https:\\\/\\\/catholic-television.com\\\/wp-content\\\/uploads\\\/2019\\\/11\\\/Santuario-de-San-Ignacio-de-Loyola-Azpeitia-Espa\u00f1a-Catholic-Television.jpg\",\"datePublished\":\"2019-11-06T12:04:32+00:00\",\"description\":\"Este es el lugar de nacimiento de San Ignacio Loyola, el fundador de la Compa\u00f1\u00eda de Jes\u00fas, tambi\u00e9n conocido como jesuitas. Naci\u00f3 en 1491, comenz\u00f3 su viaje..\",\"breadcrumb\":{\"@id\":\"https:\\\/\\\/catholic-television.com\\\/es\\\/santuario-de-san-ignacio-de-loyola\\\/#breadcrumb\"},\"inLanguage\":\"es\",\"potentialAction\":[{\"@type\":\"ReadAction\",\"target\":[\"https:\\\/\\\/catholic-television.com\\\/es\\\/santuario-de-san-ignacio-de-loyola\\\/\"]}]},{\"@type\":\"ImageObject\",\"inLanguage\":\"es\",\"@id\":\"https:\\\/\\\/catholic-television.com\\\/es\\\/santuario-de-san-ignacio-de-loyola\\\/#primaryimage\",\"url\":\"https:\\\/\\\/catholic-television.com\\\/wp-content\\\/uploads\\\/2019\\\/11\\\/Santuario-de-San-Ignacio-de-Loyola-Azpeitia-Espa\u00f1a-Catholic-Television.jpg\",\"contentUrl\":\"https:\\\/\\\/catholic-television.com\\\/wp-content\\\/uploads\\\/2019\\\/11\\\/Santuario-de-San-Ignacio-de-Loyola-Azpeitia-Espa\u00f1a-Catholic-Television.jpg\",\"width\":1024,\"height\":576,\"caption\":\"Santuario de San Ignacio de Loyola - Azpeitia Espa\u00f1a - Catholic Television\"},{\"@type\":\"BreadcrumbList\",\"@id\":\"https:\\\/\\\/catholic-television.com\\\/es\\\/santuario-de-san-ignacio-de-loyola\\\/#breadcrumb\",\"itemListElement\":[{\"@type\":\"ListItem\",\"position\":1,\"name\":\"Portada\",\"item\":\"https:\\\/\\\/catholic-television.com\\\/es\\\/?lang=es\"},{\"@type\":\"ListItem\",\"position\":2,\"name\":\"Santuario de San Ignacio de Loyola\"}]},{\"@type\":\"WebSite\",\"@id\":\"https:\\\/\\\/catholic-television.com\\\/es\\\/#website\",\"url\":\"https:\\\/\\\/catholic-television.com\\\/es\\\/\",\"name\":\"Catholic-television\",\"description\":\"Catholic Television\",\"publisher\":{\"@id\":\"https:\\\/\\\/catholic-television.com\\\/es\\\/#organization\"},\"potentialAction\":[{\"@type\":\"SearchAction\",\"target\":{\"@type\":\"EntryPoint\",\"urlTemplate\":\"https:\\\/\\\/catholic-television.com\\\/es\\\/?s={search_term_string}\"},\"query-input\":{\"@type\":\"PropertyValueSpecification\",\"valueRequired\":true,\"valueName\":\"search_term_string\"}}],\"inLanguage\":\"es\"},{\"@type\":\"Organization\",\"@id\":\"https:\\\/\\\/catholic-television.com\\\/es\\\/#organization\",\"name\":\"Catholic-television\",\"url\":\"https:\\\/\\\/catholic-television.com\\\/es\\\/\",\"logo\":{\"@type\":\"ImageObject\",\"inLanguage\":\"es\",\"@id\":\"https:\\\/\\\/catholic-television.com\\\/es\\\/#\\\/schema\\\/logo\\\/image\\\/\",\"url\":\"https:\\\/\\\/catholic-television.com\\\/wp-content\\\/uploads\\\/2019\\\/06\\\/catholic-tv_ok2.png\",\"contentUrl\":\"https:\\\/\\\/catholic-television.com\\\/wp-content\\\/uploads\\\/2019\\\/06\\\/catholic-tv_ok2.png\",\"width\":303,\"height\":99,\"caption\":\"Catholic-television\"},\"image\":{\"@id\":\"https:\\\/\\\/catholic-television.com\\\/es\\\/#\\\/schema\\\/logo\\\/image\\\/\"},\"sameAs\":[\"https:\\\/\\\/www.facebook.com\\\/catholic.television.production\\\/\",\"https:\\\/\\\/x.com\\\/catholictele\"]},{\"@type\":\"Person\",\"@id\":\"https:\\\/\\\/catholic-television.com\\\/es\\\/#\\\/schema\\\/person\\\/e012ff19693cfabdf8f197251428c7dd\",\"name\":\"David-Rothfuss\",\"image\":{\"@type\":\"ImageObject\",\"inLanguage\":\"es\",\"@id\":\"https:\\\/\\\/secure.gravatar.com\\\/avatar\\\/1bdadd82646ed1b1b380724d24278de576a4d7a2551be5b679e8aa17e11be7f6?s=96&d=mm&r=g\",\"url\":\"https:\\\/\\\/secure.gravatar.com\\\/avatar\\\/1bdadd82646ed1b1b380724d24278de576a4d7a2551be5b679e8aa17e11be7f6?s=96&d=mm&r=g\",\"contentUrl\":\"https:\\\/\\\/secure.gravatar.com\\\/avatar\\\/1bdadd82646ed1b1b380724d24278de576a4d7a2551be5b679e8aa17e11be7f6?s=96&d=mm&r=g\",\"caption\":\"David-Rothfuss\"}}]}<\/script>\n<!-- \/ Yoast SEO plugin. -->","yoast_head_json":{"title":"Santuario de San Ignacio de Loyola - Azpeitia Espa\u00f1a - Catholic Television","description":"Este es el lugar de nacimiento de San Ignacio Loyola, el fundador de la Compa\u00f1\u00eda de Jes\u00fas, tambi\u00e9n conocido como jesuitas. Naci\u00f3 en 1491, comenz\u00f3 su viaje..","robots":{"index":"index","follow":"follow","max-snippet":"max-snippet:-1","max-image-preview":"max-image-preview:large","max-video-preview":"max-video-preview:-1"},"canonical":"https:\/\/catholic-television.com\/es\/santuario-de-san-ignacio-de-loyola\/","og_locale":"es_ES","og_type":"article","og_title":"Santuario de San Ignacio de Loyola - Azpeitia Espa\u00f1a - Catholic Television","og_description":"Este es el lugar de nacimiento de San Ignacio Loyola, el fundador de la Compa\u00f1\u00eda de Jes\u00fas, tambi\u00e9n conocido como jesuitas. Naci\u00f3 en 1491, comenz\u00f3 su viaje..","og_url":"https:\/\/catholic-television.com\/es\/santuario-de-san-ignacio-de-loyola\/","og_site_name":"Catholic-television","article_publisher":"https:\/\/www.facebook.com\/catholic.television.production\/","article_published_time":"2019-11-06T12:04:32+00:00","og_image":[{"width":1024,"height":576,"url":"https:\/\/catholic-television.com\/wp-content\/uploads\/2019\/11\/Santuario-de-San-Ignacio-de-Loyola-Azpeitia-Espa\u00f1a-Catholic-Television.jpg","type":"image\/jpeg"}],"author":"David-Rothfuss","twitter_card":"summary_large_image","twitter_creator":"@catholictele","twitter_site":"@catholictele","twitter_misc":{"Escrito por":"David-Rothfuss","Tiempo de lectura":"12 minutos"},"schema":{"@context":"https:\/\/schema.org","@graph":[{"@type":"Article","@id":"https:\/\/catholic-television.com\/es\/santuario-de-san-ignacio-de-loyola\/#article","isPartOf":{"@id":"https:\/\/catholic-television.com\/es\/santuario-de-san-ignacio-de-loyola\/"},"author":{"name":"David-Rothfuss","@id":"https:\/\/catholic-television.com\/es\/#\/schema\/person\/e012ff19693cfabdf8f197251428c7dd"},"headline":"Santuario de San Ignacio de Loyola","datePublished":"2019-11-06T12:04:32+00:00","mainEntityOfPage":{"@id":"https:\/\/catholic-television.com\/es\/santuario-de-san-ignacio-de-loyola\/"},"wordCount":2321,"commentCount":0,"publisher":{"@id":"https:\/\/catholic-television.com\/es\/#organization"},"image":{"@id":"https:\/\/catholic-television.com\/es\/santuario-de-san-ignacio-de-loyola\/#primaryimage"},"thumbnailUrl":"https:\/\/catholic-television.com\/wp-content\/uploads\/2019\/11\/Santuario-de-San-Ignacio-de-Loyola-Azpeitia-Espa\u00f1a-Catholic-Television.jpg","keywords":["Azpeitia Pa\u00eds Vasco","Cogarte Etxea","Compa\u00f1\u00eda de Jes\u00fas","Guip\u00fazcoa","I\u00f1igo L\u00f3pez de Loyola","Jesuitas","Loiola","San Estanislao de Kostka","San Francisco de Borja","San Luis Gonzaga","Santuario de Ar\u00e1nzazu","Santuario San Ignacio Loyola","Santuarios Espa\u00f1a","Urola Costa"],"articleSection":["Bienvenidos","Santos y lugares sagrados"],"inLanguage":"es","potentialAction":[{"@type":"CommentAction","name":"Comment","target":["https:\/\/catholic-television.com\/es\/santuario-de-san-ignacio-de-loyola\/#respond"]}]},{"@type":"WebPage","@id":"https:\/\/catholic-television.com\/es\/santuario-de-san-ignacio-de-loyola\/","url":"https:\/\/catholic-television.com\/es\/santuario-de-san-ignacio-de-loyola\/","name":"Santuario de San Ignacio de Loyola - Azpeitia Espa\u00f1a - Catholic Television","isPartOf":{"@id":"https:\/\/catholic-television.com\/es\/#website"},"primaryImageOfPage":{"@id":"https:\/\/catholic-television.com\/es\/santuario-de-san-ignacio-de-loyola\/#primaryimage"},"image":{"@id":"https:\/\/catholic-television.com\/es\/santuario-de-san-ignacio-de-loyola\/#primaryimage"},"thumbnailUrl":"https:\/\/catholic-television.com\/wp-content\/uploads\/2019\/11\/Santuario-de-San-Ignacio-de-Loyola-Azpeitia-Espa\u00f1a-Catholic-Television.jpg","datePublished":"2019-11-06T12:04:32+00:00","description":"Este es el lugar de nacimiento de San Ignacio Loyola, el fundador de la Compa\u00f1\u00eda de Jes\u00fas, tambi\u00e9n conocido como jesuitas. Naci\u00f3 en 1491, comenz\u00f3 su viaje..","breadcrumb":{"@id":"https:\/\/catholic-television.com\/es\/santuario-de-san-ignacio-de-loyola\/#breadcrumb"},"inLanguage":"es","potentialAction":[{"@type":"ReadAction","target":["https:\/\/catholic-television.com\/es\/santuario-de-san-ignacio-de-loyola\/"]}]},{"@type":"ImageObject","inLanguage":"es","@id":"https:\/\/catholic-television.com\/es\/santuario-de-san-ignacio-de-loyola\/#primaryimage","url":"https:\/\/catholic-television.com\/wp-content\/uploads\/2019\/11\/Santuario-de-San-Ignacio-de-Loyola-Azpeitia-Espa\u00f1a-Catholic-Television.jpg","contentUrl":"https:\/\/catholic-television.com\/wp-content\/uploads\/2019\/11\/Santuario-de-San-Ignacio-de-Loyola-Azpeitia-Espa\u00f1a-Catholic-Television.jpg","width":1024,"height":576,"caption":"Santuario de San Ignacio de Loyola - Azpeitia Espa\u00f1a - Catholic Television"},{"@type":"BreadcrumbList","@id":"https:\/\/catholic-television.com\/es\/santuario-de-san-ignacio-de-loyola\/#breadcrumb","itemListElement":[{"@type":"ListItem","position":1,"name":"Portada","item":"https:\/\/catholic-television.com\/es\/?lang=es"},{"@type":"ListItem","position":2,"name":"Santuario de San Ignacio de Loyola"}]},{"@type":"WebSite","@id":"https:\/\/catholic-television.com\/es\/#website","url":"https:\/\/catholic-television.com\/es\/","name":"Catholic-television","description":"Catholic Television","publisher":{"@id":"https:\/\/catholic-television.com\/es\/#organization"},"potentialAction":[{"@type":"SearchAction","target":{"@type":"EntryPoint","urlTemplate":"https:\/\/catholic-television.com\/es\/?s={search_term_string}"},"query-input":{"@type":"PropertyValueSpecification","valueRequired":true,"valueName":"search_term_string"}}],"inLanguage":"es"},{"@type":"Organization","@id":"https:\/\/catholic-television.com\/es\/#organization","name":"Catholic-television","url":"https:\/\/catholic-television.com\/es\/","logo":{"@type":"ImageObject","inLanguage":"es","@id":"https:\/\/catholic-television.com\/es\/#\/schema\/logo\/image\/","url":"https:\/\/catholic-television.com\/wp-content\/uploads\/2019\/06\/catholic-tv_ok2.png","contentUrl":"https:\/\/catholic-television.com\/wp-content\/uploads\/2019\/06\/catholic-tv_ok2.png","width":303,"height":99,"caption":"Catholic-television"},"image":{"@id":"https:\/\/catholic-television.com\/es\/#\/schema\/logo\/image\/"},"sameAs":["https:\/\/www.facebook.com\/catholic.television.production\/","https:\/\/x.com\/catholictele"]},{"@type":"Person","@id":"https:\/\/catholic-television.com\/es\/#\/schema\/person\/e012ff19693cfabdf8f197251428c7dd","name":"David-Rothfuss","image":{"@type":"ImageObject","inLanguage":"es","@id":"https:\/\/secure.gravatar.com\/avatar\/1bdadd82646ed1b1b380724d24278de576a4d7a2551be5b679e8aa17e11be7f6?s=96&d=mm&r=g","url":"https:\/\/secure.gravatar.com\/avatar\/1bdadd82646ed1b1b380724d24278de576a4d7a2551be5b679e8aa17e11be7f6?s=96&d=mm&r=g","contentUrl":"https:\/\/secure.gravatar.com\/avatar\/1bdadd82646ed1b1b380724d24278de576a4d7a2551be5b679e8aa17e11be7f6?s=96&d=mm&r=g","caption":"David-Rothfuss"}}]}},"_links":{"self":[{"href":"https:\/\/catholic-television.com\/es\/wp-json\/wp\/v2\/posts\/4939","targetHints":{"allow":["GET"]}}],"collection":[{"href":"https:\/\/catholic-television.com\/es\/wp-json\/wp\/v2\/posts"}],"about":[{"href":"https:\/\/catholic-television.com\/es\/wp-json\/wp\/v2\/types\/post"}],"author":[{"embeddable":true,"href":"https:\/\/catholic-television.com\/es\/wp-json\/wp\/v2\/users\/1"}],"replies":[{"embeddable":true,"href":"https:\/\/catholic-television.com\/es\/wp-json\/wp\/v2\/comments?post=4939"}],"version-history":[{"count":1,"href":"https:\/\/catholic-television.com\/es\/wp-json\/wp\/v2\/posts\/4939\/revisions"}],"predecessor-version":[{"id":4943,"href":"https:\/\/catholic-television.com\/es\/wp-json\/wp\/v2\/posts\/4939\/revisions\/4943"}],"wp:featuredmedia":[{"embeddable":true,"href":"https:\/\/catholic-television.com\/es\/wp-json\/wp\/v2\/media\/4941"}],"wp:attachment":[{"href":"https:\/\/catholic-television.com\/es\/wp-json\/wp\/v2\/media?parent=4939"}],"wp:term":[{"taxonomy":"category","embeddable":true,"href":"https:\/\/catholic-television.com\/es\/wp-json\/wp\/v2\/categories?post=4939"},{"taxonomy":"post_tag","embeddable":true,"href":"https:\/\/catholic-television.com\/es\/wp-json\/wp\/v2\/tags?post=4939"}],"curies":[{"name":"wp","href":"https:\/\/api.w.org\/{rel}","templated":true}]}}