{"id":2268,"date":"2017-09-25T11:18:07","date_gmt":"2017-09-25T11:18:07","guid":{"rendered":"https:\/\/catholic-television.com\/wp-staging\/?p=2268\/"},"modified":"2022-11-24T04:25:34","modified_gmt":"2022-11-24T04:25:34","slug":"evangelizacion-online-zara-qandeel-abstenerse-de-juzgar-los-demas","status":"publish","type":"post","link":"https:\/\/catholic-television.com\/es\/evangelizacion-online-zara-qandeel-abstenerse-de-juzgar-los-demas\/","title":{"rendered":"Abstenerse de juzgar a los dem\u00e1s"},"content":{"rendered":"\n<figure class=\"wp-block-embed is-type-video is-provider-youtube wp-block-embed-youtube wp-embed-aspect-16-9 wp-has-aspect-ratio\"><div class=\"wp-block-embed__wrapper\">\n<iframe title=\"Abstenerse de juzgar a los dem\u00e1s (Por: Zara Qandeel)\" width=\"750\" height=\"422\" src=\"https:\/\/www.youtube.com\/embed\/lymoo2kGfFk?feature=oembed\" frameborder=\"0\" allow=\"accelerometer; autoplay; clipboard-write; encrypted-media; gyroscope; picture-in-picture\" allowfullscreen><\/iframe>\n<\/div><\/figure>\n\n\n<p style=\"text-align: justify;\"><span style=\"color: #000000;\">Saludos en el nombre del Se\u00f1or, Hoy leeremos de la Palabra de Dios;<\/span><\/p>\n<p style=\"text-align: justify;\"><span style=\"color: #000000;\">Mateo cap\u00edtulo 7 versos 1 y 2 &#8211; No juzguen, para que no sean juzgados.&nbsp;<strong><sup>&nbsp;<\/sup><\/strong>porque con el juicio con que juzguen ser\u00e1n juzgados, y con la medida con que midan se les medir\u00e1.<\/span><\/p>\n<p style=\"text-align: justify;\"><span style=\"color: #000000;\">Que las bendiciones sean sobre nosotros a trav\u00e9s de la lectura de su Palabra. Mis queridos hermanos y hermanas en Cristo, el mensaje de hoy nos da una lecci\u00f3n sobre juzgar a los dem\u00e1s. Juzgar a otros significa maldecir a alguien que no est\u00e1 presente, y trazar planes hediondos contra otros. La Palabra de Dios nos proh\u00edbe hacerlo. La Palabra de Dios nos ense\u00f1a a no juzgar a los dem\u00e1s, as\u00ed que debemos abstenernos de hacer tales cosas. Y nosotros debemos ser buenos cristianos practicantes. Am\u00e9n.<\/span><\/p>\n<p style=\"text-align: center;\"><span style=\"color: #000000;\">Zar Qandeel<\/span><\/p>\n<p style=\"text-align: center;\"><span style=\"color: #000000;\">Lahore &#8211; Pakistan<\/span><\/p>","protected":false},"excerpt":{"rendered":"<p>Saludos en el nombre del Se\u00f1or, Hoy leeremos de la Palabra de Dios; Mateo cap\u00edtulo 7 versos 1 y 2 &#8211; No juzguen, para que no sean juzgados.&nbsp;&nbsp;porque con el juicio con que juzguen ser\u00e1n juzgados, y con la medida con que midan se les medir\u00e1. Que las bendiciones sean sobre nosotros a trav\u00e9s de&hellip; <a class=\"more-link\" href=\"https:\/\/catholic-television.com\/es\/evangelizacion-online-zara-qandeel-abstenerse-de-juzgar-los-demas\/\">Seguir leyendo <span class=\"screen-reader-text\">Abstenerse de juzgar a los dem\u00e1s<\/span><\/a><\/p>\n","protected":false},"author":1,"featured_media":2269,"comment_status":"open","ping_status":"open","sticky":false,"template":"","format":"video","meta":{"footnotes":""},"categories":[668,656,18080],"tags":[3652,3656,3651,2320,3653,2072,3654,3655,692,23458],"class_list":["post-2268","post","type-post","status-publish","format-video","has-post-thumbnail","hentry","category-bienvenidos","category-mensaje-del-dia","category-videos","tag-abstenerse-de-juzgar","tag-cristianos-practicantes","tag-evangelizacion-online","tag-hermanos-en-cristo","tag-juzgar-a-los-demas","tag-maldecir","tag-mateo-capitulo-7","tag-no-juzguen","tag-palabra-de-dios","tag-zara-qandeel-es","post_format-post-format-video","entry"],"yoast_head":"<!-- This site is optimized with the Yoast SEO plugin v27.5 - https:\/\/yoast.com\/product\/yoast-seo-wordpress\/ -->\n<title>Abstenerse de juzgar a los dem\u00e1s | Zara Qandeel | Evangelizaci\u00f3n Online<\/title>\n<meta name=\"description\" content=\"La Palabra de Dios nos ense\u00f1a a no juzgar a los dem\u00e1s, as\u00ed que debemos abstenernos de hacer tales cosas. Y nosotros debemos ser buenos cristianos practica..\" \/>\n<meta name=\"robots\" content=\"index, follow, max-snippet:-1, max-image-preview:large, max-video-preview:-1\" \/>\n<link rel=\"canonical\" href=\"https:\/\/catholic-television.com\/es\/evangelizacion-online-zara-qandeel-abstenerse-de-juzgar-los-demas\/\" \/>\n<meta property=\"og:locale\" content=\"es_ES\" \/>\n<meta property=\"og:type\" content=\"article\" \/>\n<meta property=\"og:title\" content=\"Abstenerse de juzgar a los dem\u00e1s | Zara Qandeel | Evangelizaci\u00f3n Online\" \/>\n<meta property=\"og:description\" content=\"La Palabra de Dios nos ense\u00f1a a no juzgar a los dem\u00e1s, as\u00ed que debemos abstenernos de hacer tales cosas. Y nosotros debemos ser buenos cristianos practica..\" \/>\n<meta property=\"og:url\" content=\"https:\/\/catholic-television.com\/es\/evangelizacion-online-zara-qandeel-abstenerse-de-juzgar-los-demas\/\" \/>\n<meta property=\"og:site_name\" content=\"Catholic-television\" \/>\n<meta property=\"article:publisher\" content=\"https:\/\/www.facebook.com\/catholic.television.production\/\" \/>\n<meta property=\"article:published_time\" content=\"2017-09-25T11:18:07+00:00\" \/>\n<meta property=\"article:modified_time\" content=\"2022-11-24T04:25:34+00:00\" \/>\n<meta property=\"og:image\" content=\"https:\/\/catholic-television.com\/wp-content\/uploads\/2017\/09\/Abstenerse-de-juzgar-a-los-dem\u00e1s-Zara-Qandeel-Evangelizaci\u00f3n-Online-.jpg\" \/>\n\t<meta property=\"og:image:width\" content=\"1200\" \/>\n\t<meta property=\"og:image:height\" content=\"799\" \/>\n\t<meta property=\"og:image:type\" content=\"image\/jpeg\" \/>\n<meta name=\"author\" content=\"David-Rothfuss\" \/>\n<meta name=\"twitter:card\" content=\"summary_large_image\" \/>\n<meta name=\"twitter:creator\" content=\"@catholictele\" \/>\n<meta name=\"twitter:site\" content=\"@catholictele\" \/>\n<meta name=\"twitter:label1\" content=\"Escrito por\" \/>\n\t<meta name=\"twitter:data1\" content=\"David-Rothfuss\" \/>\n\t<meta name=\"twitter:label2\" content=\"Tiempo de lectura\" \/>\n\t<meta name=\"twitter:data2\" content=\"1 minuto\" \/>\n<script type=\"application\/ld+json\" class=\"yoast-schema-graph\">{\"@context\":\"https:\\\/\\\/schema.org\",\"@graph\":[{\"@type\":\"Article\",\"@id\":\"https:\\\/\\\/catholic-television.com\\\/es\\\/evangelizacion-online-zara-qandeel-abstenerse-de-juzgar-los-demas\\\/#article\",\"isPartOf\":{\"@id\":\"https:\\\/\\\/catholic-television.com\\\/es\\\/evangelizacion-online-zara-qandeel-abstenerse-de-juzgar-los-demas\\\/\"},\"author\":{\"name\":\"David-Rothfuss\",\"@id\":\"https:\\\/\\\/catholic-television.com\\\/es\\\/#\\\/schema\\\/person\\\/e012ff19693cfabdf8f197251428c7dd\"},\"headline\":\"Abstenerse de juzgar a los dem\u00e1s\",\"datePublished\":\"2017-09-25T11:18:07+00:00\",\"dateModified\":\"2022-11-24T04:25:34+00:00\",\"mainEntityOfPage\":{\"@id\":\"https:\\\/\\\/catholic-television.com\\\/es\\\/evangelizacion-online-zara-qandeel-abstenerse-de-juzgar-los-demas\\\/\"},\"wordCount\":162,\"commentCount\":0,\"publisher\":{\"@id\":\"https:\\\/\\\/catholic-television.com\\\/es\\\/#organization\"},\"image\":{\"@id\":\"https:\\\/\\\/catholic-television.com\\\/es\\\/evangelizacion-online-zara-qandeel-abstenerse-de-juzgar-los-demas\\\/#primaryimage\"},\"thumbnailUrl\":\"https:\\\/\\\/catholic-television.com\\\/wp-content\\\/uploads\\\/2017\\\/09\\\/Abstenerse-de-juzgar-a-los-dem\u00e1s-Zara-Qandeel-Evangelizaci\u00f3n-Online-.jpg\",\"keywords\":[\"Abstenerse de juzgar\",\"cristianos practicantes\",\"Evangelizaci\u00f3n Online\",\"Hermanos en Cristo\",\"juzgar a los dem\u00e1s\",\"maldecir\",\"Mateo cap\u00edtulo 7\",\"No juzguen\",\"Palabra de Dios\",\"Zara Qandeel\"],\"articleSection\":[\"Bienvenidos\",\"Mensaje del d\u00eda\",\"Videos\"],\"inLanguage\":\"es\",\"potentialAction\":[{\"@type\":\"CommentAction\",\"name\":\"Comment\",\"target\":[\"https:\\\/\\\/catholic-television.com\\\/es\\\/evangelizacion-online-zara-qandeel-abstenerse-de-juzgar-los-demas\\\/#respond\"]}]},{\"@type\":\"WebPage\",\"@id\":\"https:\\\/\\\/catholic-television.com\\\/es\\\/evangelizacion-online-zara-qandeel-abstenerse-de-juzgar-los-demas\\\/\",\"url\":\"https:\\\/\\\/catholic-television.com\\\/es\\\/evangelizacion-online-zara-qandeel-abstenerse-de-juzgar-los-demas\\\/\",\"name\":\"Abstenerse de juzgar a los dem\u00e1s | Zara Qandeel | Evangelizaci\u00f3n Online\",\"isPartOf\":{\"@id\":\"https:\\\/\\\/catholic-television.com\\\/es\\\/#website\"},\"primaryImageOfPage\":{\"@id\":\"https:\\\/\\\/catholic-television.com\\\/es\\\/evangelizacion-online-zara-qandeel-abstenerse-de-juzgar-los-demas\\\/#primaryimage\"},\"image\":{\"@id\":\"https:\\\/\\\/catholic-television.com\\\/es\\\/evangelizacion-online-zara-qandeel-abstenerse-de-juzgar-los-demas\\\/#primaryimage\"},\"thumbnailUrl\":\"https:\\\/\\\/catholic-television.com\\\/wp-content\\\/uploads\\\/2017\\\/09\\\/Abstenerse-de-juzgar-a-los-dem\u00e1s-Zara-Qandeel-Evangelizaci\u00f3n-Online-.jpg\",\"datePublished\":\"2017-09-25T11:18:07+00:00\",\"dateModified\":\"2022-11-24T04:25:34+00:00\",\"description\":\"La Palabra de Dios nos ense\u00f1a a no juzgar a los dem\u00e1s, as\u00ed que debemos abstenernos de hacer tales cosas. Y nosotros debemos ser buenos cristianos practica..\",\"breadcrumb\":{\"@id\":\"https:\\\/\\\/catholic-television.com\\\/es\\\/evangelizacion-online-zara-qandeel-abstenerse-de-juzgar-los-demas\\\/#breadcrumb\"},\"inLanguage\":\"es\",\"potentialAction\":[{\"@type\":\"ReadAction\",\"target\":[\"https:\\\/\\\/catholic-television.com\\\/es\\\/evangelizacion-online-zara-qandeel-abstenerse-de-juzgar-los-demas\\\/\"]}]},{\"@type\":\"ImageObject\",\"inLanguage\":\"es\",\"@id\":\"https:\\\/\\\/catholic-television.com\\\/es\\\/evangelizacion-online-zara-qandeel-abstenerse-de-juzgar-los-demas\\\/#primaryimage\",\"url\":\"https:\\\/\\\/catholic-television.com\\\/wp-content\\\/uploads\\\/2017\\\/09\\\/Abstenerse-de-juzgar-a-los-dem\u00e1s-Zara-Qandeel-Evangelizaci\u00f3n-Online-.jpg\",\"contentUrl\":\"https:\\\/\\\/catholic-television.com\\\/wp-content\\\/uploads\\\/2017\\\/09\\\/Abstenerse-de-juzgar-a-los-dem\u00e1s-Zara-Qandeel-Evangelizaci\u00f3n-Online-.jpg\",\"width\":1200,\"height\":799,\"caption\":\"Abstenerse de juzgar a los dem\u00e1s - Zara Qandeel - Evangelizaci\u00f3n Online\"},{\"@type\":\"BreadcrumbList\",\"@id\":\"https:\\\/\\\/catholic-television.com\\\/es\\\/evangelizacion-online-zara-qandeel-abstenerse-de-juzgar-los-demas\\\/#breadcrumb\",\"itemListElement\":[{\"@type\":\"ListItem\",\"position\":1,\"name\":\"Portada\",\"item\":\"https:\\\/\\\/catholic-television.com\\\/es\\\/?lang=es\"},{\"@type\":\"ListItem\",\"position\":2,\"name\":\"Abstenerse de juzgar a los dem\u00e1s\"}]},{\"@type\":\"WebSite\",\"@id\":\"https:\\\/\\\/catholic-television.com\\\/es\\\/#website\",\"url\":\"https:\\\/\\\/catholic-television.com\\\/es\\\/\",\"name\":\"Catholic-television\",\"description\":\"Catholic Television\",\"publisher\":{\"@id\":\"https:\\\/\\\/catholic-television.com\\\/es\\\/#organization\"},\"potentialAction\":[{\"@type\":\"SearchAction\",\"target\":{\"@type\":\"EntryPoint\",\"urlTemplate\":\"https:\\\/\\\/catholic-television.com\\\/es\\\/?s={search_term_string}\"},\"query-input\":{\"@type\":\"PropertyValueSpecification\",\"valueRequired\":true,\"valueName\":\"search_term_string\"}}],\"inLanguage\":\"es\"},{\"@type\":\"Organization\",\"@id\":\"https:\\\/\\\/catholic-television.com\\\/es\\\/#organization\",\"name\":\"Catholic-television\",\"url\":\"https:\\\/\\\/catholic-television.com\\\/es\\\/\",\"logo\":{\"@type\":\"ImageObject\",\"inLanguage\":\"es\",\"@id\":\"https:\\\/\\\/catholic-television.com\\\/es\\\/#\\\/schema\\\/logo\\\/image\\\/\",\"url\":\"https:\\\/\\\/catholic-television.com\\\/wp-content\\\/uploads\\\/2019\\\/06\\\/catholic-tv_ok2.png\",\"contentUrl\":\"https:\\\/\\\/catholic-television.com\\\/wp-content\\\/uploads\\\/2019\\\/06\\\/catholic-tv_ok2.png\",\"width\":303,\"height\":99,\"caption\":\"Catholic-television\"},\"image\":{\"@id\":\"https:\\\/\\\/catholic-television.com\\\/es\\\/#\\\/schema\\\/logo\\\/image\\\/\"},\"sameAs\":[\"https:\\\/\\\/www.facebook.com\\\/catholic.television.production\\\/\",\"https:\\\/\\\/x.com\\\/catholictele\"]},{\"@type\":\"Person\",\"@id\":\"https:\\\/\\\/catholic-television.com\\\/es\\\/#\\\/schema\\\/person\\\/e012ff19693cfabdf8f197251428c7dd\",\"name\":\"David-Rothfuss\",\"image\":{\"@type\":\"ImageObject\",\"inLanguage\":\"es\",\"@id\":\"https:\\\/\\\/secure.gravatar.com\\\/avatar\\\/1bdadd82646ed1b1b380724d24278de576a4d7a2551be5b679e8aa17e11be7f6?s=96&d=mm&r=g\",\"url\":\"https:\\\/\\\/secure.gravatar.com\\\/avatar\\\/1bdadd82646ed1b1b380724d24278de576a4d7a2551be5b679e8aa17e11be7f6?s=96&d=mm&r=g\",\"contentUrl\":\"https:\\\/\\\/secure.gravatar.com\\\/avatar\\\/1bdadd82646ed1b1b380724d24278de576a4d7a2551be5b679e8aa17e11be7f6?s=96&d=mm&r=g\",\"caption\":\"David-Rothfuss\"}}]}<\/script>\n<!-- \/ Yoast SEO plugin. -->","yoast_head_json":{"title":"Abstenerse de juzgar a los dem\u00e1s | Zara Qandeel | Evangelizaci\u00f3n Online","description":"La Palabra de Dios nos ense\u00f1a a no juzgar a los dem\u00e1s, as\u00ed que debemos abstenernos de hacer tales cosas. Y nosotros debemos ser buenos cristianos practica..","robots":{"index":"index","follow":"follow","max-snippet":"max-snippet:-1","max-image-preview":"max-image-preview:large","max-video-preview":"max-video-preview:-1"},"canonical":"https:\/\/catholic-television.com\/es\/evangelizacion-online-zara-qandeel-abstenerse-de-juzgar-los-demas\/","og_locale":"es_ES","og_type":"article","og_title":"Abstenerse de juzgar a los dem\u00e1s | Zara Qandeel | Evangelizaci\u00f3n Online","og_description":"La Palabra de Dios nos ense\u00f1a a no juzgar a los dem\u00e1s, as\u00ed que debemos abstenernos de hacer tales cosas. Y nosotros debemos ser buenos cristianos practica..","og_url":"https:\/\/catholic-television.com\/es\/evangelizacion-online-zara-qandeel-abstenerse-de-juzgar-los-demas\/","og_site_name":"Catholic-television","article_publisher":"https:\/\/www.facebook.com\/catholic.television.production\/","article_published_time":"2017-09-25T11:18:07+00:00","article_modified_time":"2022-11-24T04:25:34+00:00","og_image":[{"width":1200,"height":799,"url":"https:\/\/catholic-television.com\/wp-content\/uploads\/2017\/09\/Abstenerse-de-juzgar-a-los-dem\u00e1s-Zara-Qandeel-Evangelizaci\u00f3n-Online-.jpg","type":"image\/jpeg"}],"author":"David-Rothfuss","twitter_card":"summary_large_image","twitter_creator":"@catholictele","twitter_site":"@catholictele","twitter_misc":{"Escrito por":"David-Rothfuss","Tiempo de lectura":"1 minuto"},"schema":{"@context":"https:\/\/schema.org","@graph":[{"@type":"Article","@id":"https:\/\/catholic-television.com\/es\/evangelizacion-online-zara-qandeel-abstenerse-de-juzgar-los-demas\/#article","isPartOf":{"@id":"https:\/\/catholic-television.com\/es\/evangelizacion-online-zara-qandeel-abstenerse-de-juzgar-los-demas\/"},"author":{"name":"David-Rothfuss","@id":"https:\/\/catholic-television.com\/es\/#\/schema\/person\/e012ff19693cfabdf8f197251428c7dd"},"headline":"Abstenerse de juzgar a los dem\u00e1s","datePublished":"2017-09-25T11:18:07+00:00","dateModified":"2022-11-24T04:25:34+00:00","mainEntityOfPage":{"@id":"https:\/\/catholic-television.com\/es\/evangelizacion-online-zara-qandeel-abstenerse-de-juzgar-los-demas\/"},"wordCount":162,"commentCount":0,"publisher":{"@id":"https:\/\/catholic-television.com\/es\/#organization"},"image":{"@id":"https:\/\/catholic-television.com\/es\/evangelizacion-online-zara-qandeel-abstenerse-de-juzgar-los-demas\/#primaryimage"},"thumbnailUrl":"https:\/\/catholic-television.com\/wp-content\/uploads\/2017\/09\/Abstenerse-de-juzgar-a-los-dem\u00e1s-Zara-Qandeel-Evangelizaci\u00f3n-Online-.jpg","keywords":["Abstenerse de juzgar","cristianos practicantes","Evangelizaci\u00f3n Online","Hermanos en Cristo","juzgar a los dem\u00e1s","maldecir","Mateo cap\u00edtulo 7","No juzguen","Palabra de Dios","Zara Qandeel"],"articleSection":["Bienvenidos","Mensaje del d\u00eda","Videos"],"inLanguage":"es","potentialAction":[{"@type":"CommentAction","name":"Comment","target":["https:\/\/catholic-television.com\/es\/evangelizacion-online-zara-qandeel-abstenerse-de-juzgar-los-demas\/#respond"]}]},{"@type":"WebPage","@id":"https:\/\/catholic-television.com\/es\/evangelizacion-online-zara-qandeel-abstenerse-de-juzgar-los-demas\/","url":"https:\/\/catholic-television.com\/es\/evangelizacion-online-zara-qandeel-abstenerse-de-juzgar-los-demas\/","name":"Abstenerse de juzgar a los dem\u00e1s | Zara Qandeel | Evangelizaci\u00f3n Online","isPartOf":{"@id":"https:\/\/catholic-television.com\/es\/#website"},"primaryImageOfPage":{"@id":"https:\/\/catholic-television.com\/es\/evangelizacion-online-zara-qandeel-abstenerse-de-juzgar-los-demas\/#primaryimage"},"image":{"@id":"https:\/\/catholic-television.com\/es\/evangelizacion-online-zara-qandeel-abstenerse-de-juzgar-los-demas\/#primaryimage"},"thumbnailUrl":"https:\/\/catholic-television.com\/wp-content\/uploads\/2017\/09\/Abstenerse-de-juzgar-a-los-dem\u00e1s-Zara-Qandeel-Evangelizaci\u00f3n-Online-.jpg","datePublished":"2017-09-25T11:18:07+00:00","dateModified":"2022-11-24T04:25:34+00:00","description":"La Palabra de Dios nos ense\u00f1a a no juzgar a los dem\u00e1s, as\u00ed que debemos abstenernos de hacer tales cosas. Y nosotros debemos ser buenos cristianos practica..","breadcrumb":{"@id":"https:\/\/catholic-television.com\/es\/evangelizacion-online-zara-qandeel-abstenerse-de-juzgar-los-demas\/#breadcrumb"},"inLanguage":"es","potentialAction":[{"@type":"ReadAction","target":["https:\/\/catholic-television.com\/es\/evangelizacion-online-zara-qandeel-abstenerse-de-juzgar-los-demas\/"]}]},{"@type":"ImageObject","inLanguage":"es","@id":"https:\/\/catholic-television.com\/es\/evangelizacion-online-zara-qandeel-abstenerse-de-juzgar-los-demas\/#primaryimage","url":"https:\/\/catholic-television.com\/wp-content\/uploads\/2017\/09\/Abstenerse-de-juzgar-a-los-dem\u00e1s-Zara-Qandeel-Evangelizaci\u00f3n-Online-.jpg","contentUrl":"https:\/\/catholic-television.com\/wp-content\/uploads\/2017\/09\/Abstenerse-de-juzgar-a-los-dem\u00e1s-Zara-Qandeel-Evangelizaci\u00f3n-Online-.jpg","width":1200,"height":799,"caption":"Abstenerse de juzgar a los dem\u00e1s - Zara Qandeel - Evangelizaci\u00f3n Online"},{"@type":"BreadcrumbList","@id":"https:\/\/catholic-television.com\/es\/evangelizacion-online-zara-qandeel-abstenerse-de-juzgar-los-demas\/#breadcrumb","itemListElement":[{"@type":"ListItem","position":1,"name":"Portada","item":"https:\/\/catholic-television.com\/es\/?lang=es"},{"@type":"ListItem","position":2,"name":"Abstenerse de juzgar a los dem\u00e1s"}]},{"@type":"WebSite","@id":"https:\/\/catholic-television.com\/es\/#website","url":"https:\/\/catholic-television.com\/es\/","name":"Catholic-television","description":"Catholic Television","publisher":{"@id":"https:\/\/catholic-television.com\/es\/#organization"},"potentialAction":[{"@type":"SearchAction","target":{"@type":"EntryPoint","urlTemplate":"https:\/\/catholic-television.com\/es\/?s={search_term_string}"},"query-input":{"@type":"PropertyValueSpecification","valueRequired":true,"valueName":"search_term_string"}}],"inLanguage":"es"},{"@type":"Organization","@id":"https:\/\/catholic-television.com\/es\/#organization","name":"Catholic-television","url":"https:\/\/catholic-television.com\/es\/","logo":{"@type":"ImageObject","inLanguage":"es","@id":"https:\/\/catholic-television.com\/es\/#\/schema\/logo\/image\/","url":"https:\/\/catholic-television.com\/wp-content\/uploads\/2019\/06\/catholic-tv_ok2.png","contentUrl":"https:\/\/catholic-television.com\/wp-content\/uploads\/2019\/06\/catholic-tv_ok2.png","width":303,"height":99,"caption":"Catholic-television"},"image":{"@id":"https:\/\/catholic-television.com\/es\/#\/schema\/logo\/image\/"},"sameAs":["https:\/\/www.facebook.com\/catholic.television.production\/","https:\/\/x.com\/catholictele"]},{"@type":"Person","@id":"https:\/\/catholic-television.com\/es\/#\/schema\/person\/e012ff19693cfabdf8f197251428c7dd","name":"David-Rothfuss","image":{"@type":"ImageObject","inLanguage":"es","@id":"https:\/\/secure.gravatar.com\/avatar\/1bdadd82646ed1b1b380724d24278de576a4d7a2551be5b679e8aa17e11be7f6?s=96&d=mm&r=g","url":"https:\/\/secure.gravatar.com\/avatar\/1bdadd82646ed1b1b380724d24278de576a4d7a2551be5b679e8aa17e11be7f6?s=96&d=mm&r=g","contentUrl":"https:\/\/secure.gravatar.com\/avatar\/1bdadd82646ed1b1b380724d24278de576a4d7a2551be5b679e8aa17e11be7f6?s=96&d=mm&r=g","caption":"David-Rothfuss"}}]}},"_links":{"self":[{"href":"https:\/\/catholic-television.com\/es\/wp-json\/wp\/v2\/posts\/2268","targetHints":{"allow":["GET"]}}],"collection":[{"href":"https:\/\/catholic-television.com\/es\/wp-json\/wp\/v2\/posts"}],"about":[{"href":"https:\/\/catholic-television.com\/es\/wp-json\/wp\/v2\/types\/post"}],"author":[{"embeddable":true,"href":"https:\/\/catholic-television.com\/es\/wp-json\/wp\/v2\/users\/1"}],"replies":[{"embeddable":true,"href":"https:\/\/catholic-television.com\/es\/wp-json\/wp\/v2\/comments?post=2268"}],"version-history":[{"count":2,"href":"https:\/\/catholic-television.com\/es\/wp-json\/wp\/v2\/posts\/2268\/revisions"}],"predecessor-version":[{"id":17074,"href":"https:\/\/catholic-television.com\/es\/wp-json\/wp\/v2\/posts\/2268\/revisions\/17074"}],"wp:featuredmedia":[{"embeddable":true,"href":"https:\/\/catholic-television.com\/es\/wp-json\/wp\/v2\/media\/2269"}],"wp:attachment":[{"href":"https:\/\/catholic-television.com\/es\/wp-json\/wp\/v2\/media?parent=2268"}],"wp:term":[{"taxonomy":"category","embeddable":true,"href":"https:\/\/catholic-television.com\/es\/wp-json\/wp\/v2\/categories?post=2268"},{"taxonomy":"post_tag","embeddable":true,"href":"https:\/\/catholic-television.com\/es\/wp-json\/wp\/v2\/tags?post=2268"}],"curies":[{"name":"wp","href":"https:\/\/api.w.org\/{rel}","templated":true}]}}