{"id":1883,"date":"2017-02-28T22:50:37","date_gmt":"2017-02-28T22:50:37","guid":{"rendered":"https:\/\/catholic-television.com\/wp-staging\/?p=1883\/"},"modified":"2022-12-04T10:27:10","modified_gmt":"2022-12-04T10:27:10","slug":"los-milagros-en-el-nombre-del-san-jose-maria-rubio-beatificacion-y-canonizacion","status":"publish","type":"post","link":"https:\/\/catholic-television.com\/es\/los-milagros-en-el-nombre-del-san-jose-maria-rubio-beatificacion-y-canonizacion\/","title":{"rendered":"San Jos\u00e9 Mar\u00eda Rubio &#8211; Los Milagros que le hicieron Santo"},"content":{"rendered":"\n<figure class=\"wp-block-embed is-type-video is-provider-youtube wp-block-embed-youtube wp-embed-aspect-16-9 wp-has-aspect-ratio\"><div class=\"wp-block-embed__wrapper\">\n<iframe title=\"Padre Jos\u00e9 Mar\u00eda Rubio - Los Milagros que le hicieron Santo\" width=\"750\" height=\"422\" src=\"https:\/\/www.youtube.com\/embed\/3yBCA101iLw?feature=oembed\" frameborder=\"0\" allow=\"accelerometer; autoplay; clipboard-write; encrypted-media; gyroscope; picture-in-picture\" allowfullscreen><\/iframe>\n<\/div><\/figure>\n\n\n<p style=\"text-align: justify;\"><span style=\"color: #000000;\">El padre San Jos\u00e9 Mar\u00eda Rubio muri\u00f3 el 2 de Mayo de 1929, sentado en una butaca con los ojos puestos en el cielo. Se cuenta que en todo Madrid no se dejaba de repetir, \u00a1Ha muerto un santo! Dando a entender que ya en vida la gente le consideraba un santo por la manera en que ayudaba a los pobres, viv\u00eda una vida sencilla y ense\u00f1aba la palabra de Dios.<\/span><\/p>\n<p style=\"text-align: justify;\"><span style=\"color: #000000;\">Pero hoy queremos ayudarles a conocer cu\u00e1les fueron las 3 curaciones m\u00e1s impactantes y que han sido oficialmente calificadas de Milagros en nombre del padre Rubio, sucedieron por orden cronol\u00f3gico en Dal\u00edas, su lugar de nacimiento, Aranjuez, donde falleci\u00f3 y Madrid, la ciudad por la cual el padre Rubio siempre tuvo un gran amor.<\/span><\/p>\n<ul style=\"text-align: justify;\">\n<li><span style=\"color: #000000;\"><strong>Primer milagro \u2013 1944 &#8211; Mar\u00eda Dolores Terr\u00e9s<\/strong><\/span><\/li>\n<\/ul>\n<p style=\"text-align: justify;\"><span style=\"color: #000000;\">En Julio de 1944, el doctor Alberto Berdejo le diagnostico un tumor maligno, con peligro de muerte, y orden\u00f3 su hospitalizaci\u00f3n. Su hermana encarnaci\u00f3n pens\u00f3 en el padre Rubio y comenz\u00f3 una novena de oraciones. Inexplicablemente, al ingresar en el hospital no quedaba ni rastro del tumor ni hab\u00eda se\u00f1al alguna de su existencia. Por este milagro se abre el proceso de \u201cfama de santidad y milagros\u201d del padre Rubio el 30 de Abril de 1945.<\/span><\/p>\n<ul style=\"text-align: justify;\">\n<li><span style=\"color: #000000;\"><strong>Segundo milagro &#8211; 1953 &#8211; Mar\u00eda Victoria Guzm\u00e1n<\/strong><\/span><\/li>\n<\/ul>\n<p style=\"text-align: justify;\"><span style=\"color: #000000;\">A la edad de dos a\u00f1os y medio, Mar\u00eda Victoria padece una meningitis tuberculosa que la conduce irremediablemente hacia la muerte. La madre pensando que nada es imposible para Dios, pide que busquen una reliquia del padre Rubio. Al cabo de un rato, la ni\u00f1a se incorpora habiendo superado la enfermedad sin ninguna explicaci\u00f3n natural. Milagro que sirvi\u00f3 para la beatificaci\u00f3n del Padre Rubio, el 6 de octubre de 1985.<\/span><\/p>\n<ul style=\"text-align: justify;\">\n<li><span style=\"color: #000000;\"><strong>Tercer milagro \u2013 1987 &#8211; Jos\u00e9 L. G\u00f3mez-Munt\u00e1n, S.J.<\/strong><\/span><\/li>\n<\/ul>\n<p style=\"text-align: justify;\"><span style=\"color: #000000;\">Curaci\u00f3n total y sin explicaci\u00f3n medica de un tumor maligno de pulm\u00f3n, en avanzado proceso de expansi\u00f3n. Desde el primer momento el P. Santiago Garc\u00eda-Lomas, superior de la casa profesa en la que resid\u00eda G\u00f3mez Munt\u00e1n, pidi\u00f3 por su curaci\u00f3n por la intercesi\u00f3n del P. Rubio por quien sent\u00eda gran devoci\u00f3n. Este milagro se present\u00f3 para la canonizaci\u00f3n de Jos\u00e9 Mar\u00eda Rubio.<\/span><\/p>\n<p style=\"text-align: justify;\"><span style=\"color: #000000;\">Para su canonizaci\u00f3n dieron fe 33 testigos oculares y se tuvieron en cuentan las 3 curaciones milagrosas contadas anteriormente.<\/span><\/p>\n<p style=\"text-align: justify;\"><span style=\"color: #000000;\">El 4 de Mayo del 2003 fue canonizado en Madrid por el Papa Juan Pablo ll.<\/span><\/p>","protected":false},"excerpt":{"rendered":"<p>El padre San Jos\u00e9 Mar\u00eda Rubio muri\u00f3 el 2 de Mayo de 1929, sentado en una butaca con los ojos puestos en el cielo. Se cuenta que en todo Madrid no se dejaba de repetir, \u00a1Ha muerto un santo! Dando a entender que ya en vida la gente le consideraba un santo por la manera&hellip; <a class=\"more-link\" href=\"https:\/\/catholic-television.com\/es\/los-milagros-en-el-nombre-del-san-jose-maria-rubio-beatificacion-y-canonizacion\/\">Seguir leyendo <span class=\"screen-reader-text\">San Jos\u00e9 Mar\u00eda Rubio &#8211; Los Milagros que le hicieron Santo<\/span><\/a><\/p>\n","protected":false},"author":1,"featured_media":3228,"comment_status":"open","ping_status":"open","sticky":false,"template":"","format":"video","meta":{"footnotes":""},"categories":[668,929],"tags":[2203,759,2204,2187,1506,2202,23453,23454,2201,2200,2205,2199],"class_list":["post-1883","post","type-post","status-publish","format-video","has-post-thumbnail","hentry","category-bienvenidos","category-santos-lugares-sagrados","tag-canonizacion-de-jose-maria-rubio","tag-compania-de-jesus","tag-curaciones-milagrosas-padre-rubio","tag-dalias-almeria-espana","tag-jesuitas-espana","tag-jose-l-gomez-muntan-s-j","tag-maria-dolores-terres-es","tag-maria-victoria-guzman-es","tag-milagros-en-nombre-del-padre-rubio","tag-milagros-padre-rubio-jesuita","tag-papa-juan-pablo-ll","tag-san-jose-maria-rubio","post_format-post-format-video","entry"],"yoast_head":"<!-- This site is optimized with the Yoast SEO plugin v27.5 - https:\/\/yoast.com\/product\/yoast-seo-wordpress\/ -->\n<title>Los Milagros en el nombre del San Jos\u00e9 Mar\u00eda Rubio | Beatificaci\u00f3n y Canonizaci\u00f3n<\/title>\n<meta name=\"description\" content=\"queremos ayudarles a conocer cu\u00e1les fueron las 3 curaciones m\u00e1s impactantes y que han sido oficialmente calificadas de Milagros en nombre del padre Rubio...\" \/>\n<meta name=\"robots\" content=\"index, follow, max-snippet:-1, max-image-preview:large, max-video-preview:-1\" \/>\n<link rel=\"canonical\" href=\"https:\/\/catholic-television.com\/es\/los-milagros-en-el-nombre-del-san-jose-maria-rubio-beatificacion-y-canonizacion\/\" \/>\n<meta property=\"og:locale\" content=\"es_ES\" \/>\n<meta property=\"og:type\" content=\"article\" \/>\n<meta property=\"og:title\" content=\"Los Milagros en el nombre del San Jos\u00e9 Mar\u00eda Rubio | Beatificaci\u00f3n y Canonizaci\u00f3n\" \/>\n<meta property=\"og:description\" content=\"queremos ayudarles a conocer cu\u00e1les fueron las 3 curaciones m\u00e1s impactantes y que han sido oficialmente calificadas de Milagros en nombre del padre Rubio...\" \/>\n<meta property=\"og:url\" content=\"https:\/\/catholic-television.com\/es\/los-milagros-en-el-nombre-del-san-jose-maria-rubio-beatificacion-y-canonizacion\/\" \/>\n<meta property=\"og:site_name\" content=\"Catholic-television\" \/>\n<meta property=\"article:publisher\" content=\"https:\/\/www.facebook.com\/catholic.television.production\/\" \/>\n<meta property=\"article:published_time\" content=\"2017-02-28T22:50:37+00:00\" \/>\n<meta property=\"article:modified_time\" content=\"2022-12-04T10:27:10+00:00\" \/>\n<meta property=\"og:image\" content=\"https:\/\/catholic-television.com\/wp-content\/uploads\/2017\/02\/Los-Milagros-en-el-nombre-del-San-Jos\u00e9-Mar\u00eda-Rubio-Beatificaci\u00f3n-y-Canonizaci\u00f3n.jpg\" \/>\n\t<meta property=\"og:image:width\" content=\"1024\" \/>\n\t<meta property=\"og:image:height\" content=\"576\" \/>\n\t<meta property=\"og:image:type\" content=\"image\/jpeg\" \/>\n<meta name=\"author\" content=\"David-Rothfuss\" \/>\n<meta name=\"twitter:card\" content=\"summary_large_image\" \/>\n<meta name=\"twitter:creator\" content=\"@catholictele\" \/>\n<meta name=\"twitter:site\" content=\"@catholictele\" \/>\n<meta name=\"twitter:label1\" content=\"Escrito por\" \/>\n\t<meta name=\"twitter:data1\" content=\"David-Rothfuss\" \/>\n\t<meta name=\"twitter:label2\" content=\"Tiempo de lectura\" \/>\n\t<meta name=\"twitter:data2\" content=\"2 minutos\" \/>\n<script type=\"application\/ld+json\" class=\"yoast-schema-graph\">{\"@context\":\"https:\\\/\\\/schema.org\",\"@graph\":[{\"@type\":\"Article\",\"@id\":\"https:\\\/\\\/catholic-television.com\\\/es\\\/los-milagros-en-el-nombre-del-san-jose-maria-rubio-beatificacion-y-canonizacion\\\/#article\",\"isPartOf\":{\"@id\":\"https:\\\/\\\/catholic-television.com\\\/es\\\/los-milagros-en-el-nombre-del-san-jose-maria-rubio-beatificacion-y-canonizacion\\\/\"},\"author\":{\"name\":\"David-Rothfuss\",\"@id\":\"https:\\\/\\\/catholic-television.com\\\/es\\\/#\\\/schema\\\/person\\\/e012ff19693cfabdf8f197251428c7dd\"},\"headline\":\"San Jos\u00e9 Mar\u00eda Rubio &#8211; Los Milagros que le hicieron Santo\",\"datePublished\":\"2017-02-28T22:50:37+00:00\",\"dateModified\":\"2022-12-04T10:27:10+00:00\",\"mainEntityOfPage\":{\"@id\":\"https:\\\/\\\/catholic-television.com\\\/es\\\/los-milagros-en-el-nombre-del-san-jose-maria-rubio-beatificacion-y-canonizacion\\\/\"},\"wordCount\":442,\"commentCount\":0,\"publisher\":{\"@id\":\"https:\\\/\\\/catholic-television.com\\\/es\\\/#organization\"},\"image\":{\"@id\":\"https:\\\/\\\/catholic-television.com\\\/es\\\/los-milagros-en-el-nombre-del-san-jose-maria-rubio-beatificacion-y-canonizacion\\\/#primaryimage\"},\"thumbnailUrl\":\"https:\\\/\\\/catholic-television.com\\\/wp-content\\\/uploads\\\/2017\\\/02\\\/Los-Milagros-en-el-nombre-del-San-Jos\u00e9-Mar\u00eda-Rubio-Beatificaci\u00f3n-y-Canonizaci\u00f3n.jpg\",\"keywords\":[\"canonizaci\u00f3n de Jos\u00e9 Mar\u00eda Rubio\",\"Compa\u00f1\u00eda de Jes\u00fas\",\"curaciones milagrosas Padre Rubio\",\"Dal\u00edas Almer\u00eda Espa\u00f1a\",\"Jesuitas Espa\u00f1a\",\"Jos\u00e9 L. G\u00f3mez-Munt\u00e1n S.J\",\"Maria Dolores Terr\u00e9s\",\"Maria Victoria Guzman\",\"Milagros en nombre del padre Rubio\",\"Milagros Padre Rubio Jesuita\",\"Papa Juan Pablo ll\",\"San Jos\u00e9 Mar\u00eda Rubio\"],\"articleSection\":[\"Bienvenidos\",\"Santos y lugares sagrados\"],\"inLanguage\":\"es\",\"potentialAction\":[{\"@type\":\"CommentAction\",\"name\":\"Comment\",\"target\":[\"https:\\\/\\\/catholic-television.com\\\/es\\\/los-milagros-en-el-nombre-del-san-jose-maria-rubio-beatificacion-y-canonizacion\\\/#respond\"]}]},{\"@type\":\"WebPage\",\"@id\":\"https:\\\/\\\/catholic-television.com\\\/es\\\/los-milagros-en-el-nombre-del-san-jose-maria-rubio-beatificacion-y-canonizacion\\\/\",\"url\":\"https:\\\/\\\/catholic-television.com\\\/es\\\/los-milagros-en-el-nombre-del-san-jose-maria-rubio-beatificacion-y-canonizacion\\\/\",\"name\":\"Los Milagros en el nombre del San Jos\u00e9 Mar\u00eda Rubio | Beatificaci\u00f3n y Canonizaci\u00f3n\",\"isPartOf\":{\"@id\":\"https:\\\/\\\/catholic-television.com\\\/es\\\/#website\"},\"primaryImageOfPage\":{\"@id\":\"https:\\\/\\\/catholic-television.com\\\/es\\\/los-milagros-en-el-nombre-del-san-jose-maria-rubio-beatificacion-y-canonizacion\\\/#primaryimage\"},\"image\":{\"@id\":\"https:\\\/\\\/catholic-television.com\\\/es\\\/los-milagros-en-el-nombre-del-san-jose-maria-rubio-beatificacion-y-canonizacion\\\/#primaryimage\"},\"thumbnailUrl\":\"https:\\\/\\\/catholic-television.com\\\/wp-content\\\/uploads\\\/2017\\\/02\\\/Los-Milagros-en-el-nombre-del-San-Jos\u00e9-Mar\u00eda-Rubio-Beatificaci\u00f3n-y-Canonizaci\u00f3n.jpg\",\"datePublished\":\"2017-02-28T22:50:37+00:00\",\"dateModified\":\"2022-12-04T10:27:10+00:00\",\"description\":\"queremos ayudarles a conocer cu\u00e1les fueron las 3 curaciones m\u00e1s impactantes y que han sido oficialmente calificadas de Milagros en nombre del padre Rubio...\",\"breadcrumb\":{\"@id\":\"https:\\\/\\\/catholic-television.com\\\/es\\\/los-milagros-en-el-nombre-del-san-jose-maria-rubio-beatificacion-y-canonizacion\\\/#breadcrumb\"},\"inLanguage\":\"es\",\"potentialAction\":[{\"@type\":\"ReadAction\",\"target\":[\"https:\\\/\\\/catholic-television.com\\\/es\\\/los-milagros-en-el-nombre-del-san-jose-maria-rubio-beatificacion-y-canonizacion\\\/\"]}]},{\"@type\":\"ImageObject\",\"inLanguage\":\"es\",\"@id\":\"https:\\\/\\\/catholic-television.com\\\/es\\\/los-milagros-en-el-nombre-del-san-jose-maria-rubio-beatificacion-y-canonizacion\\\/#primaryimage\",\"url\":\"https:\\\/\\\/catholic-television.com\\\/wp-content\\\/uploads\\\/2017\\\/02\\\/Los-Milagros-en-el-nombre-del-San-Jos\u00e9-Mar\u00eda-Rubio-Beatificaci\u00f3n-y-Canonizaci\u00f3n.jpg\",\"contentUrl\":\"https:\\\/\\\/catholic-television.com\\\/wp-content\\\/uploads\\\/2017\\\/02\\\/Los-Milagros-en-el-nombre-del-San-Jos\u00e9-Mar\u00eda-Rubio-Beatificaci\u00f3n-y-Canonizaci\u00f3n.jpg\",\"width\":1024,\"height\":576,\"caption\":\"Los Milagros en el nombre del San Jos\u00e9 Mar\u00eda Rubio - Beatificaci\u00f3n y Canonizaci\u00f3n\"},{\"@type\":\"BreadcrumbList\",\"@id\":\"https:\\\/\\\/catholic-television.com\\\/es\\\/los-milagros-en-el-nombre-del-san-jose-maria-rubio-beatificacion-y-canonizacion\\\/#breadcrumb\",\"itemListElement\":[{\"@type\":\"ListItem\",\"position\":1,\"name\":\"Portada\",\"item\":\"https:\\\/\\\/catholic-television.com\\\/es\\\/?lang=es\"},{\"@type\":\"ListItem\",\"position\":2,\"name\":\"San Jos\u00e9 Mar\u00eda Rubio &#8211; Los Milagros que le hicieron Santo\"}]},{\"@type\":\"WebSite\",\"@id\":\"https:\\\/\\\/catholic-television.com\\\/es\\\/#website\",\"url\":\"https:\\\/\\\/catholic-television.com\\\/es\\\/\",\"name\":\"Catholic-television\",\"description\":\"Catholic Television\",\"publisher\":{\"@id\":\"https:\\\/\\\/catholic-television.com\\\/es\\\/#organization\"},\"potentialAction\":[{\"@type\":\"SearchAction\",\"target\":{\"@type\":\"EntryPoint\",\"urlTemplate\":\"https:\\\/\\\/catholic-television.com\\\/es\\\/?s={search_term_string}\"},\"query-input\":{\"@type\":\"PropertyValueSpecification\",\"valueRequired\":true,\"valueName\":\"search_term_string\"}}],\"inLanguage\":\"es\"},{\"@type\":\"Organization\",\"@id\":\"https:\\\/\\\/catholic-television.com\\\/es\\\/#organization\",\"name\":\"Catholic-television\",\"url\":\"https:\\\/\\\/catholic-television.com\\\/es\\\/\",\"logo\":{\"@type\":\"ImageObject\",\"inLanguage\":\"es\",\"@id\":\"https:\\\/\\\/catholic-television.com\\\/es\\\/#\\\/schema\\\/logo\\\/image\\\/\",\"url\":\"https:\\\/\\\/catholic-television.com\\\/wp-content\\\/uploads\\\/2019\\\/06\\\/catholic-tv_ok2.png\",\"contentUrl\":\"https:\\\/\\\/catholic-television.com\\\/wp-content\\\/uploads\\\/2019\\\/06\\\/catholic-tv_ok2.png\",\"width\":303,\"height\":99,\"caption\":\"Catholic-television\"},\"image\":{\"@id\":\"https:\\\/\\\/catholic-television.com\\\/es\\\/#\\\/schema\\\/logo\\\/image\\\/\"},\"sameAs\":[\"https:\\\/\\\/www.facebook.com\\\/catholic.television.production\\\/\",\"https:\\\/\\\/x.com\\\/catholictele\"]},{\"@type\":\"Person\",\"@id\":\"https:\\\/\\\/catholic-television.com\\\/es\\\/#\\\/schema\\\/person\\\/e012ff19693cfabdf8f197251428c7dd\",\"name\":\"David-Rothfuss\",\"image\":{\"@type\":\"ImageObject\",\"inLanguage\":\"es\",\"@id\":\"https:\\\/\\\/secure.gravatar.com\\\/avatar\\\/1bdadd82646ed1b1b380724d24278de576a4d7a2551be5b679e8aa17e11be7f6?s=96&d=mm&r=g\",\"url\":\"https:\\\/\\\/secure.gravatar.com\\\/avatar\\\/1bdadd82646ed1b1b380724d24278de576a4d7a2551be5b679e8aa17e11be7f6?s=96&d=mm&r=g\",\"contentUrl\":\"https:\\\/\\\/secure.gravatar.com\\\/avatar\\\/1bdadd82646ed1b1b380724d24278de576a4d7a2551be5b679e8aa17e11be7f6?s=96&d=mm&r=g\",\"caption\":\"David-Rothfuss\"}}]}<\/script>\n<!-- \/ Yoast SEO plugin. -->","yoast_head_json":{"title":"Los Milagros en el nombre del San Jos\u00e9 Mar\u00eda Rubio | Beatificaci\u00f3n y Canonizaci\u00f3n","description":"queremos ayudarles a conocer cu\u00e1les fueron las 3 curaciones m\u00e1s impactantes y que han sido oficialmente calificadas de Milagros en nombre del padre Rubio...","robots":{"index":"index","follow":"follow","max-snippet":"max-snippet:-1","max-image-preview":"max-image-preview:large","max-video-preview":"max-video-preview:-1"},"canonical":"https:\/\/catholic-television.com\/es\/los-milagros-en-el-nombre-del-san-jose-maria-rubio-beatificacion-y-canonizacion\/","og_locale":"es_ES","og_type":"article","og_title":"Los Milagros en el nombre del San Jos\u00e9 Mar\u00eda Rubio | Beatificaci\u00f3n y Canonizaci\u00f3n","og_description":"queremos ayudarles a conocer cu\u00e1les fueron las 3 curaciones m\u00e1s impactantes y que han sido oficialmente calificadas de Milagros en nombre del padre Rubio...","og_url":"https:\/\/catholic-television.com\/es\/los-milagros-en-el-nombre-del-san-jose-maria-rubio-beatificacion-y-canonizacion\/","og_site_name":"Catholic-television","article_publisher":"https:\/\/www.facebook.com\/catholic.television.production\/","article_published_time":"2017-02-28T22:50:37+00:00","article_modified_time":"2022-12-04T10:27:10+00:00","og_image":[{"width":1024,"height":576,"url":"https:\/\/catholic-television.com\/wp-content\/uploads\/2017\/02\/Los-Milagros-en-el-nombre-del-San-Jos\u00e9-Mar\u00eda-Rubio-Beatificaci\u00f3n-y-Canonizaci\u00f3n.jpg","type":"image\/jpeg"}],"author":"David-Rothfuss","twitter_card":"summary_large_image","twitter_creator":"@catholictele","twitter_site":"@catholictele","twitter_misc":{"Escrito por":"David-Rothfuss","Tiempo de lectura":"2 minutos"},"schema":{"@context":"https:\/\/schema.org","@graph":[{"@type":"Article","@id":"https:\/\/catholic-television.com\/es\/los-milagros-en-el-nombre-del-san-jose-maria-rubio-beatificacion-y-canonizacion\/#article","isPartOf":{"@id":"https:\/\/catholic-television.com\/es\/los-milagros-en-el-nombre-del-san-jose-maria-rubio-beatificacion-y-canonizacion\/"},"author":{"name":"David-Rothfuss","@id":"https:\/\/catholic-television.com\/es\/#\/schema\/person\/e012ff19693cfabdf8f197251428c7dd"},"headline":"San Jos\u00e9 Mar\u00eda Rubio &#8211; Los Milagros que le hicieron Santo","datePublished":"2017-02-28T22:50:37+00:00","dateModified":"2022-12-04T10:27:10+00:00","mainEntityOfPage":{"@id":"https:\/\/catholic-television.com\/es\/los-milagros-en-el-nombre-del-san-jose-maria-rubio-beatificacion-y-canonizacion\/"},"wordCount":442,"commentCount":0,"publisher":{"@id":"https:\/\/catholic-television.com\/es\/#organization"},"image":{"@id":"https:\/\/catholic-television.com\/es\/los-milagros-en-el-nombre-del-san-jose-maria-rubio-beatificacion-y-canonizacion\/#primaryimage"},"thumbnailUrl":"https:\/\/catholic-television.com\/wp-content\/uploads\/2017\/02\/Los-Milagros-en-el-nombre-del-San-Jos\u00e9-Mar\u00eda-Rubio-Beatificaci\u00f3n-y-Canonizaci\u00f3n.jpg","keywords":["canonizaci\u00f3n de Jos\u00e9 Mar\u00eda Rubio","Compa\u00f1\u00eda de Jes\u00fas","curaciones milagrosas Padre Rubio","Dal\u00edas Almer\u00eda Espa\u00f1a","Jesuitas Espa\u00f1a","Jos\u00e9 L. G\u00f3mez-Munt\u00e1n S.J","Maria Dolores Terr\u00e9s","Maria Victoria Guzman","Milagros en nombre del padre Rubio","Milagros Padre Rubio Jesuita","Papa Juan Pablo ll","San Jos\u00e9 Mar\u00eda Rubio"],"articleSection":["Bienvenidos","Santos y lugares sagrados"],"inLanguage":"es","potentialAction":[{"@type":"CommentAction","name":"Comment","target":["https:\/\/catholic-television.com\/es\/los-milagros-en-el-nombre-del-san-jose-maria-rubio-beatificacion-y-canonizacion\/#respond"]}]},{"@type":"WebPage","@id":"https:\/\/catholic-television.com\/es\/los-milagros-en-el-nombre-del-san-jose-maria-rubio-beatificacion-y-canonizacion\/","url":"https:\/\/catholic-television.com\/es\/los-milagros-en-el-nombre-del-san-jose-maria-rubio-beatificacion-y-canonizacion\/","name":"Los Milagros en el nombre del San Jos\u00e9 Mar\u00eda Rubio | Beatificaci\u00f3n y Canonizaci\u00f3n","isPartOf":{"@id":"https:\/\/catholic-television.com\/es\/#website"},"primaryImageOfPage":{"@id":"https:\/\/catholic-television.com\/es\/los-milagros-en-el-nombre-del-san-jose-maria-rubio-beatificacion-y-canonizacion\/#primaryimage"},"image":{"@id":"https:\/\/catholic-television.com\/es\/los-milagros-en-el-nombre-del-san-jose-maria-rubio-beatificacion-y-canonizacion\/#primaryimage"},"thumbnailUrl":"https:\/\/catholic-television.com\/wp-content\/uploads\/2017\/02\/Los-Milagros-en-el-nombre-del-San-Jos\u00e9-Mar\u00eda-Rubio-Beatificaci\u00f3n-y-Canonizaci\u00f3n.jpg","datePublished":"2017-02-28T22:50:37+00:00","dateModified":"2022-12-04T10:27:10+00:00","description":"queremos ayudarles a conocer cu\u00e1les fueron las 3 curaciones m\u00e1s impactantes y que han sido oficialmente calificadas de Milagros en nombre del padre Rubio...","breadcrumb":{"@id":"https:\/\/catholic-television.com\/es\/los-milagros-en-el-nombre-del-san-jose-maria-rubio-beatificacion-y-canonizacion\/#breadcrumb"},"inLanguage":"es","potentialAction":[{"@type":"ReadAction","target":["https:\/\/catholic-television.com\/es\/los-milagros-en-el-nombre-del-san-jose-maria-rubio-beatificacion-y-canonizacion\/"]}]},{"@type":"ImageObject","inLanguage":"es","@id":"https:\/\/catholic-television.com\/es\/los-milagros-en-el-nombre-del-san-jose-maria-rubio-beatificacion-y-canonizacion\/#primaryimage","url":"https:\/\/catholic-television.com\/wp-content\/uploads\/2017\/02\/Los-Milagros-en-el-nombre-del-San-Jos\u00e9-Mar\u00eda-Rubio-Beatificaci\u00f3n-y-Canonizaci\u00f3n.jpg","contentUrl":"https:\/\/catholic-television.com\/wp-content\/uploads\/2017\/02\/Los-Milagros-en-el-nombre-del-San-Jos\u00e9-Mar\u00eda-Rubio-Beatificaci\u00f3n-y-Canonizaci\u00f3n.jpg","width":1024,"height":576,"caption":"Los Milagros en el nombre del San Jos\u00e9 Mar\u00eda Rubio - Beatificaci\u00f3n y Canonizaci\u00f3n"},{"@type":"BreadcrumbList","@id":"https:\/\/catholic-television.com\/es\/los-milagros-en-el-nombre-del-san-jose-maria-rubio-beatificacion-y-canonizacion\/#breadcrumb","itemListElement":[{"@type":"ListItem","position":1,"name":"Portada","item":"https:\/\/catholic-television.com\/es\/?lang=es"},{"@type":"ListItem","position":2,"name":"San Jos\u00e9 Mar\u00eda Rubio &#8211; Los Milagros que le hicieron Santo"}]},{"@type":"WebSite","@id":"https:\/\/catholic-television.com\/es\/#website","url":"https:\/\/catholic-television.com\/es\/","name":"Catholic-television","description":"Catholic Television","publisher":{"@id":"https:\/\/catholic-television.com\/es\/#organization"},"potentialAction":[{"@type":"SearchAction","target":{"@type":"EntryPoint","urlTemplate":"https:\/\/catholic-television.com\/es\/?s={search_term_string}"},"query-input":{"@type":"PropertyValueSpecification","valueRequired":true,"valueName":"search_term_string"}}],"inLanguage":"es"},{"@type":"Organization","@id":"https:\/\/catholic-television.com\/es\/#organization","name":"Catholic-television","url":"https:\/\/catholic-television.com\/es\/","logo":{"@type":"ImageObject","inLanguage":"es","@id":"https:\/\/catholic-television.com\/es\/#\/schema\/logo\/image\/","url":"https:\/\/catholic-television.com\/wp-content\/uploads\/2019\/06\/catholic-tv_ok2.png","contentUrl":"https:\/\/catholic-television.com\/wp-content\/uploads\/2019\/06\/catholic-tv_ok2.png","width":303,"height":99,"caption":"Catholic-television"},"image":{"@id":"https:\/\/catholic-television.com\/es\/#\/schema\/logo\/image\/"},"sameAs":["https:\/\/www.facebook.com\/catholic.television.production\/","https:\/\/x.com\/catholictele"]},{"@type":"Person","@id":"https:\/\/catholic-television.com\/es\/#\/schema\/person\/e012ff19693cfabdf8f197251428c7dd","name":"David-Rothfuss","image":{"@type":"ImageObject","inLanguage":"es","@id":"https:\/\/secure.gravatar.com\/avatar\/1bdadd82646ed1b1b380724d24278de576a4d7a2551be5b679e8aa17e11be7f6?s=96&d=mm&r=g","url":"https:\/\/secure.gravatar.com\/avatar\/1bdadd82646ed1b1b380724d24278de576a4d7a2551be5b679e8aa17e11be7f6?s=96&d=mm&r=g","contentUrl":"https:\/\/secure.gravatar.com\/avatar\/1bdadd82646ed1b1b380724d24278de576a4d7a2551be5b679e8aa17e11be7f6?s=96&d=mm&r=g","caption":"David-Rothfuss"}}]}},"_links":{"self":[{"href":"https:\/\/catholic-television.com\/es\/wp-json\/wp\/v2\/posts\/1883","targetHints":{"allow":["GET"]}}],"collection":[{"href":"https:\/\/catholic-television.com\/es\/wp-json\/wp\/v2\/posts"}],"about":[{"href":"https:\/\/catholic-television.com\/es\/wp-json\/wp\/v2\/types\/post"}],"author":[{"embeddable":true,"href":"https:\/\/catholic-television.com\/es\/wp-json\/wp\/v2\/users\/1"}],"replies":[{"embeddable":true,"href":"https:\/\/catholic-television.com\/es\/wp-json\/wp\/v2\/comments?post=1883"}],"version-history":[{"count":4,"href":"https:\/\/catholic-television.com\/es\/wp-json\/wp\/v2\/posts\/1883\/revisions"}],"predecessor-version":[{"id":17325,"href":"https:\/\/catholic-television.com\/es\/wp-json\/wp\/v2\/posts\/1883\/revisions\/17325"}],"wp:featuredmedia":[{"embeddable":true,"href":"https:\/\/catholic-television.com\/es\/wp-json\/wp\/v2\/media\/3228"}],"wp:attachment":[{"href":"https:\/\/catholic-television.com\/es\/wp-json\/wp\/v2\/media?parent=1883"}],"wp:term":[{"taxonomy":"category","embeddable":true,"href":"https:\/\/catholic-television.com\/es\/wp-json\/wp\/v2\/categories?post=1883"},{"taxonomy":"post_tag","embeddable":true,"href":"https:\/\/catholic-television.com\/es\/wp-json\/wp\/v2\/tags?post=1883"}],"curies":[{"name":"wp","href":"https:\/\/api.w.org\/{rel}","templated":true}]}}