{"id":14688,"date":"2020-06-20T05:24:15","date_gmt":"2020-06-20T05:24:15","guid":{"rendered":"https:\/\/catholic-television.com\/wp-staging\/?p=14688"},"modified":"2020-06-20T05:24:15","modified_gmt":"2020-06-20T05:24:15","slug":"salmo-142-en-la-hora-de-la-prueba","status":"publish","type":"post","link":"https:\/\/catholic-television.com\/es\/salmo-142-en-la-hora-de-la-prueba\/","title":{"rendered":"Salmo 142 &#8211; En la hora de la prueba"},"content":{"rendered":"<p style=\"text-align: center\"><span style=\"color: #000000\"><strong>Salmo 142<\/strong><\/span><br \/>\n<span style=\"color: #000000\"><strong>En la hora de la prueba<\/strong><\/span><\/p>\n<p><span style=\"color: #000000\">Poema de David cuando estaba en la cueva. Oraci\u00f3n.<\/span><\/p>\n<p><span style=\"color: #000000\">A voz en grito clamo al Se\u00f1or,<\/span><br \/>\n<span style=\"color: #000000\">a voz en grito suplico al Se\u00f1or;<\/span><br \/>\n<span style=\"color: #000000\">desahogo ante \u00e9l mis afanes,<\/span><br \/>\n<span style=\"color: #000000\">expongo ante \u00e9l mi angustia,<\/span><br \/>\n<span style=\"color: #000000\">mientras me va faltando el aliento.<\/span><\/p>\n<p><span style=\"color: #000000\">Pero t\u00fa conoces mis senderos,<\/span><br \/>\n<span style=\"color: #000000\">y que en el camino por donde avanzo<\/span><br \/>\n<span style=\"color: #000000\">me han escondido una trampa.<\/span><br \/>\n<span style=\"color: #000000\">Mira a la derecha, f\u00edjate:<\/span><br \/>\n<span style=\"color: #000000\">nadie me hace caso;<\/span><br \/>\n<span style=\"color: #000000\">no tengo ad\u00f3nde huir,<\/span><br \/>\n<span style=\"color: #000000\">nadie mira por mi vida.<\/span><\/p>\n<p><span style=\"color: #000000\">A ti grito, Se\u00f1or;<\/span><br \/>\n<span style=\"color: #000000\">te digo: \u00abT\u00fa eres mi refugio<\/span><br \/>\n<span style=\"color: #000000\">y mi lote en el pa\u00eds de la vida\u00bb.<\/span><br \/>\n<span style=\"color: #000000\">Atiende a mis clamores,<\/span><br \/>\n<span style=\"color: #000000\">que estoy agotado;<\/span><br \/>\n<span style=\"color: #000000\">l\u00edbrame de mis perseguidores,<\/span><br \/>\n<span style=\"color: #000000\">que son m\u00e1s fuertes que yo.<\/span><\/p>\n<p><span style=\"color: #000000\">S\u00e1came de la prisi\u00f3n,<\/span><br \/>\n<span style=\"color: #000000\">y dar\u00e9 gracias a tu nombre:<\/span><br \/>\n<span style=\"color: #000000\">me rodear\u00e1n los justos<\/span><br \/>\n<span style=\"color: #000000\">cuando me devuelvas tu favor.<\/span><\/p>\n","protected":false},"excerpt":{"rendered":"<p>Salmo 142 En la hora de la prueba Poema de David cuando estaba en la cueva. Oraci\u00f3n. A voz en grito clamo al Se\u00f1or, a voz en grito suplico al Se\u00f1or; desahogo ante \u00e9l mis afanes, expongo ante \u00e9l mi angustia, mientras me va faltando el aliento. Pero t\u00fa conoces mis senderos, y que en&hellip; <a class=\"more-link\" href=\"https:\/\/catholic-television.com\/es\/salmo-142-en-la-hora-de-la-prueba\/\">Seguir leyendo <span class=\"screen-reader-text\">Salmo 142 &#8211; En la hora de la prueba<\/span><\/a><\/p>\n","protected":false},"author":7,"featured_media":14689,"comment_status":"open","ping_status":"open","sticky":false,"template":"","format":"standard","meta":{"footnotes":""},"categories":[668,13912],"tags":[30413,30408,30414,30410,30418,28623,30412,30416,30411,28434,30417,30409,30415],"class_list":["post-14688","post","type-post","status-publish","format-standard","has-post-thumbnail","hentry","category-bienvenidos","category-salmos","tag-camino-avanzo","tag-clamo-senor","tag-derecha-fijate","tag-desahogo-afanes","tag-devuelvas-favor","tag-eres-refugio","tag-escindido-trampa","tag-estoy-agotado","tag-faltando-aliento","tag-gracias-nombre","tag-librame-perseguidores","tag-suplico-senor","tag-tengo-huir","entry"],"yoast_head":"<!-- This site is optimized with the Yoast SEO plugin v27.4 - https:\/\/yoast.com\/product\/yoast-seo-wordpress\/ -->\n<title>Salmo 142 - En la hora de la prueba | clamo Se\u00f1or | suplico Se\u00f1or | favor<\/title>\n<meta name=\"description\" content=\"La prueba. Poema de David cuando estaba en la cueva. Oraci\u00f3n. A voz en grito clamo al Se\u00f1or, a voz en grito suplico al Se\u00f1or; desahogo ante \u00e9l mis afane...\" \/>\n<meta name=\"robots\" content=\"index, follow, max-snippet:-1, max-image-preview:large, max-video-preview:-1\" \/>\n<link rel=\"canonical\" href=\"https:\/\/catholic-television.com\/es\/salmo-142-en-la-hora-de-la-prueba\/\" \/>\n<meta property=\"og:locale\" content=\"es_ES\" \/>\n<meta property=\"og:type\" content=\"article\" \/>\n<meta property=\"og:title\" content=\"Salmo 142 - En la hora de la prueba | clamo Se\u00f1or | suplico Se\u00f1or | favor\" \/>\n<meta property=\"og:description\" content=\"La prueba. Poema de David cuando estaba en la cueva. Oraci\u00f3n. A voz en grito clamo al Se\u00f1or, a voz en grito suplico al Se\u00f1or; desahogo ante \u00e9l mis afane...\" \/>\n<meta property=\"og:url\" content=\"https:\/\/catholic-television.com\/es\/salmo-142-en-la-hora-de-la-prueba\/\" \/>\n<meta property=\"og:site_name\" content=\"Catholic-television\" \/>\n<meta property=\"article:publisher\" content=\"https:\/\/www.facebook.com\/catholic.television.production\/\" \/>\n<meta property=\"article:published_time\" content=\"2020-06-20T05:24:15+00:00\" \/>\n<meta property=\"og:image\" content=\"https:\/\/catholic-television.com\/wp-content\/uploads\/2020\/06\/Salmo-142-En-la-hora-de-la-prueba-clamo-Se\u00f1or-suplico-Se\u00f1or-favor.jpg\" \/>\n\t<meta property=\"og:image:width\" content=\"1024\" \/>\n\t<meta property=\"og:image:height\" content=\"576\" \/>\n\t<meta property=\"og:image:type\" content=\"image\/jpeg\" \/>\n<meta name=\"author\" content=\"vlad\" \/>\n<meta name=\"twitter:card\" content=\"summary_large_image\" \/>\n<meta name=\"twitter:creator\" content=\"@catholictele\" \/>\n<meta name=\"twitter:site\" content=\"@catholictele\" \/>\n<meta name=\"twitter:label1\" content=\"Escrito por\" \/>\n\t<meta name=\"twitter:data1\" content=\"vlad\" \/>\n\t<meta name=\"twitter:label2\" content=\"Tiempo de lectura\" \/>\n\t<meta name=\"twitter:data2\" content=\"1 minuto\" \/>\n<script type=\"application\/ld+json\" class=\"yoast-schema-graph\">{\"@context\":\"https:\\\/\\\/schema.org\",\"@graph\":[{\"@type\":\"Article\",\"@id\":\"https:\\\/\\\/catholic-television.com\\\/es\\\/salmo-142-en-la-hora-de-la-prueba\\\/#article\",\"isPartOf\":{\"@id\":\"https:\\\/\\\/catholic-television.com\\\/es\\\/salmo-142-en-la-hora-de-la-prueba\\\/\"},\"author\":{\"name\":\"vlad\",\"@id\":\"https:\\\/\\\/catholic-television.com\\\/es\\\/#\\\/schema\\\/person\\\/3188c12fc213ed75be05c8a3a8650318\"},\"headline\":\"Salmo 142 &#8211; En la hora de la prueba\",\"datePublished\":\"2020-06-20T05:24:15+00:00\",\"mainEntityOfPage\":{\"@id\":\"https:\\\/\\\/catholic-television.com\\\/es\\\/salmo-142-en-la-hora-de-la-prueba\\\/\"},\"wordCount\":157,\"commentCount\":0,\"publisher\":{\"@id\":\"https:\\\/\\\/catholic-television.com\\\/es\\\/#organization\"},\"image\":{\"@id\":\"https:\\\/\\\/catholic-television.com\\\/es\\\/salmo-142-en-la-hora-de-la-prueba\\\/#primaryimage\"},\"thumbnailUrl\":\"https:\\\/\\\/catholic-television.com\\\/wp-content\\\/uploads\\\/2020\\\/06\\\/Salmo-142-En-la-hora-de-la-prueba-clamo-Se\u00f1or-suplico-Se\u00f1or-favor.jpg\",\"keywords\":[\"camino avanzo\",\"clamo Se\u00f1or\",\"derecha f\u00edjate\",\"desahogo afanes\",\"devuelvas favor\",\"eres refugio\",\"escindido trampa\",\"estoy agotado\",\"faltando aliento\",\"gracias nombre\",\"l\u00edbrame perseguidores\",\"suplico Se\u00f1or\",\"tengo huir\"],\"articleSection\":[\"Bienvenidos\",\"Salmos\"],\"inLanguage\":\"es\",\"potentialAction\":[{\"@type\":\"CommentAction\",\"name\":\"Comment\",\"target\":[\"https:\\\/\\\/catholic-television.com\\\/es\\\/salmo-142-en-la-hora-de-la-prueba\\\/#respond\"]}]},{\"@type\":\"WebPage\",\"@id\":\"https:\\\/\\\/catholic-television.com\\\/es\\\/salmo-142-en-la-hora-de-la-prueba\\\/\",\"url\":\"https:\\\/\\\/catholic-television.com\\\/es\\\/salmo-142-en-la-hora-de-la-prueba\\\/\",\"name\":\"Salmo 142 - En la hora de la prueba | clamo Se\u00f1or | suplico Se\u00f1or | favor\",\"isPartOf\":{\"@id\":\"https:\\\/\\\/catholic-television.com\\\/es\\\/#website\"},\"primaryImageOfPage\":{\"@id\":\"https:\\\/\\\/catholic-television.com\\\/es\\\/salmo-142-en-la-hora-de-la-prueba\\\/#primaryimage\"},\"image\":{\"@id\":\"https:\\\/\\\/catholic-television.com\\\/es\\\/salmo-142-en-la-hora-de-la-prueba\\\/#primaryimage\"},\"thumbnailUrl\":\"https:\\\/\\\/catholic-television.com\\\/wp-content\\\/uploads\\\/2020\\\/06\\\/Salmo-142-En-la-hora-de-la-prueba-clamo-Se\u00f1or-suplico-Se\u00f1or-favor.jpg\",\"datePublished\":\"2020-06-20T05:24:15+00:00\",\"description\":\"La prueba. Poema de David cuando estaba en la cueva. Oraci\u00f3n. A voz en grito clamo al Se\u00f1or, a voz en grito suplico al Se\u00f1or; desahogo ante \u00e9l mis afane...\",\"breadcrumb\":{\"@id\":\"https:\\\/\\\/catholic-television.com\\\/es\\\/salmo-142-en-la-hora-de-la-prueba\\\/#breadcrumb\"},\"inLanguage\":\"es\",\"potentialAction\":[{\"@type\":\"ReadAction\",\"target\":[\"https:\\\/\\\/catholic-television.com\\\/es\\\/salmo-142-en-la-hora-de-la-prueba\\\/\"]}]},{\"@type\":\"ImageObject\",\"inLanguage\":\"es\",\"@id\":\"https:\\\/\\\/catholic-television.com\\\/es\\\/salmo-142-en-la-hora-de-la-prueba\\\/#primaryimage\",\"url\":\"https:\\\/\\\/catholic-television.com\\\/wp-content\\\/uploads\\\/2020\\\/06\\\/Salmo-142-En-la-hora-de-la-prueba-clamo-Se\u00f1or-suplico-Se\u00f1or-favor.jpg\",\"contentUrl\":\"https:\\\/\\\/catholic-television.com\\\/wp-content\\\/uploads\\\/2020\\\/06\\\/Salmo-142-En-la-hora-de-la-prueba-clamo-Se\u00f1or-suplico-Se\u00f1or-favor.jpg\",\"width\":1024,\"height\":576,\"caption\":\"Salmo 142 - En la hora de la prueba | clamo Se\u00f1or | suplico Se\u00f1or | favor\"},{\"@type\":\"BreadcrumbList\",\"@id\":\"https:\\\/\\\/catholic-television.com\\\/es\\\/salmo-142-en-la-hora-de-la-prueba\\\/#breadcrumb\",\"itemListElement\":[{\"@type\":\"ListItem\",\"position\":1,\"name\":\"Portada\",\"item\":\"https:\\\/\\\/catholic-television.com\\\/es\\\/?lang=es\"},{\"@type\":\"ListItem\",\"position\":2,\"name\":\"Salmo 142 &#8211; En la hora de la prueba\"}]},{\"@type\":\"WebSite\",\"@id\":\"https:\\\/\\\/catholic-television.com\\\/es\\\/#website\",\"url\":\"https:\\\/\\\/catholic-television.com\\\/es\\\/\",\"name\":\"Catholic-television\",\"description\":\"Catholic Television\",\"publisher\":{\"@id\":\"https:\\\/\\\/catholic-television.com\\\/es\\\/#organization\"},\"potentialAction\":[{\"@type\":\"SearchAction\",\"target\":{\"@type\":\"EntryPoint\",\"urlTemplate\":\"https:\\\/\\\/catholic-television.com\\\/es\\\/?s={search_term_string}\"},\"query-input\":{\"@type\":\"PropertyValueSpecification\",\"valueRequired\":true,\"valueName\":\"search_term_string\"}}],\"inLanguage\":\"es\"},{\"@type\":\"Organization\",\"@id\":\"https:\\\/\\\/catholic-television.com\\\/es\\\/#organization\",\"name\":\"Catholic-television\",\"url\":\"https:\\\/\\\/catholic-television.com\\\/es\\\/\",\"logo\":{\"@type\":\"ImageObject\",\"inLanguage\":\"es\",\"@id\":\"https:\\\/\\\/catholic-television.com\\\/es\\\/#\\\/schema\\\/logo\\\/image\\\/\",\"url\":\"https:\\\/\\\/catholic-television.com\\\/wp-content\\\/uploads\\\/2019\\\/06\\\/catholic-tv_ok2.png\",\"contentUrl\":\"https:\\\/\\\/catholic-television.com\\\/wp-content\\\/uploads\\\/2019\\\/06\\\/catholic-tv_ok2.png\",\"width\":303,\"height\":99,\"caption\":\"Catholic-television\"},\"image\":{\"@id\":\"https:\\\/\\\/catholic-television.com\\\/es\\\/#\\\/schema\\\/logo\\\/image\\\/\"},\"sameAs\":[\"https:\\\/\\\/www.facebook.com\\\/catholic.television.production\\\/\",\"https:\\\/\\\/x.com\\\/catholictele\"]},{\"@type\":\"Person\",\"@id\":\"https:\\\/\\\/catholic-television.com\\\/es\\\/#\\\/schema\\\/person\\\/3188c12fc213ed75be05c8a3a8650318\",\"name\":\"vlad\",\"image\":{\"@type\":\"ImageObject\",\"inLanguage\":\"es\",\"@id\":\"https:\\\/\\\/secure.gravatar.com\\\/avatar\\\/fc95831d9c48ad0da181a29b0820e0beb60a927341a41b7ffd6b73a4ef239589?s=96&d=mm&r=g\",\"url\":\"https:\\\/\\\/secure.gravatar.com\\\/avatar\\\/fc95831d9c48ad0da181a29b0820e0beb60a927341a41b7ffd6b73a4ef239589?s=96&d=mm&r=g\",\"contentUrl\":\"https:\\\/\\\/secure.gravatar.com\\\/avatar\\\/fc95831d9c48ad0da181a29b0820e0beb60a927341a41b7ffd6b73a4ef239589?s=96&d=mm&r=g\",\"caption\":\"vlad\"}}]}<\/script>\n<!-- \/ Yoast SEO plugin. -->","yoast_head_json":{"title":"Salmo 142 - En la hora de la prueba | clamo Se\u00f1or | suplico Se\u00f1or | favor","description":"La prueba. Poema de David cuando estaba en la cueva. Oraci\u00f3n. A voz en grito clamo al Se\u00f1or, a voz en grito suplico al Se\u00f1or; desahogo ante \u00e9l mis afane...","robots":{"index":"index","follow":"follow","max-snippet":"max-snippet:-1","max-image-preview":"max-image-preview:large","max-video-preview":"max-video-preview:-1"},"canonical":"https:\/\/catholic-television.com\/es\/salmo-142-en-la-hora-de-la-prueba\/","og_locale":"es_ES","og_type":"article","og_title":"Salmo 142 - En la hora de la prueba | clamo Se\u00f1or | suplico Se\u00f1or | favor","og_description":"La prueba. Poema de David cuando estaba en la cueva. Oraci\u00f3n. A voz en grito clamo al Se\u00f1or, a voz en grito suplico al Se\u00f1or; desahogo ante \u00e9l mis afane...","og_url":"https:\/\/catholic-television.com\/es\/salmo-142-en-la-hora-de-la-prueba\/","og_site_name":"Catholic-television","article_publisher":"https:\/\/www.facebook.com\/catholic.television.production\/","article_published_time":"2020-06-20T05:24:15+00:00","og_image":[{"width":1024,"height":576,"url":"https:\/\/catholic-television.com\/wp-content\/uploads\/2020\/06\/Salmo-142-En-la-hora-de-la-prueba-clamo-Se\u00f1or-suplico-Se\u00f1or-favor.jpg","type":"image\/jpeg"}],"author":"vlad","twitter_card":"summary_large_image","twitter_creator":"@catholictele","twitter_site":"@catholictele","twitter_misc":{"Escrito por":"vlad","Tiempo de lectura":"1 minuto"},"schema":{"@context":"https:\/\/schema.org","@graph":[{"@type":"Article","@id":"https:\/\/catholic-television.com\/es\/salmo-142-en-la-hora-de-la-prueba\/#article","isPartOf":{"@id":"https:\/\/catholic-television.com\/es\/salmo-142-en-la-hora-de-la-prueba\/"},"author":{"name":"vlad","@id":"https:\/\/catholic-television.com\/es\/#\/schema\/person\/3188c12fc213ed75be05c8a3a8650318"},"headline":"Salmo 142 &#8211; En la hora de la prueba","datePublished":"2020-06-20T05:24:15+00:00","mainEntityOfPage":{"@id":"https:\/\/catholic-television.com\/es\/salmo-142-en-la-hora-de-la-prueba\/"},"wordCount":157,"commentCount":0,"publisher":{"@id":"https:\/\/catholic-television.com\/es\/#organization"},"image":{"@id":"https:\/\/catholic-television.com\/es\/salmo-142-en-la-hora-de-la-prueba\/#primaryimage"},"thumbnailUrl":"https:\/\/catholic-television.com\/wp-content\/uploads\/2020\/06\/Salmo-142-En-la-hora-de-la-prueba-clamo-Se\u00f1or-suplico-Se\u00f1or-favor.jpg","keywords":["camino avanzo","clamo Se\u00f1or","derecha f\u00edjate","desahogo afanes","devuelvas favor","eres refugio","escindido trampa","estoy agotado","faltando aliento","gracias nombre","l\u00edbrame perseguidores","suplico Se\u00f1or","tengo huir"],"articleSection":["Bienvenidos","Salmos"],"inLanguage":"es","potentialAction":[{"@type":"CommentAction","name":"Comment","target":["https:\/\/catholic-television.com\/es\/salmo-142-en-la-hora-de-la-prueba\/#respond"]}]},{"@type":"WebPage","@id":"https:\/\/catholic-television.com\/es\/salmo-142-en-la-hora-de-la-prueba\/","url":"https:\/\/catholic-television.com\/es\/salmo-142-en-la-hora-de-la-prueba\/","name":"Salmo 142 - En la hora de la prueba | clamo Se\u00f1or | suplico Se\u00f1or | favor","isPartOf":{"@id":"https:\/\/catholic-television.com\/es\/#website"},"primaryImageOfPage":{"@id":"https:\/\/catholic-television.com\/es\/salmo-142-en-la-hora-de-la-prueba\/#primaryimage"},"image":{"@id":"https:\/\/catholic-television.com\/es\/salmo-142-en-la-hora-de-la-prueba\/#primaryimage"},"thumbnailUrl":"https:\/\/catholic-television.com\/wp-content\/uploads\/2020\/06\/Salmo-142-En-la-hora-de-la-prueba-clamo-Se\u00f1or-suplico-Se\u00f1or-favor.jpg","datePublished":"2020-06-20T05:24:15+00:00","description":"La prueba. Poema de David cuando estaba en la cueva. Oraci\u00f3n. A voz en grito clamo al Se\u00f1or, a voz en grito suplico al Se\u00f1or; desahogo ante \u00e9l mis afane...","breadcrumb":{"@id":"https:\/\/catholic-television.com\/es\/salmo-142-en-la-hora-de-la-prueba\/#breadcrumb"},"inLanguage":"es","potentialAction":[{"@type":"ReadAction","target":["https:\/\/catholic-television.com\/es\/salmo-142-en-la-hora-de-la-prueba\/"]}]},{"@type":"ImageObject","inLanguage":"es","@id":"https:\/\/catholic-television.com\/es\/salmo-142-en-la-hora-de-la-prueba\/#primaryimage","url":"https:\/\/catholic-television.com\/wp-content\/uploads\/2020\/06\/Salmo-142-En-la-hora-de-la-prueba-clamo-Se\u00f1or-suplico-Se\u00f1or-favor.jpg","contentUrl":"https:\/\/catholic-television.com\/wp-content\/uploads\/2020\/06\/Salmo-142-En-la-hora-de-la-prueba-clamo-Se\u00f1or-suplico-Se\u00f1or-favor.jpg","width":1024,"height":576,"caption":"Salmo 142 - En la hora de la prueba | clamo Se\u00f1or | suplico Se\u00f1or | favor"},{"@type":"BreadcrumbList","@id":"https:\/\/catholic-television.com\/es\/salmo-142-en-la-hora-de-la-prueba\/#breadcrumb","itemListElement":[{"@type":"ListItem","position":1,"name":"Portada","item":"https:\/\/catholic-television.com\/es\/?lang=es"},{"@type":"ListItem","position":2,"name":"Salmo 142 &#8211; En la hora de la prueba"}]},{"@type":"WebSite","@id":"https:\/\/catholic-television.com\/es\/#website","url":"https:\/\/catholic-television.com\/es\/","name":"Catholic-television","description":"Catholic Television","publisher":{"@id":"https:\/\/catholic-television.com\/es\/#organization"},"potentialAction":[{"@type":"SearchAction","target":{"@type":"EntryPoint","urlTemplate":"https:\/\/catholic-television.com\/es\/?s={search_term_string}"},"query-input":{"@type":"PropertyValueSpecification","valueRequired":true,"valueName":"search_term_string"}}],"inLanguage":"es"},{"@type":"Organization","@id":"https:\/\/catholic-television.com\/es\/#organization","name":"Catholic-television","url":"https:\/\/catholic-television.com\/es\/","logo":{"@type":"ImageObject","inLanguage":"es","@id":"https:\/\/catholic-television.com\/es\/#\/schema\/logo\/image\/","url":"https:\/\/catholic-television.com\/wp-content\/uploads\/2019\/06\/catholic-tv_ok2.png","contentUrl":"https:\/\/catholic-television.com\/wp-content\/uploads\/2019\/06\/catholic-tv_ok2.png","width":303,"height":99,"caption":"Catholic-television"},"image":{"@id":"https:\/\/catholic-television.com\/es\/#\/schema\/logo\/image\/"},"sameAs":["https:\/\/www.facebook.com\/catholic.television.production\/","https:\/\/x.com\/catholictele"]},{"@type":"Person","@id":"https:\/\/catholic-television.com\/es\/#\/schema\/person\/3188c12fc213ed75be05c8a3a8650318","name":"vlad","image":{"@type":"ImageObject","inLanguage":"es","@id":"https:\/\/secure.gravatar.com\/avatar\/fc95831d9c48ad0da181a29b0820e0beb60a927341a41b7ffd6b73a4ef239589?s=96&d=mm&r=g","url":"https:\/\/secure.gravatar.com\/avatar\/fc95831d9c48ad0da181a29b0820e0beb60a927341a41b7ffd6b73a4ef239589?s=96&d=mm&r=g","contentUrl":"https:\/\/secure.gravatar.com\/avatar\/fc95831d9c48ad0da181a29b0820e0beb60a927341a41b7ffd6b73a4ef239589?s=96&d=mm&r=g","caption":"vlad"}}]}},"_links":{"self":[{"href":"https:\/\/catholic-television.com\/es\/wp-json\/wp\/v2\/posts\/14688","targetHints":{"allow":["GET"]}}],"collection":[{"href":"https:\/\/catholic-television.com\/es\/wp-json\/wp\/v2\/posts"}],"about":[{"href":"https:\/\/catholic-television.com\/es\/wp-json\/wp\/v2\/types\/post"}],"author":[{"embeddable":true,"href":"https:\/\/catholic-television.com\/es\/wp-json\/wp\/v2\/users\/7"}],"replies":[{"embeddable":true,"href":"https:\/\/catholic-television.com\/es\/wp-json\/wp\/v2\/comments?post=14688"}],"version-history":[{"count":1,"href":"https:\/\/catholic-television.com\/es\/wp-json\/wp\/v2\/posts\/14688\/revisions"}],"predecessor-version":[{"id":14694,"href":"https:\/\/catholic-television.com\/es\/wp-json\/wp\/v2\/posts\/14688\/revisions\/14694"}],"wp:featuredmedia":[{"embeddable":true,"href":"https:\/\/catholic-television.com\/es\/wp-json\/wp\/v2\/media\/14689"}],"wp:attachment":[{"href":"https:\/\/catholic-television.com\/es\/wp-json\/wp\/v2\/media?parent=14688"}],"wp:term":[{"taxonomy":"category","embeddable":true,"href":"https:\/\/catholic-television.com\/es\/wp-json\/wp\/v2\/categories?post=14688"},{"taxonomy":"post_tag","embeddable":true,"href":"https:\/\/catholic-television.com\/es\/wp-json\/wp\/v2\/tags?post=14688"}],"curies":[{"name":"wp","href":"https:\/\/api.w.org\/{rel}","templated":true}]}}