{"id":14681,"date":"2020-06-20T05:14:19","date_gmt":"2020-06-20T05:14:19","guid":{"rendered":"https:\/\/catholic-television.com\/wp-staging\/?p=14681"},"modified":"2020-06-20T05:14:19","modified_gmt":"2020-06-20T05:14:19","slug":"salmo-141-no-nos-dejes-caer-tentacion","status":"publish","type":"post","link":"https:\/\/catholic-television.com\/es\/salmo-141-no-nos-dejes-caer-tentacion\/","title":{"rendered":"Salmo 141 &#8211; No nos dejes caer en la tentaci\u00f3n"},"content":{"rendered":"<p style=\"text-align: center\"><span style=\"color: #000000\"><strong>Salmo 141<\/strong><\/span><br \/>\n<span style=\"color: #000000\"><strong>No nos dejes caer en la tentaci\u00f3n<\/strong><\/span><\/p>\n<p><span style=\"color: #000000\">Salmo de David.<\/span><\/p>\n<p><span style=\"color: #000000\">Se\u00f1or, te estoy llamando, ven de prisa,<\/span><br \/>\n<span style=\"color: #000000\">escucha mi voz cuando te llamo.<\/span><br \/>\n<span style=\"color: #000000\">Suba mi oraci\u00f3n como incienso en tu presencia,<\/span><br \/>\n<span style=\"color: #000000\">el alzar de mis manos como ofrenda de la tarde.<\/span><\/p>\n<p><span style=\"color: #000000\">Coloca, Se\u00f1or, una guardia en mi boca,<\/span><br \/>\n<span style=\"color: #000000\">un centinela a la puerta de mis labios;<\/span><br \/>\n<span style=\"color: #000000\">no dejes inclinarse mi coraz\u00f3n a la maldad,<\/span><br \/>\n<span style=\"color: #000000\">a cometer cr\u00edmenes y delitos;<\/span><br \/>\n<span style=\"color: #000000\">ni que con los hombres malvados<\/span><br \/>\n<span style=\"color: #000000\">participe en banquetes.<\/span><\/p>\n<p><span style=\"color: #000000\">Que el justo me golpee, que el bueno me reprenda,<\/span><br \/>\n<span style=\"color: #000000\">pero que el ung\u00fcento del imp\u00edo no perfume mi cabeza;<\/span><br \/>\n<span style=\"color: #000000\">yo seguir\u00e9 rezando en sus desgracias.<\/span><\/p>\n<p><span style=\"color: #000000\">Cuando caigan en las duras manos de sus jueces,<\/span><br \/>\n<span style=\"color: #000000\">escuchar\u00e1n mis palabras amables;<\/span><br \/>\n<span style=\"color: #000000\">como una piedra de molino, rota por tierra,<\/span><br \/>\n<span style=\"color: #000000\">queden esparcidos sus huesos a la boca de la tumba.<\/span><\/p>\n<p><span style=\"color: #000000\">Se\u00f1or Dios, mis ojos est\u00e1n vueltos a ti,<\/span><br \/>\n<span style=\"color: #000000\">en ti me refugio, no me dejes indefenso;<\/span><br \/>\n<span style=\"color: #000000\">gu\u00e1rdame del lazo que me han tendido,<\/span><br \/>\n<span style=\"color: #000000\">de la trampa de los malhechores.<\/span><br \/>\n<span style=\"color: #000000\">Caigan los malvados en sus redes,<\/span><br \/>\n<span style=\"color: #000000\">mientras que yo escapo ileso.<\/span><\/p>\n","protected":false},"excerpt":{"rendered":"<p>Salmo 141 No nos dejes caer en la tentaci\u00f3n Salmo de David. Se\u00f1or, te estoy llamando, ven de prisa, escucha mi voz cuando te llamo. Suba mi oraci\u00f3n como incienso en tu presencia, el alzar de mis manos como ofrenda de la tarde. Coloca, Se\u00f1or, una guardia en mi boca, un centinela a la puerta&hellip; <a class=\"more-link\" href=\"https:\/\/catholic-television.com\/es\/salmo-141-no-nos-dejes-caer-tentacion\/\">Seguir leyendo <span class=\"screen-reader-text\">Salmo 141 &#8211; No nos dejes caer en la tentaci\u00f3n<\/span><\/a><\/p>\n","protected":false},"author":7,"featured_media":14682,"comment_status":"open","ping_status":"open","sticky":false,"template":"","format":"standard","meta":{"footnotes":""},"categories":[668,13912],"tags":[30402,30403,30400,30399,30404,30407,30406,30401,30397,30405,30398],"class_list":["post-14681","post","type-post","status-publish","format-standard","has-post-thumbnail","hentry","category-bienvenidos","category-salmos","tag-centinela-puerta","tag-inclinarse-corazon","tag-ofrenda-tarde","tag-oracion-presencia","tag-participe-banquetes","tag-refugio-indefenso","tag-seguire-rezando","tag-senor-guardia","tag-senor-llamando","tag-unguento-impio","tag-ven-prisa","entry"],"yoast_head":"<!-- This site is optimized with the Yoast SEO plugin v27.4 - https:\/\/yoast.com\/product\/yoast-seo-wordpress\/ -->\n<title>Salmo 141 - No nos dejes caer en la tentaci\u00f3n | Se\u00f1or llamando | rezando<\/title>\n<meta name=\"description\" content=\"Nos dejes. Salmo de David. Se\u00f1or, te estoy llamando, ven de prisa, escucha mi voz cuando te llamo. Suba mi oraci\u00f3n como incienso en tu presencia, el alz...\" \/>\n<meta name=\"robots\" content=\"index, follow, max-snippet:-1, max-image-preview:large, max-video-preview:-1\" \/>\n<link rel=\"canonical\" href=\"https:\/\/catholic-television.com\/es\/salmo-141-no-nos-dejes-caer-tentacion\/\" \/>\n<meta property=\"og:locale\" content=\"es_ES\" \/>\n<meta property=\"og:type\" content=\"article\" \/>\n<meta property=\"og:title\" content=\"Salmo 141 - No nos dejes caer en la tentaci\u00f3n | Se\u00f1or llamando | rezando\" \/>\n<meta property=\"og:description\" content=\"Nos dejes. Salmo de David. Se\u00f1or, te estoy llamando, ven de prisa, escucha mi voz cuando te llamo. Suba mi oraci\u00f3n como incienso en tu presencia, el alz...\" \/>\n<meta property=\"og:url\" content=\"https:\/\/catholic-television.com\/es\/salmo-141-no-nos-dejes-caer-tentacion\/\" \/>\n<meta property=\"og:site_name\" content=\"Catholic-television\" \/>\n<meta property=\"article:publisher\" content=\"https:\/\/www.facebook.com\/catholic.television.production\/\" \/>\n<meta property=\"article:published_time\" content=\"2020-06-20T05:14:19+00:00\" \/>\n<meta property=\"og:image\" content=\"https:\/\/catholic-television.com\/wp-content\/uploads\/2020\/06\/Salmo-141-No-nos-dejes-caer-en-la-tentaci\u00f3n-Se\u00f1or-llamando-rezando.jpg\" \/>\n\t<meta property=\"og:image:width\" content=\"1024\" \/>\n\t<meta property=\"og:image:height\" content=\"576\" \/>\n\t<meta property=\"og:image:type\" content=\"image\/jpeg\" \/>\n<meta name=\"author\" content=\"vlad\" \/>\n<meta name=\"twitter:card\" content=\"summary_large_image\" \/>\n<meta name=\"twitter:creator\" content=\"@catholictele\" \/>\n<meta name=\"twitter:site\" content=\"@catholictele\" \/>\n<meta name=\"twitter:label1\" content=\"Escrito por\" \/>\n\t<meta name=\"twitter:data1\" content=\"vlad\" \/>\n\t<meta name=\"twitter:label2\" content=\"Tiempo de lectura\" \/>\n\t<meta name=\"twitter:data2\" content=\"1 minuto\" \/>\n<script type=\"application\/ld+json\" class=\"yoast-schema-graph\">{\"@context\":\"https:\\\/\\\/schema.org\",\"@graph\":[{\"@type\":\"Article\",\"@id\":\"https:\\\/\\\/catholic-television.com\\\/es\\\/salmo-141-no-nos-dejes-caer-tentacion\\\/#article\",\"isPartOf\":{\"@id\":\"https:\\\/\\\/catholic-television.com\\\/es\\\/salmo-141-no-nos-dejes-caer-tentacion\\\/\"},\"author\":{\"name\":\"vlad\",\"@id\":\"https:\\\/\\\/catholic-television.com\\\/es\\\/#\\\/schema\\\/person\\\/3188c12fc213ed75be05c8a3a8650318\"},\"headline\":\"Salmo 141 &#8211; No nos dejes caer en la tentaci\u00f3n\",\"datePublished\":\"2020-06-20T05:14:19+00:00\",\"mainEntityOfPage\":{\"@id\":\"https:\\\/\\\/catholic-television.com\\\/es\\\/salmo-141-no-nos-dejes-caer-tentacion\\\/\"},\"wordCount\":198,\"commentCount\":0,\"publisher\":{\"@id\":\"https:\\\/\\\/catholic-television.com\\\/es\\\/#organization\"},\"image\":{\"@id\":\"https:\\\/\\\/catholic-television.com\\\/es\\\/salmo-141-no-nos-dejes-caer-tentacion\\\/#primaryimage\"},\"thumbnailUrl\":\"https:\\\/\\\/catholic-television.com\\\/wp-content\\\/uploads\\\/2020\\\/06\\\/Salmo-141-No-nos-dejes-caer-en-la-tentaci\u00f3n-Se\u00f1or-llamando-rezando.jpg\",\"keywords\":[\"centinela puerta\",\"inclinarse coraz\u00f3n\",\"ofrenda tarde\",\"oraci\u00f3n presencia\",\"participe banquetes\",\"refugio indefenso\",\"seguir\u00e9 rezando\",\"Se\u00f1or guardia\",\"Se\u00f1or llamando\",\"ung\u00fcento imp\u00edo\",\"ven prisa\"],\"articleSection\":[\"Bienvenidos\",\"Salmos\"],\"inLanguage\":\"es\",\"potentialAction\":[{\"@type\":\"CommentAction\",\"name\":\"Comment\",\"target\":[\"https:\\\/\\\/catholic-television.com\\\/es\\\/salmo-141-no-nos-dejes-caer-tentacion\\\/#respond\"]}]},{\"@type\":\"WebPage\",\"@id\":\"https:\\\/\\\/catholic-television.com\\\/es\\\/salmo-141-no-nos-dejes-caer-tentacion\\\/\",\"url\":\"https:\\\/\\\/catholic-television.com\\\/es\\\/salmo-141-no-nos-dejes-caer-tentacion\\\/\",\"name\":\"Salmo 141 - No nos dejes caer en la tentaci\u00f3n | Se\u00f1or llamando | rezando\",\"isPartOf\":{\"@id\":\"https:\\\/\\\/catholic-television.com\\\/es\\\/#website\"},\"primaryImageOfPage\":{\"@id\":\"https:\\\/\\\/catholic-television.com\\\/es\\\/salmo-141-no-nos-dejes-caer-tentacion\\\/#primaryimage\"},\"image\":{\"@id\":\"https:\\\/\\\/catholic-television.com\\\/es\\\/salmo-141-no-nos-dejes-caer-tentacion\\\/#primaryimage\"},\"thumbnailUrl\":\"https:\\\/\\\/catholic-television.com\\\/wp-content\\\/uploads\\\/2020\\\/06\\\/Salmo-141-No-nos-dejes-caer-en-la-tentaci\u00f3n-Se\u00f1or-llamando-rezando.jpg\",\"datePublished\":\"2020-06-20T05:14:19+00:00\",\"description\":\"Nos dejes. Salmo de David. Se\u00f1or, te estoy llamando, ven de prisa, escucha mi voz cuando te llamo. Suba mi oraci\u00f3n como incienso en tu presencia, el alz...\",\"breadcrumb\":{\"@id\":\"https:\\\/\\\/catholic-television.com\\\/es\\\/salmo-141-no-nos-dejes-caer-tentacion\\\/#breadcrumb\"},\"inLanguage\":\"es\",\"potentialAction\":[{\"@type\":\"ReadAction\",\"target\":[\"https:\\\/\\\/catholic-television.com\\\/es\\\/salmo-141-no-nos-dejes-caer-tentacion\\\/\"]}]},{\"@type\":\"ImageObject\",\"inLanguage\":\"es\",\"@id\":\"https:\\\/\\\/catholic-television.com\\\/es\\\/salmo-141-no-nos-dejes-caer-tentacion\\\/#primaryimage\",\"url\":\"https:\\\/\\\/catholic-television.com\\\/wp-content\\\/uploads\\\/2020\\\/06\\\/Salmo-141-No-nos-dejes-caer-en-la-tentaci\u00f3n-Se\u00f1or-llamando-rezando.jpg\",\"contentUrl\":\"https:\\\/\\\/catholic-television.com\\\/wp-content\\\/uploads\\\/2020\\\/06\\\/Salmo-141-No-nos-dejes-caer-en-la-tentaci\u00f3n-Se\u00f1or-llamando-rezando.jpg\",\"width\":1024,\"height\":576,\"caption\":\"Salmo 141 - No nos dejes caer en la tentaci\u00f3n | Se\u00f1or llamando | rezando\"},{\"@type\":\"BreadcrumbList\",\"@id\":\"https:\\\/\\\/catholic-television.com\\\/es\\\/salmo-141-no-nos-dejes-caer-tentacion\\\/#breadcrumb\",\"itemListElement\":[{\"@type\":\"ListItem\",\"position\":1,\"name\":\"Portada\",\"item\":\"https:\\\/\\\/catholic-television.com\\\/es\\\/?lang=es\"},{\"@type\":\"ListItem\",\"position\":2,\"name\":\"Salmo 141 &#8211; No nos dejes caer en la tentaci\u00f3n\"}]},{\"@type\":\"WebSite\",\"@id\":\"https:\\\/\\\/catholic-television.com\\\/es\\\/#website\",\"url\":\"https:\\\/\\\/catholic-television.com\\\/es\\\/\",\"name\":\"Catholic-television\",\"description\":\"Catholic Television\",\"publisher\":{\"@id\":\"https:\\\/\\\/catholic-television.com\\\/es\\\/#organization\"},\"potentialAction\":[{\"@type\":\"SearchAction\",\"target\":{\"@type\":\"EntryPoint\",\"urlTemplate\":\"https:\\\/\\\/catholic-television.com\\\/es\\\/?s={search_term_string}\"},\"query-input\":{\"@type\":\"PropertyValueSpecification\",\"valueRequired\":true,\"valueName\":\"search_term_string\"}}],\"inLanguage\":\"es\"},{\"@type\":\"Organization\",\"@id\":\"https:\\\/\\\/catholic-television.com\\\/es\\\/#organization\",\"name\":\"Catholic-television\",\"url\":\"https:\\\/\\\/catholic-television.com\\\/es\\\/\",\"logo\":{\"@type\":\"ImageObject\",\"inLanguage\":\"es\",\"@id\":\"https:\\\/\\\/catholic-television.com\\\/es\\\/#\\\/schema\\\/logo\\\/image\\\/\",\"url\":\"https:\\\/\\\/catholic-television.com\\\/wp-content\\\/uploads\\\/2019\\\/06\\\/catholic-tv_ok2.png\",\"contentUrl\":\"https:\\\/\\\/catholic-television.com\\\/wp-content\\\/uploads\\\/2019\\\/06\\\/catholic-tv_ok2.png\",\"width\":303,\"height\":99,\"caption\":\"Catholic-television\"},\"image\":{\"@id\":\"https:\\\/\\\/catholic-television.com\\\/es\\\/#\\\/schema\\\/logo\\\/image\\\/\"},\"sameAs\":[\"https:\\\/\\\/www.facebook.com\\\/catholic.television.production\\\/\",\"https:\\\/\\\/x.com\\\/catholictele\"]},{\"@type\":\"Person\",\"@id\":\"https:\\\/\\\/catholic-television.com\\\/es\\\/#\\\/schema\\\/person\\\/3188c12fc213ed75be05c8a3a8650318\",\"name\":\"vlad\",\"image\":{\"@type\":\"ImageObject\",\"inLanguage\":\"es\",\"@id\":\"https:\\\/\\\/secure.gravatar.com\\\/avatar\\\/fc95831d9c48ad0da181a29b0820e0beb60a927341a41b7ffd6b73a4ef239589?s=96&d=mm&r=g\",\"url\":\"https:\\\/\\\/secure.gravatar.com\\\/avatar\\\/fc95831d9c48ad0da181a29b0820e0beb60a927341a41b7ffd6b73a4ef239589?s=96&d=mm&r=g\",\"contentUrl\":\"https:\\\/\\\/secure.gravatar.com\\\/avatar\\\/fc95831d9c48ad0da181a29b0820e0beb60a927341a41b7ffd6b73a4ef239589?s=96&d=mm&r=g\",\"caption\":\"vlad\"}}]}<\/script>\n<!-- \/ Yoast SEO plugin. -->","yoast_head_json":{"title":"Salmo 141 - No nos dejes caer en la tentaci\u00f3n | Se\u00f1or llamando | rezando","description":"Nos dejes. Salmo de David. Se\u00f1or, te estoy llamando, ven de prisa, escucha mi voz cuando te llamo. Suba mi oraci\u00f3n como incienso en tu presencia, el alz...","robots":{"index":"index","follow":"follow","max-snippet":"max-snippet:-1","max-image-preview":"max-image-preview:large","max-video-preview":"max-video-preview:-1"},"canonical":"https:\/\/catholic-television.com\/es\/salmo-141-no-nos-dejes-caer-tentacion\/","og_locale":"es_ES","og_type":"article","og_title":"Salmo 141 - No nos dejes caer en la tentaci\u00f3n | Se\u00f1or llamando | rezando","og_description":"Nos dejes. Salmo de David. Se\u00f1or, te estoy llamando, ven de prisa, escucha mi voz cuando te llamo. Suba mi oraci\u00f3n como incienso en tu presencia, el alz...","og_url":"https:\/\/catholic-television.com\/es\/salmo-141-no-nos-dejes-caer-tentacion\/","og_site_name":"Catholic-television","article_publisher":"https:\/\/www.facebook.com\/catholic.television.production\/","article_published_time":"2020-06-20T05:14:19+00:00","og_image":[{"width":1024,"height":576,"url":"https:\/\/catholic-television.com\/wp-content\/uploads\/2020\/06\/Salmo-141-No-nos-dejes-caer-en-la-tentaci\u00f3n-Se\u00f1or-llamando-rezando.jpg","type":"image\/jpeg"}],"author":"vlad","twitter_card":"summary_large_image","twitter_creator":"@catholictele","twitter_site":"@catholictele","twitter_misc":{"Escrito por":"vlad","Tiempo de lectura":"1 minuto"},"schema":{"@context":"https:\/\/schema.org","@graph":[{"@type":"Article","@id":"https:\/\/catholic-television.com\/es\/salmo-141-no-nos-dejes-caer-tentacion\/#article","isPartOf":{"@id":"https:\/\/catholic-television.com\/es\/salmo-141-no-nos-dejes-caer-tentacion\/"},"author":{"name":"vlad","@id":"https:\/\/catholic-television.com\/es\/#\/schema\/person\/3188c12fc213ed75be05c8a3a8650318"},"headline":"Salmo 141 &#8211; No nos dejes caer en la tentaci\u00f3n","datePublished":"2020-06-20T05:14:19+00:00","mainEntityOfPage":{"@id":"https:\/\/catholic-television.com\/es\/salmo-141-no-nos-dejes-caer-tentacion\/"},"wordCount":198,"commentCount":0,"publisher":{"@id":"https:\/\/catholic-television.com\/es\/#organization"},"image":{"@id":"https:\/\/catholic-television.com\/es\/salmo-141-no-nos-dejes-caer-tentacion\/#primaryimage"},"thumbnailUrl":"https:\/\/catholic-television.com\/wp-content\/uploads\/2020\/06\/Salmo-141-No-nos-dejes-caer-en-la-tentaci\u00f3n-Se\u00f1or-llamando-rezando.jpg","keywords":["centinela puerta","inclinarse coraz\u00f3n","ofrenda tarde","oraci\u00f3n presencia","participe banquetes","refugio indefenso","seguir\u00e9 rezando","Se\u00f1or guardia","Se\u00f1or llamando","ung\u00fcento imp\u00edo","ven prisa"],"articleSection":["Bienvenidos","Salmos"],"inLanguage":"es","potentialAction":[{"@type":"CommentAction","name":"Comment","target":["https:\/\/catholic-television.com\/es\/salmo-141-no-nos-dejes-caer-tentacion\/#respond"]}]},{"@type":"WebPage","@id":"https:\/\/catholic-television.com\/es\/salmo-141-no-nos-dejes-caer-tentacion\/","url":"https:\/\/catholic-television.com\/es\/salmo-141-no-nos-dejes-caer-tentacion\/","name":"Salmo 141 - No nos dejes caer en la tentaci\u00f3n | Se\u00f1or llamando | rezando","isPartOf":{"@id":"https:\/\/catholic-television.com\/es\/#website"},"primaryImageOfPage":{"@id":"https:\/\/catholic-television.com\/es\/salmo-141-no-nos-dejes-caer-tentacion\/#primaryimage"},"image":{"@id":"https:\/\/catholic-television.com\/es\/salmo-141-no-nos-dejes-caer-tentacion\/#primaryimage"},"thumbnailUrl":"https:\/\/catholic-television.com\/wp-content\/uploads\/2020\/06\/Salmo-141-No-nos-dejes-caer-en-la-tentaci\u00f3n-Se\u00f1or-llamando-rezando.jpg","datePublished":"2020-06-20T05:14:19+00:00","description":"Nos dejes. Salmo de David. Se\u00f1or, te estoy llamando, ven de prisa, escucha mi voz cuando te llamo. Suba mi oraci\u00f3n como incienso en tu presencia, el alz...","breadcrumb":{"@id":"https:\/\/catholic-television.com\/es\/salmo-141-no-nos-dejes-caer-tentacion\/#breadcrumb"},"inLanguage":"es","potentialAction":[{"@type":"ReadAction","target":["https:\/\/catholic-television.com\/es\/salmo-141-no-nos-dejes-caer-tentacion\/"]}]},{"@type":"ImageObject","inLanguage":"es","@id":"https:\/\/catholic-television.com\/es\/salmo-141-no-nos-dejes-caer-tentacion\/#primaryimage","url":"https:\/\/catholic-television.com\/wp-content\/uploads\/2020\/06\/Salmo-141-No-nos-dejes-caer-en-la-tentaci\u00f3n-Se\u00f1or-llamando-rezando.jpg","contentUrl":"https:\/\/catholic-television.com\/wp-content\/uploads\/2020\/06\/Salmo-141-No-nos-dejes-caer-en-la-tentaci\u00f3n-Se\u00f1or-llamando-rezando.jpg","width":1024,"height":576,"caption":"Salmo 141 - No nos dejes caer en la tentaci\u00f3n | Se\u00f1or llamando | rezando"},{"@type":"BreadcrumbList","@id":"https:\/\/catholic-television.com\/es\/salmo-141-no-nos-dejes-caer-tentacion\/#breadcrumb","itemListElement":[{"@type":"ListItem","position":1,"name":"Portada","item":"https:\/\/catholic-television.com\/es\/?lang=es"},{"@type":"ListItem","position":2,"name":"Salmo 141 &#8211; No nos dejes caer en la tentaci\u00f3n"}]},{"@type":"WebSite","@id":"https:\/\/catholic-television.com\/es\/#website","url":"https:\/\/catholic-television.com\/es\/","name":"Catholic-television","description":"Catholic Television","publisher":{"@id":"https:\/\/catholic-television.com\/es\/#organization"},"potentialAction":[{"@type":"SearchAction","target":{"@type":"EntryPoint","urlTemplate":"https:\/\/catholic-television.com\/es\/?s={search_term_string}"},"query-input":{"@type":"PropertyValueSpecification","valueRequired":true,"valueName":"search_term_string"}}],"inLanguage":"es"},{"@type":"Organization","@id":"https:\/\/catholic-television.com\/es\/#organization","name":"Catholic-television","url":"https:\/\/catholic-television.com\/es\/","logo":{"@type":"ImageObject","inLanguage":"es","@id":"https:\/\/catholic-television.com\/es\/#\/schema\/logo\/image\/","url":"https:\/\/catholic-television.com\/wp-content\/uploads\/2019\/06\/catholic-tv_ok2.png","contentUrl":"https:\/\/catholic-television.com\/wp-content\/uploads\/2019\/06\/catholic-tv_ok2.png","width":303,"height":99,"caption":"Catholic-television"},"image":{"@id":"https:\/\/catholic-television.com\/es\/#\/schema\/logo\/image\/"},"sameAs":["https:\/\/www.facebook.com\/catholic.television.production\/","https:\/\/x.com\/catholictele"]},{"@type":"Person","@id":"https:\/\/catholic-television.com\/es\/#\/schema\/person\/3188c12fc213ed75be05c8a3a8650318","name":"vlad","image":{"@type":"ImageObject","inLanguage":"es","@id":"https:\/\/secure.gravatar.com\/avatar\/fc95831d9c48ad0da181a29b0820e0beb60a927341a41b7ffd6b73a4ef239589?s=96&d=mm&r=g","url":"https:\/\/secure.gravatar.com\/avatar\/fc95831d9c48ad0da181a29b0820e0beb60a927341a41b7ffd6b73a4ef239589?s=96&d=mm&r=g","contentUrl":"https:\/\/secure.gravatar.com\/avatar\/fc95831d9c48ad0da181a29b0820e0beb60a927341a41b7ffd6b73a4ef239589?s=96&d=mm&r=g","caption":"vlad"}}]}},"_links":{"self":[{"href":"https:\/\/catholic-television.com\/es\/wp-json\/wp\/v2\/posts\/14681","targetHints":{"allow":["GET"]}}],"collection":[{"href":"https:\/\/catholic-television.com\/es\/wp-json\/wp\/v2\/posts"}],"about":[{"href":"https:\/\/catholic-television.com\/es\/wp-json\/wp\/v2\/types\/post"}],"author":[{"embeddable":true,"href":"https:\/\/catholic-television.com\/es\/wp-json\/wp\/v2\/users\/7"}],"replies":[{"embeddable":true,"href":"https:\/\/catholic-television.com\/es\/wp-json\/wp\/v2\/comments?post=14681"}],"version-history":[{"count":1,"href":"https:\/\/catholic-television.com\/es\/wp-json\/wp\/v2\/posts\/14681\/revisions"}],"predecessor-version":[{"id":14687,"href":"https:\/\/catholic-television.com\/es\/wp-json\/wp\/v2\/posts\/14681\/revisions\/14687"}],"wp:featuredmedia":[{"embeddable":true,"href":"https:\/\/catholic-television.com\/es\/wp-json\/wp\/v2\/media\/14682"}],"wp:attachment":[{"href":"https:\/\/catholic-television.com\/es\/wp-json\/wp\/v2\/media?parent=14681"}],"wp:term":[{"taxonomy":"category","embeddable":true,"href":"https:\/\/catholic-television.com\/es\/wp-json\/wp\/v2\/categories?post=14681"},{"taxonomy":"post_tag","embeddable":true,"href":"https:\/\/catholic-television.com\/es\/wp-json\/wp\/v2\/tags?post=14681"}],"curies":[{"name":"wp","href":"https:\/\/api.w.org\/{rel}","templated":true}]}}