{"id":14674,"date":"2020-06-20T04:37:27","date_gmt":"2020-06-20T04:37:27","guid":{"rendered":"https:\/\/catholic-television.com\/wp-staging\/?p=14674"},"modified":"2020-06-20T04:37:27","modified_gmt":"2020-06-20T04:37:27","slug":"salmo-140-librame-del-hombre-malvado","status":"publish","type":"post","link":"https:\/\/catholic-television.com\/es\/salmo-140-librame-del-hombre-malvado\/","title":{"rendered":"Salmo 140 &#8211; L\u00edbrame del hombre malvado"},"content":{"rendered":"<p style=\"text-align: center\"><span style=\"color: #000000\"><strong>Salmo 140<\/strong><\/span><br \/>\n<span style=\"color: #000000\"><strong>L\u00edbrame del hombre malvado<\/strong><\/span><\/p>\n<p><span style=\"color: #000000\">Al Director. Salmo de David.<\/span><\/p>\n<p><span style=\"color: #000000\">L\u00edbrame, Se\u00f1or, del malvado,<\/span><br \/>\n<span style=\"color: #000000\">gu\u00e1rdame del hombre violento:<\/span><br \/>\n<span style=\"color: #000000\">que planean maldades en su coraz\u00f3n<\/span><br \/>\n<span style=\"color: #000000\">y todo el d\u00eda provocan contiendas;<\/span><br \/>\n<span style=\"color: #000000\">afilan sus lenguas como serpientes,<\/span><br \/>\n<span style=\"color: #000000\">con veneno de v\u00edboras en los labios.<\/span><\/p>\n<p><span style=\"color: #000000\">Defi\u00e9ndeme, Se\u00f1or, de la mano perversa;<\/span><br \/>\n<span style=\"color: #000000\">gu\u00e1rdame de los hombres violentos,<\/span><br \/>\n<span style=\"color: #000000\">que preparan zancadillas a mis pasos.<\/span><br \/>\n<span style=\"color: #000000\">Los soberbios me esconden trampas;<\/span><br \/>\n<span style=\"color: #000000\">los perversos me tienden una red<\/span><br \/>\n<span style=\"color: #000000\">y por el camino me colocan lazos.<\/span><\/p>\n<p><span style=\"color: #000000\">Pero yo digo al Se\u00f1or: \u00abT\u00fa eres mi Dios\u00bb;<\/span><br \/>\n<span style=\"color: #000000\">Se\u00f1or, atiende a mis gritos de socorro;<\/span><br \/>\n<span style=\"color: #000000\">Se\u00f1or Dios, mi fuerte salvador,<\/span><br \/>\n<span style=\"color: #000000\">que cubres mi cabeza el d\u00eda de la batalla.<\/span><br \/>\n<span style=\"color: #000000\">Se\u00f1or, no le concedas sus deseos al malvado,<\/span><br \/>\n<span style=\"color: #000000\">no des \u00e9xito a sus proyectos.<\/span><\/p>\n<p><span style=\"color: #000000\">Levantan la cabeza los que me rodean,<\/span><br \/>\n<span style=\"color: #000000\">la iniquidad de sus labios los cubra.<\/span><br \/>\n<span style=\"color: #000000\">Caigan sobre ellos carbones encendidos,<\/span><br \/>\n<span style=\"color: #000000\">arr\u00f3jalos en la fosa y no se levanten.<\/span><br \/>\n<span style=\"color: #000000\">No arraigue en la tierra el deslenguado,<\/span><br \/>\n<span style=\"color: #000000\">el mal persiga al violento hasta desterrarlo.<\/span><\/p>\n<p><span style=\"color: #000000\">Yo s\u00e9 que el Se\u00f1or hace justicia al afligido<\/span><br \/>\n<span style=\"color: #000000\">y defiende el derecho del pobre.<\/span><br \/>\n<span style=\"color: #000000\">Los justos alabar\u00e1n tu nombre,<\/span><br \/>\n<span style=\"color: #000000\">los honrados habitar\u00e1n en tu presencia.<\/span><\/p>\n","protected":false},"excerpt":{"rendered":"<p>Salmo 140 L\u00edbrame del hombre malvado Al Director. Salmo de David. L\u00edbrame, Se\u00f1or, del malvado, gu\u00e1rdame del hombre violento: que planean maldades en su coraz\u00f3n y todo el d\u00eda provocan contiendas; afilan sus lenguas como serpientes, con veneno de v\u00edboras en los labios. Defi\u00e9ndeme, Se\u00f1or, de la mano perversa; gu\u00e1rdame de los hombres violentos, que&hellip; <a class=\"more-link\" href=\"https:\/\/catholic-television.com\/es\/salmo-140-librame-del-hombre-malvado\/\">Seguir leyendo <span class=\"screen-reader-text\">Salmo 140 &#8211; L\u00edbrame del hombre malvado<\/span><\/a><\/p>\n","protected":false},"author":7,"featured_media":14675,"comment_status":"open","ping_status":"open","sticky":false,"template":"","format":"standard","meta":{"footnotes":""},"categories":[668,13912],"tags":[30385,27313,30387,30383,30391,30389,30390,30382,30384,22301,30386,30388],"class_list":["post-14674","post","type-post","status-publish","format-standard","has-post-thumbnail","hentry","category-bienvenidos","category-salmos","tag-defiendeme-senor","tag-eres-dios","tag-fuerte-salvador","tag-guardame-violento","tag-habitaran-presencia","tag-justicia-afligido","tag-justos-alabaran","tag-librame-malvado","tag-maldades-corazon","tag-senor-dios","tag-soberbios-perversos","tag-violento-desterrarlo","entry"],"yoast_head":"<!-- This site is optimized with the Yoast SEO plugin v27.4 - https:\/\/yoast.com\/product\/yoast-seo-wordpress\/ -->\n<title>Salmo 140 - L\u00edbrame del hombre malvado | l\u00edbrame malvado | gu\u00e1rdame<\/title>\n<meta name=\"description\" content=\"Hombre malvado. Al Director. Salmo de David. L\u00edbrame, Se\u00f1or, del malvado, gu\u00e1rdame del hombre violento: que planean maldades en su coraz\u00f3n y todo el d\u00eda...\" \/>\n<meta name=\"robots\" content=\"index, follow, max-snippet:-1, max-image-preview:large, max-video-preview:-1\" \/>\n<link rel=\"canonical\" href=\"https:\/\/catholic-television.com\/es\/salmo-140-librame-del-hombre-malvado\/\" \/>\n<meta property=\"og:locale\" content=\"es_ES\" \/>\n<meta property=\"og:type\" content=\"article\" \/>\n<meta property=\"og:title\" content=\"Salmo 140 - L\u00edbrame del hombre malvado | l\u00edbrame malvado | gu\u00e1rdame\" \/>\n<meta property=\"og:description\" content=\"Hombre malvado. Al Director. Salmo de David. L\u00edbrame, Se\u00f1or, del malvado, gu\u00e1rdame del hombre violento: que planean maldades en su coraz\u00f3n y todo el d\u00eda...\" \/>\n<meta property=\"og:url\" content=\"https:\/\/catholic-television.com\/es\/salmo-140-librame-del-hombre-malvado\/\" \/>\n<meta property=\"og:site_name\" content=\"Catholic-television\" \/>\n<meta property=\"article:publisher\" content=\"https:\/\/www.facebook.com\/catholic.television.production\/\" \/>\n<meta property=\"article:published_time\" content=\"2020-06-20T04:37:27+00:00\" \/>\n<meta property=\"og:image\" content=\"https:\/\/catholic-television.com\/wp-content\/uploads\/2020\/06\/Salmo-140-L\u00edbrame-del-hombre-malvado-l\u00edbrame-malvado-gu\u00e1rdame.jpg\" \/>\n\t<meta property=\"og:image:width\" content=\"1024\" \/>\n\t<meta property=\"og:image:height\" content=\"576\" \/>\n\t<meta property=\"og:image:type\" content=\"image\/jpeg\" \/>\n<meta name=\"author\" content=\"vlad\" \/>\n<meta name=\"twitter:card\" content=\"summary_large_image\" \/>\n<meta name=\"twitter:creator\" content=\"@catholictele\" \/>\n<meta name=\"twitter:site\" content=\"@catholictele\" \/>\n<meta name=\"twitter:label1\" content=\"Escrito por\" \/>\n\t<meta name=\"twitter:data1\" content=\"vlad\" \/>\n\t<meta name=\"twitter:label2\" content=\"Tiempo de lectura\" \/>\n\t<meta name=\"twitter:data2\" content=\"1 minuto\" \/>\n<script type=\"application\/ld+json\" class=\"yoast-schema-graph\">{\"@context\":\"https:\\\/\\\/schema.org\",\"@graph\":[{\"@type\":\"Article\",\"@id\":\"https:\\\/\\\/catholic-television.com\\\/es\\\/salmo-140-librame-del-hombre-malvado\\\/#article\",\"isPartOf\":{\"@id\":\"https:\\\/\\\/catholic-television.com\\\/es\\\/salmo-140-librame-del-hombre-malvado\\\/\"},\"author\":{\"name\":\"vlad\",\"@id\":\"https:\\\/\\\/catholic-television.com\\\/es\\\/#\\\/schema\\\/person\\\/3188c12fc213ed75be05c8a3a8650318\"},\"headline\":\"Salmo 140 &#8211; L\u00edbrame del hombre malvado\",\"datePublished\":\"2020-06-20T04:37:27+00:00\",\"mainEntityOfPage\":{\"@id\":\"https:\\\/\\\/catholic-television.com\\\/es\\\/salmo-140-librame-del-hombre-malvado\\\/\"},\"wordCount\":214,\"commentCount\":0,\"publisher\":{\"@id\":\"https:\\\/\\\/catholic-television.com\\\/es\\\/#organization\"},\"image\":{\"@id\":\"https:\\\/\\\/catholic-television.com\\\/es\\\/salmo-140-librame-del-hombre-malvado\\\/#primaryimage\"},\"thumbnailUrl\":\"https:\\\/\\\/catholic-television.com\\\/wp-content\\\/uploads\\\/2020\\\/06\\\/Salmo-140-L\u00edbrame-del-hombre-malvado-l\u00edbrame-malvado-gu\u00e1rdame.jpg\",\"keywords\":[\"defi\u00e9ndeme Se\u00f1or\",\"eres Dios\",\"fuerte salvador\",\"gu\u00e1rdame violento\",\"habitar\u00e1n presencia\",\"justicia afligido\",\"justos alabar\u00e1n\",\"l\u00edbrame malvado\",\"maldades coraz\u00f3n\",\"Se\u00f1or Dios\",\"soberbios perversos\",\"violento desterrarlo\"],\"articleSection\":[\"Bienvenidos\",\"Salmos\"],\"inLanguage\":\"es\",\"potentialAction\":[{\"@type\":\"CommentAction\",\"name\":\"Comment\",\"target\":[\"https:\\\/\\\/catholic-television.com\\\/es\\\/salmo-140-librame-del-hombre-malvado\\\/#respond\"]}]},{\"@type\":\"WebPage\",\"@id\":\"https:\\\/\\\/catholic-television.com\\\/es\\\/salmo-140-librame-del-hombre-malvado\\\/\",\"url\":\"https:\\\/\\\/catholic-television.com\\\/es\\\/salmo-140-librame-del-hombre-malvado\\\/\",\"name\":\"Salmo 140 - L\u00edbrame del hombre malvado | l\u00edbrame malvado | gu\u00e1rdame\",\"isPartOf\":{\"@id\":\"https:\\\/\\\/catholic-television.com\\\/es\\\/#website\"},\"primaryImageOfPage\":{\"@id\":\"https:\\\/\\\/catholic-television.com\\\/es\\\/salmo-140-librame-del-hombre-malvado\\\/#primaryimage\"},\"image\":{\"@id\":\"https:\\\/\\\/catholic-television.com\\\/es\\\/salmo-140-librame-del-hombre-malvado\\\/#primaryimage\"},\"thumbnailUrl\":\"https:\\\/\\\/catholic-television.com\\\/wp-content\\\/uploads\\\/2020\\\/06\\\/Salmo-140-L\u00edbrame-del-hombre-malvado-l\u00edbrame-malvado-gu\u00e1rdame.jpg\",\"datePublished\":\"2020-06-20T04:37:27+00:00\",\"description\":\"Hombre malvado. Al Director. Salmo de David. L\u00edbrame, Se\u00f1or, del malvado, gu\u00e1rdame del hombre violento: que planean maldades en su coraz\u00f3n y todo el d\u00eda...\",\"breadcrumb\":{\"@id\":\"https:\\\/\\\/catholic-television.com\\\/es\\\/salmo-140-librame-del-hombre-malvado\\\/#breadcrumb\"},\"inLanguage\":\"es\",\"potentialAction\":[{\"@type\":\"ReadAction\",\"target\":[\"https:\\\/\\\/catholic-television.com\\\/es\\\/salmo-140-librame-del-hombre-malvado\\\/\"]}]},{\"@type\":\"ImageObject\",\"inLanguage\":\"es\",\"@id\":\"https:\\\/\\\/catholic-television.com\\\/es\\\/salmo-140-librame-del-hombre-malvado\\\/#primaryimage\",\"url\":\"https:\\\/\\\/catholic-television.com\\\/wp-content\\\/uploads\\\/2020\\\/06\\\/Salmo-140-L\u00edbrame-del-hombre-malvado-l\u00edbrame-malvado-gu\u00e1rdame.jpg\",\"contentUrl\":\"https:\\\/\\\/catholic-television.com\\\/wp-content\\\/uploads\\\/2020\\\/06\\\/Salmo-140-L\u00edbrame-del-hombre-malvado-l\u00edbrame-malvado-gu\u00e1rdame.jpg\",\"width\":1024,\"height\":576,\"caption\":\"Salmo 140 - L\u00edbrame del hombre malvado | l\u00edbrame malvado | gu\u00e1rdame\"},{\"@type\":\"BreadcrumbList\",\"@id\":\"https:\\\/\\\/catholic-television.com\\\/es\\\/salmo-140-librame-del-hombre-malvado\\\/#breadcrumb\",\"itemListElement\":[{\"@type\":\"ListItem\",\"position\":1,\"name\":\"Portada\",\"item\":\"https:\\\/\\\/catholic-television.com\\\/es\\\/?lang=es\"},{\"@type\":\"ListItem\",\"position\":2,\"name\":\"Salmo 140 &#8211; L\u00edbrame del hombre malvado\"}]},{\"@type\":\"WebSite\",\"@id\":\"https:\\\/\\\/catholic-television.com\\\/es\\\/#website\",\"url\":\"https:\\\/\\\/catholic-television.com\\\/es\\\/\",\"name\":\"Catholic-television\",\"description\":\"Catholic Television\",\"publisher\":{\"@id\":\"https:\\\/\\\/catholic-television.com\\\/es\\\/#organization\"},\"potentialAction\":[{\"@type\":\"SearchAction\",\"target\":{\"@type\":\"EntryPoint\",\"urlTemplate\":\"https:\\\/\\\/catholic-television.com\\\/es\\\/?s={search_term_string}\"},\"query-input\":{\"@type\":\"PropertyValueSpecification\",\"valueRequired\":true,\"valueName\":\"search_term_string\"}}],\"inLanguage\":\"es\"},{\"@type\":\"Organization\",\"@id\":\"https:\\\/\\\/catholic-television.com\\\/es\\\/#organization\",\"name\":\"Catholic-television\",\"url\":\"https:\\\/\\\/catholic-television.com\\\/es\\\/\",\"logo\":{\"@type\":\"ImageObject\",\"inLanguage\":\"es\",\"@id\":\"https:\\\/\\\/catholic-television.com\\\/es\\\/#\\\/schema\\\/logo\\\/image\\\/\",\"url\":\"https:\\\/\\\/catholic-television.com\\\/wp-content\\\/uploads\\\/2019\\\/06\\\/catholic-tv_ok2.png\",\"contentUrl\":\"https:\\\/\\\/catholic-television.com\\\/wp-content\\\/uploads\\\/2019\\\/06\\\/catholic-tv_ok2.png\",\"width\":303,\"height\":99,\"caption\":\"Catholic-television\"},\"image\":{\"@id\":\"https:\\\/\\\/catholic-television.com\\\/es\\\/#\\\/schema\\\/logo\\\/image\\\/\"},\"sameAs\":[\"https:\\\/\\\/www.facebook.com\\\/catholic.television.production\\\/\",\"https:\\\/\\\/x.com\\\/catholictele\"]},{\"@type\":\"Person\",\"@id\":\"https:\\\/\\\/catholic-television.com\\\/es\\\/#\\\/schema\\\/person\\\/3188c12fc213ed75be05c8a3a8650318\",\"name\":\"vlad\",\"image\":{\"@type\":\"ImageObject\",\"inLanguage\":\"es\",\"@id\":\"https:\\\/\\\/secure.gravatar.com\\\/avatar\\\/fc95831d9c48ad0da181a29b0820e0beb60a927341a41b7ffd6b73a4ef239589?s=96&d=mm&r=g\",\"url\":\"https:\\\/\\\/secure.gravatar.com\\\/avatar\\\/fc95831d9c48ad0da181a29b0820e0beb60a927341a41b7ffd6b73a4ef239589?s=96&d=mm&r=g\",\"contentUrl\":\"https:\\\/\\\/secure.gravatar.com\\\/avatar\\\/fc95831d9c48ad0da181a29b0820e0beb60a927341a41b7ffd6b73a4ef239589?s=96&d=mm&r=g\",\"caption\":\"vlad\"}}]}<\/script>\n<!-- \/ Yoast SEO plugin. -->","yoast_head_json":{"title":"Salmo 140 - L\u00edbrame del hombre malvado | l\u00edbrame malvado | gu\u00e1rdame","description":"Hombre malvado. Al Director. Salmo de David. L\u00edbrame, Se\u00f1or, del malvado, gu\u00e1rdame del hombre violento: que planean maldades en su coraz\u00f3n y todo el d\u00eda...","robots":{"index":"index","follow":"follow","max-snippet":"max-snippet:-1","max-image-preview":"max-image-preview:large","max-video-preview":"max-video-preview:-1"},"canonical":"https:\/\/catholic-television.com\/es\/salmo-140-librame-del-hombre-malvado\/","og_locale":"es_ES","og_type":"article","og_title":"Salmo 140 - L\u00edbrame del hombre malvado | l\u00edbrame malvado | gu\u00e1rdame","og_description":"Hombre malvado. Al Director. Salmo de David. L\u00edbrame, Se\u00f1or, del malvado, gu\u00e1rdame del hombre violento: que planean maldades en su coraz\u00f3n y todo el d\u00eda...","og_url":"https:\/\/catholic-television.com\/es\/salmo-140-librame-del-hombre-malvado\/","og_site_name":"Catholic-television","article_publisher":"https:\/\/www.facebook.com\/catholic.television.production\/","article_published_time":"2020-06-20T04:37:27+00:00","og_image":[{"width":1024,"height":576,"url":"https:\/\/catholic-television.com\/wp-content\/uploads\/2020\/06\/Salmo-140-L\u00edbrame-del-hombre-malvado-l\u00edbrame-malvado-gu\u00e1rdame.jpg","type":"image\/jpeg"}],"author":"vlad","twitter_card":"summary_large_image","twitter_creator":"@catholictele","twitter_site":"@catholictele","twitter_misc":{"Escrito por":"vlad","Tiempo de lectura":"1 minuto"},"schema":{"@context":"https:\/\/schema.org","@graph":[{"@type":"Article","@id":"https:\/\/catholic-television.com\/es\/salmo-140-librame-del-hombre-malvado\/#article","isPartOf":{"@id":"https:\/\/catholic-television.com\/es\/salmo-140-librame-del-hombre-malvado\/"},"author":{"name":"vlad","@id":"https:\/\/catholic-television.com\/es\/#\/schema\/person\/3188c12fc213ed75be05c8a3a8650318"},"headline":"Salmo 140 &#8211; L\u00edbrame del hombre malvado","datePublished":"2020-06-20T04:37:27+00:00","mainEntityOfPage":{"@id":"https:\/\/catholic-television.com\/es\/salmo-140-librame-del-hombre-malvado\/"},"wordCount":214,"commentCount":0,"publisher":{"@id":"https:\/\/catholic-television.com\/es\/#organization"},"image":{"@id":"https:\/\/catholic-television.com\/es\/salmo-140-librame-del-hombre-malvado\/#primaryimage"},"thumbnailUrl":"https:\/\/catholic-television.com\/wp-content\/uploads\/2020\/06\/Salmo-140-L\u00edbrame-del-hombre-malvado-l\u00edbrame-malvado-gu\u00e1rdame.jpg","keywords":["defi\u00e9ndeme Se\u00f1or","eres Dios","fuerte salvador","gu\u00e1rdame violento","habitar\u00e1n presencia","justicia afligido","justos alabar\u00e1n","l\u00edbrame malvado","maldades coraz\u00f3n","Se\u00f1or Dios","soberbios perversos","violento desterrarlo"],"articleSection":["Bienvenidos","Salmos"],"inLanguage":"es","potentialAction":[{"@type":"CommentAction","name":"Comment","target":["https:\/\/catholic-television.com\/es\/salmo-140-librame-del-hombre-malvado\/#respond"]}]},{"@type":"WebPage","@id":"https:\/\/catholic-television.com\/es\/salmo-140-librame-del-hombre-malvado\/","url":"https:\/\/catholic-television.com\/es\/salmo-140-librame-del-hombre-malvado\/","name":"Salmo 140 - L\u00edbrame del hombre malvado | l\u00edbrame malvado | gu\u00e1rdame","isPartOf":{"@id":"https:\/\/catholic-television.com\/es\/#website"},"primaryImageOfPage":{"@id":"https:\/\/catholic-television.com\/es\/salmo-140-librame-del-hombre-malvado\/#primaryimage"},"image":{"@id":"https:\/\/catholic-television.com\/es\/salmo-140-librame-del-hombre-malvado\/#primaryimage"},"thumbnailUrl":"https:\/\/catholic-television.com\/wp-content\/uploads\/2020\/06\/Salmo-140-L\u00edbrame-del-hombre-malvado-l\u00edbrame-malvado-gu\u00e1rdame.jpg","datePublished":"2020-06-20T04:37:27+00:00","description":"Hombre malvado. Al Director. Salmo de David. L\u00edbrame, Se\u00f1or, del malvado, gu\u00e1rdame del hombre violento: que planean maldades en su coraz\u00f3n y todo el d\u00eda...","breadcrumb":{"@id":"https:\/\/catholic-television.com\/es\/salmo-140-librame-del-hombre-malvado\/#breadcrumb"},"inLanguage":"es","potentialAction":[{"@type":"ReadAction","target":["https:\/\/catholic-television.com\/es\/salmo-140-librame-del-hombre-malvado\/"]}]},{"@type":"ImageObject","inLanguage":"es","@id":"https:\/\/catholic-television.com\/es\/salmo-140-librame-del-hombre-malvado\/#primaryimage","url":"https:\/\/catholic-television.com\/wp-content\/uploads\/2020\/06\/Salmo-140-L\u00edbrame-del-hombre-malvado-l\u00edbrame-malvado-gu\u00e1rdame.jpg","contentUrl":"https:\/\/catholic-television.com\/wp-content\/uploads\/2020\/06\/Salmo-140-L\u00edbrame-del-hombre-malvado-l\u00edbrame-malvado-gu\u00e1rdame.jpg","width":1024,"height":576,"caption":"Salmo 140 - L\u00edbrame del hombre malvado | l\u00edbrame malvado | gu\u00e1rdame"},{"@type":"BreadcrumbList","@id":"https:\/\/catholic-television.com\/es\/salmo-140-librame-del-hombre-malvado\/#breadcrumb","itemListElement":[{"@type":"ListItem","position":1,"name":"Portada","item":"https:\/\/catholic-television.com\/es\/?lang=es"},{"@type":"ListItem","position":2,"name":"Salmo 140 &#8211; L\u00edbrame del hombre malvado"}]},{"@type":"WebSite","@id":"https:\/\/catholic-television.com\/es\/#website","url":"https:\/\/catholic-television.com\/es\/","name":"Catholic-television","description":"Catholic Television","publisher":{"@id":"https:\/\/catholic-television.com\/es\/#organization"},"potentialAction":[{"@type":"SearchAction","target":{"@type":"EntryPoint","urlTemplate":"https:\/\/catholic-television.com\/es\/?s={search_term_string}"},"query-input":{"@type":"PropertyValueSpecification","valueRequired":true,"valueName":"search_term_string"}}],"inLanguage":"es"},{"@type":"Organization","@id":"https:\/\/catholic-television.com\/es\/#organization","name":"Catholic-television","url":"https:\/\/catholic-television.com\/es\/","logo":{"@type":"ImageObject","inLanguage":"es","@id":"https:\/\/catholic-television.com\/es\/#\/schema\/logo\/image\/","url":"https:\/\/catholic-television.com\/wp-content\/uploads\/2019\/06\/catholic-tv_ok2.png","contentUrl":"https:\/\/catholic-television.com\/wp-content\/uploads\/2019\/06\/catholic-tv_ok2.png","width":303,"height":99,"caption":"Catholic-television"},"image":{"@id":"https:\/\/catholic-television.com\/es\/#\/schema\/logo\/image\/"},"sameAs":["https:\/\/www.facebook.com\/catholic.television.production\/","https:\/\/x.com\/catholictele"]},{"@type":"Person","@id":"https:\/\/catholic-television.com\/es\/#\/schema\/person\/3188c12fc213ed75be05c8a3a8650318","name":"vlad","image":{"@type":"ImageObject","inLanguage":"es","@id":"https:\/\/secure.gravatar.com\/avatar\/fc95831d9c48ad0da181a29b0820e0beb60a927341a41b7ffd6b73a4ef239589?s=96&d=mm&r=g","url":"https:\/\/secure.gravatar.com\/avatar\/fc95831d9c48ad0da181a29b0820e0beb60a927341a41b7ffd6b73a4ef239589?s=96&d=mm&r=g","contentUrl":"https:\/\/secure.gravatar.com\/avatar\/fc95831d9c48ad0da181a29b0820e0beb60a927341a41b7ffd6b73a4ef239589?s=96&d=mm&r=g","caption":"vlad"}}]}},"_links":{"self":[{"href":"https:\/\/catholic-television.com\/es\/wp-json\/wp\/v2\/posts\/14674","targetHints":{"allow":["GET"]}}],"collection":[{"href":"https:\/\/catholic-television.com\/es\/wp-json\/wp\/v2\/posts"}],"about":[{"href":"https:\/\/catholic-television.com\/es\/wp-json\/wp\/v2\/types\/post"}],"author":[{"embeddable":true,"href":"https:\/\/catholic-television.com\/es\/wp-json\/wp\/v2\/users\/7"}],"replies":[{"embeddable":true,"href":"https:\/\/catholic-television.com\/es\/wp-json\/wp\/v2\/comments?post=14674"}],"version-history":[{"count":1,"href":"https:\/\/catholic-television.com\/es\/wp-json\/wp\/v2\/posts\/14674\/revisions"}],"predecessor-version":[{"id":14680,"href":"https:\/\/catholic-television.com\/es\/wp-json\/wp\/v2\/posts\/14674\/revisions\/14680"}],"wp:featuredmedia":[{"embeddable":true,"href":"https:\/\/catholic-television.com\/es\/wp-json\/wp\/v2\/media\/14675"}],"wp:attachment":[{"href":"https:\/\/catholic-television.com\/es\/wp-json\/wp\/v2\/media?parent=14674"}],"wp:term":[{"taxonomy":"category","embeddable":true,"href":"https:\/\/catholic-television.com\/es\/wp-json\/wp\/v2\/categories?post=14674"},{"taxonomy":"post_tag","embeddable":true,"href":"https:\/\/catholic-television.com\/es\/wp-json\/wp\/v2\/tags?post=14674"}],"curies":[{"name":"wp","href":"https:\/\/api.w.org\/{rel}","templated":true}]}}