{"id":14655,"date":"2020-06-19T04:34:24","date_gmt":"2020-06-19T04:34:24","guid":{"rendered":"https:\/\/catholic-television.com\/wp-staging\/?p=14655"},"modified":"2020-06-19T04:34:24","modified_gmt":"2020-06-19T04:34:24","slug":"salmo-138-accion-de-dar-gracias","status":"publish","type":"post","link":"https:\/\/catholic-television.com\/es\/salmo-138-accion-de-dar-gracias\/","title":{"rendered":"Salmo 138 &#8211; Acci\u00f3n de dar gracias"},"content":{"rendered":"<p style=\"text-align: center\"><span style=\"color: #000000\"><strong>Salmo 138<\/strong><\/span><br \/>\n<span style=\"color: #000000\"><strong>Acci\u00f3n de dar gracias<\/strong><\/span><\/p>\n<p><span style=\"color: #000000\">De David.<\/span><\/p>\n<p><span style=\"color: #000000\">Te doy gracias, Se\u00f1or, de todo coraz\u00f3n,<\/span><br \/>\n<span style=\"color: #000000\">porque escuchaste las palabras de mi boca;<\/span><br \/>\n<span style=\"color: #000000\">delante de los \u00e1ngeles ta\u00f1er\u00e9 para ti;<\/span><br \/>\n<span style=\"color: #000000\">me postrar\u00e9 hacia tu santuario,<\/span><br \/>\n<span style=\"color: #000000\">dar\u00e9 gracias a tu nombre:<\/span><br \/>\n<span style=\"color: #000000\">por tu misericordia y tu lealtad,<\/span><br \/>\n<span style=\"color: #000000\">porque tu promesa supera tu fama.<\/span><\/p>\n<p><span style=\"color: #000000\">Cuando te invoqu\u00e9, me escuchaste,<\/span><br \/>\n<span style=\"color: #000000\">acreciste el valor en mi alma.<\/span><br \/>\n<span style=\"color: #000000\">Que te den gracias, Se\u00f1or, los reyes de la tierra,<\/span><br \/>\n<span style=\"color: #000000\">al escuchar el or\u00e1culo de tu boca;<\/span><br \/>\n<span style=\"color: #000000\">canten los caminos del Se\u00f1or,<\/span><br \/>\n<span style=\"color: #000000\">porque la gloria del Se\u00f1or es grande.<\/span><br \/>\n<span style=\"color: #000000\">El Se\u00f1or es sublime, se fija en el humilde,<\/span><br \/>\n<span style=\"color: #000000\">y de lejos conoce al soberbio.<\/span><\/p>\n<p><span style=\"color: #000000\">Cuando camino entre peligros, me conservas la vida;<\/span><br \/>\n<span style=\"color: #000000\">extiendes tu mano contra la ira de mi enemigo,<\/span><br \/>\n<span style=\"color: #000000\">y tu derecha me salva.<\/span><br \/>\n<span style=\"color: #000000\">El Se\u00f1or completar\u00e1 sus favores conmigo.<\/span><br \/>\n<span style=\"color: #000000\">Se\u00f1or, tu misericordia es eterna,<\/span><br \/>\n<span style=\"color: #000000\">no abandones la obra de tus manos.<\/span><\/p>\n","protected":false},"excerpt":{"rendered":"<p>Salmo 138 Acci\u00f3n de dar gracias De David. Te doy gracias, Se\u00f1or, de todo coraz\u00f3n, porque escuchaste las palabras de mi boca; delante de los \u00e1ngeles ta\u00f1er\u00e9 para ti; me postrar\u00e9 hacia tu santuario, dar\u00e9 gracias a tu nombre: por tu misericordia y tu lealtad, porque tu promesa supera tu fama. Cuando te invoqu\u00e9, me&hellip; <a class=\"more-link\" href=\"https:\/\/catholic-television.com\/es\/salmo-138-accion-de-dar-gracias\/\">Seguir leyendo <span class=\"screen-reader-text\">Salmo 138 &#8211; Acci\u00f3n de dar gracias<\/span><\/a><\/p>\n","protected":false},"author":7,"featured_media":14661,"comment_status":"open","ping_status":"open","sticky":false,"template":"","format":"standard","meta":{"footnotes":""},"categories":[668,13912],"tags":[30356,30358,30350,30351,26294,26858,30354,28005,30359,30355,30352,30357,30353],"class_list":["post-14655","post","type-post","status-publish","format-standard","has-post-thumbnail","hentry","category-bienvenidos","category-salmos","tag-caminos-senor","tag-conservas-vida","tag-corazon-boca","tag-delante-angeles","tag-gloria-senor","tag-gracias-senor","tag-invoque-escuchaste","tag-misericordia-lealtad","tag-obra-manos","tag-oraculo-boca","tag-postrare-santuario","tag-senor-sublime","tag-supera-fama","entry"],"yoast_head":"<!-- This site is optimized with the Yoast SEO plugin v27.4 - https:\/\/yoast.com\/product\/yoast-seo-wordpress\/ -->\n<title>Salmo 138 - Acci\u00f3n de dar gracias | gracias Se\u00f1or | coraz\u00f3n boca | or\u00e1culo<\/title>\n<meta name=\"description\" content=\"De dar gracias De David. Te doy gracias, Se\u00f1or, de todo coraz\u00f3n, porque escuchaste las palabras de mi boca; delante de los \u00e1ngeles ta\u00f1er\u00e9 para ti; me pos...\" \/>\n<meta name=\"robots\" content=\"index, follow, max-snippet:-1, max-image-preview:large, max-video-preview:-1\" \/>\n<link rel=\"canonical\" href=\"https:\/\/catholic-television.com\/es\/salmo-138-accion-de-dar-gracias\/\" \/>\n<meta property=\"og:locale\" content=\"es_ES\" \/>\n<meta property=\"og:type\" content=\"article\" \/>\n<meta property=\"og:title\" content=\"Salmo 138 - Acci\u00f3n de dar gracias | gracias Se\u00f1or | coraz\u00f3n boca | or\u00e1culo\" \/>\n<meta property=\"og:description\" content=\"De dar gracias De David. Te doy gracias, Se\u00f1or, de todo coraz\u00f3n, porque escuchaste las palabras de mi boca; delante de los \u00e1ngeles ta\u00f1er\u00e9 para ti; me pos...\" \/>\n<meta property=\"og:url\" content=\"https:\/\/catholic-television.com\/es\/salmo-138-accion-de-dar-gracias\/\" \/>\n<meta property=\"og:site_name\" content=\"Catholic-television\" \/>\n<meta property=\"article:publisher\" content=\"https:\/\/www.facebook.com\/catholic.television.production\/\" \/>\n<meta property=\"article:published_time\" content=\"2020-06-19T04:34:24+00:00\" \/>\n<meta property=\"og:image\" content=\"https:\/\/catholic-television.com\/wp-content\/uploads\/2020\/06\/Salmo-138-Acci\u00f3n-de-dar-gracias-gracias-Se\u00f1or-coraz\u00f3n-boca-or\u00e1culo.jpg\" \/>\n\t<meta property=\"og:image:width\" content=\"1024\" \/>\n\t<meta property=\"og:image:height\" content=\"576\" \/>\n\t<meta property=\"og:image:type\" content=\"image\/jpeg\" \/>\n<meta name=\"author\" content=\"vlad\" \/>\n<meta name=\"twitter:card\" content=\"summary_large_image\" \/>\n<meta name=\"twitter:creator\" content=\"@catholictele\" \/>\n<meta name=\"twitter:site\" content=\"@catholictele\" \/>\n<meta name=\"twitter:label1\" content=\"Escrito por\" \/>\n\t<meta name=\"twitter:data1\" content=\"vlad\" \/>\n\t<meta name=\"twitter:label2\" content=\"Tiempo de lectura\" \/>\n\t<meta name=\"twitter:data2\" content=\"1 minuto\" \/>\n<script type=\"application\/ld+json\" class=\"yoast-schema-graph\">{\"@context\":\"https:\\\/\\\/schema.org\",\"@graph\":[{\"@type\":\"Article\",\"@id\":\"https:\\\/\\\/catholic-television.com\\\/es\\\/salmo-138-accion-de-dar-gracias\\\/#article\",\"isPartOf\":{\"@id\":\"https:\\\/\\\/catholic-television.com\\\/es\\\/salmo-138-accion-de-dar-gracias\\\/\"},\"author\":{\"name\":\"vlad\",\"@id\":\"https:\\\/\\\/catholic-television.com\\\/es\\\/#\\\/schema\\\/person\\\/3188c12fc213ed75be05c8a3a8650318\"},\"headline\":\"Salmo 138 &#8211; Acci\u00f3n de dar gracias\",\"datePublished\":\"2020-06-19T04:34:24+00:00\",\"mainEntityOfPage\":{\"@id\":\"https:\\\/\\\/catholic-television.com\\\/es\\\/salmo-138-accion-de-dar-gracias\\\/\"},\"wordCount\":163,\"commentCount\":0,\"publisher\":{\"@id\":\"https:\\\/\\\/catholic-television.com\\\/es\\\/#organization\"},\"image\":{\"@id\":\"https:\\\/\\\/catholic-television.com\\\/es\\\/salmo-138-accion-de-dar-gracias\\\/#primaryimage\"},\"thumbnailUrl\":\"https:\\\/\\\/catholic-television.com\\\/wp-content\\\/uploads\\\/2020\\\/06\\\/Salmo-138-Acci\u00f3n-de-dar-gracias-gracias-Se\u00f1or-coraz\u00f3n-boca-or\u00e1culo.jpg\",\"keywords\":[\"caminos Se\u00f1or\",\"conservas vida\",\"coraz\u00f3n boca\",\"delante \u00e1ngeles\",\"gloria se\u00f1or\",\"gracias Se\u00f1or\",\"invoqu\u00e9 escuchaste\",\"misericordia lealtad\",\"obra manos\",\"or\u00e1culo boca\",\"postrar\u00e9 santuario\",\"Se\u00f1or sublime\",\"supera fama\"],\"articleSection\":[\"Bienvenidos\",\"Salmos\"],\"inLanguage\":\"es\",\"potentialAction\":[{\"@type\":\"CommentAction\",\"name\":\"Comment\",\"target\":[\"https:\\\/\\\/catholic-television.com\\\/es\\\/salmo-138-accion-de-dar-gracias\\\/#respond\"]}]},{\"@type\":\"WebPage\",\"@id\":\"https:\\\/\\\/catholic-television.com\\\/es\\\/salmo-138-accion-de-dar-gracias\\\/\",\"url\":\"https:\\\/\\\/catholic-television.com\\\/es\\\/salmo-138-accion-de-dar-gracias\\\/\",\"name\":\"Salmo 138 - Acci\u00f3n de dar gracias | gracias Se\u00f1or | coraz\u00f3n boca | or\u00e1culo\",\"isPartOf\":{\"@id\":\"https:\\\/\\\/catholic-television.com\\\/es\\\/#website\"},\"primaryImageOfPage\":{\"@id\":\"https:\\\/\\\/catholic-television.com\\\/es\\\/salmo-138-accion-de-dar-gracias\\\/#primaryimage\"},\"image\":{\"@id\":\"https:\\\/\\\/catholic-television.com\\\/es\\\/salmo-138-accion-de-dar-gracias\\\/#primaryimage\"},\"thumbnailUrl\":\"https:\\\/\\\/catholic-television.com\\\/wp-content\\\/uploads\\\/2020\\\/06\\\/Salmo-138-Acci\u00f3n-de-dar-gracias-gracias-Se\u00f1or-coraz\u00f3n-boca-or\u00e1culo.jpg\",\"datePublished\":\"2020-06-19T04:34:24+00:00\",\"description\":\"De dar gracias De David. Te doy gracias, Se\u00f1or, de todo coraz\u00f3n, porque escuchaste las palabras de mi boca; delante de los \u00e1ngeles ta\u00f1er\u00e9 para ti; me pos...\",\"breadcrumb\":{\"@id\":\"https:\\\/\\\/catholic-television.com\\\/es\\\/salmo-138-accion-de-dar-gracias\\\/#breadcrumb\"},\"inLanguage\":\"es\",\"potentialAction\":[{\"@type\":\"ReadAction\",\"target\":[\"https:\\\/\\\/catholic-television.com\\\/es\\\/salmo-138-accion-de-dar-gracias\\\/\"]}]},{\"@type\":\"ImageObject\",\"inLanguage\":\"es\",\"@id\":\"https:\\\/\\\/catholic-television.com\\\/es\\\/salmo-138-accion-de-dar-gracias\\\/#primaryimage\",\"url\":\"https:\\\/\\\/catholic-television.com\\\/wp-content\\\/uploads\\\/2020\\\/06\\\/Salmo-138-Acci\u00f3n-de-dar-gracias-gracias-Se\u00f1or-coraz\u00f3n-boca-or\u00e1culo.jpg\",\"contentUrl\":\"https:\\\/\\\/catholic-television.com\\\/wp-content\\\/uploads\\\/2020\\\/06\\\/Salmo-138-Acci\u00f3n-de-dar-gracias-gracias-Se\u00f1or-coraz\u00f3n-boca-or\u00e1culo.jpg\",\"width\":1024,\"height\":576,\"caption\":\"Salmo 138 - Acci\u00f3n de dar gracias | gracias Se\u00f1or | coraz\u00f3n boca | or\u00e1culo\"},{\"@type\":\"BreadcrumbList\",\"@id\":\"https:\\\/\\\/catholic-television.com\\\/es\\\/salmo-138-accion-de-dar-gracias\\\/#breadcrumb\",\"itemListElement\":[{\"@type\":\"ListItem\",\"position\":1,\"name\":\"Portada\",\"item\":\"https:\\\/\\\/catholic-television.com\\\/es\\\/?lang=es\"},{\"@type\":\"ListItem\",\"position\":2,\"name\":\"Salmo 138 &#8211; Acci\u00f3n de dar gracias\"}]},{\"@type\":\"WebSite\",\"@id\":\"https:\\\/\\\/catholic-television.com\\\/es\\\/#website\",\"url\":\"https:\\\/\\\/catholic-television.com\\\/es\\\/\",\"name\":\"Catholic-television\",\"description\":\"Catholic Television\",\"publisher\":{\"@id\":\"https:\\\/\\\/catholic-television.com\\\/es\\\/#organization\"},\"potentialAction\":[{\"@type\":\"SearchAction\",\"target\":{\"@type\":\"EntryPoint\",\"urlTemplate\":\"https:\\\/\\\/catholic-television.com\\\/es\\\/?s={search_term_string}\"},\"query-input\":{\"@type\":\"PropertyValueSpecification\",\"valueRequired\":true,\"valueName\":\"search_term_string\"}}],\"inLanguage\":\"es\"},{\"@type\":\"Organization\",\"@id\":\"https:\\\/\\\/catholic-television.com\\\/es\\\/#organization\",\"name\":\"Catholic-television\",\"url\":\"https:\\\/\\\/catholic-television.com\\\/es\\\/\",\"logo\":{\"@type\":\"ImageObject\",\"inLanguage\":\"es\",\"@id\":\"https:\\\/\\\/catholic-television.com\\\/es\\\/#\\\/schema\\\/logo\\\/image\\\/\",\"url\":\"https:\\\/\\\/catholic-television.com\\\/wp-content\\\/uploads\\\/2019\\\/06\\\/catholic-tv_ok2.png\",\"contentUrl\":\"https:\\\/\\\/catholic-television.com\\\/wp-content\\\/uploads\\\/2019\\\/06\\\/catholic-tv_ok2.png\",\"width\":303,\"height\":99,\"caption\":\"Catholic-television\"},\"image\":{\"@id\":\"https:\\\/\\\/catholic-television.com\\\/es\\\/#\\\/schema\\\/logo\\\/image\\\/\"},\"sameAs\":[\"https:\\\/\\\/www.facebook.com\\\/catholic.television.production\\\/\",\"https:\\\/\\\/x.com\\\/catholictele\"]},{\"@type\":\"Person\",\"@id\":\"https:\\\/\\\/catholic-television.com\\\/es\\\/#\\\/schema\\\/person\\\/3188c12fc213ed75be05c8a3a8650318\",\"name\":\"vlad\",\"image\":{\"@type\":\"ImageObject\",\"inLanguage\":\"es\",\"@id\":\"https:\\\/\\\/secure.gravatar.com\\\/avatar\\\/fc95831d9c48ad0da181a29b0820e0beb60a927341a41b7ffd6b73a4ef239589?s=96&d=mm&r=g\",\"url\":\"https:\\\/\\\/secure.gravatar.com\\\/avatar\\\/fc95831d9c48ad0da181a29b0820e0beb60a927341a41b7ffd6b73a4ef239589?s=96&d=mm&r=g\",\"contentUrl\":\"https:\\\/\\\/secure.gravatar.com\\\/avatar\\\/fc95831d9c48ad0da181a29b0820e0beb60a927341a41b7ffd6b73a4ef239589?s=96&d=mm&r=g\",\"caption\":\"vlad\"}}]}<\/script>\n<!-- \/ Yoast SEO plugin. -->","yoast_head_json":{"title":"Salmo 138 - Acci\u00f3n de dar gracias | gracias Se\u00f1or | coraz\u00f3n boca | or\u00e1culo","description":"De dar gracias De David. Te doy gracias, Se\u00f1or, de todo coraz\u00f3n, porque escuchaste las palabras de mi boca; delante de los \u00e1ngeles ta\u00f1er\u00e9 para ti; me pos...","robots":{"index":"index","follow":"follow","max-snippet":"max-snippet:-1","max-image-preview":"max-image-preview:large","max-video-preview":"max-video-preview:-1"},"canonical":"https:\/\/catholic-television.com\/es\/salmo-138-accion-de-dar-gracias\/","og_locale":"es_ES","og_type":"article","og_title":"Salmo 138 - Acci\u00f3n de dar gracias | gracias Se\u00f1or | coraz\u00f3n boca | or\u00e1culo","og_description":"De dar gracias De David. Te doy gracias, Se\u00f1or, de todo coraz\u00f3n, porque escuchaste las palabras de mi boca; delante de los \u00e1ngeles ta\u00f1er\u00e9 para ti; me pos...","og_url":"https:\/\/catholic-television.com\/es\/salmo-138-accion-de-dar-gracias\/","og_site_name":"Catholic-television","article_publisher":"https:\/\/www.facebook.com\/catholic.television.production\/","article_published_time":"2020-06-19T04:34:24+00:00","og_image":[{"width":1024,"height":576,"url":"https:\/\/catholic-television.com\/wp-content\/uploads\/2020\/06\/Salmo-138-Acci\u00f3n-de-dar-gracias-gracias-Se\u00f1or-coraz\u00f3n-boca-or\u00e1culo.jpg","type":"image\/jpeg"}],"author":"vlad","twitter_card":"summary_large_image","twitter_creator":"@catholictele","twitter_site":"@catholictele","twitter_misc":{"Escrito por":"vlad","Tiempo de lectura":"1 minuto"},"schema":{"@context":"https:\/\/schema.org","@graph":[{"@type":"Article","@id":"https:\/\/catholic-television.com\/es\/salmo-138-accion-de-dar-gracias\/#article","isPartOf":{"@id":"https:\/\/catholic-television.com\/es\/salmo-138-accion-de-dar-gracias\/"},"author":{"name":"vlad","@id":"https:\/\/catholic-television.com\/es\/#\/schema\/person\/3188c12fc213ed75be05c8a3a8650318"},"headline":"Salmo 138 &#8211; Acci\u00f3n de dar gracias","datePublished":"2020-06-19T04:34:24+00:00","mainEntityOfPage":{"@id":"https:\/\/catholic-television.com\/es\/salmo-138-accion-de-dar-gracias\/"},"wordCount":163,"commentCount":0,"publisher":{"@id":"https:\/\/catholic-television.com\/es\/#organization"},"image":{"@id":"https:\/\/catholic-television.com\/es\/salmo-138-accion-de-dar-gracias\/#primaryimage"},"thumbnailUrl":"https:\/\/catholic-television.com\/wp-content\/uploads\/2020\/06\/Salmo-138-Acci\u00f3n-de-dar-gracias-gracias-Se\u00f1or-coraz\u00f3n-boca-or\u00e1culo.jpg","keywords":["caminos Se\u00f1or","conservas vida","coraz\u00f3n boca","delante \u00e1ngeles","gloria se\u00f1or","gracias Se\u00f1or","invoqu\u00e9 escuchaste","misericordia lealtad","obra manos","or\u00e1culo boca","postrar\u00e9 santuario","Se\u00f1or sublime","supera fama"],"articleSection":["Bienvenidos","Salmos"],"inLanguage":"es","potentialAction":[{"@type":"CommentAction","name":"Comment","target":["https:\/\/catholic-television.com\/es\/salmo-138-accion-de-dar-gracias\/#respond"]}]},{"@type":"WebPage","@id":"https:\/\/catholic-television.com\/es\/salmo-138-accion-de-dar-gracias\/","url":"https:\/\/catholic-television.com\/es\/salmo-138-accion-de-dar-gracias\/","name":"Salmo 138 - Acci\u00f3n de dar gracias | gracias Se\u00f1or | coraz\u00f3n boca | or\u00e1culo","isPartOf":{"@id":"https:\/\/catholic-television.com\/es\/#website"},"primaryImageOfPage":{"@id":"https:\/\/catholic-television.com\/es\/salmo-138-accion-de-dar-gracias\/#primaryimage"},"image":{"@id":"https:\/\/catholic-television.com\/es\/salmo-138-accion-de-dar-gracias\/#primaryimage"},"thumbnailUrl":"https:\/\/catholic-television.com\/wp-content\/uploads\/2020\/06\/Salmo-138-Acci\u00f3n-de-dar-gracias-gracias-Se\u00f1or-coraz\u00f3n-boca-or\u00e1culo.jpg","datePublished":"2020-06-19T04:34:24+00:00","description":"De dar gracias De David. Te doy gracias, Se\u00f1or, de todo coraz\u00f3n, porque escuchaste las palabras de mi boca; delante de los \u00e1ngeles ta\u00f1er\u00e9 para ti; me pos...","breadcrumb":{"@id":"https:\/\/catholic-television.com\/es\/salmo-138-accion-de-dar-gracias\/#breadcrumb"},"inLanguage":"es","potentialAction":[{"@type":"ReadAction","target":["https:\/\/catholic-television.com\/es\/salmo-138-accion-de-dar-gracias\/"]}]},{"@type":"ImageObject","inLanguage":"es","@id":"https:\/\/catholic-television.com\/es\/salmo-138-accion-de-dar-gracias\/#primaryimage","url":"https:\/\/catholic-television.com\/wp-content\/uploads\/2020\/06\/Salmo-138-Acci\u00f3n-de-dar-gracias-gracias-Se\u00f1or-coraz\u00f3n-boca-or\u00e1culo.jpg","contentUrl":"https:\/\/catholic-television.com\/wp-content\/uploads\/2020\/06\/Salmo-138-Acci\u00f3n-de-dar-gracias-gracias-Se\u00f1or-coraz\u00f3n-boca-or\u00e1culo.jpg","width":1024,"height":576,"caption":"Salmo 138 - Acci\u00f3n de dar gracias | gracias Se\u00f1or | coraz\u00f3n boca | or\u00e1culo"},{"@type":"BreadcrumbList","@id":"https:\/\/catholic-television.com\/es\/salmo-138-accion-de-dar-gracias\/#breadcrumb","itemListElement":[{"@type":"ListItem","position":1,"name":"Portada","item":"https:\/\/catholic-television.com\/es\/?lang=es"},{"@type":"ListItem","position":2,"name":"Salmo 138 &#8211; Acci\u00f3n de dar gracias"}]},{"@type":"WebSite","@id":"https:\/\/catholic-television.com\/es\/#website","url":"https:\/\/catholic-television.com\/es\/","name":"Catholic-television","description":"Catholic Television","publisher":{"@id":"https:\/\/catholic-television.com\/es\/#organization"},"potentialAction":[{"@type":"SearchAction","target":{"@type":"EntryPoint","urlTemplate":"https:\/\/catholic-television.com\/es\/?s={search_term_string}"},"query-input":{"@type":"PropertyValueSpecification","valueRequired":true,"valueName":"search_term_string"}}],"inLanguage":"es"},{"@type":"Organization","@id":"https:\/\/catholic-television.com\/es\/#organization","name":"Catholic-television","url":"https:\/\/catholic-television.com\/es\/","logo":{"@type":"ImageObject","inLanguage":"es","@id":"https:\/\/catholic-television.com\/es\/#\/schema\/logo\/image\/","url":"https:\/\/catholic-television.com\/wp-content\/uploads\/2019\/06\/catholic-tv_ok2.png","contentUrl":"https:\/\/catholic-television.com\/wp-content\/uploads\/2019\/06\/catholic-tv_ok2.png","width":303,"height":99,"caption":"Catholic-television"},"image":{"@id":"https:\/\/catholic-television.com\/es\/#\/schema\/logo\/image\/"},"sameAs":["https:\/\/www.facebook.com\/catholic.television.production\/","https:\/\/x.com\/catholictele"]},{"@type":"Person","@id":"https:\/\/catholic-television.com\/es\/#\/schema\/person\/3188c12fc213ed75be05c8a3a8650318","name":"vlad","image":{"@type":"ImageObject","inLanguage":"es","@id":"https:\/\/secure.gravatar.com\/avatar\/fc95831d9c48ad0da181a29b0820e0beb60a927341a41b7ffd6b73a4ef239589?s=96&d=mm&r=g","url":"https:\/\/secure.gravatar.com\/avatar\/fc95831d9c48ad0da181a29b0820e0beb60a927341a41b7ffd6b73a4ef239589?s=96&d=mm&r=g","contentUrl":"https:\/\/secure.gravatar.com\/avatar\/fc95831d9c48ad0da181a29b0820e0beb60a927341a41b7ffd6b73a4ef239589?s=96&d=mm&r=g","caption":"vlad"}}]}},"_links":{"self":[{"href":"https:\/\/catholic-television.com\/es\/wp-json\/wp\/v2\/posts\/14655","targetHints":{"allow":["GET"]}}],"collection":[{"href":"https:\/\/catholic-television.com\/es\/wp-json\/wp\/v2\/posts"}],"about":[{"href":"https:\/\/catholic-television.com\/es\/wp-json\/wp\/v2\/types\/post"}],"author":[{"embeddable":true,"href":"https:\/\/catholic-television.com\/es\/wp-json\/wp\/v2\/users\/7"}],"replies":[{"embeddable":true,"href":"https:\/\/catholic-television.com\/es\/wp-json\/wp\/v2\/comments?post=14655"}],"version-history":[{"count":1,"href":"https:\/\/catholic-television.com\/es\/wp-json\/wp\/v2\/posts\/14655\/revisions"}],"predecessor-version":[{"id":14666,"href":"https:\/\/catholic-television.com\/es\/wp-json\/wp\/v2\/posts\/14655\/revisions\/14666"}],"wp:featuredmedia":[{"embeddable":true,"href":"https:\/\/catholic-television.com\/es\/wp-json\/wp\/v2\/media\/14661"}],"wp:attachment":[{"href":"https:\/\/catholic-television.com\/es\/wp-json\/wp\/v2\/media?parent=14655"}],"wp:term":[{"taxonomy":"category","embeddable":true,"href":"https:\/\/catholic-television.com\/es\/wp-json\/wp\/v2\/categories?post=14655"},{"taxonomy":"post_tag","embeddable":true,"href":"https:\/\/catholic-television.com\/es\/wp-json\/wp\/v2\/tags?post=14655"}],"curies":[{"name":"wp","href":"https:\/\/api.w.org\/{rel}","templated":true}]}}