{"id":14452,"date":"2020-06-16T02:53:19","date_gmt":"2020-06-16T02:53:19","guid":{"rendered":"https:\/\/catholic-television.com\/wp-staging\/?p=14452"},"modified":"2020-06-16T02:53:19","modified_gmt":"2020-06-16T02:53:19","slug":"salmo-112-asi-es-el-justo","status":"publish","type":"post","link":"https:\/\/catholic-television.com\/es\/salmo-112-asi-es-el-justo\/","title":{"rendered":"Salmo 112 &#8211; As\u00ed es el justo"},"content":{"rendered":"<p style=\"text-align: center\"><span style=\"color: #000000\"><strong>Salmo 112<\/strong><\/span><br \/>\n<span style=\"color: #000000\"><strong>As\u00ed es el justo<\/strong><\/span><\/p>\n<p><span style=\"color: #000000\">\u00a1Aleluya!<\/span><\/p>\n<p><span style=\"color: #000000\">(\u00c1lef) Dichoso quien teme al Se\u00f1or<\/span><br \/>\n<span style=\"color: #000000\">(Bet) y ama de coraz\u00f3n sus mandatos.<\/span><br \/>\n<span style=\"color: #000000\">(Gu\u00edmel) Su linaje ser\u00e1 poderoso en la tierra,<\/span><br \/>\n<span style=\"color: #000000\">(D\u00e1let) la descendencia del justo ser\u00e1 bendita.<\/span><\/p>\n<p><span style=\"color: #000000\">(He) En su casa habr\u00e1 riquezas y abundancia,<\/span><br \/>\n<span style=\"color: #000000\">(Vau) su caridad dura por siempre.<\/span><br \/>\n<span style=\"color: #000000\">(Zain) En las tinieblas brilla como una luz<\/span><br \/>\n<span style=\"color: #000000\">(Jet) el que es justo, clemente y compasivo.<\/span><\/p>\n<p><span style=\"color: #000000\">(Tet) Dichoso el que se apiada y presta,<\/span><br \/>\n<span style=\"color: #000000\">(Yod) y administra rectamente sus asuntos,<\/span><br \/>\n<span style=\"color: #000000\">(Kaf) porque jam\u00e1s vacilar\u00e1.<\/span><br \/>\n<span style=\"color: #000000\">(L\u00e1med) El recuerdo del justo ser\u00e1 perpetuo.<\/span><\/p>\n<p><span style=\"color: #000000\">(Mem) No temer\u00e1 las malas noticias,<\/span><br \/>\n<span style=\"color: #000000\">(Nun) su coraz\u00f3n est\u00e1 firme en el Se\u00f1or.<\/span><br \/>\n<span style=\"color: #000000\">(S\u00e1mek) Su coraz\u00f3n est\u00e1 seguro, sin temor,<\/span><br \/>\n<span style=\"color: #000000\">(Ayin) hasta que vea derrotados a sus enemigos.<\/span><\/p>\n<p><span style=\"color: #000000\">(Pe) Reparte limosna a los pobres;<\/span><br \/>\n<span style=\"color: #000000\">(Sade) su caridad dura por siempre<\/span><br \/>\n<span style=\"color: #000000\">(Qof) y alzar\u00e1 la frente con dignidad.<\/span><\/p>\n<p><span style=\"color: #000000\">(Res) El malvado, al verlo, se irritar\u00e1,<\/span><br \/>\n<span style=\"color: #000000\">(Sin) rechinar\u00e1 los dientes hasta consumirse.<\/span><br \/>\n<span style=\"color: #000000\">(Tau) La ambici\u00f3n del malvado fracasar\u00e1.<\/span><\/p>\n","protected":false},"excerpt":{"rendered":"<p>Salmo 112 As\u00ed es el justo \u00a1Aleluya! (\u00c1lef) Dichoso quien teme al Se\u00f1or (Bet) y ama de coraz\u00f3n sus mandatos. (Gu\u00edmel) Su linaje ser\u00e1 poderoso en la tierra, (D\u00e1let) la descendencia del justo ser\u00e1 bendita. (He) En su casa habr\u00e1 riquezas y abundancia, (Vau) su caridad dura por siempre. (Zain) En las tinieblas brilla como&hellip; <a class=\"more-link\" href=\"https:\/\/catholic-television.com\/es\/salmo-112-asi-es-el-justo\/\">Seguir leyendo <span class=\"screen-reader-text\">Salmo 112 &#8211; As\u00ed es el justo<\/span><\/a><\/p>\n","protected":false},"author":7,"featured_media":14453,"comment_status":"open","ping_status":"open","sticky":false,"template":"","format":"standard","meta":{"footnotes":""},"categories":[668,13912],"tags":[29913,29909,29904,29906,29910,29903,29912,29905,29914,29911,29907,29908],"class_list":["post-14452","post","type-post","status-publish","format-standard","has-post-thumbnail","hentry","category-bienvenidos","category-salmos","tag-alzara-dignidad","tag-clemente-compasivo","tag-corazon-mandatos","tag-descendencia-bendita","tag-dichoso-apiada","tag-dichoso-senor","tag-limosna-pobres","tag-linaje-poderoso","tag-malvado-irritara","tag-recuerdo-perpetuo","tag-riquezas-abundancia","tag-tinieblas-luz","entry"],"yoast_head":"<!-- This site is optimized with the Yoast SEO plugin v27.4 - https:\/\/yoast.com\/product\/yoast-seo-wordpress\/ -->\n<title>Salmo 112 - As\u00ed es el justo | dichoso Se\u00f1or | coraz\u00f3n mandatos | linaje<\/title>\n<meta name=\"description\" content=\"Es el justo. \u00a1Aleluya! (\u00c1lef) Dichoso quien teme al Se\u00f1or (Bet) y ama de coraz\u00f3n sus mandatos. (Gu\u00edmel) Su linaje ser\u00e1 poderoso en la tierra, (D\u00e1let)...\" \/>\n<meta name=\"robots\" content=\"index, follow, max-snippet:-1, max-image-preview:large, max-video-preview:-1\" \/>\n<link rel=\"canonical\" href=\"https:\/\/catholic-television.com\/es\/salmo-112-asi-es-el-justo\/\" \/>\n<meta property=\"og:locale\" content=\"es_ES\" \/>\n<meta property=\"og:type\" content=\"article\" \/>\n<meta property=\"og:title\" content=\"Salmo 112 - As\u00ed es el justo | dichoso Se\u00f1or | coraz\u00f3n mandatos | linaje\" \/>\n<meta property=\"og:description\" content=\"Es el justo. \u00a1Aleluya! (\u00c1lef) Dichoso quien teme al Se\u00f1or (Bet) y ama de coraz\u00f3n sus mandatos. (Gu\u00edmel) Su linaje ser\u00e1 poderoso en la tierra, (D\u00e1let)...\" \/>\n<meta property=\"og:url\" content=\"https:\/\/catholic-television.com\/es\/salmo-112-asi-es-el-justo\/\" \/>\n<meta property=\"og:site_name\" content=\"Catholic-television\" \/>\n<meta property=\"article:publisher\" content=\"https:\/\/www.facebook.com\/catholic.television.production\/\" \/>\n<meta property=\"article:published_time\" content=\"2020-06-16T02:53:19+00:00\" \/>\n<meta property=\"og:image\" content=\"https:\/\/catholic-television.com\/wp-content\/uploads\/2020\/06\/Salmo-112-As\u00ed-es-el-justo-dichoso-Se\u00f1or-coraz\u00f3n-mandatos-linaje.jpg\" \/>\n\t<meta property=\"og:image:width\" content=\"1024\" \/>\n\t<meta property=\"og:image:height\" content=\"576\" \/>\n\t<meta property=\"og:image:type\" content=\"image\/jpeg\" \/>\n<meta name=\"author\" content=\"vlad\" \/>\n<meta name=\"twitter:card\" content=\"summary_large_image\" \/>\n<meta name=\"twitter:creator\" content=\"@catholictele\" \/>\n<meta name=\"twitter:site\" content=\"@catholictele\" \/>\n<meta name=\"twitter:label1\" content=\"Escrito por\" \/>\n\t<meta name=\"twitter:data1\" content=\"vlad\" \/>\n\t<meta name=\"twitter:label2\" content=\"Tiempo de lectura\" \/>\n\t<meta name=\"twitter:data2\" content=\"1 minuto\" \/>\n<script type=\"application\/ld+json\" class=\"yoast-schema-graph\">{\"@context\":\"https:\\\/\\\/schema.org\",\"@graph\":[{\"@type\":\"Article\",\"@id\":\"https:\\\/\\\/catholic-television.com\\\/es\\\/salmo-112-asi-es-el-justo\\\/#article\",\"isPartOf\":{\"@id\":\"https:\\\/\\\/catholic-television.com\\\/es\\\/salmo-112-asi-es-el-justo\\\/\"},\"author\":{\"name\":\"vlad\",\"@id\":\"https:\\\/\\\/catholic-television.com\\\/es\\\/#\\\/schema\\\/person\\\/3188c12fc213ed75be05c8a3a8650318\"},\"headline\":\"Salmo 112 &#8211; As\u00ed es el justo\",\"datePublished\":\"2020-06-16T02:53:19+00:00\",\"mainEntityOfPage\":{\"@id\":\"https:\\\/\\\/catholic-television.com\\\/es\\\/salmo-112-asi-es-el-justo\\\/\"},\"wordCount\":173,\"commentCount\":0,\"publisher\":{\"@id\":\"https:\\\/\\\/catholic-television.com\\\/es\\\/#organization\"},\"image\":{\"@id\":\"https:\\\/\\\/catholic-television.com\\\/es\\\/salmo-112-asi-es-el-justo\\\/#primaryimage\"},\"thumbnailUrl\":\"https:\\\/\\\/catholic-television.com\\\/wp-content\\\/uploads\\\/2020\\\/06\\\/Salmo-112-As\u00ed-es-el-justo-dichoso-Se\u00f1or-coraz\u00f3n-mandatos-linaje.jpg\",\"keywords\":[\"alzar\u00e1 dignidad\",\"clemente compasivo\",\"coraz\u00f3n mandatos\",\"descendencia bendita\",\"dichoso apiada\",\"dichoso Se\u00f1or\",\"limosna pobres\",\"linaje poderoso\",\"malvado irritar\u00e1\",\"recuerdo perpetuo\",\"riquezas abundancia\",\"tinieblas luz\"],\"articleSection\":[\"Bienvenidos\",\"Salmos\"],\"inLanguage\":\"es\",\"potentialAction\":[{\"@type\":\"CommentAction\",\"name\":\"Comment\",\"target\":[\"https:\\\/\\\/catholic-television.com\\\/es\\\/salmo-112-asi-es-el-justo\\\/#respond\"]}]},{\"@type\":\"WebPage\",\"@id\":\"https:\\\/\\\/catholic-television.com\\\/es\\\/salmo-112-asi-es-el-justo\\\/\",\"url\":\"https:\\\/\\\/catholic-television.com\\\/es\\\/salmo-112-asi-es-el-justo\\\/\",\"name\":\"Salmo 112 - As\u00ed es el justo | dichoso Se\u00f1or | coraz\u00f3n mandatos | linaje\",\"isPartOf\":{\"@id\":\"https:\\\/\\\/catholic-television.com\\\/es\\\/#website\"},\"primaryImageOfPage\":{\"@id\":\"https:\\\/\\\/catholic-television.com\\\/es\\\/salmo-112-asi-es-el-justo\\\/#primaryimage\"},\"image\":{\"@id\":\"https:\\\/\\\/catholic-television.com\\\/es\\\/salmo-112-asi-es-el-justo\\\/#primaryimage\"},\"thumbnailUrl\":\"https:\\\/\\\/catholic-television.com\\\/wp-content\\\/uploads\\\/2020\\\/06\\\/Salmo-112-As\u00ed-es-el-justo-dichoso-Se\u00f1or-coraz\u00f3n-mandatos-linaje.jpg\",\"datePublished\":\"2020-06-16T02:53:19+00:00\",\"description\":\"Es el justo. \u00a1Aleluya! (\u00c1lef) Dichoso quien teme al Se\u00f1or (Bet) y ama de coraz\u00f3n sus mandatos. (Gu\u00edmel) Su linaje ser\u00e1 poderoso en la tierra, (D\u00e1let)...\",\"breadcrumb\":{\"@id\":\"https:\\\/\\\/catholic-television.com\\\/es\\\/salmo-112-asi-es-el-justo\\\/#breadcrumb\"},\"inLanguage\":\"es\",\"potentialAction\":[{\"@type\":\"ReadAction\",\"target\":[\"https:\\\/\\\/catholic-television.com\\\/es\\\/salmo-112-asi-es-el-justo\\\/\"]}]},{\"@type\":\"ImageObject\",\"inLanguage\":\"es\",\"@id\":\"https:\\\/\\\/catholic-television.com\\\/es\\\/salmo-112-asi-es-el-justo\\\/#primaryimage\",\"url\":\"https:\\\/\\\/catholic-television.com\\\/wp-content\\\/uploads\\\/2020\\\/06\\\/Salmo-112-As\u00ed-es-el-justo-dichoso-Se\u00f1or-coraz\u00f3n-mandatos-linaje.jpg\",\"contentUrl\":\"https:\\\/\\\/catholic-television.com\\\/wp-content\\\/uploads\\\/2020\\\/06\\\/Salmo-112-As\u00ed-es-el-justo-dichoso-Se\u00f1or-coraz\u00f3n-mandatos-linaje.jpg\",\"width\":1024,\"height\":576,\"caption\":\"Salmo 112 - As\u00ed es el justo | dichoso Se\u00f1or | coraz\u00f3n mandatos | linaje\"},{\"@type\":\"BreadcrumbList\",\"@id\":\"https:\\\/\\\/catholic-television.com\\\/es\\\/salmo-112-asi-es-el-justo\\\/#breadcrumb\",\"itemListElement\":[{\"@type\":\"ListItem\",\"position\":1,\"name\":\"Portada\",\"item\":\"https:\\\/\\\/catholic-television.com\\\/es\\\/?lang=es\"},{\"@type\":\"ListItem\",\"position\":2,\"name\":\"Salmo 112 &#8211; As\u00ed es el justo\"}]},{\"@type\":\"WebSite\",\"@id\":\"https:\\\/\\\/catholic-television.com\\\/es\\\/#website\",\"url\":\"https:\\\/\\\/catholic-television.com\\\/es\\\/\",\"name\":\"Catholic-television\",\"description\":\"Catholic Television\",\"publisher\":{\"@id\":\"https:\\\/\\\/catholic-television.com\\\/es\\\/#organization\"},\"potentialAction\":[{\"@type\":\"SearchAction\",\"target\":{\"@type\":\"EntryPoint\",\"urlTemplate\":\"https:\\\/\\\/catholic-television.com\\\/es\\\/?s={search_term_string}\"},\"query-input\":{\"@type\":\"PropertyValueSpecification\",\"valueRequired\":true,\"valueName\":\"search_term_string\"}}],\"inLanguage\":\"es\"},{\"@type\":\"Organization\",\"@id\":\"https:\\\/\\\/catholic-television.com\\\/es\\\/#organization\",\"name\":\"Catholic-television\",\"url\":\"https:\\\/\\\/catholic-television.com\\\/es\\\/\",\"logo\":{\"@type\":\"ImageObject\",\"inLanguage\":\"es\",\"@id\":\"https:\\\/\\\/catholic-television.com\\\/es\\\/#\\\/schema\\\/logo\\\/image\\\/\",\"url\":\"https:\\\/\\\/catholic-television.com\\\/wp-content\\\/uploads\\\/2019\\\/06\\\/catholic-tv_ok2.png\",\"contentUrl\":\"https:\\\/\\\/catholic-television.com\\\/wp-content\\\/uploads\\\/2019\\\/06\\\/catholic-tv_ok2.png\",\"width\":303,\"height\":99,\"caption\":\"Catholic-television\"},\"image\":{\"@id\":\"https:\\\/\\\/catholic-television.com\\\/es\\\/#\\\/schema\\\/logo\\\/image\\\/\"},\"sameAs\":[\"https:\\\/\\\/www.facebook.com\\\/catholic.television.production\\\/\",\"https:\\\/\\\/x.com\\\/catholictele\"]},{\"@type\":\"Person\",\"@id\":\"https:\\\/\\\/catholic-television.com\\\/es\\\/#\\\/schema\\\/person\\\/3188c12fc213ed75be05c8a3a8650318\",\"name\":\"vlad\",\"image\":{\"@type\":\"ImageObject\",\"inLanguage\":\"es\",\"@id\":\"https:\\\/\\\/secure.gravatar.com\\\/avatar\\\/fc95831d9c48ad0da181a29b0820e0beb60a927341a41b7ffd6b73a4ef239589?s=96&d=mm&r=g\",\"url\":\"https:\\\/\\\/secure.gravatar.com\\\/avatar\\\/fc95831d9c48ad0da181a29b0820e0beb60a927341a41b7ffd6b73a4ef239589?s=96&d=mm&r=g\",\"contentUrl\":\"https:\\\/\\\/secure.gravatar.com\\\/avatar\\\/fc95831d9c48ad0da181a29b0820e0beb60a927341a41b7ffd6b73a4ef239589?s=96&d=mm&r=g\",\"caption\":\"vlad\"}}]}<\/script>\n<!-- \/ Yoast SEO plugin. -->","yoast_head_json":{"title":"Salmo 112 - As\u00ed es el justo | dichoso Se\u00f1or | coraz\u00f3n mandatos | linaje","description":"Es el justo. \u00a1Aleluya! (\u00c1lef) Dichoso quien teme al Se\u00f1or (Bet) y ama de coraz\u00f3n sus mandatos. (Gu\u00edmel) Su linaje ser\u00e1 poderoso en la tierra, (D\u00e1let)...","robots":{"index":"index","follow":"follow","max-snippet":"max-snippet:-1","max-image-preview":"max-image-preview:large","max-video-preview":"max-video-preview:-1"},"canonical":"https:\/\/catholic-television.com\/es\/salmo-112-asi-es-el-justo\/","og_locale":"es_ES","og_type":"article","og_title":"Salmo 112 - As\u00ed es el justo | dichoso Se\u00f1or | coraz\u00f3n mandatos | linaje","og_description":"Es el justo. \u00a1Aleluya! (\u00c1lef) Dichoso quien teme al Se\u00f1or (Bet) y ama de coraz\u00f3n sus mandatos. (Gu\u00edmel) Su linaje ser\u00e1 poderoso en la tierra, (D\u00e1let)...","og_url":"https:\/\/catholic-television.com\/es\/salmo-112-asi-es-el-justo\/","og_site_name":"Catholic-television","article_publisher":"https:\/\/www.facebook.com\/catholic.television.production\/","article_published_time":"2020-06-16T02:53:19+00:00","og_image":[{"width":1024,"height":576,"url":"https:\/\/catholic-television.com\/wp-content\/uploads\/2020\/06\/Salmo-112-As\u00ed-es-el-justo-dichoso-Se\u00f1or-coraz\u00f3n-mandatos-linaje.jpg","type":"image\/jpeg"}],"author":"vlad","twitter_card":"summary_large_image","twitter_creator":"@catholictele","twitter_site":"@catholictele","twitter_misc":{"Escrito por":"vlad","Tiempo de lectura":"1 minuto"},"schema":{"@context":"https:\/\/schema.org","@graph":[{"@type":"Article","@id":"https:\/\/catholic-television.com\/es\/salmo-112-asi-es-el-justo\/#article","isPartOf":{"@id":"https:\/\/catholic-television.com\/es\/salmo-112-asi-es-el-justo\/"},"author":{"name":"vlad","@id":"https:\/\/catholic-television.com\/es\/#\/schema\/person\/3188c12fc213ed75be05c8a3a8650318"},"headline":"Salmo 112 &#8211; As\u00ed es el justo","datePublished":"2020-06-16T02:53:19+00:00","mainEntityOfPage":{"@id":"https:\/\/catholic-television.com\/es\/salmo-112-asi-es-el-justo\/"},"wordCount":173,"commentCount":0,"publisher":{"@id":"https:\/\/catholic-television.com\/es\/#organization"},"image":{"@id":"https:\/\/catholic-television.com\/es\/salmo-112-asi-es-el-justo\/#primaryimage"},"thumbnailUrl":"https:\/\/catholic-television.com\/wp-content\/uploads\/2020\/06\/Salmo-112-As\u00ed-es-el-justo-dichoso-Se\u00f1or-coraz\u00f3n-mandatos-linaje.jpg","keywords":["alzar\u00e1 dignidad","clemente compasivo","coraz\u00f3n mandatos","descendencia bendita","dichoso apiada","dichoso Se\u00f1or","limosna pobres","linaje poderoso","malvado irritar\u00e1","recuerdo perpetuo","riquezas abundancia","tinieblas luz"],"articleSection":["Bienvenidos","Salmos"],"inLanguage":"es","potentialAction":[{"@type":"CommentAction","name":"Comment","target":["https:\/\/catholic-television.com\/es\/salmo-112-asi-es-el-justo\/#respond"]}]},{"@type":"WebPage","@id":"https:\/\/catholic-television.com\/es\/salmo-112-asi-es-el-justo\/","url":"https:\/\/catholic-television.com\/es\/salmo-112-asi-es-el-justo\/","name":"Salmo 112 - As\u00ed es el justo | dichoso Se\u00f1or | coraz\u00f3n mandatos | linaje","isPartOf":{"@id":"https:\/\/catholic-television.com\/es\/#website"},"primaryImageOfPage":{"@id":"https:\/\/catholic-television.com\/es\/salmo-112-asi-es-el-justo\/#primaryimage"},"image":{"@id":"https:\/\/catholic-television.com\/es\/salmo-112-asi-es-el-justo\/#primaryimage"},"thumbnailUrl":"https:\/\/catholic-television.com\/wp-content\/uploads\/2020\/06\/Salmo-112-As\u00ed-es-el-justo-dichoso-Se\u00f1or-coraz\u00f3n-mandatos-linaje.jpg","datePublished":"2020-06-16T02:53:19+00:00","description":"Es el justo. \u00a1Aleluya! (\u00c1lef) Dichoso quien teme al Se\u00f1or (Bet) y ama de coraz\u00f3n sus mandatos. (Gu\u00edmel) Su linaje ser\u00e1 poderoso en la tierra, (D\u00e1let)...","breadcrumb":{"@id":"https:\/\/catholic-television.com\/es\/salmo-112-asi-es-el-justo\/#breadcrumb"},"inLanguage":"es","potentialAction":[{"@type":"ReadAction","target":["https:\/\/catholic-television.com\/es\/salmo-112-asi-es-el-justo\/"]}]},{"@type":"ImageObject","inLanguage":"es","@id":"https:\/\/catholic-television.com\/es\/salmo-112-asi-es-el-justo\/#primaryimage","url":"https:\/\/catholic-television.com\/wp-content\/uploads\/2020\/06\/Salmo-112-As\u00ed-es-el-justo-dichoso-Se\u00f1or-coraz\u00f3n-mandatos-linaje.jpg","contentUrl":"https:\/\/catholic-television.com\/wp-content\/uploads\/2020\/06\/Salmo-112-As\u00ed-es-el-justo-dichoso-Se\u00f1or-coraz\u00f3n-mandatos-linaje.jpg","width":1024,"height":576,"caption":"Salmo 112 - As\u00ed es el justo | dichoso Se\u00f1or | coraz\u00f3n mandatos | linaje"},{"@type":"BreadcrumbList","@id":"https:\/\/catholic-television.com\/es\/salmo-112-asi-es-el-justo\/#breadcrumb","itemListElement":[{"@type":"ListItem","position":1,"name":"Portada","item":"https:\/\/catholic-television.com\/es\/?lang=es"},{"@type":"ListItem","position":2,"name":"Salmo 112 &#8211; As\u00ed es el justo"}]},{"@type":"WebSite","@id":"https:\/\/catholic-television.com\/es\/#website","url":"https:\/\/catholic-television.com\/es\/","name":"Catholic-television","description":"Catholic Television","publisher":{"@id":"https:\/\/catholic-television.com\/es\/#organization"},"potentialAction":[{"@type":"SearchAction","target":{"@type":"EntryPoint","urlTemplate":"https:\/\/catholic-television.com\/es\/?s={search_term_string}"},"query-input":{"@type":"PropertyValueSpecification","valueRequired":true,"valueName":"search_term_string"}}],"inLanguage":"es"},{"@type":"Organization","@id":"https:\/\/catholic-television.com\/es\/#organization","name":"Catholic-television","url":"https:\/\/catholic-television.com\/es\/","logo":{"@type":"ImageObject","inLanguage":"es","@id":"https:\/\/catholic-television.com\/es\/#\/schema\/logo\/image\/","url":"https:\/\/catholic-television.com\/wp-content\/uploads\/2019\/06\/catholic-tv_ok2.png","contentUrl":"https:\/\/catholic-television.com\/wp-content\/uploads\/2019\/06\/catholic-tv_ok2.png","width":303,"height":99,"caption":"Catholic-television"},"image":{"@id":"https:\/\/catholic-television.com\/es\/#\/schema\/logo\/image\/"},"sameAs":["https:\/\/www.facebook.com\/catholic.television.production\/","https:\/\/x.com\/catholictele"]},{"@type":"Person","@id":"https:\/\/catholic-television.com\/es\/#\/schema\/person\/3188c12fc213ed75be05c8a3a8650318","name":"vlad","image":{"@type":"ImageObject","inLanguage":"es","@id":"https:\/\/secure.gravatar.com\/avatar\/fc95831d9c48ad0da181a29b0820e0beb60a927341a41b7ffd6b73a4ef239589?s=96&d=mm&r=g","url":"https:\/\/secure.gravatar.com\/avatar\/fc95831d9c48ad0da181a29b0820e0beb60a927341a41b7ffd6b73a4ef239589?s=96&d=mm&r=g","contentUrl":"https:\/\/secure.gravatar.com\/avatar\/fc95831d9c48ad0da181a29b0820e0beb60a927341a41b7ffd6b73a4ef239589?s=96&d=mm&r=g","caption":"vlad"}}]}},"_links":{"self":[{"href":"https:\/\/catholic-television.com\/es\/wp-json\/wp\/v2\/posts\/14452","targetHints":{"allow":["GET"]}}],"collection":[{"href":"https:\/\/catholic-television.com\/es\/wp-json\/wp\/v2\/posts"}],"about":[{"href":"https:\/\/catholic-television.com\/es\/wp-json\/wp\/v2\/types\/post"}],"author":[{"embeddable":true,"href":"https:\/\/catholic-television.com\/es\/wp-json\/wp\/v2\/users\/7"}],"replies":[{"embeddable":true,"href":"https:\/\/catholic-television.com\/es\/wp-json\/wp\/v2\/comments?post=14452"}],"version-history":[{"count":1,"href":"https:\/\/catholic-television.com\/es\/wp-json\/wp\/v2\/posts\/14452\/revisions"}],"predecessor-version":[{"id":14458,"href":"https:\/\/catholic-television.com\/es\/wp-json\/wp\/v2\/posts\/14452\/revisions\/14458"}],"wp:featuredmedia":[{"embeddable":true,"href":"https:\/\/catholic-television.com\/es\/wp-json\/wp\/v2\/media\/14453"}],"wp:attachment":[{"href":"https:\/\/catholic-television.com\/es\/wp-json\/wp\/v2\/media?parent=14452"}],"wp:term":[{"taxonomy":"category","embeddable":true,"href":"https:\/\/catholic-television.com\/es\/wp-json\/wp\/v2\/categories?post=14452"},{"taxonomy":"post_tag","embeddable":true,"href":"https:\/\/catholic-television.com\/es\/wp-json\/wp\/v2\/tags?post=14452"}],"curies":[{"name":"wp","href":"https:\/\/api.w.org\/{rel}","templated":true}]}}