{"id":14416,"date":"2020-06-13T04:43:43","date_gmt":"2020-06-13T04:43:43","guid":{"rendered":"https:\/\/catholic-television.com\/wp-staging\/?p=14416"},"modified":"2020-06-13T04:43:43","modified_gmt":"2020-06-13T04:43:43","slug":"salmo-107-tercera-mirada-historia-israel","status":"publish","type":"post","link":"https:\/\/catholic-television.com\/es\/salmo-107-tercera-mirada-historia-israel\/","title":{"rendered":"Salmo 107 &#8211; Tercera mirada a la historia de Israel"},"content":{"rendered":"<p style=\"text-align: center\"><span style=\"color: #000000\"><strong>Salmo 107<\/strong><\/span><br \/>\n<span style=\"color: #000000\"><strong>Tercera mirada a la historia de Israel<\/strong><\/span><\/p>\n<p><span style=\"color: #000000\">Dad gracias al Se\u00f1or porque es bueno,<\/span><br \/>\n<span style=\"color: #000000\">porque es eterna su misericordia.<\/span><\/p>\n<p><span style=\"color: #000000\">Que lo confiesen los redimidos por el Se\u00f1or,<\/span><br \/>\n<span style=\"color: #000000\">los que \u00e9l rescat\u00f3 de la mano del enemigo,<\/span><br \/>\n<span style=\"color: #000000\">los que reuni\u00f3 de todos los pa\u00edses:<\/span><br \/>\n<span style=\"color: #000000\">oriente y occidente, norte y sur.<\/span><\/p>\n<p><span style=\"color: #000000\">Erraban por un desierto solitario,<\/span><br \/>\n<span style=\"color: #000000\">no encontraban el camino de ciudad habitada;<\/span><br \/>\n<span style=\"color: #000000\">pasaban hambre y sed,<\/span><br \/>\n<span style=\"color: #000000\">se les iba agotando la vida;<\/span><\/p>\n<p><span style=\"color: #000000\">Pero gritaron al Se\u00f1or en su angustia,<\/span><br \/>\n<span style=\"color: #000000\">y los arranc\u00f3 de la tribulaci\u00f3n.<\/span><br \/>\n<span style=\"color: #000000\">Los guio por un camino derecho,<\/span><br \/>\n<span style=\"color: #000000\">para que llegaran a una ciudad habitada.<\/span><\/p>\n<p><span style=\"color: #000000\">Den gracias al Se\u00f1or por su misericordia,<\/span><br \/>\n<span style=\"color: #000000\">por las maravillas que hace con los hombres.<\/span><br \/>\n<span style=\"color: #000000\">Calm\u00f3 el ansia de los sedientos,<\/span><br \/>\n<span style=\"color: #000000\">y a los hambrientos los colm\u00f3 de bienes.<\/span><\/p>\n<p><span style=\"color: #000000\">Yac\u00edan en oscuridad y tinieblas,<\/span><br \/>\n<span style=\"color: #000000\">cautivos de hierros y miserias;<\/span><br \/>\n<span style=\"color: #000000\">por haberse rebelado contra los mandamientos,<\/span><br \/>\n<span style=\"color: #000000\">despreciando el plan del Alt\u00edsimo.<\/span><br \/>\n<span style=\"color: #000000\">\u00c9l humill\u00f3 su coraz\u00f3n con trabajos,<\/span><br \/>\n<span style=\"color: #000000\">sucumb\u00edan y nadie los socorr\u00eda.<\/span><\/p>\n<p><span style=\"color: #000000\">Pero gritaron al Se\u00f1or en su angustia,<\/span><br \/>\n<span style=\"color: #000000\">y los arranc\u00f3 de la tribulaci\u00f3n.<\/span><br \/>\n<span style=\"color: #000000\">Los sac\u00f3 de las sombr\u00edas tinieblas,<\/span><br \/>\n<span style=\"color: #000000\">arranc\u00f3 sus cadenas.<\/span><\/p>\n<p><span style=\"color: #000000\">Den gracias al Se\u00f1or por su misericordia,<\/span><br \/>\n<span style=\"color: #000000\">por las maravillas que hace con los hombres.<\/span><br \/>\n<span style=\"color: #000000\">Destroz\u00f3 las puertas de bronce,<\/span><br \/>\n<span style=\"color: #000000\">quebr\u00f3 los cerrojos de hierro.<\/span><\/p>\n<p><span style=\"color: #000000\">Estaban enfermos por sus maldades,<\/span><br \/>\n<span style=\"color: #000000\">por sus culpas eran afligidos;<\/span><br \/>\n<span style=\"color: #000000\">aborrec\u00edan todos los manjares,<\/span><br \/>\n<span style=\"color: #000000\">y ya tocaban las puertas de la muerte.<\/span><\/p>\n<p><span style=\"color: #000000\">Pero gritaron al Se\u00f1or en su angustia,<\/span><br \/>\n<span style=\"color: #000000\">y los arranc\u00f3 de la tribulaci\u00f3n.<\/span><br \/>\n<span style=\"color: #000000\">Envi\u00f3 su palabra para curarlos,<\/span><br \/>\n<span style=\"color: #000000\">para salvarlos de la perdici\u00f3n.<\/span><\/p>\n<p><span style=\"color: #000000\">Den gracias al Se\u00f1or por su misericordia,<\/span><br \/>\n<span style=\"color: #000000\">por las maravillas que hace con los hombres.<\/span><br \/>\n<span style=\"color: #000000\">Ofr\u00e9zcanle sacrificios de alabanza,<\/span><br \/>\n<span style=\"color: #000000\">y cuenten con entusiasmo sus acciones.<\/span><\/p>\n<p><span style=\"color: #000000\">Entraron en naves por el mar,<\/span><br \/>\n<span style=\"color: #000000\">comerciando por las aguas inmensas.<\/span><br \/>\n<span style=\"color: #000000\">Contemplaron las obras de Dios,<\/span><br \/>\n<span style=\"color: #000000\">sus maravillas en el oc\u00e9ano.<\/span><\/p>\n<p><span style=\"color: #000000\">\u00c9l habl\u00f3 y levant\u00f3 un viento tormentoso,<\/span><br \/>\n<span style=\"color: #000000\">que alzaba las olas a lo alto:<\/span><br \/>\n<span style=\"color: #000000\">sub\u00edan al cielo, bajaban al abismo,<\/span><br \/>\n<span style=\"color: #000000\">se sent\u00edan sin fuerzas en el peligro,<\/span><br \/>\n<span style=\"color: #000000\">rodaban, se tambaleaban como borrachos,<\/span><br \/>\n<span style=\"color: #000000\">y no les val\u00eda su pericia.<\/span><\/p>\n<p><span style=\"color: #000000\">Pero gritaron al Se\u00f1or en su angustia,<\/span><br \/>\n<span style=\"color: #000000\">y los arranc\u00f3 de la tribulaci\u00f3n.<\/span><br \/>\n<span style=\"color: #000000\">pacigu\u00f3 la tormenta en suave brisa,<\/span><br \/>\n<span style=\"color: #000000\">y enmudecieron las olas del mar.<\/span><br \/>\n<span style=\"color: #000000\">Se alegraron de aquella bonanza,<\/span><br \/>\n<span style=\"color: #000000\">y \u00e9l los condujo al ansiado puerto.<\/span><\/p>\n<p><span style=\"color: #000000\">Den gracias al Se\u00f1or por su misericordia,<\/span><br \/>\n<span style=\"color: #000000\">por las maravillas que hace con los hombres.<\/span><br \/>\n<span style=\"color: #000000\">Acl\u00e1menlo en la asamblea del pueblo,<\/span><br \/>\n<span style=\"color: #000000\">al\u00e1benlo en el consejo de los ancianos.<\/span><\/p>\n<p><span style=\"color: #000000\">\u00c9l transformar\u00e1 los r\u00edos en desierto,<\/span><br \/>\n<span style=\"color: #000000\">los manantiales de agua en aridez;<\/span><br \/>\n<span style=\"color: #000000\">la tierra f\u00e9rtil en marismas,<\/span><br \/>\n<span style=\"color: #000000\">por la depravaci\u00f3n de sus habitantes.<\/span><\/p>\n<p><span style=\"color: #000000\">Transform\u00f3 el desierto en estanques,<\/span><br \/>\n<span style=\"color: #000000\">el erial en manantiales de agua.<\/span><br \/>\n<span style=\"color: #000000\">Coloc\u00f3 all\u00ed a los hambrientos,<\/span><br \/>\n<span style=\"color: #000000\">y fundaron una ciudad para habitar.<\/span><\/p>\n<p><span style=\"color: #000000\">Sembraron campos, plantaron huertos,<\/span><br \/>\n<span style=\"color: #000000\">recogieron cosechas.<\/span><br \/>\n<span style=\"color: #000000\">Los bendijo y se multiplicaron,<\/span><br \/>\n<span style=\"color: #000000\">y no les escatim\u00f3 el ganado.<\/span><\/p>\n<p><span style=\"color: #000000\">Y menguaron, abatidos por el peso<\/span><br \/>\n<span style=\"color: #000000\">de infortunios y desgracias.<\/span><br \/>\n<span style=\"color: #000000\">El mismo que arroja desprecio sobre los pr\u00edncipes<\/span><br \/>\n<span style=\"color: #000000\">y los descarri\u00f3 por una soledad sin caminos,<\/span><br \/>\n<span style=\"color: #000000\">levant\u00f3 a los pobres de la miseria<\/span><br \/>\n<span style=\"color: #000000\">y multiplic\u00f3 sus familias como reba\u00f1os.<\/span><\/p>\n<p><span style=\"color: #000000\">Los rectos lo ven y se alegran,<\/span><br \/>\n<span style=\"color: #000000\">a la maldad se le tapa la boca.<\/span><br \/>\n<span style=\"color: #000000\">El que sea sabio, que recoja estos hechos<\/span><br \/>\n<span style=\"color: #000000\">y comprenda la misericordia del Se\u00f1or.<\/span><\/p>\n","protected":false},"excerpt":{"rendered":"<p>Salmo 107 Tercera mirada a la historia de Israel Dad gracias al Se\u00f1or porque es bueno, porque es eterna su misericordia. Que lo confiesen los redimidos por el Se\u00f1or, los que \u00e9l rescat\u00f3 de la mano del enemigo, los que reuni\u00f3 de todos los pa\u00edses: oriente y occidente, norte y sur. Erraban por un desierto&hellip; <a class=\"more-link\" href=\"https:\/\/catholic-television.com\/es\/salmo-107-tercera-mirada-historia-israel\/\">Seguir leyendo <span class=\"screen-reader-text\">Salmo 107 &#8211; Tercera mirada a la historia de Israel<\/span><\/a><\/p>\n","protected":false},"author":7,"featured_media":14417,"comment_status":"open","ping_status":"open","sticky":false,"template":"","format":"standard","meta":{"footnotes":""},"categories":[668,13912],"tags":[29821,29822,29820,29816,29823,29824,29819,29817,29818,29679],"class_list":["post-14416","post","type-post","status-publish","format-standard","has-post-thumbnail","hentry","category-bienvenidos","category-salmos","tag-arranco-tribulacion","tag-asamblea-pueblo","tag-contra-mandamientos","tag-eterna-misericordia","tag-infortunios-desgracias","tag-misericordia-senor","tag-oscuridad-tinieblas","tag-redimidos-senor","tag-senor-angustia","tag-senor-bueno","entry"],"yoast_head":"<!-- This site is optimized with the Yoast SEO plugin v27.4 - https:\/\/yoast.com\/product\/yoast-seo-wordpress\/ -->\n<title>Salmo 107 - Tercera mirada a la historia de Israel | Se\u00f1or bueno | eterna<\/title>\n<meta name=\"description\" content=\"Tercera mirada. Dad gracias al Se\u00f1or porque es bueno, porque es eterna su misericordia. Que lo confiesen los redimidos por el Se\u00f1or, los que \u00e9l rescat\u00f3...\" \/>\n<meta name=\"robots\" content=\"index, follow, max-snippet:-1, max-image-preview:large, max-video-preview:-1\" \/>\n<link rel=\"canonical\" href=\"https:\/\/catholic-television.com\/es\/salmo-107-tercera-mirada-historia-israel\/\" \/>\n<meta property=\"og:locale\" content=\"es_ES\" \/>\n<meta property=\"og:type\" content=\"article\" \/>\n<meta property=\"og:title\" content=\"Salmo 107 - Tercera mirada a la historia de Israel | Se\u00f1or bueno | eterna\" \/>\n<meta property=\"og:description\" content=\"Tercera mirada. Dad gracias al Se\u00f1or porque es bueno, porque es eterna su misericordia. Que lo confiesen los redimidos por el Se\u00f1or, los que \u00e9l rescat\u00f3...\" \/>\n<meta property=\"og:url\" content=\"https:\/\/catholic-television.com\/es\/salmo-107-tercera-mirada-historia-israel\/\" \/>\n<meta property=\"og:site_name\" content=\"Catholic-television\" \/>\n<meta property=\"article:publisher\" content=\"https:\/\/www.facebook.com\/catholic.television.production\/\" \/>\n<meta property=\"article:published_time\" content=\"2020-06-13T04:43:43+00:00\" \/>\n<meta property=\"og:image\" content=\"https:\/\/catholic-television.com\/wp-content\/uploads\/2020\/06\/Salmo-107-Tercera-mirada-a-la-historia-de-Israel-Se\u00f1or-bueno-eterna.jpg\" \/>\n\t<meta property=\"og:image:width\" content=\"1024\" \/>\n\t<meta property=\"og:image:height\" content=\"576\" \/>\n\t<meta property=\"og:image:type\" content=\"image\/jpeg\" \/>\n<meta name=\"author\" content=\"vlad\" \/>\n<meta name=\"twitter:card\" content=\"summary_large_image\" \/>\n<meta name=\"twitter:creator\" content=\"@catholictele\" \/>\n<meta name=\"twitter:site\" content=\"@catholictele\" \/>\n<meta name=\"twitter:label1\" content=\"Escrito por\" \/>\n\t<meta name=\"twitter:data1\" content=\"vlad\" \/>\n\t<meta name=\"twitter:label2\" content=\"Tiempo de lectura\" \/>\n\t<meta name=\"twitter:data2\" content=\"3 minutos\" \/>\n<script type=\"application\/ld+json\" class=\"yoast-schema-graph\">{\"@context\":\"https:\\\/\\\/schema.org\",\"@graph\":[{\"@type\":\"Article\",\"@id\":\"https:\\\/\\\/catholic-television.com\\\/es\\\/salmo-107-tercera-mirada-historia-israel\\\/#article\",\"isPartOf\":{\"@id\":\"https:\\\/\\\/catholic-television.com\\\/es\\\/salmo-107-tercera-mirada-historia-israel\\\/\"},\"author\":{\"name\":\"vlad\",\"@id\":\"https:\\\/\\\/catholic-television.com\\\/es\\\/#\\\/schema\\\/person\\\/3188c12fc213ed75be05c8a3a8650318\"},\"headline\":\"Salmo 107 &#8211; Tercera mirada a la historia de Israel\",\"datePublished\":\"2020-06-13T04:43:43+00:00\",\"mainEntityOfPage\":{\"@id\":\"https:\\\/\\\/catholic-television.com\\\/es\\\/salmo-107-tercera-mirada-historia-israel\\\/\"},\"wordCount\":575,\"commentCount\":0,\"publisher\":{\"@id\":\"https:\\\/\\\/catholic-television.com\\\/es\\\/#organization\"},\"image\":{\"@id\":\"https:\\\/\\\/catholic-television.com\\\/es\\\/salmo-107-tercera-mirada-historia-israel\\\/#primaryimage\"},\"thumbnailUrl\":\"https:\\\/\\\/catholic-television.com\\\/wp-content\\\/uploads\\\/2020\\\/06\\\/Salmo-107-Tercera-mirada-a-la-historia-de-Israel-Se\u00f1or-bueno-eterna.jpg\",\"keywords\":[\"arranc\u00f3 tribulaci\u00f3n\",\"asamblea pueblo\",\"contra mandamientos\",\"eterna misericordia\",\"infortunios desgracias\",\"misericordia Se\u00f1or\",\"oscuridad tinieblas\",\"redimidos Se\u00f1or\",\"Se\u00f1or angustia\",\"Se\u00f1or bueno\"],\"articleSection\":[\"Bienvenidos\",\"Salmos\"],\"inLanguage\":\"es\",\"potentialAction\":[{\"@type\":\"CommentAction\",\"name\":\"Comment\",\"target\":[\"https:\\\/\\\/catholic-television.com\\\/es\\\/salmo-107-tercera-mirada-historia-israel\\\/#respond\"]}]},{\"@type\":\"WebPage\",\"@id\":\"https:\\\/\\\/catholic-television.com\\\/es\\\/salmo-107-tercera-mirada-historia-israel\\\/\",\"url\":\"https:\\\/\\\/catholic-television.com\\\/es\\\/salmo-107-tercera-mirada-historia-israel\\\/\",\"name\":\"Salmo 107 - Tercera mirada a la historia de Israel | Se\u00f1or bueno | eterna\",\"isPartOf\":{\"@id\":\"https:\\\/\\\/catholic-television.com\\\/es\\\/#website\"},\"primaryImageOfPage\":{\"@id\":\"https:\\\/\\\/catholic-television.com\\\/es\\\/salmo-107-tercera-mirada-historia-israel\\\/#primaryimage\"},\"image\":{\"@id\":\"https:\\\/\\\/catholic-television.com\\\/es\\\/salmo-107-tercera-mirada-historia-israel\\\/#primaryimage\"},\"thumbnailUrl\":\"https:\\\/\\\/catholic-television.com\\\/wp-content\\\/uploads\\\/2020\\\/06\\\/Salmo-107-Tercera-mirada-a-la-historia-de-Israel-Se\u00f1or-bueno-eterna.jpg\",\"datePublished\":\"2020-06-13T04:43:43+00:00\",\"description\":\"Tercera mirada. Dad gracias al Se\u00f1or porque es bueno, porque es eterna su misericordia. Que lo confiesen los redimidos por el Se\u00f1or, los que \u00e9l rescat\u00f3...\",\"breadcrumb\":{\"@id\":\"https:\\\/\\\/catholic-television.com\\\/es\\\/salmo-107-tercera-mirada-historia-israel\\\/#breadcrumb\"},\"inLanguage\":\"es\",\"potentialAction\":[{\"@type\":\"ReadAction\",\"target\":[\"https:\\\/\\\/catholic-television.com\\\/es\\\/salmo-107-tercera-mirada-historia-israel\\\/\"]}]},{\"@type\":\"ImageObject\",\"inLanguage\":\"es\",\"@id\":\"https:\\\/\\\/catholic-television.com\\\/es\\\/salmo-107-tercera-mirada-historia-israel\\\/#primaryimage\",\"url\":\"https:\\\/\\\/catholic-television.com\\\/wp-content\\\/uploads\\\/2020\\\/06\\\/Salmo-107-Tercera-mirada-a-la-historia-de-Israel-Se\u00f1or-bueno-eterna.jpg\",\"contentUrl\":\"https:\\\/\\\/catholic-television.com\\\/wp-content\\\/uploads\\\/2020\\\/06\\\/Salmo-107-Tercera-mirada-a-la-historia-de-Israel-Se\u00f1or-bueno-eterna.jpg\",\"width\":1024,\"height\":576,\"caption\":\"Salmo 107 - Tercera mirada a la historia de Israel | Se\u00f1or bueno | eterna\"},{\"@type\":\"BreadcrumbList\",\"@id\":\"https:\\\/\\\/catholic-television.com\\\/es\\\/salmo-107-tercera-mirada-historia-israel\\\/#breadcrumb\",\"itemListElement\":[{\"@type\":\"ListItem\",\"position\":1,\"name\":\"Portada\",\"item\":\"https:\\\/\\\/catholic-television.com\\\/es\\\/?lang=es\"},{\"@type\":\"ListItem\",\"position\":2,\"name\":\"Salmo 107 &#8211; Tercera mirada a la historia de Israel\"}]},{\"@type\":\"WebSite\",\"@id\":\"https:\\\/\\\/catholic-television.com\\\/es\\\/#website\",\"url\":\"https:\\\/\\\/catholic-television.com\\\/es\\\/\",\"name\":\"Catholic-television\",\"description\":\"Catholic Television\",\"publisher\":{\"@id\":\"https:\\\/\\\/catholic-television.com\\\/es\\\/#organization\"},\"potentialAction\":[{\"@type\":\"SearchAction\",\"target\":{\"@type\":\"EntryPoint\",\"urlTemplate\":\"https:\\\/\\\/catholic-television.com\\\/es\\\/?s={search_term_string}\"},\"query-input\":{\"@type\":\"PropertyValueSpecification\",\"valueRequired\":true,\"valueName\":\"search_term_string\"}}],\"inLanguage\":\"es\"},{\"@type\":\"Organization\",\"@id\":\"https:\\\/\\\/catholic-television.com\\\/es\\\/#organization\",\"name\":\"Catholic-television\",\"url\":\"https:\\\/\\\/catholic-television.com\\\/es\\\/\",\"logo\":{\"@type\":\"ImageObject\",\"inLanguage\":\"es\",\"@id\":\"https:\\\/\\\/catholic-television.com\\\/es\\\/#\\\/schema\\\/logo\\\/image\\\/\",\"url\":\"https:\\\/\\\/catholic-television.com\\\/wp-content\\\/uploads\\\/2019\\\/06\\\/catholic-tv_ok2.png\",\"contentUrl\":\"https:\\\/\\\/catholic-television.com\\\/wp-content\\\/uploads\\\/2019\\\/06\\\/catholic-tv_ok2.png\",\"width\":303,\"height\":99,\"caption\":\"Catholic-television\"},\"image\":{\"@id\":\"https:\\\/\\\/catholic-television.com\\\/es\\\/#\\\/schema\\\/logo\\\/image\\\/\"},\"sameAs\":[\"https:\\\/\\\/www.facebook.com\\\/catholic.television.production\\\/\",\"https:\\\/\\\/x.com\\\/catholictele\"]},{\"@type\":\"Person\",\"@id\":\"https:\\\/\\\/catholic-television.com\\\/es\\\/#\\\/schema\\\/person\\\/3188c12fc213ed75be05c8a3a8650318\",\"name\":\"vlad\",\"image\":{\"@type\":\"ImageObject\",\"inLanguage\":\"es\",\"@id\":\"https:\\\/\\\/secure.gravatar.com\\\/avatar\\\/fc95831d9c48ad0da181a29b0820e0beb60a927341a41b7ffd6b73a4ef239589?s=96&d=mm&r=g\",\"url\":\"https:\\\/\\\/secure.gravatar.com\\\/avatar\\\/fc95831d9c48ad0da181a29b0820e0beb60a927341a41b7ffd6b73a4ef239589?s=96&d=mm&r=g\",\"contentUrl\":\"https:\\\/\\\/secure.gravatar.com\\\/avatar\\\/fc95831d9c48ad0da181a29b0820e0beb60a927341a41b7ffd6b73a4ef239589?s=96&d=mm&r=g\",\"caption\":\"vlad\"}}]}<\/script>\n<!-- \/ Yoast SEO plugin. -->","yoast_head_json":{"title":"Salmo 107 - Tercera mirada a la historia de Israel | Se\u00f1or bueno | eterna","description":"Tercera mirada. Dad gracias al Se\u00f1or porque es bueno, porque es eterna su misericordia. Que lo confiesen los redimidos por el Se\u00f1or, los que \u00e9l rescat\u00f3...","robots":{"index":"index","follow":"follow","max-snippet":"max-snippet:-1","max-image-preview":"max-image-preview:large","max-video-preview":"max-video-preview:-1"},"canonical":"https:\/\/catholic-television.com\/es\/salmo-107-tercera-mirada-historia-israel\/","og_locale":"es_ES","og_type":"article","og_title":"Salmo 107 - Tercera mirada a la historia de Israel | Se\u00f1or bueno | eterna","og_description":"Tercera mirada. Dad gracias al Se\u00f1or porque es bueno, porque es eterna su misericordia. Que lo confiesen los redimidos por el Se\u00f1or, los que \u00e9l rescat\u00f3...","og_url":"https:\/\/catholic-television.com\/es\/salmo-107-tercera-mirada-historia-israel\/","og_site_name":"Catholic-television","article_publisher":"https:\/\/www.facebook.com\/catholic.television.production\/","article_published_time":"2020-06-13T04:43:43+00:00","og_image":[{"width":1024,"height":576,"url":"https:\/\/catholic-television.com\/wp-content\/uploads\/2020\/06\/Salmo-107-Tercera-mirada-a-la-historia-de-Israel-Se\u00f1or-bueno-eterna.jpg","type":"image\/jpeg"}],"author":"vlad","twitter_card":"summary_large_image","twitter_creator":"@catholictele","twitter_site":"@catholictele","twitter_misc":{"Escrito por":"vlad","Tiempo de lectura":"3 minutos"},"schema":{"@context":"https:\/\/schema.org","@graph":[{"@type":"Article","@id":"https:\/\/catholic-television.com\/es\/salmo-107-tercera-mirada-historia-israel\/#article","isPartOf":{"@id":"https:\/\/catholic-television.com\/es\/salmo-107-tercera-mirada-historia-israel\/"},"author":{"name":"vlad","@id":"https:\/\/catholic-television.com\/es\/#\/schema\/person\/3188c12fc213ed75be05c8a3a8650318"},"headline":"Salmo 107 &#8211; Tercera mirada a la historia de Israel","datePublished":"2020-06-13T04:43:43+00:00","mainEntityOfPage":{"@id":"https:\/\/catholic-television.com\/es\/salmo-107-tercera-mirada-historia-israel\/"},"wordCount":575,"commentCount":0,"publisher":{"@id":"https:\/\/catholic-television.com\/es\/#organization"},"image":{"@id":"https:\/\/catholic-television.com\/es\/salmo-107-tercera-mirada-historia-israel\/#primaryimage"},"thumbnailUrl":"https:\/\/catholic-television.com\/wp-content\/uploads\/2020\/06\/Salmo-107-Tercera-mirada-a-la-historia-de-Israel-Se\u00f1or-bueno-eterna.jpg","keywords":["arranc\u00f3 tribulaci\u00f3n","asamblea pueblo","contra mandamientos","eterna misericordia","infortunios desgracias","misericordia Se\u00f1or","oscuridad tinieblas","redimidos Se\u00f1or","Se\u00f1or angustia","Se\u00f1or bueno"],"articleSection":["Bienvenidos","Salmos"],"inLanguage":"es","potentialAction":[{"@type":"CommentAction","name":"Comment","target":["https:\/\/catholic-television.com\/es\/salmo-107-tercera-mirada-historia-israel\/#respond"]}]},{"@type":"WebPage","@id":"https:\/\/catholic-television.com\/es\/salmo-107-tercera-mirada-historia-israel\/","url":"https:\/\/catholic-television.com\/es\/salmo-107-tercera-mirada-historia-israel\/","name":"Salmo 107 - Tercera mirada a la historia de Israel | Se\u00f1or bueno | eterna","isPartOf":{"@id":"https:\/\/catholic-television.com\/es\/#website"},"primaryImageOfPage":{"@id":"https:\/\/catholic-television.com\/es\/salmo-107-tercera-mirada-historia-israel\/#primaryimage"},"image":{"@id":"https:\/\/catholic-television.com\/es\/salmo-107-tercera-mirada-historia-israel\/#primaryimage"},"thumbnailUrl":"https:\/\/catholic-television.com\/wp-content\/uploads\/2020\/06\/Salmo-107-Tercera-mirada-a-la-historia-de-Israel-Se\u00f1or-bueno-eterna.jpg","datePublished":"2020-06-13T04:43:43+00:00","description":"Tercera mirada. Dad gracias al Se\u00f1or porque es bueno, porque es eterna su misericordia. Que lo confiesen los redimidos por el Se\u00f1or, los que \u00e9l rescat\u00f3...","breadcrumb":{"@id":"https:\/\/catholic-television.com\/es\/salmo-107-tercera-mirada-historia-israel\/#breadcrumb"},"inLanguage":"es","potentialAction":[{"@type":"ReadAction","target":["https:\/\/catholic-television.com\/es\/salmo-107-tercera-mirada-historia-israel\/"]}]},{"@type":"ImageObject","inLanguage":"es","@id":"https:\/\/catholic-television.com\/es\/salmo-107-tercera-mirada-historia-israel\/#primaryimage","url":"https:\/\/catholic-television.com\/wp-content\/uploads\/2020\/06\/Salmo-107-Tercera-mirada-a-la-historia-de-Israel-Se\u00f1or-bueno-eterna.jpg","contentUrl":"https:\/\/catholic-television.com\/wp-content\/uploads\/2020\/06\/Salmo-107-Tercera-mirada-a-la-historia-de-Israel-Se\u00f1or-bueno-eterna.jpg","width":1024,"height":576,"caption":"Salmo 107 - Tercera mirada a la historia de Israel | Se\u00f1or bueno | eterna"},{"@type":"BreadcrumbList","@id":"https:\/\/catholic-television.com\/es\/salmo-107-tercera-mirada-historia-israel\/#breadcrumb","itemListElement":[{"@type":"ListItem","position":1,"name":"Portada","item":"https:\/\/catholic-television.com\/es\/?lang=es"},{"@type":"ListItem","position":2,"name":"Salmo 107 &#8211; Tercera mirada a la historia de Israel"}]},{"@type":"WebSite","@id":"https:\/\/catholic-television.com\/es\/#website","url":"https:\/\/catholic-television.com\/es\/","name":"Catholic-television","description":"Catholic Television","publisher":{"@id":"https:\/\/catholic-television.com\/es\/#organization"},"potentialAction":[{"@type":"SearchAction","target":{"@type":"EntryPoint","urlTemplate":"https:\/\/catholic-television.com\/es\/?s={search_term_string}"},"query-input":{"@type":"PropertyValueSpecification","valueRequired":true,"valueName":"search_term_string"}}],"inLanguage":"es"},{"@type":"Organization","@id":"https:\/\/catholic-television.com\/es\/#organization","name":"Catholic-television","url":"https:\/\/catholic-television.com\/es\/","logo":{"@type":"ImageObject","inLanguage":"es","@id":"https:\/\/catholic-television.com\/es\/#\/schema\/logo\/image\/","url":"https:\/\/catholic-television.com\/wp-content\/uploads\/2019\/06\/catholic-tv_ok2.png","contentUrl":"https:\/\/catholic-television.com\/wp-content\/uploads\/2019\/06\/catholic-tv_ok2.png","width":303,"height":99,"caption":"Catholic-television"},"image":{"@id":"https:\/\/catholic-television.com\/es\/#\/schema\/logo\/image\/"},"sameAs":["https:\/\/www.facebook.com\/catholic.television.production\/","https:\/\/x.com\/catholictele"]},{"@type":"Person","@id":"https:\/\/catholic-television.com\/es\/#\/schema\/person\/3188c12fc213ed75be05c8a3a8650318","name":"vlad","image":{"@type":"ImageObject","inLanguage":"es","@id":"https:\/\/secure.gravatar.com\/avatar\/fc95831d9c48ad0da181a29b0820e0beb60a927341a41b7ffd6b73a4ef239589?s=96&d=mm&r=g","url":"https:\/\/secure.gravatar.com\/avatar\/fc95831d9c48ad0da181a29b0820e0beb60a927341a41b7ffd6b73a4ef239589?s=96&d=mm&r=g","contentUrl":"https:\/\/secure.gravatar.com\/avatar\/fc95831d9c48ad0da181a29b0820e0beb60a927341a41b7ffd6b73a4ef239589?s=96&d=mm&r=g","caption":"vlad"}}]}},"_links":{"self":[{"href":"https:\/\/catholic-television.com\/es\/wp-json\/wp\/v2\/posts\/14416","targetHints":{"allow":["GET"]}}],"collection":[{"href":"https:\/\/catholic-television.com\/es\/wp-json\/wp\/v2\/posts"}],"about":[{"href":"https:\/\/catholic-television.com\/es\/wp-json\/wp\/v2\/types\/post"}],"author":[{"embeddable":true,"href":"https:\/\/catholic-television.com\/es\/wp-json\/wp\/v2\/users\/7"}],"replies":[{"embeddable":true,"href":"https:\/\/catholic-television.com\/es\/wp-json\/wp\/v2\/comments?post=14416"}],"version-history":[{"count":1,"href":"https:\/\/catholic-television.com\/es\/wp-json\/wp\/v2\/posts\/14416\/revisions"}],"predecessor-version":[{"id":14422,"href":"https:\/\/catholic-television.com\/es\/wp-json\/wp\/v2\/posts\/14416\/revisions\/14422"}],"wp:featuredmedia":[{"embeddable":true,"href":"https:\/\/catholic-television.com\/es\/wp-json\/wp\/v2\/media\/14417"}],"wp:attachment":[{"href":"https:\/\/catholic-television.com\/es\/wp-json\/wp\/v2\/media?parent=14416"}],"wp:term":[{"taxonomy":"category","embeddable":true,"href":"https:\/\/catholic-television.com\/es\/wp-json\/wp\/v2\/categories?post=14416"},{"taxonomy":"post_tag","embeddable":true,"href":"https:\/\/catholic-television.com\/es\/wp-json\/wp\/v2\/tags?post=14416"}],"curies":[{"name":"wp","href":"https:\/\/api.w.org\/{rel}","templated":true}]}}