{"id":14389,"date":"2020-06-12T03:22:03","date_gmt":"2020-06-12T03:22:03","guid":{"rendered":"https:\/\/catholic-television.com\/wp-staging\/?p=14389"},"modified":"2020-06-12T03:24:08","modified_gmt":"2020-06-12T03:24:08","slug":"salmo-104-el-universo-alaba-su-creador","status":"publish","type":"post","link":"https:\/\/catholic-television.com\/es\/salmo-104-el-universo-alaba-su-creador\/","title":{"rendered":"Salmo 104 &#8211; El universo alaba a su creador"},"content":{"rendered":"<p style=\"text-align: center\"><span style=\"color: #000000\"><strong>Salmo 104<\/strong><\/span><br \/>\n<span style=\"color: #000000\"><strong>El universo alaba a su creador<\/strong><\/span><\/p>\n<p><span style=\"color: #000000\">Bendice, alma m\u00eda, al Se\u00f1or:<\/span><br \/>\n<span style=\"color: #000000\">\u00a1Dios m\u00edo, qu\u00e9 grande eres!<\/span><br \/>\n<span style=\"color: #000000\">Te vistes de belleza y majestad,<\/span><br \/>\n<span style=\"color: #000000\">la luz te envuelve como un manto.<\/span><\/p>\n<p><span style=\"color: #000000\">Extiendes los cielos como una tienda,<\/span><br \/>\n<span style=\"color: #000000\">construyes tu morada sobre las aguas;<\/span><br \/>\n<span style=\"color: #000000\">las nubes te sirven de carroza,<\/span><br \/>\n<span style=\"color: #000000\">avanzas en las alas del viento;<\/span><br \/>\n<span style=\"color: #000000\">los vientos te sirven de mensajeros;<\/span><br \/>\n<span style=\"color: #000000\">el fuego llameante, de ministro.<\/span><\/p>\n<p><span style=\"color: #000000\">Asentaste la tierra sobre sus cimientos,<\/span><br \/>\n<span style=\"color: #000000\">y no vacilar\u00e1 jam\u00e1s;<\/span><br \/>\n<span style=\"color: #000000\">la cubriste con el manto del oc\u00e9ano,<\/span><br \/>\n<span style=\"color: #000000\">y las aguas se posaron sobre las monta\u00f1as;<\/span><br \/>\n<span style=\"color: #000000\">pero a tu bramido huyeron,<\/span><br \/>\n<span style=\"color: #000000\">al fragor de tu trueno se precipitaron,<\/span><br \/>\n<span style=\"color: #000000\">mientras sub\u00edan los montes y bajaban los valles:<\/span><br \/>\n<span style=\"color: #000000\">cada cual al puesto asignado.<\/span><\/p>\n<p><span style=\"color: #000000\">Trazaste una frontera que no traspasar\u00e1n,<\/span><br \/>\n<span style=\"color: #000000\">y no volver\u00e1n a cubrir la tierra.<\/span><br \/>\n<span style=\"color: #000000\">De los manantiales sacas los r\u00edos,<\/span><br \/>\n<span style=\"color: #000000\">para que fluyan entre los montes;<\/span><br \/>\n<span style=\"color: #000000\">en ellos beben las fieras de los campos,<\/span><br \/>\n<span style=\"color: #000000\">el asno salvaje apaga su sed;<\/span><br \/>\n<span style=\"color: #000000\">junto a ellos habitan las aves del cielo,<\/span><br \/>\n<span style=\"color: #000000\">y entre las frondas se oye su canto.<\/span><\/p>\n<p><span style=\"color: #000000\">Desde tu morada riegas los montes,<\/span><br \/>\n<span style=\"color: #000000\">y la tierra se sacia de tu acci\u00f3n fecunda;<\/span><br \/>\n<span style=\"color: #000000\">haces brotar hierba para los ganados,<\/span><br \/>\n<span style=\"color: #000000\">y forraje para los que sirven al hombre.<\/span><br \/>\n<span style=\"color: #000000\">\u00c9l saca pan de los campos,<\/span><br \/>\n<span style=\"color: #000000\">y vino que le alegra el coraz\u00f3n;<\/span><br \/>\n<span style=\"color: #000000\">aceite que da brillo a su rostro,<\/span><br \/>\n<span style=\"color: #000000\">y el pan que le da fuerzas.<\/span><\/p>\n<p><span style=\"color: #000000\">Se llenan de savia los \u00e1rboles del Se\u00f1or,<\/span><br \/>\n<span style=\"color: #000000\">los cedros del L\u00edbano que \u00e9l plant\u00f3:<\/span><br \/>\n<span style=\"color: #000000\">all\u00ed anidan los p\u00e1jaros,<\/span><br \/>\n<span style=\"color: #000000\">en su cima pone casa la cig\u00fce\u00f1a.<\/span><\/p>\n<p><span style=\"color: #000000\">Los riscos son para las cabras,<\/span><br \/>\n<span style=\"color: #000000\">las pe\u00f1as son madriguera de erizos.<\/span><br \/>\n<span style=\"color: #000000\">Hiciste la luna con sus fases,<\/span><br \/>\n<span style=\"color: #000000\">el sol conoce su ocaso.<\/span><\/p>\n<p><span style=\"color: #000000\">Pones las tinieblas y viene la noche,<\/span><br \/>\n<span style=\"color: #000000\">y rondan las fieras de la selva;<\/span><br \/>\n<span style=\"color: #000000\">los cachorros del le\u00f3n rugen por la presa,<\/span><br \/>\n<span style=\"color: #000000\">reclamando a Dios su comida.<\/span><\/p>\n<p><span style=\"color: #000000\">Cuando brilla el sol, se retiran<\/span><br \/>\n<span style=\"color: #000000\">y se tumban en sus guaridas;<\/span><br \/>\n<span style=\"color: #000000\">el hombre sale a sus faenas,<\/span><br \/>\n<span style=\"color: #000000\">a su labranza hasta el atardecer.<\/span><\/p>\n<p><span style=\"color: #000000\">Cu\u00e1ntas son tus obras, Se\u00f1or,<\/span><br \/>\n<span style=\"color: #000000\">y todas las hiciste con sabidur\u00eda;<\/span><br \/>\n<span style=\"color: #000000\">la tierra est\u00e1 llena de tus criaturas.<\/span><\/p>\n<p><span style=\"color: #000000\">Ah\u00ed est\u00e1 el mar: ancho y dilatado,<\/span><br \/>\n<span style=\"color: #000000\">en \u00e9l bullen, sin n\u00famero,<\/span><br \/>\n<span style=\"color: #000000\">animales peque\u00f1os y grandes;<\/span><br \/>\n<span style=\"color: #000000\">lo surcan las naves, y el Leviat\u00e1n<\/span><br \/>\n<span style=\"color: #000000\">que modelaste para que retoce.<\/span><\/p>\n<p><span style=\"color: #000000\">Todos ellos aguardan<\/span><br \/>\n<span style=\"color: #000000\">a que les eches comida a su tiempo:<\/span><br \/>\n<span style=\"color: #000000\">se la echas, y la atrapan;<\/span><br \/>\n<span style=\"color: #000000\">abres tu mano, y se sacian de bienes;<\/span><br \/>\n<span style=\"color: #000000\">escondes tu rostro, y se espantan;<\/span><br \/>\n<span style=\"color: #000000\">les retiras el aliento, y expiran<\/span><br \/>\n<span style=\"color: #000000\">y vuelven a ser polvo;<\/span><br \/>\n<span style=\"color: #000000\">env\u00edas tu esp\u00edritu, y los creas,<\/span><br \/>\n<span style=\"color: #000000\">y repueblas la faz de la tierra.<\/span><\/p>\n<p><span style=\"color: #000000\">Gloria a Dios para siempre,<\/span><br \/>\n<span style=\"color: #000000\">goce el Se\u00f1or con sus obras;<\/span><br \/>\n<span style=\"color: #000000\">cuando \u00e9l mira la tierra, ella tiembla;<\/span><br \/>\n<span style=\"color: #000000\">cuando toca los montes, humean.<\/span><\/p>\n<p><span style=\"color: #000000\">Cantar\u00e9 al Se\u00f1or,<\/span><br \/>\n<span style=\"color: #000000\">tocar\u00e9 para mi Dios mientras exista:<\/span><br \/>\n<span style=\"color: #000000\">que le sea agradable mi poema,<\/span><br \/>\n<span style=\"color: #000000\">y yo me alegrar\u00e9 con el Se\u00f1or.<\/span><br \/>\n<span style=\"color: #000000\">Que se acaben los pecadores en la tierra,<\/span><br \/>\n<span style=\"color: #000000\">que los malvados no existan m\u00e1s.<\/span><\/p>\n<p><span style=\"color: #000000\">\u00a1Bendice, alma m\u00eda, al Se\u00f1or!<\/span><br \/>\n<span style=\"color: #000000\">\u00a1Aleluya!<\/span><\/p>\n","protected":false},"excerpt":{"rendered":"<p>Salmo 104 El universo alaba a su creador Bendice, alma m\u00eda, al Se\u00f1or: \u00a1Dios m\u00edo, qu\u00e9 grande eres! Te vistes de belleza y majestad, la luz te envuelve como un manto. Extiendes los cielos como una tienda, construyes tu morada sobre las aguas; las nubes te sirven de carroza, avanzas en las alas del viento;&hellip; <a class=\"more-link\" href=\"https:\/\/catholic-television.com\/es\/salmo-104-el-universo-alaba-su-creador\/\">Seguir leyendo <span class=\"screen-reader-text\">Salmo 104 &#8211; El universo alaba a su creador<\/span><\/a><\/p>\n","protected":false},"author":7,"featured_media":14390,"comment_status":"open","ping_status":"open","sticky":false,"template":"","format":"standard","meta":{"footnotes":""},"categories":[668,13912],"tags":[29759,29755,28062,29754,29751,28746,26984,29753,29758,29752,19387,29756,29757],"class_list":["post-14389","post","type-post","status-publish","format-standard","has-post-thumbnail","hentry","category-bienvenidos","category-salmos","tag-agradable-poema","tag-alegra-corazon","tag-alma-mia","tag-arboles-senor","tag-belleza-majestad","tag-bendice-senor","tag-cantare-senor","tag-cubriste-manto","tag-espiritu-creas","tag-extienden-cielos","tag-fuego-llameante","tag-labranza-atardecer","tag-tierra-criaturas","entry"],"yoast_head":"<!-- This site is optimized with the Yoast SEO plugin v27.4 - https:\/\/yoast.com\/product\/yoast-seo-wordpress\/ -->\n<title>Salmo 104 - El universo alaba a su creador | alma m\u00eda | bendice Se\u00f1or<\/title>\n<meta name=\"description\" content=\"Universo alaba. Bendice, alma m\u00eda, al Se\u00f1or: \u00a1Dios m\u00edo, qu\u00e9 grande eres! Te vistes de belleza y majestad, la luz te envuelve como un manto. Extiendes los...\" \/>\n<meta name=\"robots\" content=\"index, follow, max-snippet:-1, max-image-preview:large, max-video-preview:-1\" \/>\n<link rel=\"canonical\" href=\"https:\/\/catholic-television.com\/es\/salmo-104-el-universo-alaba-su-creador\/\" \/>\n<meta property=\"og:locale\" content=\"es_ES\" \/>\n<meta property=\"og:type\" content=\"article\" \/>\n<meta property=\"og:title\" content=\"Salmo 104 - El universo alaba a su creador | alma m\u00eda | bendice Se\u00f1or\" \/>\n<meta property=\"og:description\" content=\"Universo alaba. Bendice, alma m\u00eda, al Se\u00f1or: \u00a1Dios m\u00edo, qu\u00e9 grande eres! Te vistes de belleza y majestad, la luz te envuelve como un manto. Extiendes los...\" \/>\n<meta property=\"og:url\" content=\"https:\/\/catholic-television.com\/es\/salmo-104-el-universo-alaba-su-creador\/\" \/>\n<meta property=\"og:site_name\" content=\"Catholic-television\" \/>\n<meta property=\"article:publisher\" content=\"https:\/\/www.facebook.com\/catholic.television.production\/\" \/>\n<meta property=\"article:published_time\" content=\"2020-06-12T03:22:03+00:00\" \/>\n<meta property=\"article:modified_time\" content=\"2020-06-12T03:24:08+00:00\" \/>\n<meta property=\"og:image\" content=\"https:\/\/catholic-television.com\/wp-content\/uploads\/2020\/06\/Salmo-104-El-universo-alaba-a-su-creador-alma-m\u00eda-bendice-Se\u00f1or.jpg\" \/>\n\t<meta property=\"og:image:width\" content=\"1024\" \/>\n\t<meta property=\"og:image:height\" content=\"576\" \/>\n\t<meta property=\"og:image:type\" content=\"image\/jpeg\" \/>\n<meta name=\"author\" content=\"vlad\" \/>\n<meta name=\"twitter:card\" content=\"summary_large_image\" \/>\n<meta name=\"twitter:creator\" content=\"@catholictele\" \/>\n<meta name=\"twitter:site\" content=\"@catholictele\" \/>\n<meta name=\"twitter:label1\" content=\"Escrito por\" \/>\n\t<meta name=\"twitter:data1\" content=\"vlad\" \/>\n\t<meta name=\"twitter:label2\" content=\"Tiempo de lectura\" \/>\n\t<meta name=\"twitter:data2\" content=\"3 minutos\" \/>\n<script type=\"application\/ld+json\" class=\"yoast-schema-graph\">{\"@context\":\"https:\\\/\\\/schema.org\",\"@graph\":[{\"@type\":\"Article\",\"@id\":\"https:\\\/\\\/catholic-television.com\\\/es\\\/salmo-104-el-universo-alaba-su-creador\\\/#article\",\"isPartOf\":{\"@id\":\"https:\\\/\\\/catholic-television.com\\\/es\\\/salmo-104-el-universo-alaba-su-creador\\\/\"},\"author\":{\"name\":\"vlad\",\"@id\":\"https:\\\/\\\/catholic-television.com\\\/es\\\/#\\\/schema\\\/person\\\/3188c12fc213ed75be05c8a3a8650318\"},\"headline\":\"Salmo 104 &#8211; El universo alaba a su creador\",\"datePublished\":\"2020-06-12T03:22:03+00:00\",\"dateModified\":\"2020-06-12T03:24:08+00:00\",\"mainEntityOfPage\":{\"@id\":\"https:\\\/\\\/catholic-television.com\\\/es\\\/salmo-104-el-universo-alaba-su-creador\\\/\"},\"wordCount\":533,\"commentCount\":0,\"publisher\":{\"@id\":\"https:\\\/\\\/catholic-television.com\\\/es\\\/#organization\"},\"image\":{\"@id\":\"https:\\\/\\\/catholic-television.com\\\/es\\\/salmo-104-el-universo-alaba-su-creador\\\/#primaryimage\"},\"thumbnailUrl\":\"https:\\\/\\\/catholic-television.com\\\/wp-content\\\/uploads\\\/2020\\\/06\\\/Salmo-104-El-universo-alaba-a-su-creador-alma-m\u00eda-bendice-Se\u00f1or.jpg\",\"keywords\":[\"agradable poema\",\"alegra coraz\u00f3n\",\"alma m\u00eda\",\"\u00e1rboles se\u00f1or\",\"belleza majestad\",\"bendice Se\u00f1or\",\"cantare Se\u00f1or\",\"cubriste manto\",\"esp\u00edritu creas\",\"extienden cielos\",\"Fuego llameante\",\"labranza atardecer\",\"tierra criaturas\"],\"articleSection\":[\"Bienvenidos\",\"Salmos\"],\"inLanguage\":\"es\",\"potentialAction\":[{\"@type\":\"CommentAction\",\"name\":\"Comment\",\"target\":[\"https:\\\/\\\/catholic-television.com\\\/es\\\/salmo-104-el-universo-alaba-su-creador\\\/#respond\"]}]},{\"@type\":\"WebPage\",\"@id\":\"https:\\\/\\\/catholic-television.com\\\/es\\\/salmo-104-el-universo-alaba-su-creador\\\/\",\"url\":\"https:\\\/\\\/catholic-television.com\\\/es\\\/salmo-104-el-universo-alaba-su-creador\\\/\",\"name\":\"Salmo 104 - El universo alaba a su creador | alma m\u00eda | bendice Se\u00f1or\",\"isPartOf\":{\"@id\":\"https:\\\/\\\/catholic-television.com\\\/es\\\/#website\"},\"primaryImageOfPage\":{\"@id\":\"https:\\\/\\\/catholic-television.com\\\/es\\\/salmo-104-el-universo-alaba-su-creador\\\/#primaryimage\"},\"image\":{\"@id\":\"https:\\\/\\\/catholic-television.com\\\/es\\\/salmo-104-el-universo-alaba-su-creador\\\/#primaryimage\"},\"thumbnailUrl\":\"https:\\\/\\\/catholic-television.com\\\/wp-content\\\/uploads\\\/2020\\\/06\\\/Salmo-104-El-universo-alaba-a-su-creador-alma-m\u00eda-bendice-Se\u00f1or.jpg\",\"datePublished\":\"2020-06-12T03:22:03+00:00\",\"dateModified\":\"2020-06-12T03:24:08+00:00\",\"description\":\"Universo alaba. Bendice, alma m\u00eda, al Se\u00f1or: \u00a1Dios m\u00edo, qu\u00e9 grande eres! Te vistes de belleza y majestad, la luz te envuelve como un manto. Extiendes los...\",\"breadcrumb\":{\"@id\":\"https:\\\/\\\/catholic-television.com\\\/es\\\/salmo-104-el-universo-alaba-su-creador\\\/#breadcrumb\"},\"inLanguage\":\"es\",\"potentialAction\":[{\"@type\":\"ReadAction\",\"target\":[\"https:\\\/\\\/catholic-television.com\\\/es\\\/salmo-104-el-universo-alaba-su-creador\\\/\"]}]},{\"@type\":\"ImageObject\",\"inLanguage\":\"es\",\"@id\":\"https:\\\/\\\/catholic-television.com\\\/es\\\/salmo-104-el-universo-alaba-su-creador\\\/#primaryimage\",\"url\":\"https:\\\/\\\/catholic-television.com\\\/wp-content\\\/uploads\\\/2020\\\/06\\\/Salmo-104-El-universo-alaba-a-su-creador-alma-m\u00eda-bendice-Se\u00f1or.jpg\",\"contentUrl\":\"https:\\\/\\\/catholic-television.com\\\/wp-content\\\/uploads\\\/2020\\\/06\\\/Salmo-104-El-universo-alaba-a-su-creador-alma-m\u00eda-bendice-Se\u00f1or.jpg\",\"width\":1024,\"height\":576,\"caption\":\"Salmo 104 - El universo alaba a su creador | alma m\u00eda | bendice Se\u00f1or\"},{\"@type\":\"BreadcrumbList\",\"@id\":\"https:\\\/\\\/catholic-television.com\\\/es\\\/salmo-104-el-universo-alaba-su-creador\\\/#breadcrumb\",\"itemListElement\":[{\"@type\":\"ListItem\",\"position\":1,\"name\":\"Portada\",\"item\":\"https:\\\/\\\/catholic-television.com\\\/es\\\/?lang=es\"},{\"@type\":\"ListItem\",\"position\":2,\"name\":\"Salmo 104 &#8211; El universo alaba a su creador\"}]},{\"@type\":\"WebSite\",\"@id\":\"https:\\\/\\\/catholic-television.com\\\/es\\\/#website\",\"url\":\"https:\\\/\\\/catholic-television.com\\\/es\\\/\",\"name\":\"Catholic-television\",\"description\":\"Catholic Television\",\"publisher\":{\"@id\":\"https:\\\/\\\/catholic-television.com\\\/es\\\/#organization\"},\"potentialAction\":[{\"@type\":\"SearchAction\",\"target\":{\"@type\":\"EntryPoint\",\"urlTemplate\":\"https:\\\/\\\/catholic-television.com\\\/es\\\/?s={search_term_string}\"},\"query-input\":{\"@type\":\"PropertyValueSpecification\",\"valueRequired\":true,\"valueName\":\"search_term_string\"}}],\"inLanguage\":\"es\"},{\"@type\":\"Organization\",\"@id\":\"https:\\\/\\\/catholic-television.com\\\/es\\\/#organization\",\"name\":\"Catholic-television\",\"url\":\"https:\\\/\\\/catholic-television.com\\\/es\\\/\",\"logo\":{\"@type\":\"ImageObject\",\"inLanguage\":\"es\",\"@id\":\"https:\\\/\\\/catholic-television.com\\\/es\\\/#\\\/schema\\\/logo\\\/image\\\/\",\"url\":\"https:\\\/\\\/catholic-television.com\\\/wp-content\\\/uploads\\\/2019\\\/06\\\/catholic-tv_ok2.png\",\"contentUrl\":\"https:\\\/\\\/catholic-television.com\\\/wp-content\\\/uploads\\\/2019\\\/06\\\/catholic-tv_ok2.png\",\"width\":303,\"height\":99,\"caption\":\"Catholic-television\"},\"image\":{\"@id\":\"https:\\\/\\\/catholic-television.com\\\/es\\\/#\\\/schema\\\/logo\\\/image\\\/\"},\"sameAs\":[\"https:\\\/\\\/www.facebook.com\\\/catholic.television.production\\\/\",\"https:\\\/\\\/x.com\\\/catholictele\"]},{\"@type\":\"Person\",\"@id\":\"https:\\\/\\\/catholic-television.com\\\/es\\\/#\\\/schema\\\/person\\\/3188c12fc213ed75be05c8a3a8650318\",\"name\":\"vlad\",\"image\":{\"@type\":\"ImageObject\",\"inLanguage\":\"es\",\"@id\":\"https:\\\/\\\/secure.gravatar.com\\\/avatar\\\/fc95831d9c48ad0da181a29b0820e0beb60a927341a41b7ffd6b73a4ef239589?s=96&d=mm&r=g\",\"url\":\"https:\\\/\\\/secure.gravatar.com\\\/avatar\\\/fc95831d9c48ad0da181a29b0820e0beb60a927341a41b7ffd6b73a4ef239589?s=96&d=mm&r=g\",\"contentUrl\":\"https:\\\/\\\/secure.gravatar.com\\\/avatar\\\/fc95831d9c48ad0da181a29b0820e0beb60a927341a41b7ffd6b73a4ef239589?s=96&d=mm&r=g\",\"caption\":\"vlad\"}}]}<\/script>\n<!-- \/ Yoast SEO plugin. -->","yoast_head_json":{"title":"Salmo 104 - El universo alaba a su creador | alma m\u00eda | bendice Se\u00f1or","description":"Universo alaba. Bendice, alma m\u00eda, al Se\u00f1or: \u00a1Dios m\u00edo, qu\u00e9 grande eres! Te vistes de belleza y majestad, la luz te envuelve como un manto. Extiendes los...","robots":{"index":"index","follow":"follow","max-snippet":"max-snippet:-1","max-image-preview":"max-image-preview:large","max-video-preview":"max-video-preview:-1"},"canonical":"https:\/\/catholic-television.com\/es\/salmo-104-el-universo-alaba-su-creador\/","og_locale":"es_ES","og_type":"article","og_title":"Salmo 104 - El universo alaba a su creador | alma m\u00eda | bendice Se\u00f1or","og_description":"Universo alaba. Bendice, alma m\u00eda, al Se\u00f1or: \u00a1Dios m\u00edo, qu\u00e9 grande eres! Te vistes de belleza y majestad, la luz te envuelve como un manto. Extiendes los...","og_url":"https:\/\/catholic-television.com\/es\/salmo-104-el-universo-alaba-su-creador\/","og_site_name":"Catholic-television","article_publisher":"https:\/\/www.facebook.com\/catholic.television.production\/","article_published_time":"2020-06-12T03:22:03+00:00","article_modified_time":"2020-06-12T03:24:08+00:00","og_image":[{"width":1024,"height":576,"url":"https:\/\/catholic-television.com\/wp-content\/uploads\/2020\/06\/Salmo-104-El-universo-alaba-a-su-creador-alma-m\u00eda-bendice-Se\u00f1or.jpg","type":"image\/jpeg"}],"author":"vlad","twitter_card":"summary_large_image","twitter_creator":"@catholictele","twitter_site":"@catholictele","twitter_misc":{"Escrito por":"vlad","Tiempo de lectura":"3 minutos"},"schema":{"@context":"https:\/\/schema.org","@graph":[{"@type":"Article","@id":"https:\/\/catholic-television.com\/es\/salmo-104-el-universo-alaba-su-creador\/#article","isPartOf":{"@id":"https:\/\/catholic-television.com\/es\/salmo-104-el-universo-alaba-su-creador\/"},"author":{"name":"vlad","@id":"https:\/\/catholic-television.com\/es\/#\/schema\/person\/3188c12fc213ed75be05c8a3a8650318"},"headline":"Salmo 104 &#8211; El universo alaba a su creador","datePublished":"2020-06-12T03:22:03+00:00","dateModified":"2020-06-12T03:24:08+00:00","mainEntityOfPage":{"@id":"https:\/\/catholic-television.com\/es\/salmo-104-el-universo-alaba-su-creador\/"},"wordCount":533,"commentCount":0,"publisher":{"@id":"https:\/\/catholic-television.com\/es\/#organization"},"image":{"@id":"https:\/\/catholic-television.com\/es\/salmo-104-el-universo-alaba-su-creador\/#primaryimage"},"thumbnailUrl":"https:\/\/catholic-television.com\/wp-content\/uploads\/2020\/06\/Salmo-104-El-universo-alaba-a-su-creador-alma-m\u00eda-bendice-Se\u00f1or.jpg","keywords":["agradable poema","alegra coraz\u00f3n","alma m\u00eda","\u00e1rboles se\u00f1or","belleza majestad","bendice Se\u00f1or","cantare Se\u00f1or","cubriste manto","esp\u00edritu creas","extienden cielos","Fuego llameante","labranza atardecer","tierra criaturas"],"articleSection":["Bienvenidos","Salmos"],"inLanguage":"es","potentialAction":[{"@type":"CommentAction","name":"Comment","target":["https:\/\/catholic-television.com\/es\/salmo-104-el-universo-alaba-su-creador\/#respond"]}]},{"@type":"WebPage","@id":"https:\/\/catholic-television.com\/es\/salmo-104-el-universo-alaba-su-creador\/","url":"https:\/\/catholic-television.com\/es\/salmo-104-el-universo-alaba-su-creador\/","name":"Salmo 104 - El universo alaba a su creador | alma m\u00eda | bendice Se\u00f1or","isPartOf":{"@id":"https:\/\/catholic-television.com\/es\/#website"},"primaryImageOfPage":{"@id":"https:\/\/catholic-television.com\/es\/salmo-104-el-universo-alaba-su-creador\/#primaryimage"},"image":{"@id":"https:\/\/catholic-television.com\/es\/salmo-104-el-universo-alaba-su-creador\/#primaryimage"},"thumbnailUrl":"https:\/\/catholic-television.com\/wp-content\/uploads\/2020\/06\/Salmo-104-El-universo-alaba-a-su-creador-alma-m\u00eda-bendice-Se\u00f1or.jpg","datePublished":"2020-06-12T03:22:03+00:00","dateModified":"2020-06-12T03:24:08+00:00","description":"Universo alaba. Bendice, alma m\u00eda, al Se\u00f1or: \u00a1Dios m\u00edo, qu\u00e9 grande eres! Te vistes de belleza y majestad, la luz te envuelve como un manto. Extiendes los...","breadcrumb":{"@id":"https:\/\/catholic-television.com\/es\/salmo-104-el-universo-alaba-su-creador\/#breadcrumb"},"inLanguage":"es","potentialAction":[{"@type":"ReadAction","target":["https:\/\/catholic-television.com\/es\/salmo-104-el-universo-alaba-su-creador\/"]}]},{"@type":"ImageObject","inLanguage":"es","@id":"https:\/\/catholic-television.com\/es\/salmo-104-el-universo-alaba-su-creador\/#primaryimage","url":"https:\/\/catholic-television.com\/wp-content\/uploads\/2020\/06\/Salmo-104-El-universo-alaba-a-su-creador-alma-m\u00eda-bendice-Se\u00f1or.jpg","contentUrl":"https:\/\/catholic-television.com\/wp-content\/uploads\/2020\/06\/Salmo-104-El-universo-alaba-a-su-creador-alma-m\u00eda-bendice-Se\u00f1or.jpg","width":1024,"height":576,"caption":"Salmo 104 - El universo alaba a su creador | alma m\u00eda | bendice Se\u00f1or"},{"@type":"BreadcrumbList","@id":"https:\/\/catholic-television.com\/es\/salmo-104-el-universo-alaba-su-creador\/#breadcrumb","itemListElement":[{"@type":"ListItem","position":1,"name":"Portada","item":"https:\/\/catholic-television.com\/es\/?lang=es"},{"@type":"ListItem","position":2,"name":"Salmo 104 &#8211; El universo alaba a su creador"}]},{"@type":"WebSite","@id":"https:\/\/catholic-television.com\/es\/#website","url":"https:\/\/catholic-television.com\/es\/","name":"Catholic-television","description":"Catholic Television","publisher":{"@id":"https:\/\/catholic-television.com\/es\/#organization"},"potentialAction":[{"@type":"SearchAction","target":{"@type":"EntryPoint","urlTemplate":"https:\/\/catholic-television.com\/es\/?s={search_term_string}"},"query-input":{"@type":"PropertyValueSpecification","valueRequired":true,"valueName":"search_term_string"}}],"inLanguage":"es"},{"@type":"Organization","@id":"https:\/\/catholic-television.com\/es\/#organization","name":"Catholic-television","url":"https:\/\/catholic-television.com\/es\/","logo":{"@type":"ImageObject","inLanguage":"es","@id":"https:\/\/catholic-television.com\/es\/#\/schema\/logo\/image\/","url":"https:\/\/catholic-television.com\/wp-content\/uploads\/2019\/06\/catholic-tv_ok2.png","contentUrl":"https:\/\/catholic-television.com\/wp-content\/uploads\/2019\/06\/catholic-tv_ok2.png","width":303,"height":99,"caption":"Catholic-television"},"image":{"@id":"https:\/\/catholic-television.com\/es\/#\/schema\/logo\/image\/"},"sameAs":["https:\/\/www.facebook.com\/catholic.television.production\/","https:\/\/x.com\/catholictele"]},{"@type":"Person","@id":"https:\/\/catholic-television.com\/es\/#\/schema\/person\/3188c12fc213ed75be05c8a3a8650318","name":"vlad","image":{"@type":"ImageObject","inLanguage":"es","@id":"https:\/\/secure.gravatar.com\/avatar\/fc95831d9c48ad0da181a29b0820e0beb60a927341a41b7ffd6b73a4ef239589?s=96&d=mm&r=g","url":"https:\/\/secure.gravatar.com\/avatar\/fc95831d9c48ad0da181a29b0820e0beb60a927341a41b7ffd6b73a4ef239589?s=96&d=mm&r=g","contentUrl":"https:\/\/secure.gravatar.com\/avatar\/fc95831d9c48ad0da181a29b0820e0beb60a927341a41b7ffd6b73a4ef239589?s=96&d=mm&r=g","caption":"vlad"}}]}},"_links":{"self":[{"href":"https:\/\/catholic-television.com\/es\/wp-json\/wp\/v2\/posts\/14389","targetHints":{"allow":["GET"]}}],"collection":[{"href":"https:\/\/catholic-television.com\/es\/wp-json\/wp\/v2\/posts"}],"about":[{"href":"https:\/\/catholic-television.com\/es\/wp-json\/wp\/v2\/types\/post"}],"author":[{"embeddable":true,"href":"https:\/\/catholic-television.com\/es\/wp-json\/wp\/v2\/users\/7"}],"replies":[{"embeddable":true,"href":"https:\/\/catholic-television.com\/es\/wp-json\/wp\/v2\/comments?post=14389"}],"version-history":[{"count":2,"href":"https:\/\/catholic-television.com\/es\/wp-json\/wp\/v2\/posts\/14389\/revisions"}],"predecessor-version":[{"id":14396,"href":"https:\/\/catholic-television.com\/es\/wp-json\/wp\/v2\/posts\/14389\/revisions\/14396"}],"wp:featuredmedia":[{"embeddable":true,"href":"https:\/\/catholic-television.com\/es\/wp-json\/wp\/v2\/media\/14390"}],"wp:attachment":[{"href":"https:\/\/catholic-television.com\/es\/wp-json\/wp\/v2\/media?parent=14389"}],"wp:term":[{"taxonomy":"category","embeddable":true,"href":"https:\/\/catholic-television.com\/es\/wp-json\/wp\/v2\/categories?post=14389"},{"taxonomy":"post_tag","embeddable":true,"href":"https:\/\/catholic-television.com\/es\/wp-json\/wp\/v2\/tags?post=14389"}],"curies":[{"name":"wp","href":"https:\/\/api.w.org\/{rel}","templated":true}]}}