{"id":14368,"date":"2020-06-12T03:00:08","date_gmt":"2020-06-12T03:00:08","guid":{"rendered":"https:\/\/catholic-television.com\/wp-staging\/?p=14368"},"modified":"2020-06-12T03:00:08","modified_gmt":"2020-06-12T03:00:08","slug":"salmo-101-un-rey-examina-su-conciencia","status":"publish","type":"post","link":"https:\/\/catholic-television.com\/es\/salmo-101-un-rey-examina-su-conciencia\/","title":{"rendered":"Salmo 101 &#8211; Un rey examina su conciencia"},"content":{"rendered":"<p style=\"text-align: center\"><span style=\"color: #000000\"><strong>Salmo 101<\/strong><\/span><br \/>\n<span style=\"color: #000000\"><strong>Un rey examina su conciencia<\/strong><\/span><\/p>\n<p><span style=\"color: #000000\">Salmo de David.<\/span><\/p>\n<p><span style=\"color: #000000\">Voy a cantar la bondad y la justicia,<\/span><br \/>\n<span style=\"color: #000000\">para ti es mi m\u00fasica, Se\u00f1or;<\/span><br \/>\n<span style=\"color: #000000\">voy a explicar el camino perfecto:<\/span><br \/>\n<span style=\"color: #000000\">\u00bfcu\u00e1ndo vendr\u00e1s a m\u00ed?<\/span><\/p>\n<p><span style=\"color: #000000\">Andar\u00e9 con rectitud de coraz\u00f3n<\/span><br \/>\n<span style=\"color: #000000\">dentro de mi casa;<\/span><br \/>\n<span style=\"color: #000000\">no pondr\u00e9 mis ojos<\/span><br \/>\n<span style=\"color: #000000\">en intenciones viles.<\/span><\/p>\n<p><span style=\"color: #000000\">Aborrezco al que obra mal,<\/span><br \/>\n<span style=\"color: #000000\">no se juntar\u00e1 conmigo.<\/span><br \/>\n<span style=\"color: #000000\">Lejos de m\u00ed el coraz\u00f3n torcido,<\/span><br \/>\n<span style=\"color: #000000\">no aprobar\u00e9 al malvado.<\/span><\/p>\n<p><span style=\"color: #000000\">Al que en secreto difama a su pr\u00f3jimo<\/span><br \/>\n<span style=\"color: #000000\">lo har\u00e9 callar;<\/span><br \/>\n<span style=\"color: #000000\">ojos engre\u00eddos, corazones arrogantes<\/span><br \/>\n<span style=\"color: #000000\">no los soportar\u00e9.<\/span><\/p>\n<p><span style=\"color: #000000\">Pongo mis ojos en los que son leales,<\/span><br \/>\n<span style=\"color: #000000\">ellos vivir\u00e1n conmigo;<\/span><br \/>\n<span style=\"color: #000000\">el que sigue un camino perfecto,<\/span><br \/>\n<span style=\"color: #000000\">ese me servir\u00e1.<\/span><\/p>\n<p><span style=\"color: #000000\">No habitar\u00e1 en mi casa<\/span><br \/>\n<span style=\"color: #000000\">el que act\u00faa con soberbia;<\/span><br \/>\n<span style=\"color: #000000\">el que dice mentiras<\/span><br \/>\n<span style=\"color: #000000\">no durar\u00e1 en mi presencia.<\/span><\/p>\n<p><span style=\"color: #000000\">Cada ma\u00f1ana har\u00e9 callar<\/span><br \/>\n<span style=\"color: #000000\">a los hombres malvados,<\/span><br \/>\n<span style=\"color: #000000\">para excluir de la ciudad del Se\u00f1or<\/span><br \/>\n<span style=\"color: #000000\">a todos los malhechores.<\/span><\/p>\n","protected":false},"excerpt":{"rendered":"<p>Salmo 101 Un rey examina su conciencia Salmo de David. Voy a cantar la bondad y la justicia, para ti es mi m\u00fasica, Se\u00f1or; voy a explicar el camino perfecto: \u00bfcu\u00e1ndo vendr\u00e1s a m\u00ed? Andar\u00e9 con rectitud de coraz\u00f3n dentro de mi casa; no pondr\u00e9 mis ojos en intenciones viles. Aborrezco al que obra mal,&hellip; <a class=\"more-link\" href=\"https:\/\/catholic-television.com\/es\/salmo-101-un-rey-examina-su-conciencia\/\">Seguir leyendo <span class=\"screen-reader-text\">Salmo 101 &#8211; Un rey examina su conciencia<\/span><\/a><\/p>\n","protected":false},"author":7,"featured_media":14369,"comment_status":"open","ping_status":"open","sticky":false,"template":"","format":"standard","meta":{"footnotes":""},"categories":[668,13912],"tags":[29693,29691,29688,29689,29699,29694,29695,29698,29690,29696,29692,29697],"class_list":["post-14368","post","type-post","status-publish","format-standard","has-post-thumbnail","hentry","category-bienvenidos","category-salmos","tag-aborrezco-mal","tag-camino-perfecto","tag-cantar-bondad","tag-cantar-justicia","tag-ciudad-senor","tag-corazon-torcido","tag-corazones-arrogantes","tag-durara-presencia","tag-musica-senor","tag-ojos-leales","tag-rectitud-corazon","tag-viviran-conmigo","entry"],"yoast_head":"<!-- This site is optimized with the Yoast SEO plugin v27.4 - https:\/\/yoast.com\/product\/yoast-seo-wordpress\/ -->\n<title>Salmo 101 - Un rey examina su conciencia | cantar bondad | cantar justicia<\/title>\n<meta name=\"description\" content=\"Su conciencia. Salmo de David. Voy a cantar la bondad y la justicia, para ti es mi m\u00fasica, Se\u00f1or; voy a explicar el camino perfecto: \u00bfcu\u00e1ndo vendr\u00e1s a m...\" \/>\n<meta name=\"robots\" content=\"index, follow, max-snippet:-1, max-image-preview:large, max-video-preview:-1\" \/>\n<link rel=\"canonical\" href=\"https:\/\/catholic-television.com\/es\/salmo-101-un-rey-examina-su-conciencia\/\" \/>\n<meta property=\"og:locale\" content=\"es_ES\" \/>\n<meta property=\"og:type\" content=\"article\" \/>\n<meta property=\"og:title\" content=\"Salmo 101 - Un rey examina su conciencia | cantar bondad | cantar justicia\" \/>\n<meta property=\"og:description\" content=\"Su conciencia. Salmo de David. Voy a cantar la bondad y la justicia, para ti es mi m\u00fasica, Se\u00f1or; voy a explicar el camino perfecto: \u00bfcu\u00e1ndo vendr\u00e1s a m...\" \/>\n<meta property=\"og:url\" content=\"https:\/\/catholic-television.com\/es\/salmo-101-un-rey-examina-su-conciencia\/\" \/>\n<meta property=\"og:site_name\" content=\"Catholic-television\" \/>\n<meta property=\"article:publisher\" content=\"https:\/\/www.facebook.com\/catholic.television.production\/\" \/>\n<meta property=\"article:published_time\" content=\"2020-06-12T03:00:08+00:00\" \/>\n<meta property=\"og:image\" content=\"https:\/\/catholic-television.com\/wp-content\/uploads\/2020\/06\/Salmo-101-Un-rey-examina-su-conciencia-cantar-bondad-cantar-justicia.jpg\" \/>\n\t<meta property=\"og:image:width\" content=\"1024\" \/>\n\t<meta property=\"og:image:height\" content=\"576\" \/>\n\t<meta property=\"og:image:type\" content=\"image\/jpeg\" \/>\n<meta name=\"author\" content=\"vlad\" \/>\n<meta name=\"twitter:card\" content=\"summary_large_image\" \/>\n<meta name=\"twitter:creator\" content=\"@catholictele\" \/>\n<meta name=\"twitter:site\" content=\"@catholictele\" \/>\n<meta name=\"twitter:label1\" content=\"Escrito por\" \/>\n\t<meta name=\"twitter:data1\" content=\"vlad\" \/>\n\t<meta name=\"twitter:label2\" content=\"Tiempo de lectura\" \/>\n\t<meta name=\"twitter:data2\" content=\"1 minuto\" \/>\n<script type=\"application\/ld+json\" class=\"yoast-schema-graph\">{\"@context\":\"https:\\\/\\\/schema.org\",\"@graph\":[{\"@type\":\"Article\",\"@id\":\"https:\\\/\\\/catholic-television.com\\\/es\\\/salmo-101-un-rey-examina-su-conciencia\\\/#article\",\"isPartOf\":{\"@id\":\"https:\\\/\\\/catholic-television.com\\\/es\\\/salmo-101-un-rey-examina-su-conciencia\\\/\"},\"author\":{\"name\":\"vlad\",\"@id\":\"https:\\\/\\\/catholic-television.com\\\/es\\\/#\\\/schema\\\/person\\\/3188c12fc213ed75be05c8a3a8650318\"},\"headline\":\"Salmo 101 &#8211; Un rey examina su conciencia\",\"datePublished\":\"2020-06-12T03:00:08+00:00\",\"mainEntityOfPage\":{\"@id\":\"https:\\\/\\\/catholic-television.com\\\/es\\\/salmo-101-un-rey-examina-su-conciencia\\\/\"},\"wordCount\":163,\"commentCount\":0,\"publisher\":{\"@id\":\"https:\\\/\\\/catholic-television.com\\\/es\\\/#organization\"},\"image\":{\"@id\":\"https:\\\/\\\/catholic-television.com\\\/es\\\/salmo-101-un-rey-examina-su-conciencia\\\/#primaryimage\"},\"thumbnailUrl\":\"https:\\\/\\\/catholic-television.com\\\/wp-content\\\/uploads\\\/2020\\\/06\\\/Salmo-101-Un-rey-examina-su-conciencia-cantar-bondad-cantar-justicia.jpg\",\"keywords\":[\"aborrezco mal\",\"camino perfecto\",\"cantar bondad\",\"cantar justicia\",\"ciudad Se\u00f1or\",\"coraz\u00f3n torcido\",\"corazones arrogantes\",\"durar\u00e1 presencia\",\"m\u00fasica Se\u00f1or\",\"ojos leales\",\"rectitud coraz\u00f3n\",\"vivir\u00e1n conmigo\"],\"articleSection\":[\"Bienvenidos\",\"Salmos\"],\"inLanguage\":\"es\",\"potentialAction\":[{\"@type\":\"CommentAction\",\"name\":\"Comment\",\"target\":[\"https:\\\/\\\/catholic-television.com\\\/es\\\/salmo-101-un-rey-examina-su-conciencia\\\/#respond\"]}]},{\"@type\":\"WebPage\",\"@id\":\"https:\\\/\\\/catholic-television.com\\\/es\\\/salmo-101-un-rey-examina-su-conciencia\\\/\",\"url\":\"https:\\\/\\\/catholic-television.com\\\/es\\\/salmo-101-un-rey-examina-su-conciencia\\\/\",\"name\":\"Salmo 101 - Un rey examina su conciencia | cantar bondad | cantar justicia\",\"isPartOf\":{\"@id\":\"https:\\\/\\\/catholic-television.com\\\/es\\\/#website\"},\"primaryImageOfPage\":{\"@id\":\"https:\\\/\\\/catholic-television.com\\\/es\\\/salmo-101-un-rey-examina-su-conciencia\\\/#primaryimage\"},\"image\":{\"@id\":\"https:\\\/\\\/catholic-television.com\\\/es\\\/salmo-101-un-rey-examina-su-conciencia\\\/#primaryimage\"},\"thumbnailUrl\":\"https:\\\/\\\/catholic-television.com\\\/wp-content\\\/uploads\\\/2020\\\/06\\\/Salmo-101-Un-rey-examina-su-conciencia-cantar-bondad-cantar-justicia.jpg\",\"datePublished\":\"2020-06-12T03:00:08+00:00\",\"description\":\"Su conciencia. Salmo de David. Voy a cantar la bondad y la justicia, para ti es mi m\u00fasica, Se\u00f1or; voy a explicar el camino perfecto: \u00bfcu\u00e1ndo vendr\u00e1s a m...\",\"breadcrumb\":{\"@id\":\"https:\\\/\\\/catholic-television.com\\\/es\\\/salmo-101-un-rey-examina-su-conciencia\\\/#breadcrumb\"},\"inLanguage\":\"es\",\"potentialAction\":[{\"@type\":\"ReadAction\",\"target\":[\"https:\\\/\\\/catholic-television.com\\\/es\\\/salmo-101-un-rey-examina-su-conciencia\\\/\"]}]},{\"@type\":\"ImageObject\",\"inLanguage\":\"es\",\"@id\":\"https:\\\/\\\/catholic-television.com\\\/es\\\/salmo-101-un-rey-examina-su-conciencia\\\/#primaryimage\",\"url\":\"https:\\\/\\\/catholic-television.com\\\/wp-content\\\/uploads\\\/2020\\\/06\\\/Salmo-101-Un-rey-examina-su-conciencia-cantar-bondad-cantar-justicia.jpg\",\"contentUrl\":\"https:\\\/\\\/catholic-television.com\\\/wp-content\\\/uploads\\\/2020\\\/06\\\/Salmo-101-Un-rey-examina-su-conciencia-cantar-bondad-cantar-justicia.jpg\",\"width\":1024,\"height\":576,\"caption\":\"Salmo 101 - Un rey examina su conciencia | cantar bondad | cantar justicia\"},{\"@type\":\"BreadcrumbList\",\"@id\":\"https:\\\/\\\/catholic-television.com\\\/es\\\/salmo-101-un-rey-examina-su-conciencia\\\/#breadcrumb\",\"itemListElement\":[{\"@type\":\"ListItem\",\"position\":1,\"name\":\"Portada\",\"item\":\"https:\\\/\\\/catholic-television.com\\\/es\\\/?lang=es\"},{\"@type\":\"ListItem\",\"position\":2,\"name\":\"Salmo 101 &#8211; Un rey examina su conciencia\"}]},{\"@type\":\"WebSite\",\"@id\":\"https:\\\/\\\/catholic-television.com\\\/es\\\/#website\",\"url\":\"https:\\\/\\\/catholic-television.com\\\/es\\\/\",\"name\":\"Catholic-television\",\"description\":\"Catholic Television\",\"publisher\":{\"@id\":\"https:\\\/\\\/catholic-television.com\\\/es\\\/#organization\"},\"potentialAction\":[{\"@type\":\"SearchAction\",\"target\":{\"@type\":\"EntryPoint\",\"urlTemplate\":\"https:\\\/\\\/catholic-television.com\\\/es\\\/?s={search_term_string}\"},\"query-input\":{\"@type\":\"PropertyValueSpecification\",\"valueRequired\":true,\"valueName\":\"search_term_string\"}}],\"inLanguage\":\"es\"},{\"@type\":\"Organization\",\"@id\":\"https:\\\/\\\/catholic-television.com\\\/es\\\/#organization\",\"name\":\"Catholic-television\",\"url\":\"https:\\\/\\\/catholic-television.com\\\/es\\\/\",\"logo\":{\"@type\":\"ImageObject\",\"inLanguage\":\"es\",\"@id\":\"https:\\\/\\\/catholic-television.com\\\/es\\\/#\\\/schema\\\/logo\\\/image\\\/\",\"url\":\"https:\\\/\\\/catholic-television.com\\\/wp-content\\\/uploads\\\/2019\\\/06\\\/catholic-tv_ok2.png\",\"contentUrl\":\"https:\\\/\\\/catholic-television.com\\\/wp-content\\\/uploads\\\/2019\\\/06\\\/catholic-tv_ok2.png\",\"width\":303,\"height\":99,\"caption\":\"Catholic-television\"},\"image\":{\"@id\":\"https:\\\/\\\/catholic-television.com\\\/es\\\/#\\\/schema\\\/logo\\\/image\\\/\"},\"sameAs\":[\"https:\\\/\\\/www.facebook.com\\\/catholic.television.production\\\/\",\"https:\\\/\\\/x.com\\\/catholictele\"]},{\"@type\":\"Person\",\"@id\":\"https:\\\/\\\/catholic-television.com\\\/es\\\/#\\\/schema\\\/person\\\/3188c12fc213ed75be05c8a3a8650318\",\"name\":\"vlad\",\"image\":{\"@type\":\"ImageObject\",\"inLanguage\":\"es\",\"@id\":\"https:\\\/\\\/secure.gravatar.com\\\/avatar\\\/fc95831d9c48ad0da181a29b0820e0beb60a927341a41b7ffd6b73a4ef239589?s=96&d=mm&r=g\",\"url\":\"https:\\\/\\\/secure.gravatar.com\\\/avatar\\\/fc95831d9c48ad0da181a29b0820e0beb60a927341a41b7ffd6b73a4ef239589?s=96&d=mm&r=g\",\"contentUrl\":\"https:\\\/\\\/secure.gravatar.com\\\/avatar\\\/fc95831d9c48ad0da181a29b0820e0beb60a927341a41b7ffd6b73a4ef239589?s=96&d=mm&r=g\",\"caption\":\"vlad\"}}]}<\/script>\n<!-- \/ Yoast SEO plugin. -->","yoast_head_json":{"title":"Salmo 101 - Un rey examina su conciencia | cantar bondad | cantar justicia","description":"Su conciencia. Salmo de David. Voy a cantar la bondad y la justicia, para ti es mi m\u00fasica, Se\u00f1or; voy a explicar el camino perfecto: \u00bfcu\u00e1ndo vendr\u00e1s a m...","robots":{"index":"index","follow":"follow","max-snippet":"max-snippet:-1","max-image-preview":"max-image-preview:large","max-video-preview":"max-video-preview:-1"},"canonical":"https:\/\/catholic-television.com\/es\/salmo-101-un-rey-examina-su-conciencia\/","og_locale":"es_ES","og_type":"article","og_title":"Salmo 101 - Un rey examina su conciencia | cantar bondad | cantar justicia","og_description":"Su conciencia. Salmo de David. Voy a cantar la bondad y la justicia, para ti es mi m\u00fasica, Se\u00f1or; voy a explicar el camino perfecto: \u00bfcu\u00e1ndo vendr\u00e1s a m...","og_url":"https:\/\/catholic-television.com\/es\/salmo-101-un-rey-examina-su-conciencia\/","og_site_name":"Catholic-television","article_publisher":"https:\/\/www.facebook.com\/catholic.television.production\/","article_published_time":"2020-06-12T03:00:08+00:00","og_image":[{"width":1024,"height":576,"url":"https:\/\/catholic-television.com\/wp-content\/uploads\/2020\/06\/Salmo-101-Un-rey-examina-su-conciencia-cantar-bondad-cantar-justicia.jpg","type":"image\/jpeg"}],"author":"vlad","twitter_card":"summary_large_image","twitter_creator":"@catholictele","twitter_site":"@catholictele","twitter_misc":{"Escrito por":"vlad","Tiempo de lectura":"1 minuto"},"schema":{"@context":"https:\/\/schema.org","@graph":[{"@type":"Article","@id":"https:\/\/catholic-television.com\/es\/salmo-101-un-rey-examina-su-conciencia\/#article","isPartOf":{"@id":"https:\/\/catholic-television.com\/es\/salmo-101-un-rey-examina-su-conciencia\/"},"author":{"name":"vlad","@id":"https:\/\/catholic-television.com\/es\/#\/schema\/person\/3188c12fc213ed75be05c8a3a8650318"},"headline":"Salmo 101 &#8211; Un rey examina su conciencia","datePublished":"2020-06-12T03:00:08+00:00","mainEntityOfPage":{"@id":"https:\/\/catholic-television.com\/es\/salmo-101-un-rey-examina-su-conciencia\/"},"wordCount":163,"commentCount":0,"publisher":{"@id":"https:\/\/catholic-television.com\/es\/#organization"},"image":{"@id":"https:\/\/catholic-television.com\/es\/salmo-101-un-rey-examina-su-conciencia\/#primaryimage"},"thumbnailUrl":"https:\/\/catholic-television.com\/wp-content\/uploads\/2020\/06\/Salmo-101-Un-rey-examina-su-conciencia-cantar-bondad-cantar-justicia.jpg","keywords":["aborrezco mal","camino perfecto","cantar bondad","cantar justicia","ciudad Se\u00f1or","coraz\u00f3n torcido","corazones arrogantes","durar\u00e1 presencia","m\u00fasica Se\u00f1or","ojos leales","rectitud coraz\u00f3n","vivir\u00e1n conmigo"],"articleSection":["Bienvenidos","Salmos"],"inLanguage":"es","potentialAction":[{"@type":"CommentAction","name":"Comment","target":["https:\/\/catholic-television.com\/es\/salmo-101-un-rey-examina-su-conciencia\/#respond"]}]},{"@type":"WebPage","@id":"https:\/\/catholic-television.com\/es\/salmo-101-un-rey-examina-su-conciencia\/","url":"https:\/\/catholic-television.com\/es\/salmo-101-un-rey-examina-su-conciencia\/","name":"Salmo 101 - Un rey examina su conciencia | cantar bondad | cantar justicia","isPartOf":{"@id":"https:\/\/catholic-television.com\/es\/#website"},"primaryImageOfPage":{"@id":"https:\/\/catholic-television.com\/es\/salmo-101-un-rey-examina-su-conciencia\/#primaryimage"},"image":{"@id":"https:\/\/catholic-television.com\/es\/salmo-101-un-rey-examina-su-conciencia\/#primaryimage"},"thumbnailUrl":"https:\/\/catholic-television.com\/wp-content\/uploads\/2020\/06\/Salmo-101-Un-rey-examina-su-conciencia-cantar-bondad-cantar-justicia.jpg","datePublished":"2020-06-12T03:00:08+00:00","description":"Su conciencia. Salmo de David. Voy a cantar la bondad y la justicia, para ti es mi m\u00fasica, Se\u00f1or; voy a explicar el camino perfecto: \u00bfcu\u00e1ndo vendr\u00e1s a m...","breadcrumb":{"@id":"https:\/\/catholic-television.com\/es\/salmo-101-un-rey-examina-su-conciencia\/#breadcrumb"},"inLanguage":"es","potentialAction":[{"@type":"ReadAction","target":["https:\/\/catholic-television.com\/es\/salmo-101-un-rey-examina-su-conciencia\/"]}]},{"@type":"ImageObject","inLanguage":"es","@id":"https:\/\/catholic-television.com\/es\/salmo-101-un-rey-examina-su-conciencia\/#primaryimage","url":"https:\/\/catholic-television.com\/wp-content\/uploads\/2020\/06\/Salmo-101-Un-rey-examina-su-conciencia-cantar-bondad-cantar-justicia.jpg","contentUrl":"https:\/\/catholic-television.com\/wp-content\/uploads\/2020\/06\/Salmo-101-Un-rey-examina-su-conciencia-cantar-bondad-cantar-justicia.jpg","width":1024,"height":576,"caption":"Salmo 101 - Un rey examina su conciencia | cantar bondad | cantar justicia"},{"@type":"BreadcrumbList","@id":"https:\/\/catholic-television.com\/es\/salmo-101-un-rey-examina-su-conciencia\/#breadcrumb","itemListElement":[{"@type":"ListItem","position":1,"name":"Portada","item":"https:\/\/catholic-television.com\/es\/?lang=es"},{"@type":"ListItem","position":2,"name":"Salmo 101 &#8211; Un rey examina su conciencia"}]},{"@type":"WebSite","@id":"https:\/\/catholic-television.com\/es\/#website","url":"https:\/\/catholic-television.com\/es\/","name":"Catholic-television","description":"Catholic Television","publisher":{"@id":"https:\/\/catholic-television.com\/es\/#organization"},"potentialAction":[{"@type":"SearchAction","target":{"@type":"EntryPoint","urlTemplate":"https:\/\/catholic-television.com\/es\/?s={search_term_string}"},"query-input":{"@type":"PropertyValueSpecification","valueRequired":true,"valueName":"search_term_string"}}],"inLanguage":"es"},{"@type":"Organization","@id":"https:\/\/catholic-television.com\/es\/#organization","name":"Catholic-television","url":"https:\/\/catholic-television.com\/es\/","logo":{"@type":"ImageObject","inLanguage":"es","@id":"https:\/\/catholic-television.com\/es\/#\/schema\/logo\/image\/","url":"https:\/\/catholic-television.com\/wp-content\/uploads\/2019\/06\/catholic-tv_ok2.png","contentUrl":"https:\/\/catholic-television.com\/wp-content\/uploads\/2019\/06\/catholic-tv_ok2.png","width":303,"height":99,"caption":"Catholic-television"},"image":{"@id":"https:\/\/catholic-television.com\/es\/#\/schema\/logo\/image\/"},"sameAs":["https:\/\/www.facebook.com\/catholic.television.production\/","https:\/\/x.com\/catholictele"]},{"@type":"Person","@id":"https:\/\/catholic-television.com\/es\/#\/schema\/person\/3188c12fc213ed75be05c8a3a8650318","name":"vlad","image":{"@type":"ImageObject","inLanguage":"es","@id":"https:\/\/secure.gravatar.com\/avatar\/fc95831d9c48ad0da181a29b0820e0beb60a927341a41b7ffd6b73a4ef239589?s=96&d=mm&r=g","url":"https:\/\/secure.gravatar.com\/avatar\/fc95831d9c48ad0da181a29b0820e0beb60a927341a41b7ffd6b73a4ef239589?s=96&d=mm&r=g","contentUrl":"https:\/\/secure.gravatar.com\/avatar\/fc95831d9c48ad0da181a29b0820e0beb60a927341a41b7ffd6b73a4ef239589?s=96&d=mm&r=g","caption":"vlad"}}]}},"_links":{"self":[{"href":"https:\/\/catholic-television.com\/es\/wp-json\/wp\/v2\/posts\/14368","targetHints":{"allow":["GET"]}}],"collection":[{"href":"https:\/\/catholic-television.com\/es\/wp-json\/wp\/v2\/posts"}],"about":[{"href":"https:\/\/catholic-television.com\/es\/wp-json\/wp\/v2\/types\/post"}],"author":[{"embeddable":true,"href":"https:\/\/catholic-television.com\/es\/wp-json\/wp\/v2\/users\/7"}],"replies":[{"embeddable":true,"href":"https:\/\/catholic-television.com\/es\/wp-json\/wp\/v2\/comments?post=14368"}],"version-history":[{"count":1,"href":"https:\/\/catholic-television.com\/es\/wp-json\/wp\/v2\/posts\/14368\/revisions"}],"predecessor-version":[{"id":14374,"href":"https:\/\/catholic-television.com\/es\/wp-json\/wp\/v2\/posts\/14368\/revisions\/14374"}],"wp:featuredmedia":[{"embeddable":true,"href":"https:\/\/catholic-television.com\/es\/wp-json\/wp\/v2\/media\/14369"}],"wp:attachment":[{"href":"https:\/\/catholic-television.com\/es\/wp-json\/wp\/v2\/media?parent=14368"}],"wp:term":[{"taxonomy":"category","embeddable":true,"href":"https:\/\/catholic-television.com\/es\/wp-json\/wp\/v2\/categories?post=14368"},{"taxonomy":"post_tag","embeddable":true,"href":"https:\/\/catholic-television.com\/es\/wp-json\/wp\/v2\/tags?post=14368"}],"curies":[{"name":"wp","href":"https:\/\/api.w.org\/{rel}","templated":true}]}}