{"id":14332,"date":"2020-06-11T04:00:50","date_gmt":"2020-06-11T04:00:50","guid":{"rendered":"https:\/\/catholic-television.com\/wp-staging\/?p=14332"},"modified":"2020-06-11T04:00:50","modified_gmt":"2020-06-11T04:00:50","slug":"salmo-96-dios-ama-la-justicia","status":"publish","type":"post","link":"https:\/\/catholic-television.com\/es\/salmo-96-dios-ama-la-justicia\/","title":{"rendered":"Salmo 96 &#8211; Dios ama la justicia"},"content":{"rendered":"<p style=\"text-align: center\"><span style=\"color: #000000\"><strong>Salmo 96<\/strong><\/span><br \/>\n<span style=\"color: #000000\"><strong>Dios ama la justicia<\/strong><\/span><\/p>\n<p><span style=\"color: #000000\">Cantad al Se\u00f1or un c\u00e1ntico nuevo,<\/span><br \/>\n<span style=\"color: #000000\">cantad al Se\u00f1or, toda la tierra;<\/span><br \/>\n<span style=\"color: #000000\">cantad al Se\u00f1or, bendecid su nombre,<\/span><br \/>\n<span style=\"color: #000000\">proclamad d\u00eda tras d\u00eda su victoria.<\/span><\/p>\n<p><span style=\"color: #000000\">Contad a los pueblos su gloria,<\/span><br \/>\n<span style=\"color: #000000\">sus maravillas a todas las naciones;<\/span><br \/>\n<span style=\"color: #000000\">porque es grande el Se\u00f1or,<\/span><br \/>\n<span style=\"color: #000000\">y muy digno de alabanza,<\/span><br \/>\n<span style=\"color: #000000\">m\u00e1s temible que todos los dioses.<\/span><\/p>\n<p><span style=\"color: #000000\">Pues los dioses de los gentiles no son nada,<\/span><br \/>\n<span style=\"color: #000000\">mientras que el Se\u00f1or ha hecho el cielo;<\/span><br \/>\n<span style=\"color: #000000\">honor y majestad lo preceden,<\/span><br \/>\n<span style=\"color: #000000\">fuerza y esplendor est\u00e1n en su templo.<\/span><\/p>\n<p><span style=\"color: #000000\">Familias de los pueblos, aclamad al Se\u00f1or,<\/span><br \/>\n<span style=\"color: #000000\">aclamad la gloria y el poder del Se\u00f1or;<\/span><br \/>\n<span style=\"color: #000000\">aclamad la gloria del nombre del Se\u00f1or,<\/span><br \/>\n<span style=\"color: #000000\">entrad en sus atrios tray\u00e9ndole ofrendas.<\/span><\/p>\n<p><span style=\"color: #000000\">Postraos ante el Se\u00f1or en el atrio sagrado,<\/span><br \/>\n<span style=\"color: #000000\">tiemble en su presencia la tierra toda.<\/span><br \/>\n<span style=\"color: #000000\">Decid a los pueblos: \u00abEl Se\u00f1or es rey:<\/span><br \/>\n<span style=\"color: #000000\">\u00e9l afianz\u00f3 el orbe, y no se mover\u00e1;<\/span><br \/>\n<span style=\"color: #000000\">\u00e9l gobierna a los pueblos rectamente\u00bb.<\/span><\/p>\n<p><span style=\"color: #000000\">Al\u00e9grese el cielo, goce la tierra,<\/span><br \/>\n<span style=\"color: #000000\">retumbe el mar y cuanto lo llena;<\/span><br \/>\n<span style=\"color: #000000\">vitoreen los campos y cuanto hay en ellos,<\/span><br \/>\n<span style=\"color: #000000\">aclamen los \u00e1rboles del bosque,<\/span><br \/>\n<span style=\"color: #000000\">delante del Se\u00f1or, que ya llega,<\/span><br \/>\n<span style=\"color: #000000\">ya llega a regir la tierra:<\/span><br \/>\n<span style=\"color: #000000\">regir\u00e1 el orbe con justicia<\/span><br \/>\n<span style=\"color: #000000\">y los pueblos con fidelidad.<\/span><\/p>\n","protected":false},"excerpt":{"rendered":"<p>Salmo 96 Dios ama la justicia Cantad al Se\u00f1or un c\u00e1ntico nuevo, cantad al Se\u00f1or, toda la tierra; cantad al Se\u00f1or, bendecid su nombre, proclamad d\u00eda tras d\u00eda su victoria. Contad a los pueblos su gloria, sus maravillas a todas las naciones; porque es grande el Se\u00f1or, y muy digno de alabanza, m\u00e1s temible que&hellip; <a class=\"more-link\" href=\"https:\/\/catholic-television.com\/es\/salmo-96-dios-ama-la-justicia\/\">Seguir leyendo <span class=\"screen-reader-text\">Salmo 96 &#8211; Dios ama la justicia<\/span><\/a><\/p>\n","protected":false},"author":7,"featured_media":14333,"comment_status":"open","ping_status":"open","sticky":false,"template":"","format":"standard","meta":{"footnotes":""},"categories":[668,13912],"tags":[29615,27613,29616,27615,29611,29610,28225,29614,29617,29613,27614,29612,29618,27172],"class_list":["post-14332","post","type-post","status-publish","format-standard","has-post-thumbnail","hentry","category-bienvenidos","category-salmos","tag-aclamad-gloria","tag-aclamad-senor","tag-alegrese-cielo","tag-atrio-sagrado","tag-bendecid-nombre","tag-cantad-senor","tag-digno-alabanza","tag-esplendor-templo","tag-goce-tierra","tag-maravillas-naciones","tag-poder-senor","tag-proclamad-victoria","tag-pueblos-fidelidad","tag-senor-rey","entry"],"yoast_head":"<!-- This site is optimized with the Yoast SEO plugin v27.4 - https:\/\/yoast.com\/product\/yoast-seo-wordpress\/ -->\n<title>Salmo 96 - Dios ama la justicia | cantad Se\u00f1or | bendecid nombre | atrio<\/title>\n<meta name=\"description\" content=\"Justicia. Cantad al Se\u00f1or un c\u00e1ntico nuevo, cantad al Se\u00f1or, toda la tierra; cantad al Se\u00f1or, bendecid su nombre, proclamad d\u00eda tras d\u00eda su victoria. Co...\" \/>\n<meta name=\"robots\" content=\"index, follow, max-snippet:-1, max-image-preview:large, max-video-preview:-1\" \/>\n<link rel=\"canonical\" href=\"https:\/\/catholic-television.com\/es\/salmo-96-dios-ama-la-justicia\/\" \/>\n<meta property=\"og:locale\" content=\"es_ES\" \/>\n<meta property=\"og:type\" content=\"article\" \/>\n<meta property=\"og:title\" content=\"Salmo 96 - Dios ama la justicia | cantad Se\u00f1or | bendecid nombre | atrio\" \/>\n<meta property=\"og:description\" content=\"Justicia. Cantad al Se\u00f1or un c\u00e1ntico nuevo, cantad al Se\u00f1or, toda la tierra; cantad al Se\u00f1or, bendecid su nombre, proclamad d\u00eda tras d\u00eda su victoria. Co...\" \/>\n<meta property=\"og:url\" content=\"https:\/\/catholic-television.com\/es\/salmo-96-dios-ama-la-justicia\/\" \/>\n<meta property=\"og:site_name\" content=\"Catholic-television\" \/>\n<meta property=\"article:publisher\" content=\"https:\/\/www.facebook.com\/catholic.television.production\/\" \/>\n<meta property=\"article:published_time\" content=\"2020-06-11T04:00:50+00:00\" \/>\n<meta property=\"og:image\" content=\"https:\/\/catholic-television.com\/wp-content\/uploads\/2020\/06\/Salmo-96-Dios-ama-la-justicia-cantad-Se\u00f1or-bendecid-nombre-atrio.jpg\" \/>\n\t<meta property=\"og:image:width\" content=\"1024\" \/>\n\t<meta property=\"og:image:height\" content=\"576\" \/>\n\t<meta property=\"og:image:type\" content=\"image\/jpeg\" \/>\n<meta name=\"author\" content=\"vlad\" \/>\n<meta name=\"twitter:card\" content=\"summary_large_image\" \/>\n<meta name=\"twitter:creator\" content=\"@catholictele\" \/>\n<meta name=\"twitter:site\" content=\"@catholictele\" \/>\n<meta name=\"twitter:label1\" content=\"Escrito por\" \/>\n\t<meta name=\"twitter:data1\" content=\"vlad\" \/>\n\t<meta name=\"twitter:label2\" content=\"Tiempo de lectura\" \/>\n\t<meta name=\"twitter:data2\" content=\"1 minuto\" \/>\n<script type=\"application\/ld+json\" class=\"yoast-schema-graph\">{\"@context\":\"https:\\\/\\\/schema.org\",\"@graph\":[{\"@type\":\"Article\",\"@id\":\"https:\\\/\\\/catholic-television.com\\\/es\\\/salmo-96-dios-ama-la-justicia\\\/#article\",\"isPartOf\":{\"@id\":\"https:\\\/\\\/catholic-television.com\\\/es\\\/salmo-96-dios-ama-la-justicia\\\/\"},\"author\":{\"name\":\"vlad\",\"@id\":\"https:\\\/\\\/catholic-television.com\\\/es\\\/#\\\/schema\\\/person\\\/3188c12fc213ed75be05c8a3a8650318\"},\"headline\":\"Salmo 96 &#8211; Dios ama la justicia\",\"datePublished\":\"2020-06-11T04:00:50+00:00\",\"mainEntityOfPage\":{\"@id\":\"https:\\\/\\\/catholic-television.com\\\/es\\\/salmo-96-dios-ama-la-justicia\\\/\"},\"wordCount\":223,\"commentCount\":0,\"publisher\":{\"@id\":\"https:\\\/\\\/catholic-television.com\\\/es\\\/#organization\"},\"image\":{\"@id\":\"https:\\\/\\\/catholic-television.com\\\/es\\\/salmo-96-dios-ama-la-justicia\\\/#primaryimage\"},\"thumbnailUrl\":\"https:\\\/\\\/catholic-television.com\\\/wp-content\\\/uploads\\\/2020\\\/06\\\/Salmo-96-Dios-ama-la-justicia-cantad-Se\u00f1or-bendecid-nombre-atrio.jpg\",\"keywords\":[\"aclamad gloria\",\"aclamad Se\u00f1or\",\"al\u00e9grese cielo\",\"atrio sagrado\",\"bendecid nombre\",\"cantad Se\u00f1or\",\"digno alabanza\",\"esplendor templo\",\"goce tierra\",\"maravillas naciones\",\"poder Se\u00f1or\",\"proclamad victoria\",\"pueblos fidelidad\",\"Se\u00f1or rey\"],\"articleSection\":[\"Bienvenidos\",\"Salmos\"],\"inLanguage\":\"es\",\"potentialAction\":[{\"@type\":\"CommentAction\",\"name\":\"Comment\",\"target\":[\"https:\\\/\\\/catholic-television.com\\\/es\\\/salmo-96-dios-ama-la-justicia\\\/#respond\"]}]},{\"@type\":\"WebPage\",\"@id\":\"https:\\\/\\\/catholic-television.com\\\/es\\\/salmo-96-dios-ama-la-justicia\\\/\",\"url\":\"https:\\\/\\\/catholic-television.com\\\/es\\\/salmo-96-dios-ama-la-justicia\\\/\",\"name\":\"Salmo 96 - Dios ama la justicia | cantad Se\u00f1or | bendecid nombre | atrio\",\"isPartOf\":{\"@id\":\"https:\\\/\\\/catholic-television.com\\\/es\\\/#website\"},\"primaryImageOfPage\":{\"@id\":\"https:\\\/\\\/catholic-television.com\\\/es\\\/salmo-96-dios-ama-la-justicia\\\/#primaryimage\"},\"image\":{\"@id\":\"https:\\\/\\\/catholic-television.com\\\/es\\\/salmo-96-dios-ama-la-justicia\\\/#primaryimage\"},\"thumbnailUrl\":\"https:\\\/\\\/catholic-television.com\\\/wp-content\\\/uploads\\\/2020\\\/06\\\/Salmo-96-Dios-ama-la-justicia-cantad-Se\u00f1or-bendecid-nombre-atrio.jpg\",\"datePublished\":\"2020-06-11T04:00:50+00:00\",\"description\":\"Justicia. Cantad al Se\u00f1or un c\u00e1ntico nuevo, cantad al Se\u00f1or, toda la tierra; cantad al Se\u00f1or, bendecid su nombre, proclamad d\u00eda tras d\u00eda su victoria. Co...\",\"breadcrumb\":{\"@id\":\"https:\\\/\\\/catholic-television.com\\\/es\\\/salmo-96-dios-ama-la-justicia\\\/#breadcrumb\"},\"inLanguage\":\"es\",\"potentialAction\":[{\"@type\":\"ReadAction\",\"target\":[\"https:\\\/\\\/catholic-television.com\\\/es\\\/salmo-96-dios-ama-la-justicia\\\/\"]}]},{\"@type\":\"ImageObject\",\"inLanguage\":\"es\",\"@id\":\"https:\\\/\\\/catholic-television.com\\\/es\\\/salmo-96-dios-ama-la-justicia\\\/#primaryimage\",\"url\":\"https:\\\/\\\/catholic-television.com\\\/wp-content\\\/uploads\\\/2020\\\/06\\\/Salmo-96-Dios-ama-la-justicia-cantad-Se\u00f1or-bendecid-nombre-atrio.jpg\",\"contentUrl\":\"https:\\\/\\\/catholic-television.com\\\/wp-content\\\/uploads\\\/2020\\\/06\\\/Salmo-96-Dios-ama-la-justicia-cantad-Se\u00f1or-bendecid-nombre-atrio.jpg\",\"width\":1024,\"height\":576,\"caption\":\"Salmo 96 - Dios ama la justicia | cantad Se\u00f1or | bendecid nombre | atrio\"},{\"@type\":\"BreadcrumbList\",\"@id\":\"https:\\\/\\\/catholic-television.com\\\/es\\\/salmo-96-dios-ama-la-justicia\\\/#breadcrumb\",\"itemListElement\":[{\"@type\":\"ListItem\",\"position\":1,\"name\":\"Portada\",\"item\":\"https:\\\/\\\/catholic-television.com\\\/es\\\/?lang=es\"},{\"@type\":\"ListItem\",\"position\":2,\"name\":\"Salmo 96 &#8211; Dios ama la justicia\"}]},{\"@type\":\"WebSite\",\"@id\":\"https:\\\/\\\/catholic-television.com\\\/es\\\/#website\",\"url\":\"https:\\\/\\\/catholic-television.com\\\/es\\\/\",\"name\":\"Catholic-television\",\"description\":\"Catholic Television\",\"publisher\":{\"@id\":\"https:\\\/\\\/catholic-television.com\\\/es\\\/#organization\"},\"potentialAction\":[{\"@type\":\"SearchAction\",\"target\":{\"@type\":\"EntryPoint\",\"urlTemplate\":\"https:\\\/\\\/catholic-television.com\\\/es\\\/?s={search_term_string}\"},\"query-input\":{\"@type\":\"PropertyValueSpecification\",\"valueRequired\":true,\"valueName\":\"search_term_string\"}}],\"inLanguage\":\"es\"},{\"@type\":\"Organization\",\"@id\":\"https:\\\/\\\/catholic-television.com\\\/es\\\/#organization\",\"name\":\"Catholic-television\",\"url\":\"https:\\\/\\\/catholic-television.com\\\/es\\\/\",\"logo\":{\"@type\":\"ImageObject\",\"inLanguage\":\"es\",\"@id\":\"https:\\\/\\\/catholic-television.com\\\/es\\\/#\\\/schema\\\/logo\\\/image\\\/\",\"url\":\"https:\\\/\\\/catholic-television.com\\\/wp-content\\\/uploads\\\/2019\\\/06\\\/catholic-tv_ok2.png\",\"contentUrl\":\"https:\\\/\\\/catholic-television.com\\\/wp-content\\\/uploads\\\/2019\\\/06\\\/catholic-tv_ok2.png\",\"width\":303,\"height\":99,\"caption\":\"Catholic-television\"},\"image\":{\"@id\":\"https:\\\/\\\/catholic-television.com\\\/es\\\/#\\\/schema\\\/logo\\\/image\\\/\"},\"sameAs\":[\"https:\\\/\\\/www.facebook.com\\\/catholic.television.production\\\/\",\"https:\\\/\\\/x.com\\\/catholictele\"]},{\"@type\":\"Person\",\"@id\":\"https:\\\/\\\/catholic-television.com\\\/es\\\/#\\\/schema\\\/person\\\/3188c12fc213ed75be05c8a3a8650318\",\"name\":\"vlad\",\"image\":{\"@type\":\"ImageObject\",\"inLanguage\":\"es\",\"@id\":\"https:\\\/\\\/secure.gravatar.com\\\/avatar\\\/fc95831d9c48ad0da181a29b0820e0beb60a927341a41b7ffd6b73a4ef239589?s=96&d=mm&r=g\",\"url\":\"https:\\\/\\\/secure.gravatar.com\\\/avatar\\\/fc95831d9c48ad0da181a29b0820e0beb60a927341a41b7ffd6b73a4ef239589?s=96&d=mm&r=g\",\"contentUrl\":\"https:\\\/\\\/secure.gravatar.com\\\/avatar\\\/fc95831d9c48ad0da181a29b0820e0beb60a927341a41b7ffd6b73a4ef239589?s=96&d=mm&r=g\",\"caption\":\"vlad\"}}]}<\/script>\n<!-- \/ Yoast SEO plugin. -->","yoast_head_json":{"title":"Salmo 96 - Dios ama la justicia | cantad Se\u00f1or | bendecid nombre | atrio","description":"Justicia. Cantad al Se\u00f1or un c\u00e1ntico nuevo, cantad al Se\u00f1or, toda la tierra; cantad al Se\u00f1or, bendecid su nombre, proclamad d\u00eda tras d\u00eda su victoria. Co...","robots":{"index":"index","follow":"follow","max-snippet":"max-snippet:-1","max-image-preview":"max-image-preview:large","max-video-preview":"max-video-preview:-1"},"canonical":"https:\/\/catholic-television.com\/es\/salmo-96-dios-ama-la-justicia\/","og_locale":"es_ES","og_type":"article","og_title":"Salmo 96 - Dios ama la justicia | cantad Se\u00f1or | bendecid nombre | atrio","og_description":"Justicia. Cantad al Se\u00f1or un c\u00e1ntico nuevo, cantad al Se\u00f1or, toda la tierra; cantad al Se\u00f1or, bendecid su nombre, proclamad d\u00eda tras d\u00eda su victoria. Co...","og_url":"https:\/\/catholic-television.com\/es\/salmo-96-dios-ama-la-justicia\/","og_site_name":"Catholic-television","article_publisher":"https:\/\/www.facebook.com\/catholic.television.production\/","article_published_time":"2020-06-11T04:00:50+00:00","og_image":[{"width":1024,"height":576,"url":"https:\/\/catholic-television.com\/wp-content\/uploads\/2020\/06\/Salmo-96-Dios-ama-la-justicia-cantad-Se\u00f1or-bendecid-nombre-atrio.jpg","type":"image\/jpeg"}],"author":"vlad","twitter_card":"summary_large_image","twitter_creator":"@catholictele","twitter_site":"@catholictele","twitter_misc":{"Escrito por":"vlad","Tiempo de lectura":"1 minuto"},"schema":{"@context":"https:\/\/schema.org","@graph":[{"@type":"Article","@id":"https:\/\/catholic-television.com\/es\/salmo-96-dios-ama-la-justicia\/#article","isPartOf":{"@id":"https:\/\/catholic-television.com\/es\/salmo-96-dios-ama-la-justicia\/"},"author":{"name":"vlad","@id":"https:\/\/catholic-television.com\/es\/#\/schema\/person\/3188c12fc213ed75be05c8a3a8650318"},"headline":"Salmo 96 &#8211; Dios ama la justicia","datePublished":"2020-06-11T04:00:50+00:00","mainEntityOfPage":{"@id":"https:\/\/catholic-television.com\/es\/salmo-96-dios-ama-la-justicia\/"},"wordCount":223,"commentCount":0,"publisher":{"@id":"https:\/\/catholic-television.com\/es\/#organization"},"image":{"@id":"https:\/\/catholic-television.com\/es\/salmo-96-dios-ama-la-justicia\/#primaryimage"},"thumbnailUrl":"https:\/\/catholic-television.com\/wp-content\/uploads\/2020\/06\/Salmo-96-Dios-ama-la-justicia-cantad-Se\u00f1or-bendecid-nombre-atrio.jpg","keywords":["aclamad gloria","aclamad Se\u00f1or","al\u00e9grese cielo","atrio sagrado","bendecid nombre","cantad Se\u00f1or","digno alabanza","esplendor templo","goce tierra","maravillas naciones","poder Se\u00f1or","proclamad victoria","pueblos fidelidad","Se\u00f1or rey"],"articleSection":["Bienvenidos","Salmos"],"inLanguage":"es","potentialAction":[{"@type":"CommentAction","name":"Comment","target":["https:\/\/catholic-television.com\/es\/salmo-96-dios-ama-la-justicia\/#respond"]}]},{"@type":"WebPage","@id":"https:\/\/catholic-television.com\/es\/salmo-96-dios-ama-la-justicia\/","url":"https:\/\/catholic-television.com\/es\/salmo-96-dios-ama-la-justicia\/","name":"Salmo 96 - Dios ama la justicia | cantad Se\u00f1or | bendecid nombre | atrio","isPartOf":{"@id":"https:\/\/catholic-television.com\/es\/#website"},"primaryImageOfPage":{"@id":"https:\/\/catholic-television.com\/es\/salmo-96-dios-ama-la-justicia\/#primaryimage"},"image":{"@id":"https:\/\/catholic-television.com\/es\/salmo-96-dios-ama-la-justicia\/#primaryimage"},"thumbnailUrl":"https:\/\/catholic-television.com\/wp-content\/uploads\/2020\/06\/Salmo-96-Dios-ama-la-justicia-cantad-Se\u00f1or-bendecid-nombre-atrio.jpg","datePublished":"2020-06-11T04:00:50+00:00","description":"Justicia. Cantad al Se\u00f1or un c\u00e1ntico nuevo, cantad al Se\u00f1or, toda la tierra; cantad al Se\u00f1or, bendecid su nombre, proclamad d\u00eda tras d\u00eda su victoria. Co...","breadcrumb":{"@id":"https:\/\/catholic-television.com\/es\/salmo-96-dios-ama-la-justicia\/#breadcrumb"},"inLanguage":"es","potentialAction":[{"@type":"ReadAction","target":["https:\/\/catholic-television.com\/es\/salmo-96-dios-ama-la-justicia\/"]}]},{"@type":"ImageObject","inLanguage":"es","@id":"https:\/\/catholic-television.com\/es\/salmo-96-dios-ama-la-justicia\/#primaryimage","url":"https:\/\/catholic-television.com\/wp-content\/uploads\/2020\/06\/Salmo-96-Dios-ama-la-justicia-cantad-Se\u00f1or-bendecid-nombre-atrio.jpg","contentUrl":"https:\/\/catholic-television.com\/wp-content\/uploads\/2020\/06\/Salmo-96-Dios-ama-la-justicia-cantad-Se\u00f1or-bendecid-nombre-atrio.jpg","width":1024,"height":576,"caption":"Salmo 96 - Dios ama la justicia | cantad Se\u00f1or | bendecid nombre | atrio"},{"@type":"BreadcrumbList","@id":"https:\/\/catholic-television.com\/es\/salmo-96-dios-ama-la-justicia\/#breadcrumb","itemListElement":[{"@type":"ListItem","position":1,"name":"Portada","item":"https:\/\/catholic-television.com\/es\/?lang=es"},{"@type":"ListItem","position":2,"name":"Salmo 96 &#8211; Dios ama la justicia"}]},{"@type":"WebSite","@id":"https:\/\/catholic-television.com\/es\/#website","url":"https:\/\/catholic-television.com\/es\/","name":"Catholic-television","description":"Catholic Television","publisher":{"@id":"https:\/\/catholic-television.com\/es\/#organization"},"potentialAction":[{"@type":"SearchAction","target":{"@type":"EntryPoint","urlTemplate":"https:\/\/catholic-television.com\/es\/?s={search_term_string}"},"query-input":{"@type":"PropertyValueSpecification","valueRequired":true,"valueName":"search_term_string"}}],"inLanguage":"es"},{"@type":"Organization","@id":"https:\/\/catholic-television.com\/es\/#organization","name":"Catholic-television","url":"https:\/\/catholic-television.com\/es\/","logo":{"@type":"ImageObject","inLanguage":"es","@id":"https:\/\/catholic-television.com\/es\/#\/schema\/logo\/image\/","url":"https:\/\/catholic-television.com\/wp-content\/uploads\/2019\/06\/catholic-tv_ok2.png","contentUrl":"https:\/\/catholic-television.com\/wp-content\/uploads\/2019\/06\/catholic-tv_ok2.png","width":303,"height":99,"caption":"Catholic-television"},"image":{"@id":"https:\/\/catholic-television.com\/es\/#\/schema\/logo\/image\/"},"sameAs":["https:\/\/www.facebook.com\/catholic.television.production\/","https:\/\/x.com\/catholictele"]},{"@type":"Person","@id":"https:\/\/catholic-television.com\/es\/#\/schema\/person\/3188c12fc213ed75be05c8a3a8650318","name":"vlad","image":{"@type":"ImageObject","inLanguage":"es","@id":"https:\/\/secure.gravatar.com\/avatar\/fc95831d9c48ad0da181a29b0820e0beb60a927341a41b7ffd6b73a4ef239589?s=96&d=mm&r=g","url":"https:\/\/secure.gravatar.com\/avatar\/fc95831d9c48ad0da181a29b0820e0beb60a927341a41b7ffd6b73a4ef239589?s=96&d=mm&r=g","contentUrl":"https:\/\/secure.gravatar.com\/avatar\/fc95831d9c48ad0da181a29b0820e0beb60a927341a41b7ffd6b73a4ef239589?s=96&d=mm&r=g","caption":"vlad"}}]}},"_links":{"self":[{"href":"https:\/\/catholic-television.com\/es\/wp-json\/wp\/v2\/posts\/14332","targetHints":{"allow":["GET"]}}],"collection":[{"href":"https:\/\/catholic-television.com\/es\/wp-json\/wp\/v2\/posts"}],"about":[{"href":"https:\/\/catholic-television.com\/es\/wp-json\/wp\/v2\/types\/post"}],"author":[{"embeddable":true,"href":"https:\/\/catholic-television.com\/es\/wp-json\/wp\/v2\/users\/7"}],"replies":[{"embeddable":true,"href":"https:\/\/catholic-television.com\/es\/wp-json\/wp\/v2\/comments?post=14332"}],"version-history":[{"count":1,"href":"https:\/\/catholic-television.com\/es\/wp-json\/wp\/v2\/posts\/14332\/revisions"}],"predecessor-version":[{"id":14338,"href":"https:\/\/catholic-television.com\/es\/wp-json\/wp\/v2\/posts\/14332\/revisions\/14338"}],"wp:featuredmedia":[{"embeddable":true,"href":"https:\/\/catholic-television.com\/es\/wp-json\/wp\/v2\/media\/14333"}],"wp:attachment":[{"href":"https:\/\/catholic-television.com\/es\/wp-json\/wp\/v2\/media?parent=14332"}],"wp:term":[{"taxonomy":"category","embeddable":true,"href":"https:\/\/catholic-television.com\/es\/wp-json\/wp\/v2\/categories?post=14332"},{"taxonomy":"post_tag","embeddable":true,"href":"https:\/\/catholic-television.com\/es\/wp-json\/wp\/v2\/tags?post=14332"}],"curies":[{"name":"wp","href":"https:\/\/api.w.org\/{rel}","templated":true}]}}