{"id":14181,"date":"2020-06-09T05:32:50","date_gmt":"2020-06-09T05:32:50","guid":{"rendered":"https:\/\/catholic-television.com\/wp-staging\/?p=14181"},"modified":"2020-06-09T05:32:50","modified_gmt":"2020-06-09T05:32:50","slug":"salmo-86-oracion-en-tiempo-de-afliccion","status":"publish","type":"post","link":"https:\/\/catholic-television.com\/es\/salmo-86-oracion-en-tiempo-de-afliccion\/","title":{"rendered":"Salmo 86 &#8211; Oraci\u00f3n en tiempo de aflicci\u00f3n"},"content":{"rendered":"<p style=\"text-align: center\"><span style=\"color: #000000\"><strong>Salmo 86<\/strong><\/span><br \/>\n<span style=\"color: #000000\"><strong>Oraci\u00f3n en tiempo de aflicci\u00f3n<\/strong><\/span><\/p>\n<p><span style=\"color: #000000\">Oraci\u00f3n de David.<\/span><\/p>\n<p><span style=\"color: #000000\">Inclina tu o\u00eddo, Se\u00f1or, esc\u00fachame,<\/span><br \/>\n<span style=\"color: #000000\">que soy un pobre desamparado;<\/span><br \/>\n<span style=\"color: #000000\">protege mi vida, que soy un fiel tuyo;<\/span><br \/>\n<span style=\"color: #000000\">salva, Dios m\u00edo, a tu siervo, que conf\u00eda en ti.<\/span><\/p>\n<p><span style=\"color: #000000\">Piedad de m\u00ed, Se\u00f1or,<\/span><br \/>\n<span style=\"color: #000000\">que a ti te estoy llamando todo el d\u00eda;<\/span><br \/>\n<span style=\"color: #000000\">alegra el alma de tu siervo,<\/span><br \/>\n<span style=\"color: #000000\">pues levanto mi alma hacia ti, Se\u00f1or.<\/span><\/p>\n<p><span style=\"color: #000000\">Porque t\u00fa, Se\u00f1or, eres bueno y clemente,<\/span><br \/>\n<span style=\"color: #000000\">rico en misericordia con los que te invocan.<\/span><br \/>\n<span style=\"color: #000000\">Se\u00f1or, escucha mi oraci\u00f3n,<\/span><br \/>\n<span style=\"color: #000000\">atiende a la voz de mi s\u00faplica.<\/span><\/p>\n<p><span style=\"color: #000000\">En el d\u00eda del peligro te llamo,<\/span><br \/>\n<span style=\"color: #000000\">y t\u00fa me escuchas.<\/span><br \/>\n<span style=\"color: #000000\">No tienes igual entre los dioses, Se\u00f1or,<\/span><br \/>\n<span style=\"color: #000000\">ni hay obras como las tuyas.<\/span><\/p>\n<p><span style=\"color: #000000\">Todos los pueblos vendr\u00e1n<\/span><br \/>\n<span style=\"color: #000000\">a postrarse en tu presencia, Se\u00f1or;<\/span><br \/>\n<span style=\"color: #000000\">bendecir\u00e1n tu nombre:<\/span><br \/>\n<span style=\"color: #000000\">\u00abGrande eres t\u00fa, y haces maravillas;<\/span><br \/>\n<span style=\"color: #000000\">t\u00fa eres el \u00fanico Dios\u00bb.<\/span><\/p>\n<p><span style=\"color: #000000\">Ens\u00e9\u00f1ame, Se\u00f1or, tu camino,<\/span><br \/>\n<span style=\"color: #000000\">para que siga tu verdad;<\/span><br \/>\n<span style=\"color: #000000\">mant\u00e9n mi coraz\u00f3n entero<\/span><br \/>\n<span style=\"color: #000000\">en el temor de tu nombre.<\/span><\/p>\n<p><span style=\"color: #000000\">Te alabar\u00e9 de todo coraz\u00f3n, Dios m\u00edo;<\/span><br \/>\n<span style=\"color: #000000\">dar\u00e9 gloria a tu nombre por siempre,<\/span><br \/>\n<span style=\"color: #000000\">por tu gran piedad para conmigo,<\/span><br \/>\n<span style=\"color: #000000\">porque me salvaste del abismo profundo.<\/span><\/p>\n<p><span style=\"color: #000000\">Dios m\u00edo, unos soberbios se levantan contra m\u00ed,<\/span><br \/>\n<span style=\"color: #000000\">una banda de insolentes atenta contra mi vida,<\/span><br \/>\n<span style=\"color: #000000\">sin tenerte en cuenta a ti.<\/span><br \/>\n<span style=\"color: #000000\">Pero t\u00fa, Se\u00f1or,<\/span><br \/>\n<span style=\"color: #000000\">Dios clemente y misericordioso,<\/span><br \/>\n<span style=\"color: #000000\">lento a la c\u00f3lera, rico en piedad y leal,<\/span><br \/>\n<span style=\"color: #000000\">m\u00edrame, ten compasi\u00f3n de m\u00ed.<\/span><\/p>\n<p><span style=\"color: #000000\">Da fuerza a tu siervo,<\/span><br \/>\n<span style=\"color: #000000\">salva al hijo de tu esclava.<\/span><br \/>\n<span style=\"color: #000000\">Dame una se\u00f1al propicia,<\/span><br \/>\n<span style=\"color: #000000\">que la vean mis adversarios y se averg\u00fcencen,<\/span><br \/>\n<span style=\"color: #000000\">porque t\u00fa, Se\u00f1or, me ayudas y consuelas.<\/span><\/p>\n","protected":false},"excerpt":{"rendered":"<p>Salmo 86 Oraci\u00f3n en tiempo de aflicci\u00f3n Oraci\u00f3n de David. Inclina tu o\u00eddo, Se\u00f1or, esc\u00fachame, que soy un pobre desamparado; protege mi vida, que soy un fiel tuyo; salva, Dios m\u00edo, a tu siervo, que conf\u00eda en ti. Piedad de m\u00ed, Se\u00f1or, que a ti te estoy llamando todo el d\u00eda; alegra el alma de&hellip; <a class=\"more-link\" href=\"https:\/\/catholic-television.com\/es\/salmo-86-oracion-en-tiempo-de-afliccion\/\">Seguir leyendo <span class=\"screen-reader-text\">Salmo 86 &#8211; Oraci\u00f3n en tiempo de aflicci\u00f3n<\/span><\/a><\/p>\n","protected":false},"author":7,"featured_media":14182,"comment_status":"open","ping_status":"open","sticky":false,"template":"","format":"standard","meta":{"footnotes":""},"categories":[668,13912],"tags":[29251,29247,29254,26762,29246,29252,29249,27702,29250,29248,29245,29253,29255],"class_list":["post-14181","post","type-post","status-publish","format-standard","has-post-thumbnail","hentry","category-bienvenidos","category-salmos","tag-alabare-corazon","tag-alma-siervo","tag-clemente-misericordioso","tag-escucha-oracion","tag-fiel-tuyo","tag-gloria-siempre","tag-misericordia-invocan","tag-piedad-senor","tag-presencia-senor","tag-senor-clemente","tag-senor-escuchame","tag-soberbios-levantan","tag-ten-compasion","entry"],"yoast_head":"<!-- This site is optimized with the Yoast SEO plugin v27.4 - https:\/\/yoast.com\/product\/yoast-seo-wordpress\/ -->\n<title>Salmo 86 - Oraci\u00f3n en tiempo de aflicci\u00f3n | Se\u00f1or esc\u00fachame | fiel tuyo<\/title>\n<meta name=\"description\" content=\"En tiempo. Oraci\u00f3n de David. Inclina tu o\u00eddo, Se\u00f1or, esc\u00fachame, que soy un pobre desamparado; protege mi vida, que soy un fiel tuyo; salva, Dios m\u00edo,...\" \/>\n<meta name=\"robots\" content=\"index, follow, max-snippet:-1, max-image-preview:large, max-video-preview:-1\" \/>\n<link rel=\"canonical\" href=\"https:\/\/catholic-television.com\/es\/salmo-86-oracion-en-tiempo-de-afliccion\/\" \/>\n<meta property=\"og:locale\" content=\"es_ES\" \/>\n<meta property=\"og:type\" content=\"article\" \/>\n<meta property=\"og:title\" content=\"Salmo 86 - Oraci\u00f3n en tiempo de aflicci\u00f3n | Se\u00f1or esc\u00fachame | fiel tuyo\" \/>\n<meta property=\"og:description\" content=\"En tiempo. Oraci\u00f3n de David. Inclina tu o\u00eddo, Se\u00f1or, esc\u00fachame, que soy un pobre desamparado; protege mi vida, que soy un fiel tuyo; salva, Dios m\u00edo,...\" \/>\n<meta property=\"og:url\" content=\"https:\/\/catholic-television.com\/es\/salmo-86-oracion-en-tiempo-de-afliccion\/\" \/>\n<meta property=\"og:site_name\" content=\"Catholic-television\" \/>\n<meta property=\"article:publisher\" content=\"https:\/\/www.facebook.com\/catholic.television.production\/\" \/>\n<meta property=\"article:published_time\" content=\"2020-06-09T05:32:50+00:00\" \/>\n<meta property=\"og:image\" content=\"https:\/\/catholic-television.com\/wp-content\/uploads\/2020\/06\/Salmo-86-Oraci\u00f3n-en-tiempo-de-aflicci\u00f3n-Se\u00f1or-esc\u00fachame-fiel-tuyo.jpg\" \/>\n\t<meta property=\"og:image:width\" content=\"1024\" \/>\n\t<meta property=\"og:image:height\" content=\"576\" \/>\n\t<meta property=\"og:image:type\" content=\"image\/jpeg\" \/>\n<meta name=\"author\" content=\"vlad\" \/>\n<meta name=\"twitter:card\" content=\"summary_large_image\" \/>\n<meta name=\"twitter:creator\" content=\"@catholictele\" \/>\n<meta name=\"twitter:site\" content=\"@catholictele\" \/>\n<meta name=\"twitter:label1\" content=\"Escrito por\" \/>\n\t<meta name=\"twitter:data1\" content=\"vlad\" \/>\n\t<meta name=\"twitter:label2\" content=\"Tiempo de lectura\" \/>\n\t<meta name=\"twitter:data2\" content=\"1 minuto\" \/>\n<script type=\"application\/ld+json\" class=\"yoast-schema-graph\">{\"@context\":\"https:\\\/\\\/schema.org\",\"@graph\":[{\"@type\":\"Article\",\"@id\":\"https:\\\/\\\/catholic-television.com\\\/es\\\/salmo-86-oracion-en-tiempo-de-afliccion\\\/#article\",\"isPartOf\":{\"@id\":\"https:\\\/\\\/catholic-television.com\\\/es\\\/salmo-86-oracion-en-tiempo-de-afliccion\\\/\"},\"author\":{\"name\":\"vlad\",\"@id\":\"https:\\\/\\\/catholic-television.com\\\/es\\\/#\\\/schema\\\/person\\\/3188c12fc213ed75be05c8a3a8650318\"},\"headline\":\"Salmo 86 &#8211; Oraci\u00f3n en tiempo de aflicci\u00f3n\",\"datePublished\":\"2020-06-09T05:32:50+00:00\",\"mainEntityOfPage\":{\"@id\":\"https:\\\/\\\/catholic-television.com\\\/es\\\/salmo-86-oracion-en-tiempo-de-afliccion\\\/\"},\"wordCount\":298,\"commentCount\":0,\"publisher\":{\"@id\":\"https:\\\/\\\/catholic-television.com\\\/es\\\/#organization\"},\"image\":{\"@id\":\"https:\\\/\\\/catholic-television.com\\\/es\\\/salmo-86-oracion-en-tiempo-de-afliccion\\\/#primaryimage\"},\"thumbnailUrl\":\"https:\\\/\\\/catholic-television.com\\\/wp-content\\\/uploads\\\/2020\\\/06\\\/Salmo-86-Oraci\u00f3n-en-tiempo-de-aflicci\u00f3n-Se\u00f1or-esc\u00fachame-fiel-tuyo.jpg\",\"keywords\":[\"alabar\u00e9 coraz\u00f3n\",\"alma siervo\",\"clemente misericordioso\",\"escucha oraci\u00f3n\",\"fiel tuyo\",\"gloria siempre\",\"misericordia invocan\",\"piedad Se\u00f1or\",\"presencia Se\u00f1or\",\"Se\u00f1or clemente\",\"Se\u00f1or esc\u00fachame\",\"soberbios levantan\",\"ten compasi\u00f3n\"],\"articleSection\":[\"Bienvenidos\",\"Salmos\"],\"inLanguage\":\"es\",\"potentialAction\":[{\"@type\":\"CommentAction\",\"name\":\"Comment\",\"target\":[\"https:\\\/\\\/catholic-television.com\\\/es\\\/salmo-86-oracion-en-tiempo-de-afliccion\\\/#respond\"]}]},{\"@type\":\"WebPage\",\"@id\":\"https:\\\/\\\/catholic-television.com\\\/es\\\/salmo-86-oracion-en-tiempo-de-afliccion\\\/\",\"url\":\"https:\\\/\\\/catholic-television.com\\\/es\\\/salmo-86-oracion-en-tiempo-de-afliccion\\\/\",\"name\":\"Salmo 86 - Oraci\u00f3n en tiempo de aflicci\u00f3n | Se\u00f1or esc\u00fachame | fiel tuyo\",\"isPartOf\":{\"@id\":\"https:\\\/\\\/catholic-television.com\\\/es\\\/#website\"},\"primaryImageOfPage\":{\"@id\":\"https:\\\/\\\/catholic-television.com\\\/es\\\/salmo-86-oracion-en-tiempo-de-afliccion\\\/#primaryimage\"},\"image\":{\"@id\":\"https:\\\/\\\/catholic-television.com\\\/es\\\/salmo-86-oracion-en-tiempo-de-afliccion\\\/#primaryimage\"},\"thumbnailUrl\":\"https:\\\/\\\/catholic-television.com\\\/wp-content\\\/uploads\\\/2020\\\/06\\\/Salmo-86-Oraci\u00f3n-en-tiempo-de-aflicci\u00f3n-Se\u00f1or-esc\u00fachame-fiel-tuyo.jpg\",\"datePublished\":\"2020-06-09T05:32:50+00:00\",\"description\":\"En tiempo. Oraci\u00f3n de David. Inclina tu o\u00eddo, Se\u00f1or, esc\u00fachame, que soy un pobre desamparado; protege mi vida, que soy un fiel tuyo; salva, Dios m\u00edo,...\",\"breadcrumb\":{\"@id\":\"https:\\\/\\\/catholic-television.com\\\/es\\\/salmo-86-oracion-en-tiempo-de-afliccion\\\/#breadcrumb\"},\"inLanguage\":\"es\",\"potentialAction\":[{\"@type\":\"ReadAction\",\"target\":[\"https:\\\/\\\/catholic-television.com\\\/es\\\/salmo-86-oracion-en-tiempo-de-afliccion\\\/\"]}]},{\"@type\":\"ImageObject\",\"inLanguage\":\"es\",\"@id\":\"https:\\\/\\\/catholic-television.com\\\/es\\\/salmo-86-oracion-en-tiempo-de-afliccion\\\/#primaryimage\",\"url\":\"https:\\\/\\\/catholic-television.com\\\/wp-content\\\/uploads\\\/2020\\\/06\\\/Salmo-86-Oraci\u00f3n-en-tiempo-de-aflicci\u00f3n-Se\u00f1or-esc\u00fachame-fiel-tuyo.jpg\",\"contentUrl\":\"https:\\\/\\\/catholic-television.com\\\/wp-content\\\/uploads\\\/2020\\\/06\\\/Salmo-86-Oraci\u00f3n-en-tiempo-de-aflicci\u00f3n-Se\u00f1or-esc\u00fachame-fiel-tuyo.jpg\",\"width\":1024,\"height\":576,\"caption\":\"Salmo 86 - Oraci\u00f3n en tiempo de aflicci\u00f3n | Se\u00f1or esc\u00fachame | fiel tuyo\"},{\"@type\":\"BreadcrumbList\",\"@id\":\"https:\\\/\\\/catholic-television.com\\\/es\\\/salmo-86-oracion-en-tiempo-de-afliccion\\\/#breadcrumb\",\"itemListElement\":[{\"@type\":\"ListItem\",\"position\":1,\"name\":\"Portada\",\"item\":\"https:\\\/\\\/catholic-television.com\\\/es\\\/?lang=es\"},{\"@type\":\"ListItem\",\"position\":2,\"name\":\"Salmo 86 &#8211; Oraci\u00f3n en tiempo de aflicci\u00f3n\"}]},{\"@type\":\"WebSite\",\"@id\":\"https:\\\/\\\/catholic-television.com\\\/es\\\/#website\",\"url\":\"https:\\\/\\\/catholic-television.com\\\/es\\\/\",\"name\":\"Catholic-television\",\"description\":\"Catholic Television\",\"publisher\":{\"@id\":\"https:\\\/\\\/catholic-television.com\\\/es\\\/#organization\"},\"potentialAction\":[{\"@type\":\"SearchAction\",\"target\":{\"@type\":\"EntryPoint\",\"urlTemplate\":\"https:\\\/\\\/catholic-television.com\\\/es\\\/?s={search_term_string}\"},\"query-input\":{\"@type\":\"PropertyValueSpecification\",\"valueRequired\":true,\"valueName\":\"search_term_string\"}}],\"inLanguage\":\"es\"},{\"@type\":\"Organization\",\"@id\":\"https:\\\/\\\/catholic-television.com\\\/es\\\/#organization\",\"name\":\"Catholic-television\",\"url\":\"https:\\\/\\\/catholic-television.com\\\/es\\\/\",\"logo\":{\"@type\":\"ImageObject\",\"inLanguage\":\"es\",\"@id\":\"https:\\\/\\\/catholic-television.com\\\/es\\\/#\\\/schema\\\/logo\\\/image\\\/\",\"url\":\"https:\\\/\\\/catholic-television.com\\\/wp-content\\\/uploads\\\/2019\\\/06\\\/catholic-tv_ok2.png\",\"contentUrl\":\"https:\\\/\\\/catholic-television.com\\\/wp-content\\\/uploads\\\/2019\\\/06\\\/catholic-tv_ok2.png\",\"width\":303,\"height\":99,\"caption\":\"Catholic-television\"},\"image\":{\"@id\":\"https:\\\/\\\/catholic-television.com\\\/es\\\/#\\\/schema\\\/logo\\\/image\\\/\"},\"sameAs\":[\"https:\\\/\\\/www.facebook.com\\\/catholic.television.production\\\/\",\"https:\\\/\\\/x.com\\\/catholictele\"]},{\"@type\":\"Person\",\"@id\":\"https:\\\/\\\/catholic-television.com\\\/es\\\/#\\\/schema\\\/person\\\/3188c12fc213ed75be05c8a3a8650318\",\"name\":\"vlad\",\"image\":{\"@type\":\"ImageObject\",\"inLanguage\":\"es\",\"@id\":\"https:\\\/\\\/secure.gravatar.com\\\/avatar\\\/fc95831d9c48ad0da181a29b0820e0beb60a927341a41b7ffd6b73a4ef239589?s=96&d=mm&r=g\",\"url\":\"https:\\\/\\\/secure.gravatar.com\\\/avatar\\\/fc95831d9c48ad0da181a29b0820e0beb60a927341a41b7ffd6b73a4ef239589?s=96&d=mm&r=g\",\"contentUrl\":\"https:\\\/\\\/secure.gravatar.com\\\/avatar\\\/fc95831d9c48ad0da181a29b0820e0beb60a927341a41b7ffd6b73a4ef239589?s=96&d=mm&r=g\",\"caption\":\"vlad\"}}]}<\/script>\n<!-- \/ Yoast SEO plugin. -->","yoast_head_json":{"title":"Salmo 86 - Oraci\u00f3n en tiempo de aflicci\u00f3n | Se\u00f1or esc\u00fachame | fiel tuyo","description":"En tiempo. Oraci\u00f3n de David. Inclina tu o\u00eddo, Se\u00f1or, esc\u00fachame, que soy un pobre desamparado; protege mi vida, que soy un fiel tuyo; salva, Dios m\u00edo,...","robots":{"index":"index","follow":"follow","max-snippet":"max-snippet:-1","max-image-preview":"max-image-preview:large","max-video-preview":"max-video-preview:-1"},"canonical":"https:\/\/catholic-television.com\/es\/salmo-86-oracion-en-tiempo-de-afliccion\/","og_locale":"es_ES","og_type":"article","og_title":"Salmo 86 - Oraci\u00f3n en tiempo de aflicci\u00f3n | Se\u00f1or esc\u00fachame | fiel tuyo","og_description":"En tiempo. Oraci\u00f3n de David. Inclina tu o\u00eddo, Se\u00f1or, esc\u00fachame, que soy un pobre desamparado; protege mi vida, que soy un fiel tuyo; salva, Dios m\u00edo,...","og_url":"https:\/\/catholic-television.com\/es\/salmo-86-oracion-en-tiempo-de-afliccion\/","og_site_name":"Catholic-television","article_publisher":"https:\/\/www.facebook.com\/catholic.television.production\/","article_published_time":"2020-06-09T05:32:50+00:00","og_image":[{"width":1024,"height":576,"url":"https:\/\/catholic-television.com\/wp-content\/uploads\/2020\/06\/Salmo-86-Oraci\u00f3n-en-tiempo-de-aflicci\u00f3n-Se\u00f1or-esc\u00fachame-fiel-tuyo.jpg","type":"image\/jpeg"}],"author":"vlad","twitter_card":"summary_large_image","twitter_creator":"@catholictele","twitter_site":"@catholictele","twitter_misc":{"Escrito por":"vlad","Tiempo de lectura":"1 minuto"},"schema":{"@context":"https:\/\/schema.org","@graph":[{"@type":"Article","@id":"https:\/\/catholic-television.com\/es\/salmo-86-oracion-en-tiempo-de-afliccion\/#article","isPartOf":{"@id":"https:\/\/catholic-television.com\/es\/salmo-86-oracion-en-tiempo-de-afliccion\/"},"author":{"name":"vlad","@id":"https:\/\/catholic-television.com\/es\/#\/schema\/person\/3188c12fc213ed75be05c8a3a8650318"},"headline":"Salmo 86 &#8211; Oraci\u00f3n en tiempo de aflicci\u00f3n","datePublished":"2020-06-09T05:32:50+00:00","mainEntityOfPage":{"@id":"https:\/\/catholic-television.com\/es\/salmo-86-oracion-en-tiempo-de-afliccion\/"},"wordCount":298,"commentCount":0,"publisher":{"@id":"https:\/\/catholic-television.com\/es\/#organization"},"image":{"@id":"https:\/\/catholic-television.com\/es\/salmo-86-oracion-en-tiempo-de-afliccion\/#primaryimage"},"thumbnailUrl":"https:\/\/catholic-television.com\/wp-content\/uploads\/2020\/06\/Salmo-86-Oraci\u00f3n-en-tiempo-de-aflicci\u00f3n-Se\u00f1or-esc\u00fachame-fiel-tuyo.jpg","keywords":["alabar\u00e9 coraz\u00f3n","alma siervo","clemente misericordioso","escucha oraci\u00f3n","fiel tuyo","gloria siempre","misericordia invocan","piedad Se\u00f1or","presencia Se\u00f1or","Se\u00f1or clemente","Se\u00f1or esc\u00fachame","soberbios levantan","ten compasi\u00f3n"],"articleSection":["Bienvenidos","Salmos"],"inLanguage":"es","potentialAction":[{"@type":"CommentAction","name":"Comment","target":["https:\/\/catholic-television.com\/es\/salmo-86-oracion-en-tiempo-de-afliccion\/#respond"]}]},{"@type":"WebPage","@id":"https:\/\/catholic-television.com\/es\/salmo-86-oracion-en-tiempo-de-afliccion\/","url":"https:\/\/catholic-television.com\/es\/salmo-86-oracion-en-tiempo-de-afliccion\/","name":"Salmo 86 - Oraci\u00f3n en tiempo de aflicci\u00f3n | Se\u00f1or esc\u00fachame | fiel tuyo","isPartOf":{"@id":"https:\/\/catholic-television.com\/es\/#website"},"primaryImageOfPage":{"@id":"https:\/\/catholic-television.com\/es\/salmo-86-oracion-en-tiempo-de-afliccion\/#primaryimage"},"image":{"@id":"https:\/\/catholic-television.com\/es\/salmo-86-oracion-en-tiempo-de-afliccion\/#primaryimage"},"thumbnailUrl":"https:\/\/catholic-television.com\/wp-content\/uploads\/2020\/06\/Salmo-86-Oraci\u00f3n-en-tiempo-de-aflicci\u00f3n-Se\u00f1or-esc\u00fachame-fiel-tuyo.jpg","datePublished":"2020-06-09T05:32:50+00:00","description":"En tiempo. Oraci\u00f3n de David. Inclina tu o\u00eddo, Se\u00f1or, esc\u00fachame, que soy un pobre desamparado; protege mi vida, que soy un fiel tuyo; salva, Dios m\u00edo,...","breadcrumb":{"@id":"https:\/\/catholic-television.com\/es\/salmo-86-oracion-en-tiempo-de-afliccion\/#breadcrumb"},"inLanguage":"es","potentialAction":[{"@type":"ReadAction","target":["https:\/\/catholic-television.com\/es\/salmo-86-oracion-en-tiempo-de-afliccion\/"]}]},{"@type":"ImageObject","inLanguage":"es","@id":"https:\/\/catholic-television.com\/es\/salmo-86-oracion-en-tiempo-de-afliccion\/#primaryimage","url":"https:\/\/catholic-television.com\/wp-content\/uploads\/2020\/06\/Salmo-86-Oraci\u00f3n-en-tiempo-de-aflicci\u00f3n-Se\u00f1or-esc\u00fachame-fiel-tuyo.jpg","contentUrl":"https:\/\/catholic-television.com\/wp-content\/uploads\/2020\/06\/Salmo-86-Oraci\u00f3n-en-tiempo-de-aflicci\u00f3n-Se\u00f1or-esc\u00fachame-fiel-tuyo.jpg","width":1024,"height":576,"caption":"Salmo 86 - Oraci\u00f3n en tiempo de aflicci\u00f3n | Se\u00f1or esc\u00fachame | fiel tuyo"},{"@type":"BreadcrumbList","@id":"https:\/\/catholic-television.com\/es\/salmo-86-oracion-en-tiempo-de-afliccion\/#breadcrumb","itemListElement":[{"@type":"ListItem","position":1,"name":"Portada","item":"https:\/\/catholic-television.com\/es\/?lang=es"},{"@type":"ListItem","position":2,"name":"Salmo 86 &#8211; Oraci\u00f3n en tiempo de aflicci\u00f3n"}]},{"@type":"WebSite","@id":"https:\/\/catholic-television.com\/es\/#website","url":"https:\/\/catholic-television.com\/es\/","name":"Catholic-television","description":"Catholic Television","publisher":{"@id":"https:\/\/catholic-television.com\/es\/#organization"},"potentialAction":[{"@type":"SearchAction","target":{"@type":"EntryPoint","urlTemplate":"https:\/\/catholic-television.com\/es\/?s={search_term_string}"},"query-input":{"@type":"PropertyValueSpecification","valueRequired":true,"valueName":"search_term_string"}}],"inLanguage":"es"},{"@type":"Organization","@id":"https:\/\/catholic-television.com\/es\/#organization","name":"Catholic-television","url":"https:\/\/catholic-television.com\/es\/","logo":{"@type":"ImageObject","inLanguage":"es","@id":"https:\/\/catholic-television.com\/es\/#\/schema\/logo\/image\/","url":"https:\/\/catholic-television.com\/wp-content\/uploads\/2019\/06\/catholic-tv_ok2.png","contentUrl":"https:\/\/catholic-television.com\/wp-content\/uploads\/2019\/06\/catholic-tv_ok2.png","width":303,"height":99,"caption":"Catholic-television"},"image":{"@id":"https:\/\/catholic-television.com\/es\/#\/schema\/logo\/image\/"},"sameAs":["https:\/\/www.facebook.com\/catholic.television.production\/","https:\/\/x.com\/catholictele"]},{"@type":"Person","@id":"https:\/\/catholic-television.com\/es\/#\/schema\/person\/3188c12fc213ed75be05c8a3a8650318","name":"vlad","image":{"@type":"ImageObject","inLanguage":"es","@id":"https:\/\/secure.gravatar.com\/avatar\/fc95831d9c48ad0da181a29b0820e0beb60a927341a41b7ffd6b73a4ef239589?s=96&d=mm&r=g","url":"https:\/\/secure.gravatar.com\/avatar\/fc95831d9c48ad0da181a29b0820e0beb60a927341a41b7ffd6b73a4ef239589?s=96&d=mm&r=g","contentUrl":"https:\/\/secure.gravatar.com\/avatar\/fc95831d9c48ad0da181a29b0820e0beb60a927341a41b7ffd6b73a4ef239589?s=96&d=mm&r=g","caption":"vlad"}}]}},"_links":{"self":[{"href":"https:\/\/catholic-television.com\/es\/wp-json\/wp\/v2\/posts\/14181","targetHints":{"allow":["GET"]}}],"collection":[{"href":"https:\/\/catholic-television.com\/es\/wp-json\/wp\/v2\/posts"}],"about":[{"href":"https:\/\/catholic-television.com\/es\/wp-json\/wp\/v2\/types\/post"}],"author":[{"embeddable":true,"href":"https:\/\/catholic-television.com\/es\/wp-json\/wp\/v2\/users\/7"}],"replies":[{"embeddable":true,"href":"https:\/\/catholic-television.com\/es\/wp-json\/wp\/v2\/comments?post=14181"}],"version-history":[{"count":1,"href":"https:\/\/catholic-television.com\/es\/wp-json\/wp\/v2\/posts\/14181\/revisions"}],"predecessor-version":[{"id":14187,"href":"https:\/\/catholic-television.com\/es\/wp-json\/wp\/v2\/posts\/14181\/revisions\/14187"}],"wp:featuredmedia":[{"embeddable":true,"href":"https:\/\/catholic-television.com\/es\/wp-json\/wp\/v2\/media\/14182"}],"wp:attachment":[{"href":"https:\/\/catholic-television.com\/es\/wp-json\/wp\/v2\/media?parent=14181"}],"wp:term":[{"taxonomy":"category","embeddable":true,"href":"https:\/\/catholic-television.com\/es\/wp-json\/wp\/v2\/categories?post=14181"},{"taxonomy":"post_tag","embeddable":true,"href":"https:\/\/catholic-television.com\/es\/wp-json\/wp\/v2\/tags?post=14181"}],"curies":[{"name":"wp","href":"https:\/\/api.w.org\/{rel}","templated":true}]}}