{"id":14097,"date":"2020-06-06T03:26:01","date_gmt":"2020-06-06T03:26:01","guid":{"rendered":"https:\/\/catholic-television.com\/wp-staging\/?p=14097"},"modified":"2020-06-06T03:26:01","modified_gmt":"2020-06-06T03:26:01","slug":"salmo-74-dios-levanta-defiende-tu-causa","status":"publish","type":"post","link":"https:\/\/catholic-television.com\/es\/salmo-74-dios-levanta-defiende-tu-causa\/","title":{"rendered":"Salmo 74 &#8211; Oh Dios, lev\u00e1ntate y defiende tu causa"},"content":{"rendered":"<p style=\"text-align: center\"><span style=\"color: #000000\"><strong>Salmo 74<\/strong><\/span><br \/>\n<span style=\"color: #000000\"><strong>Oh Dios, lev\u00e1ntate y defiende tu causa<\/strong><\/span><\/p>\n<p><span style=\"color: #000000\">Poema de Asaf<\/span><\/p>\n<p><span style=\"color: #000000\">\u00bfPor qu\u00e9, oh Dios, nos rechazas para siempre <\/span><br \/>\n<span style=\"color: #000000\">y est\u00e1 ardiendo tu c\u00f3lera contra las ovejas de tu reba\u00f1o?<\/span><br \/>\n<span style=\"color: #000000\">Acu\u00e9rdate de la comunidad que adquiriste desde antiguo, <\/span><br \/>\n<span style=\"color: #000000\">de la tribu que rescataste para posesi\u00f3n tuya, <\/span><br \/>\n<span style=\"color: #000000\">del monte Si\u00f3n donde pusiste tu morada.<\/span><\/p>\n<p><span style=\"color: #000000\">Dirige tus pasos a estas ruinas sin remedio; <\/span><br \/>\n<span style=\"color: #000000\">el enemigo ha arrasado del todo el santuario.<\/span><br \/>\n<span style=\"color: #000000\">Rug\u00edan los agresores en medio de tu asamblea, <\/span><br \/>\n<span style=\"color: #000000\">levantaron sus propios estandartes.<\/span><\/p>\n<p><span style=\"color: #000000\">Como quien se abre paso <\/span><br \/>\n<span style=\"color: #000000\">entre la espesa arboleda,<\/span><br \/>\n<span style=\"color: #000000\">todos juntos derribaron sus puertas, <\/span><br \/>\n<span style=\"color: #000000\">las abatieron con hachas y mazas.<\/span><br \/>\n<span style=\"color: #000000\">Prendieron fuego a tu santuario, <\/span><br \/>\n<span style=\"color: #000000\">derribaron y profanaron <\/span><br \/>\n<span style=\"color: #000000\">la morada de tu nombre.<\/span><\/p>\n<p><span style=\"color: #000000\">Pensaban: \u00abAcabaremos con ellos\u00bb, <\/span><br \/>\n<span style=\"color: #000000\">e incendiaron los templos de Dios en el pa\u00eds.<\/span><br \/>\n<span style=\"color: #000000\">Ya no vemos nuestros signos, <\/span><br \/>\n<span style=\"color: #000000\">ni hay profeta: <\/span><br \/>\n<span style=\"color: #000000\">nadie entre nosotros sabe hasta cu\u00e1ndo.<\/span><\/p>\n<p><span style=\"color: #000000\">\u00bfHasta cu\u00e1ndo, oh Dios, nos va a afrentar el enemigo? <\/span><br \/>\n<span style=\"color: #000000\">\u00bfNo cesar\u00e1 de despreciar tu nombre el adversario?<\/span><br \/>\n<span style=\"color: #000000\">\u00bfPor qu\u00e9 retraes tu mano izquierda <\/span><br \/>\n<span style=\"color: #000000\">y tienes tu derecha escondida en el pecho?<\/span><\/p>\n<p><span style=\"color: #000000\">Pero t\u00fa, Dios m\u00edo, eres rey desde siempre, <\/span><br \/>\n<span style=\"color: #000000\">t\u00fa ganaste la victoria en medio de la tierra.<\/span><br \/>\n<span style=\"color: #000000\">T\u00fa hendiste con fuerza el mar, <\/span><br \/>\n<span style=\"color: #000000\">rompiste las cabezas del drag\u00f3n marino;<\/span><br \/>\n<span style=\"color: #000000\">t\u00fa aplastaste las cabezas del Leviat\u00e1n, <\/span><br \/>\n<span style=\"color: #000000\">se lo echaste en pasto a las bestias del mar;<\/span><br \/>\n<span style=\"color: #000000\">t\u00fa alumbraste manantiales y torrentes, <\/span><br \/>\n<span style=\"color: #000000\">t\u00fa secaste r\u00edos inagotables.<\/span><\/p>\n<p><span style=\"color: #000000\">Tuyo es el d\u00eda, tuya la noche, <\/span><br \/>\n<span style=\"color: #000000\">t\u00fa colocaste la luna y el sol;<\/span><br \/>\n<span style=\"color: #000000\">t\u00fa plantaste los linderos del orbe, <\/span><br \/>\n<span style=\"color: #000000\">t\u00fa formaste el verano y el invierno.<\/span><\/p>\n<p><span style=\"color: #000000\">Tenlo en cuenta, Se\u00f1or, que el enemigo te ultraja, <\/span><br \/>\n<span style=\"color: #000000\">que un pueblo insensato desprecia tu nombre;<\/span><br \/>\n<span style=\"color: #000000\">no entregues a los buitres la vida de tu t\u00f3rtola, <\/span><br \/>\n<span style=\"color: #000000\">ni olvides sin remedio la vida de los pobres.<\/span><\/p>\n<p><span style=\"color: #000000\">Piensa en tu alianza: que los rincones del pa\u00eds <\/span><br \/>\n<span style=\"color: #000000\">est\u00e1n llenos de violencias.<\/span><br \/>\n<span style=\"color: #000000\">Que el humilde no se marche defraudado, <\/span><br \/>\n<span style=\"color: #000000\">que pobres y afligidos alaben tu nombre.<\/span><\/p>\n<p><span style=\"color: #000000\">Lev\u00e1ntate, oh Dios, defiende tu causa: <\/span><br \/>\n<span style=\"color: #000000\">recuerda los ultrajes continuos del insensato;<\/span><br \/>\n<span style=\"color: #000000\">no olvides las voces de tus enemigos, <\/span><br \/>\n<span style=\"color: #000000\">el tumulto creciente de los rebeldes contra ti.<\/span><\/p>\n","protected":false},"excerpt":{"rendered":"<p>Salmo 74 Oh Dios, lev\u00e1ntate y defiende tu causa Poema de Asaf \u00bfPor qu\u00e9, oh Dios, nos rechazas para siempre y est\u00e1 ardiendo tu c\u00f3lera contra las ovejas de tu reba\u00f1o? Acu\u00e9rdate de la comunidad que adquiriste desde antiguo, de la tribu que rescataste para posesi\u00f3n tuya, del monte Si\u00f3n donde pusiste tu morada. Dirige&hellip; <a class=\"more-link\" href=\"https:\/\/catholic-television.com\/es\/salmo-74-dios-levanta-defiende-tu-causa\/\">Seguir leyendo <span class=\"screen-reader-text\">Salmo 74 &#8211; Oh Dios, lev\u00e1ntate y defiende tu causa<\/span><\/a><\/p>\n","protected":false},"author":7,"featured_media":14098,"comment_status":"open","ping_status":"open","sticky":false,"template":"","format":"standard","meta":{"footnotes":""},"categories":[668,13912],"tags":[29012,29015,29009,29014,29017,29006,29013,29010,29016,29007,29008,29011],"class_list":["post-14097","post","type-post","status-publish","format-standard","has-post-thumbnail","hentry","category-bienvenidos","category-salmos","tag-afrentar-enemigo","tag-aplastaste-leviatan","tag-arrasado-santuario","tag-cabezas-dragon","tag-dios-defiende","tag-dios-rechazas","tag-dios-rey","tag-fuego-santuario","tag-humilde-marche","tag-ovejas-rebano","tag-pasos-ruinas","tag-templos-dios","entry"],"yoast_head":"<!-- This site is optimized with the Yoast SEO plugin v27.5 - https:\/\/yoast.com\/product\/yoast-seo-wordpress\/ -->\n<title>Salmo 74 - Oh Dios, lev\u00e1ntate y defiende tu causa | Dios rechazas | rey<\/title>\n<meta name=\"description\" content=\"Defiende tu. Poema de Asaf \u00bfPor qu\u00e9, oh Dios, nos rechazas para siempre y est\u00e1 ardiendo tu c\u00f3lera contra las ovejas de tu reba\u00f1o? Acu\u00e9rdate de la comun...\" \/>\n<meta name=\"robots\" content=\"index, follow, max-snippet:-1, max-image-preview:large, max-video-preview:-1\" \/>\n<link rel=\"canonical\" href=\"https:\/\/catholic-television.com\/es\/salmo-74-dios-levanta-defiende-tu-causa\/\" \/>\n<meta property=\"og:locale\" content=\"es_ES\" \/>\n<meta property=\"og:type\" content=\"article\" \/>\n<meta property=\"og:title\" content=\"Salmo 74 - Oh Dios, lev\u00e1ntate y defiende tu causa | Dios rechazas | rey\" \/>\n<meta property=\"og:description\" content=\"Defiende tu. Poema de Asaf \u00bfPor qu\u00e9, oh Dios, nos rechazas para siempre y est\u00e1 ardiendo tu c\u00f3lera contra las ovejas de tu reba\u00f1o? Acu\u00e9rdate de la comun...\" \/>\n<meta property=\"og:url\" content=\"https:\/\/catholic-television.com\/es\/salmo-74-dios-levanta-defiende-tu-causa\/\" \/>\n<meta property=\"og:site_name\" content=\"Catholic-television\" \/>\n<meta property=\"article:publisher\" content=\"https:\/\/www.facebook.com\/catholic.television.production\/\" \/>\n<meta property=\"article:published_time\" content=\"2020-06-06T03:26:01+00:00\" \/>\n<meta property=\"og:image\" content=\"https:\/\/catholic-television.com\/wp-content\/uploads\/2020\/06\/Salmo-74-Oh-Dios-lev\u00e1ntate-y-defiende-tu-causa-Dios-rechazas-rey.jpg\" \/>\n\t<meta property=\"og:image:width\" content=\"1024\" \/>\n\t<meta property=\"og:image:height\" content=\"576\" \/>\n\t<meta property=\"og:image:type\" content=\"image\/jpeg\" \/>\n<meta name=\"author\" content=\"vlad\" \/>\n<meta name=\"twitter:card\" content=\"summary_large_image\" \/>\n<meta name=\"twitter:creator\" content=\"@catholictele\" \/>\n<meta name=\"twitter:site\" content=\"@catholictele\" \/>\n<meta name=\"twitter:label1\" content=\"Escrito por\" \/>\n\t<meta name=\"twitter:data1\" content=\"vlad\" \/>\n\t<meta name=\"twitter:label2\" content=\"Tiempo de lectura\" \/>\n\t<meta name=\"twitter:data2\" content=\"2 minutos\" \/>\n<script type=\"application\/ld+json\" class=\"yoast-schema-graph\">{\"@context\":\"https:\\\/\\\/schema.org\",\"@graph\":[{\"@type\":\"Article\",\"@id\":\"https:\\\/\\\/catholic-television.com\\\/es\\\/salmo-74-dios-levanta-defiende-tu-causa\\\/#article\",\"isPartOf\":{\"@id\":\"https:\\\/\\\/catholic-television.com\\\/es\\\/salmo-74-dios-levanta-defiende-tu-causa\\\/\"},\"author\":{\"name\":\"vlad\",\"@id\":\"https:\\\/\\\/catholic-television.com\\\/es\\\/#\\\/schema\\\/person\\\/3188c12fc213ed75be05c8a3a8650318\"},\"headline\":\"Salmo 74 &#8211; Oh Dios, lev\u00e1ntate y defiende tu causa\",\"datePublished\":\"2020-06-06T03:26:01+00:00\",\"mainEntityOfPage\":{\"@id\":\"https:\\\/\\\/catholic-television.com\\\/es\\\/salmo-74-dios-levanta-defiende-tu-causa\\\/\"},\"wordCount\":373,\"commentCount\":0,\"publisher\":{\"@id\":\"https:\\\/\\\/catholic-television.com\\\/es\\\/#organization\"},\"image\":{\"@id\":\"https:\\\/\\\/catholic-television.com\\\/es\\\/salmo-74-dios-levanta-defiende-tu-causa\\\/#primaryimage\"},\"thumbnailUrl\":\"https:\\\/\\\/catholic-television.com\\\/wp-content\\\/uploads\\\/2020\\\/06\\\/Salmo-74-Oh-Dios-lev\u00e1ntate-y-defiende-tu-causa-Dios-rechazas-rey.jpg\",\"keywords\":[\"afrentar enemigo\",\"aplastaste Leviat\u00e1n\",\"arrasado santuario\",\"cabezas drag\u00f3n\",\"Dios defiende\",\"Dios rechazas\",\"Dios rey\",\"fuego santuario\",\"humilde marche\",\"ovejas reba\u00f1o\",\"pasos ruinas\",\"templos Dios\"],\"articleSection\":[\"Bienvenidos\",\"Salmos\"],\"inLanguage\":\"es\",\"potentialAction\":[{\"@type\":\"CommentAction\",\"name\":\"Comment\",\"target\":[\"https:\\\/\\\/catholic-television.com\\\/es\\\/salmo-74-dios-levanta-defiende-tu-causa\\\/#respond\"]}]},{\"@type\":\"WebPage\",\"@id\":\"https:\\\/\\\/catholic-television.com\\\/es\\\/salmo-74-dios-levanta-defiende-tu-causa\\\/\",\"url\":\"https:\\\/\\\/catholic-television.com\\\/es\\\/salmo-74-dios-levanta-defiende-tu-causa\\\/\",\"name\":\"Salmo 74 - Oh Dios, lev\u00e1ntate y defiende tu causa | Dios rechazas | rey\",\"isPartOf\":{\"@id\":\"https:\\\/\\\/catholic-television.com\\\/es\\\/#website\"},\"primaryImageOfPage\":{\"@id\":\"https:\\\/\\\/catholic-television.com\\\/es\\\/salmo-74-dios-levanta-defiende-tu-causa\\\/#primaryimage\"},\"image\":{\"@id\":\"https:\\\/\\\/catholic-television.com\\\/es\\\/salmo-74-dios-levanta-defiende-tu-causa\\\/#primaryimage\"},\"thumbnailUrl\":\"https:\\\/\\\/catholic-television.com\\\/wp-content\\\/uploads\\\/2020\\\/06\\\/Salmo-74-Oh-Dios-lev\u00e1ntate-y-defiende-tu-causa-Dios-rechazas-rey.jpg\",\"datePublished\":\"2020-06-06T03:26:01+00:00\",\"description\":\"Defiende tu. Poema de Asaf \u00bfPor qu\u00e9, oh Dios, nos rechazas para siempre y est\u00e1 ardiendo tu c\u00f3lera contra las ovejas de tu reba\u00f1o? Acu\u00e9rdate de la comun...\",\"breadcrumb\":{\"@id\":\"https:\\\/\\\/catholic-television.com\\\/es\\\/salmo-74-dios-levanta-defiende-tu-causa\\\/#breadcrumb\"},\"inLanguage\":\"es\",\"potentialAction\":[{\"@type\":\"ReadAction\",\"target\":[\"https:\\\/\\\/catholic-television.com\\\/es\\\/salmo-74-dios-levanta-defiende-tu-causa\\\/\"]}]},{\"@type\":\"ImageObject\",\"inLanguage\":\"es\",\"@id\":\"https:\\\/\\\/catholic-television.com\\\/es\\\/salmo-74-dios-levanta-defiende-tu-causa\\\/#primaryimage\",\"url\":\"https:\\\/\\\/catholic-television.com\\\/wp-content\\\/uploads\\\/2020\\\/06\\\/Salmo-74-Oh-Dios-lev\u00e1ntate-y-defiende-tu-causa-Dios-rechazas-rey.jpg\",\"contentUrl\":\"https:\\\/\\\/catholic-television.com\\\/wp-content\\\/uploads\\\/2020\\\/06\\\/Salmo-74-Oh-Dios-lev\u00e1ntate-y-defiende-tu-causa-Dios-rechazas-rey.jpg\",\"width\":1024,\"height\":576,\"caption\":\"Salmo 74 - Oh Dios, lev\u00e1ntate y defiende tu causa | Dios rechazas | rey\"},{\"@type\":\"BreadcrumbList\",\"@id\":\"https:\\\/\\\/catholic-television.com\\\/es\\\/salmo-74-dios-levanta-defiende-tu-causa\\\/#breadcrumb\",\"itemListElement\":[{\"@type\":\"ListItem\",\"position\":1,\"name\":\"Portada\",\"item\":\"https:\\\/\\\/catholic-television.com\\\/es\\\/?lang=es\"},{\"@type\":\"ListItem\",\"position\":2,\"name\":\"Salmo 74 &#8211; Oh Dios, lev\u00e1ntate y defiende tu causa\"}]},{\"@type\":\"WebSite\",\"@id\":\"https:\\\/\\\/catholic-television.com\\\/es\\\/#website\",\"url\":\"https:\\\/\\\/catholic-television.com\\\/es\\\/\",\"name\":\"Catholic-television\",\"description\":\"Catholic Television\",\"publisher\":{\"@id\":\"https:\\\/\\\/catholic-television.com\\\/es\\\/#organization\"},\"potentialAction\":[{\"@type\":\"SearchAction\",\"target\":{\"@type\":\"EntryPoint\",\"urlTemplate\":\"https:\\\/\\\/catholic-television.com\\\/es\\\/?s={search_term_string}\"},\"query-input\":{\"@type\":\"PropertyValueSpecification\",\"valueRequired\":true,\"valueName\":\"search_term_string\"}}],\"inLanguage\":\"es\"},{\"@type\":\"Organization\",\"@id\":\"https:\\\/\\\/catholic-television.com\\\/es\\\/#organization\",\"name\":\"Catholic-television\",\"url\":\"https:\\\/\\\/catholic-television.com\\\/es\\\/\",\"logo\":{\"@type\":\"ImageObject\",\"inLanguage\":\"es\",\"@id\":\"https:\\\/\\\/catholic-television.com\\\/es\\\/#\\\/schema\\\/logo\\\/image\\\/\",\"url\":\"https:\\\/\\\/catholic-television.com\\\/wp-content\\\/uploads\\\/2019\\\/06\\\/catholic-tv_ok2.png\",\"contentUrl\":\"https:\\\/\\\/catholic-television.com\\\/wp-content\\\/uploads\\\/2019\\\/06\\\/catholic-tv_ok2.png\",\"width\":303,\"height\":99,\"caption\":\"Catholic-television\"},\"image\":{\"@id\":\"https:\\\/\\\/catholic-television.com\\\/es\\\/#\\\/schema\\\/logo\\\/image\\\/\"},\"sameAs\":[\"https:\\\/\\\/www.facebook.com\\\/catholic.television.production\\\/\",\"https:\\\/\\\/x.com\\\/catholictele\"]},{\"@type\":\"Person\",\"@id\":\"https:\\\/\\\/catholic-television.com\\\/es\\\/#\\\/schema\\\/person\\\/3188c12fc213ed75be05c8a3a8650318\",\"name\":\"vlad\",\"image\":{\"@type\":\"ImageObject\",\"inLanguage\":\"es\",\"@id\":\"https:\\\/\\\/secure.gravatar.com\\\/avatar\\\/fc95831d9c48ad0da181a29b0820e0beb60a927341a41b7ffd6b73a4ef239589?s=96&d=mm&r=g\",\"url\":\"https:\\\/\\\/secure.gravatar.com\\\/avatar\\\/fc95831d9c48ad0da181a29b0820e0beb60a927341a41b7ffd6b73a4ef239589?s=96&d=mm&r=g\",\"contentUrl\":\"https:\\\/\\\/secure.gravatar.com\\\/avatar\\\/fc95831d9c48ad0da181a29b0820e0beb60a927341a41b7ffd6b73a4ef239589?s=96&d=mm&r=g\",\"caption\":\"vlad\"}}]}<\/script>\n<!-- \/ Yoast SEO plugin. -->","yoast_head_json":{"title":"Salmo 74 - Oh Dios, lev\u00e1ntate y defiende tu causa | Dios rechazas | rey","description":"Defiende tu. Poema de Asaf \u00bfPor qu\u00e9, oh Dios, nos rechazas para siempre y est\u00e1 ardiendo tu c\u00f3lera contra las ovejas de tu reba\u00f1o? Acu\u00e9rdate de la comun...","robots":{"index":"index","follow":"follow","max-snippet":"max-snippet:-1","max-image-preview":"max-image-preview:large","max-video-preview":"max-video-preview:-1"},"canonical":"https:\/\/catholic-television.com\/es\/salmo-74-dios-levanta-defiende-tu-causa\/","og_locale":"es_ES","og_type":"article","og_title":"Salmo 74 - Oh Dios, lev\u00e1ntate y defiende tu causa | Dios rechazas | rey","og_description":"Defiende tu. Poema de Asaf \u00bfPor qu\u00e9, oh Dios, nos rechazas para siempre y est\u00e1 ardiendo tu c\u00f3lera contra las ovejas de tu reba\u00f1o? Acu\u00e9rdate de la comun...","og_url":"https:\/\/catholic-television.com\/es\/salmo-74-dios-levanta-defiende-tu-causa\/","og_site_name":"Catholic-television","article_publisher":"https:\/\/www.facebook.com\/catholic.television.production\/","article_published_time":"2020-06-06T03:26:01+00:00","og_image":[{"width":1024,"height":576,"url":"https:\/\/catholic-television.com\/wp-content\/uploads\/2020\/06\/Salmo-74-Oh-Dios-lev\u00e1ntate-y-defiende-tu-causa-Dios-rechazas-rey.jpg","type":"image\/jpeg"}],"author":"vlad","twitter_card":"summary_large_image","twitter_creator":"@catholictele","twitter_site":"@catholictele","twitter_misc":{"Escrito por":"vlad","Tiempo de lectura":"2 minutos"},"schema":{"@context":"https:\/\/schema.org","@graph":[{"@type":"Article","@id":"https:\/\/catholic-television.com\/es\/salmo-74-dios-levanta-defiende-tu-causa\/#article","isPartOf":{"@id":"https:\/\/catholic-television.com\/es\/salmo-74-dios-levanta-defiende-tu-causa\/"},"author":{"name":"vlad","@id":"https:\/\/catholic-television.com\/es\/#\/schema\/person\/3188c12fc213ed75be05c8a3a8650318"},"headline":"Salmo 74 &#8211; Oh Dios, lev\u00e1ntate y defiende tu causa","datePublished":"2020-06-06T03:26:01+00:00","mainEntityOfPage":{"@id":"https:\/\/catholic-television.com\/es\/salmo-74-dios-levanta-defiende-tu-causa\/"},"wordCount":373,"commentCount":0,"publisher":{"@id":"https:\/\/catholic-television.com\/es\/#organization"},"image":{"@id":"https:\/\/catholic-television.com\/es\/salmo-74-dios-levanta-defiende-tu-causa\/#primaryimage"},"thumbnailUrl":"https:\/\/catholic-television.com\/wp-content\/uploads\/2020\/06\/Salmo-74-Oh-Dios-lev\u00e1ntate-y-defiende-tu-causa-Dios-rechazas-rey.jpg","keywords":["afrentar enemigo","aplastaste Leviat\u00e1n","arrasado santuario","cabezas drag\u00f3n","Dios defiende","Dios rechazas","Dios rey","fuego santuario","humilde marche","ovejas reba\u00f1o","pasos ruinas","templos Dios"],"articleSection":["Bienvenidos","Salmos"],"inLanguage":"es","potentialAction":[{"@type":"CommentAction","name":"Comment","target":["https:\/\/catholic-television.com\/es\/salmo-74-dios-levanta-defiende-tu-causa\/#respond"]}]},{"@type":"WebPage","@id":"https:\/\/catholic-television.com\/es\/salmo-74-dios-levanta-defiende-tu-causa\/","url":"https:\/\/catholic-television.com\/es\/salmo-74-dios-levanta-defiende-tu-causa\/","name":"Salmo 74 - Oh Dios, lev\u00e1ntate y defiende tu causa | Dios rechazas | rey","isPartOf":{"@id":"https:\/\/catholic-television.com\/es\/#website"},"primaryImageOfPage":{"@id":"https:\/\/catholic-television.com\/es\/salmo-74-dios-levanta-defiende-tu-causa\/#primaryimage"},"image":{"@id":"https:\/\/catholic-television.com\/es\/salmo-74-dios-levanta-defiende-tu-causa\/#primaryimage"},"thumbnailUrl":"https:\/\/catholic-television.com\/wp-content\/uploads\/2020\/06\/Salmo-74-Oh-Dios-lev\u00e1ntate-y-defiende-tu-causa-Dios-rechazas-rey.jpg","datePublished":"2020-06-06T03:26:01+00:00","description":"Defiende tu. Poema de Asaf \u00bfPor qu\u00e9, oh Dios, nos rechazas para siempre y est\u00e1 ardiendo tu c\u00f3lera contra las ovejas de tu reba\u00f1o? Acu\u00e9rdate de la comun...","breadcrumb":{"@id":"https:\/\/catholic-television.com\/es\/salmo-74-dios-levanta-defiende-tu-causa\/#breadcrumb"},"inLanguage":"es","potentialAction":[{"@type":"ReadAction","target":["https:\/\/catholic-television.com\/es\/salmo-74-dios-levanta-defiende-tu-causa\/"]}]},{"@type":"ImageObject","inLanguage":"es","@id":"https:\/\/catholic-television.com\/es\/salmo-74-dios-levanta-defiende-tu-causa\/#primaryimage","url":"https:\/\/catholic-television.com\/wp-content\/uploads\/2020\/06\/Salmo-74-Oh-Dios-lev\u00e1ntate-y-defiende-tu-causa-Dios-rechazas-rey.jpg","contentUrl":"https:\/\/catholic-television.com\/wp-content\/uploads\/2020\/06\/Salmo-74-Oh-Dios-lev\u00e1ntate-y-defiende-tu-causa-Dios-rechazas-rey.jpg","width":1024,"height":576,"caption":"Salmo 74 - Oh Dios, lev\u00e1ntate y defiende tu causa | Dios rechazas | rey"},{"@type":"BreadcrumbList","@id":"https:\/\/catholic-television.com\/es\/salmo-74-dios-levanta-defiende-tu-causa\/#breadcrumb","itemListElement":[{"@type":"ListItem","position":1,"name":"Portada","item":"https:\/\/catholic-television.com\/es\/?lang=es"},{"@type":"ListItem","position":2,"name":"Salmo 74 &#8211; Oh Dios, lev\u00e1ntate y defiende tu causa"}]},{"@type":"WebSite","@id":"https:\/\/catholic-television.com\/es\/#website","url":"https:\/\/catholic-television.com\/es\/","name":"Catholic-television","description":"Catholic Television","publisher":{"@id":"https:\/\/catholic-television.com\/es\/#organization"},"potentialAction":[{"@type":"SearchAction","target":{"@type":"EntryPoint","urlTemplate":"https:\/\/catholic-television.com\/es\/?s={search_term_string}"},"query-input":{"@type":"PropertyValueSpecification","valueRequired":true,"valueName":"search_term_string"}}],"inLanguage":"es"},{"@type":"Organization","@id":"https:\/\/catholic-television.com\/es\/#organization","name":"Catholic-television","url":"https:\/\/catholic-television.com\/es\/","logo":{"@type":"ImageObject","inLanguage":"es","@id":"https:\/\/catholic-television.com\/es\/#\/schema\/logo\/image\/","url":"https:\/\/catholic-television.com\/wp-content\/uploads\/2019\/06\/catholic-tv_ok2.png","contentUrl":"https:\/\/catholic-television.com\/wp-content\/uploads\/2019\/06\/catholic-tv_ok2.png","width":303,"height":99,"caption":"Catholic-television"},"image":{"@id":"https:\/\/catholic-television.com\/es\/#\/schema\/logo\/image\/"},"sameAs":["https:\/\/www.facebook.com\/catholic.television.production\/","https:\/\/x.com\/catholictele"]},{"@type":"Person","@id":"https:\/\/catholic-television.com\/es\/#\/schema\/person\/3188c12fc213ed75be05c8a3a8650318","name":"vlad","image":{"@type":"ImageObject","inLanguage":"es","@id":"https:\/\/secure.gravatar.com\/avatar\/fc95831d9c48ad0da181a29b0820e0beb60a927341a41b7ffd6b73a4ef239589?s=96&d=mm&r=g","url":"https:\/\/secure.gravatar.com\/avatar\/fc95831d9c48ad0da181a29b0820e0beb60a927341a41b7ffd6b73a4ef239589?s=96&d=mm&r=g","contentUrl":"https:\/\/secure.gravatar.com\/avatar\/fc95831d9c48ad0da181a29b0820e0beb60a927341a41b7ffd6b73a4ef239589?s=96&d=mm&r=g","caption":"vlad"}}]}},"_links":{"self":[{"href":"https:\/\/catholic-television.com\/es\/wp-json\/wp\/v2\/posts\/14097","targetHints":{"allow":["GET"]}}],"collection":[{"href":"https:\/\/catholic-television.com\/es\/wp-json\/wp\/v2\/posts"}],"about":[{"href":"https:\/\/catholic-television.com\/es\/wp-json\/wp\/v2\/types\/post"}],"author":[{"embeddable":true,"href":"https:\/\/catholic-television.com\/es\/wp-json\/wp\/v2\/users\/7"}],"replies":[{"embeddable":true,"href":"https:\/\/catholic-television.com\/es\/wp-json\/wp\/v2\/comments?post=14097"}],"version-history":[{"count":1,"href":"https:\/\/catholic-television.com\/es\/wp-json\/wp\/v2\/posts\/14097\/revisions"}],"predecessor-version":[{"id":14103,"href":"https:\/\/catholic-television.com\/es\/wp-json\/wp\/v2\/posts\/14097\/revisions\/14103"}],"wp:featuredmedia":[{"embeddable":true,"href":"https:\/\/catholic-television.com\/es\/wp-json\/wp\/v2\/media\/14098"}],"wp:attachment":[{"href":"https:\/\/catholic-television.com\/es\/wp-json\/wp\/v2\/media?parent=14097"}],"wp:term":[{"taxonomy":"category","embeddable":true,"href":"https:\/\/catholic-television.com\/es\/wp-json\/wp\/v2\/categories?post=14097"},{"taxonomy":"post_tag","embeddable":true,"href":"https:\/\/catholic-television.com\/es\/wp-json\/wp\/v2\/tags?post=14097"}],"curies":[{"name":"wp","href":"https:\/\/api.w.org\/{rel}","templated":true}]}}