{"id":14076,"date":"2020-06-05T03:02:31","date_gmt":"2020-06-05T03:02:31","guid":{"rendered":"https:\/\/catholic-television.com\/wp-staging\/?p=14076"},"modified":"2020-06-05T03:02:31","modified_gmt":"2020-06-05T03:02:31","slug":"salmo-71-oracion-de-un-anciano","status":"publish","type":"post","link":"https:\/\/catholic-television.com\/es\/salmo-71-oracion-de-un-anciano\/","title":{"rendered":"Salmo 71 &#8211; Oraci\u00f3n de un anciano"},"content":{"rendered":"<p style=\"text-align: center\"><span style=\"color: #000000\"><strong>Salmo 71<\/strong><\/span><br \/>\n<span style=\"color: #000000\"><strong>Oraci\u00f3n de un anciano<\/strong><\/span><\/p>\n<p style=\"text-align: left\"><span style=\"color: #000000\">A ti, Se\u00f1or, me acojo: <\/span><br \/>\n<span style=\"color: #000000\">no quede yo derrotado para siempre.<\/span><br \/>\n<span style=\"color: #000000\">T\u00fa que eres justo, l\u00edbrame y ponme a salvo, <\/span><br \/>\n<span style=\"color: #000000\">inclina a m\u00ed tu o\u00eddo y s\u00e1lvame.<\/span><\/p>\n<p><span style=\"color: #000000\">S\u00e9 t\u00fa mi roca de refugio, <\/span><br \/>\n<span style=\"color: #000000\">el alc\u00e1zar donde me salve, <\/span><br \/>\n<span style=\"color: #000000\">porque mi pe\u00f1a y mi alc\u00e1zar eres t\u00fa.<\/span><br \/>\n<span style=\"color: #000000\">Dios m\u00edo, l\u00edbrame de la mano perversa, <\/span><br \/>\n<span style=\"color: #000000\">del pu\u00f1o criminal y violento.<\/span><\/p>\n<p><span style=\"color: #000000\">Porque t\u00fa, Se\u00f1or, fuiste mi esperanza <\/span><br \/>\n<span style=\"color: #000000\">y mi confianza, Se\u00f1or, desde mi juventud.<\/span><br \/>\n<span style=\"color: #000000\">En el vientre materno ya me apoyaba en ti, <\/span><br \/>\n<span style=\"color: #000000\">en el seno t\u00fa me sosten\u00edas, <\/span><br \/>\n<span style=\"color: #000000\">siempre he confiado en ti.<\/span><\/p>\n<p><span style=\"color: #000000\">Muchos me miraban como a un milagro, <\/span><br \/>\n<span style=\"color: #000000\">porque t\u00fa eres mi fuerte refugio.<\/span><br \/>\n<span style=\"color: #000000\">Llena estaba mi boca de tu alabanza <\/span><br \/>\n<span style=\"color: #000000\">y de tu gloria todo el d\u00eda.<\/span><\/p>\n<p><span style=\"color: #000000\">No me rechaces ahora en la vejez; <\/span><br \/>\n<span style=\"color: #000000\">me van faltando las fuerzas, no me abandones.<\/span><br \/>\n<span style=\"color: #000000\">Porque mis enemigos hablan de m\u00ed, <\/span><br \/>\n<span style=\"color: #000000\">los que acechan mi vida celebran consejo.<\/span><\/p>\n<p><span style=\"color: #000000\">Dicen: \u00abDios lo ha abandonado; <\/span><br \/>\n<span style=\"color: #000000\">perseguidlo, agarradlo, <\/span><br \/>\n<span style=\"color: #000000\">que nadie lo defiende\u00bb.<\/span><br \/>\n<span style=\"color: #000000\">Dios m\u00edo, no te quedes a distancia; <\/span><br \/>\n<span style=\"color: #000000\">Dios m\u00edo, ven aprisa a socorrerme.<\/span><\/p>\n<p><span style=\"color: #000000\">Que fracasen y se pierdan <\/span><br \/>\n<span style=\"color: #000000\">los que atentan contra mi vida, <\/span><br \/>\n<span style=\"color: #000000\">queden cubiertos de oprobio y verg\u00fcenza <\/span><br \/>\n<span style=\"color: #000000\">los que buscan mi da\u00f1o.<\/span><\/p>\n<p style=\"text-align: left\"><span style=\"color: #000000\">Yo, en cambio, seguir\u00e9 esperando, <\/span><br \/>\n<span style=\"color: #000000\">redoblar\u00e9 tus alabanzas;<\/span><br \/>\n<span style=\"color: #000000\">mi boca contar\u00e1 tu justicia, <\/span><br \/>\n<span style=\"color: #000000\">y todo el d\u00eda tu salvaci\u00f3n, <\/span><br \/>\n<span style=\"color: #000000\">aunque no sepa contarla.<\/span><\/p>\n<p style=\"text-align: left\"><span style=\"color: #000000\">Contar\u00e9 tus proezas, Se\u00f1or m\u00edo; <\/span><br \/>\n<span style=\"color: #000000\">narrar\u00e9 tu justicia, tuya entera.<\/span><br \/>\n<span style=\"color: #000000\">Dios m\u00edo, me instruiste desde mi juventud, <\/span><br \/>\n<span style=\"color: #000000\">y hasta hoy relato tus maravillas.<\/span><\/p>\n<p><span style=\"color: #000000\">Ahora, en la vejez y las canas, <\/span><br \/>\n<span style=\"color: #000000\">no me abandones, Dios m\u00edo, <\/span><br \/>\n<span style=\"color: #000000\">hasta que describa tu poder, <\/span><br \/>\n<span style=\"color: #000000\">tus haza\u00f1as a la nueva generaci\u00f3n.<\/span><\/p>\n<p><span style=\"color: #000000\">Tu justicia, oh Dios, es excelsa, <\/span><br \/>\n<span style=\"color: #000000\">porque t\u00fa hiciste maravillas: <\/span><br \/>\n<span style=\"color: #000000\">Dios m\u00edo, \u00bfqui\u00e9n como t\u00fa?<\/span><\/p>\n<p><span style=\"color: #000000\">Me hiciste pasar por peligros, <\/span><br \/>\n<span style=\"color: #000000\">muchos y graves: <\/span><br \/>\n<span style=\"color: #000000\">de nuevo me dar\u00e1s la vida, <\/span><br \/>\n<span style=\"color: #000000\">me har\u00e1s subir de lo hondo de la tierra;<\/span><br \/>\n<span style=\"color: #000000\">acrecer\u00e1s mi dignidad, <\/span><br \/>\n<span style=\"color: #000000\">de nuevo me consolar\u00e1s.<\/span><\/p>\n<p><span style=\"color: #000000\">Y yo te dar\u00e9 gracias, Dios m\u00edo, <\/span><br \/>\n<span style=\"color: #000000\">con el arpa, por tu lealtad; <\/span><br \/>\n<span style=\"color: #000000\">tocar\u00e9 para ti la c\u00edtara, <\/span><br \/>\n<span style=\"color: #000000\">Santo de Israel.<\/span><\/p>\n<p><span style=\"color: #000000\">Te aclamar\u00e1n mis labios, Se\u00f1or; <\/span><br \/>\n<span style=\"color: #000000\">mi alma, que t\u00fa redimiste;<\/span><br \/>\n<span style=\"color: #000000\">y mi lengua todo el d\u00eda <\/span><br \/>\n<span style=\"color: #000000\">recitar\u00e1 tu justicia, <\/span><br \/>\n<span style=\"color: #000000\">porque quedaron derrotados y afrentados <\/span><br \/>\n<span style=\"color: #000000\">los que buscaban mi da\u00f1o.<\/span><\/p>\n","protected":false},"excerpt":{"rendered":"<p>Salmo 71 Oraci\u00f3n de un anciano A ti, Se\u00f1or, me acojo: no quede yo derrotado para siempre. T\u00fa que eres justo, l\u00edbrame y ponme a salvo, inclina a m\u00ed tu o\u00eddo y s\u00e1lvame. S\u00e9 t\u00fa mi roca de refugio, el alc\u00e1zar donde me salve, porque mi pe\u00f1a y mi alc\u00e1zar eres t\u00fa. Dios m\u00edo, l\u00edbrame&hellip; <a class=\"more-link\" href=\"https:\/\/catholic-television.com\/es\/salmo-71-oracion-de-un-anciano\/\">Seguir leyendo <span class=\"screen-reader-text\">Salmo 71 &#8211; Oraci\u00f3n de un anciano<\/span><\/a><\/p>\n","protected":false},"author":7,"featured_media":14077,"comment_status":"open","ping_status":"open","sticky":false,"template":"","format":"standard","meta":{"footnotes":""},"categories":[668,13912],"tags":[28950,28948,28949,28944,28946,28947,28945,28943,28054,28942,28951,28941,27696,27985],"class_list":["post-14076","post","type-post","status-publish","format-standard","has-post-thumbnail","hentry","category-bienvenidos","category-salmos","tag-aclamaran-senor","tag-acreceras-dignidad","tag-arpa-lealtad","tag-boca-alabanza","tag-contara-justicia","tag-escriba-poder","tag-faltando-fuerzas","tag-fuerte-refugio","tag-justicia-dios","tag-mano-perversa","tag-recitara-justicia","tag-roca-refugio","tag-senor-acojo","tag-senor-esperanza","entry"],"yoast_head":"<!-- This site is optimized with the Yoast SEO plugin v27.4 - https:\/\/yoast.com\/product\/yoast-seo-wordpress\/ -->\n<title>Salmo 71 - Oraci\u00f3n de un anciano | Se\u00f1or acojo | roca refugio | lealtad<\/title>\n<meta name=\"description\" content=\"Anciano. A ti, Se\u00f1or, me acojo: no quede yo derrotado para siempre. T\u00fa que eres justo, l\u00edbrame y ponme a salvo, inclina a m\u00ed tu o\u00eddo y s\u00e1lvame. S\u00e9 t\u00fa mi...\" \/>\n<meta name=\"robots\" content=\"index, follow, max-snippet:-1, max-image-preview:large, max-video-preview:-1\" \/>\n<link rel=\"canonical\" href=\"https:\/\/catholic-television.com\/es\/salmo-71-oracion-de-un-anciano\/\" \/>\n<meta property=\"og:locale\" content=\"es_ES\" \/>\n<meta property=\"og:type\" content=\"article\" \/>\n<meta property=\"og:title\" content=\"Salmo 71 - Oraci\u00f3n de un anciano | Se\u00f1or acojo | roca refugio | lealtad\" \/>\n<meta property=\"og:description\" content=\"Anciano. A ti, Se\u00f1or, me acojo: no quede yo derrotado para siempre. T\u00fa que eres justo, l\u00edbrame y ponme a salvo, inclina a m\u00ed tu o\u00eddo y s\u00e1lvame. S\u00e9 t\u00fa mi...\" \/>\n<meta property=\"og:url\" content=\"https:\/\/catholic-television.com\/es\/salmo-71-oracion-de-un-anciano\/\" \/>\n<meta property=\"og:site_name\" content=\"Catholic-television\" \/>\n<meta property=\"article:publisher\" content=\"https:\/\/www.facebook.com\/catholic.television.production\/\" \/>\n<meta property=\"article:published_time\" content=\"2020-06-05T03:02:31+00:00\" \/>\n<meta property=\"og:image\" content=\"https:\/\/catholic-television.com\/wp-content\/uploads\/2020\/06\/Salmo-71-Oraci\u00f3n-de-un-anciano-Se\u00f1or-acojo-roca-refugio-lealtad.jpg\" \/>\n\t<meta property=\"og:image:width\" content=\"1024\" \/>\n\t<meta property=\"og:image:height\" content=\"576\" \/>\n\t<meta property=\"og:image:type\" content=\"image\/jpeg\" \/>\n<meta name=\"author\" content=\"vlad\" \/>\n<meta name=\"twitter:card\" content=\"summary_large_image\" \/>\n<meta name=\"twitter:creator\" content=\"@catholictele\" \/>\n<meta name=\"twitter:site\" content=\"@catholictele\" \/>\n<meta name=\"twitter:label1\" content=\"Escrito por\" \/>\n\t<meta name=\"twitter:data1\" content=\"vlad\" \/>\n\t<meta name=\"twitter:label2\" content=\"Tiempo de lectura\" \/>\n\t<meta name=\"twitter:data2\" content=\"2 minutos\" \/>\n<script type=\"application\/ld+json\" class=\"yoast-schema-graph\">{\"@context\":\"https:\\\/\\\/schema.org\",\"@graph\":[{\"@type\":\"Article\",\"@id\":\"https:\\\/\\\/catholic-television.com\\\/es\\\/salmo-71-oracion-de-un-anciano\\\/#article\",\"isPartOf\":{\"@id\":\"https:\\\/\\\/catholic-television.com\\\/es\\\/salmo-71-oracion-de-un-anciano\\\/\"},\"author\":{\"name\":\"vlad\",\"@id\":\"https:\\\/\\\/catholic-television.com\\\/es\\\/#\\\/schema\\\/person\\\/3188c12fc213ed75be05c8a3a8650318\"},\"headline\":\"Salmo 71 &#8211; Oraci\u00f3n de un anciano\",\"datePublished\":\"2020-06-05T03:02:31+00:00\",\"mainEntityOfPage\":{\"@id\":\"https:\\\/\\\/catholic-television.com\\\/es\\\/salmo-71-oracion-de-un-anciano\\\/\"},\"wordCount\":407,\"commentCount\":0,\"publisher\":{\"@id\":\"https:\\\/\\\/catholic-television.com\\\/es\\\/#organization\"},\"image\":{\"@id\":\"https:\\\/\\\/catholic-television.com\\\/es\\\/salmo-71-oracion-de-un-anciano\\\/#primaryimage\"},\"thumbnailUrl\":\"https:\\\/\\\/catholic-television.com\\\/wp-content\\\/uploads\\\/2020\\\/06\\\/Salmo-71-Oraci\u00f3n-de-un-anciano-Se\u00f1or-acojo-roca-refugio-lealtad.jpg\",\"keywords\":[\"aclamar\u00e1n Se\u00f1or\",\"acrecer\u00e1s dignidad\",\"arpa lealtad\",\"boca alabanza\",\"contar\u00e1 justicia\",\"escriba poder\",\"faltando fuerzas\",\"fuerte refugio\",\"justicia Dios\",\"mano perversa\",\"recitar\u00e1 justicia\",\"roca refugio\",\"Se\u00f1or acojo\",\"Se\u00f1or esperanza\"],\"articleSection\":[\"Bienvenidos\",\"Salmos\"],\"inLanguage\":\"es\",\"potentialAction\":[{\"@type\":\"CommentAction\",\"name\":\"Comment\",\"target\":[\"https:\\\/\\\/catholic-television.com\\\/es\\\/salmo-71-oracion-de-un-anciano\\\/#respond\"]}]},{\"@type\":\"WebPage\",\"@id\":\"https:\\\/\\\/catholic-television.com\\\/es\\\/salmo-71-oracion-de-un-anciano\\\/\",\"url\":\"https:\\\/\\\/catholic-television.com\\\/es\\\/salmo-71-oracion-de-un-anciano\\\/\",\"name\":\"Salmo 71 - Oraci\u00f3n de un anciano | Se\u00f1or acojo | roca refugio | lealtad\",\"isPartOf\":{\"@id\":\"https:\\\/\\\/catholic-television.com\\\/es\\\/#website\"},\"primaryImageOfPage\":{\"@id\":\"https:\\\/\\\/catholic-television.com\\\/es\\\/salmo-71-oracion-de-un-anciano\\\/#primaryimage\"},\"image\":{\"@id\":\"https:\\\/\\\/catholic-television.com\\\/es\\\/salmo-71-oracion-de-un-anciano\\\/#primaryimage\"},\"thumbnailUrl\":\"https:\\\/\\\/catholic-television.com\\\/wp-content\\\/uploads\\\/2020\\\/06\\\/Salmo-71-Oraci\u00f3n-de-un-anciano-Se\u00f1or-acojo-roca-refugio-lealtad.jpg\",\"datePublished\":\"2020-06-05T03:02:31+00:00\",\"description\":\"Anciano. A ti, Se\u00f1or, me acojo: no quede yo derrotado para siempre. T\u00fa que eres justo, l\u00edbrame y ponme a salvo, inclina a m\u00ed tu o\u00eddo y s\u00e1lvame. S\u00e9 t\u00fa mi...\",\"breadcrumb\":{\"@id\":\"https:\\\/\\\/catholic-television.com\\\/es\\\/salmo-71-oracion-de-un-anciano\\\/#breadcrumb\"},\"inLanguage\":\"es\",\"potentialAction\":[{\"@type\":\"ReadAction\",\"target\":[\"https:\\\/\\\/catholic-television.com\\\/es\\\/salmo-71-oracion-de-un-anciano\\\/\"]}]},{\"@type\":\"ImageObject\",\"inLanguage\":\"es\",\"@id\":\"https:\\\/\\\/catholic-television.com\\\/es\\\/salmo-71-oracion-de-un-anciano\\\/#primaryimage\",\"url\":\"https:\\\/\\\/catholic-television.com\\\/wp-content\\\/uploads\\\/2020\\\/06\\\/Salmo-71-Oraci\u00f3n-de-un-anciano-Se\u00f1or-acojo-roca-refugio-lealtad.jpg\",\"contentUrl\":\"https:\\\/\\\/catholic-television.com\\\/wp-content\\\/uploads\\\/2020\\\/06\\\/Salmo-71-Oraci\u00f3n-de-un-anciano-Se\u00f1or-acojo-roca-refugio-lealtad.jpg\",\"width\":1024,\"height\":576,\"caption\":\"Salmo 71 - Oraci\u00f3n de un anciano | Se\u00f1or acojo | roca refugio | lealtad\"},{\"@type\":\"BreadcrumbList\",\"@id\":\"https:\\\/\\\/catholic-television.com\\\/es\\\/salmo-71-oracion-de-un-anciano\\\/#breadcrumb\",\"itemListElement\":[{\"@type\":\"ListItem\",\"position\":1,\"name\":\"Portada\",\"item\":\"https:\\\/\\\/catholic-television.com\\\/es\\\/?lang=es\"},{\"@type\":\"ListItem\",\"position\":2,\"name\":\"Salmo 71 &#8211; Oraci\u00f3n de un anciano\"}]},{\"@type\":\"WebSite\",\"@id\":\"https:\\\/\\\/catholic-television.com\\\/es\\\/#website\",\"url\":\"https:\\\/\\\/catholic-television.com\\\/es\\\/\",\"name\":\"Catholic-television\",\"description\":\"Catholic Television\",\"publisher\":{\"@id\":\"https:\\\/\\\/catholic-television.com\\\/es\\\/#organization\"},\"potentialAction\":[{\"@type\":\"SearchAction\",\"target\":{\"@type\":\"EntryPoint\",\"urlTemplate\":\"https:\\\/\\\/catholic-television.com\\\/es\\\/?s={search_term_string}\"},\"query-input\":{\"@type\":\"PropertyValueSpecification\",\"valueRequired\":true,\"valueName\":\"search_term_string\"}}],\"inLanguage\":\"es\"},{\"@type\":\"Organization\",\"@id\":\"https:\\\/\\\/catholic-television.com\\\/es\\\/#organization\",\"name\":\"Catholic-television\",\"url\":\"https:\\\/\\\/catholic-television.com\\\/es\\\/\",\"logo\":{\"@type\":\"ImageObject\",\"inLanguage\":\"es\",\"@id\":\"https:\\\/\\\/catholic-television.com\\\/es\\\/#\\\/schema\\\/logo\\\/image\\\/\",\"url\":\"https:\\\/\\\/catholic-television.com\\\/wp-content\\\/uploads\\\/2019\\\/06\\\/catholic-tv_ok2.png\",\"contentUrl\":\"https:\\\/\\\/catholic-television.com\\\/wp-content\\\/uploads\\\/2019\\\/06\\\/catholic-tv_ok2.png\",\"width\":303,\"height\":99,\"caption\":\"Catholic-television\"},\"image\":{\"@id\":\"https:\\\/\\\/catholic-television.com\\\/es\\\/#\\\/schema\\\/logo\\\/image\\\/\"},\"sameAs\":[\"https:\\\/\\\/www.facebook.com\\\/catholic.television.production\\\/\",\"https:\\\/\\\/x.com\\\/catholictele\"]},{\"@type\":\"Person\",\"@id\":\"https:\\\/\\\/catholic-television.com\\\/es\\\/#\\\/schema\\\/person\\\/3188c12fc213ed75be05c8a3a8650318\",\"name\":\"vlad\",\"image\":{\"@type\":\"ImageObject\",\"inLanguage\":\"es\",\"@id\":\"https:\\\/\\\/secure.gravatar.com\\\/avatar\\\/fc95831d9c48ad0da181a29b0820e0beb60a927341a41b7ffd6b73a4ef239589?s=96&d=mm&r=g\",\"url\":\"https:\\\/\\\/secure.gravatar.com\\\/avatar\\\/fc95831d9c48ad0da181a29b0820e0beb60a927341a41b7ffd6b73a4ef239589?s=96&d=mm&r=g\",\"contentUrl\":\"https:\\\/\\\/secure.gravatar.com\\\/avatar\\\/fc95831d9c48ad0da181a29b0820e0beb60a927341a41b7ffd6b73a4ef239589?s=96&d=mm&r=g\",\"caption\":\"vlad\"}}]}<\/script>\n<!-- \/ Yoast SEO plugin. -->","yoast_head_json":{"title":"Salmo 71 - Oraci\u00f3n de un anciano | Se\u00f1or acojo | roca refugio | lealtad","description":"Anciano. A ti, Se\u00f1or, me acojo: no quede yo derrotado para siempre. T\u00fa que eres justo, l\u00edbrame y ponme a salvo, inclina a m\u00ed tu o\u00eddo y s\u00e1lvame. S\u00e9 t\u00fa mi...","robots":{"index":"index","follow":"follow","max-snippet":"max-snippet:-1","max-image-preview":"max-image-preview:large","max-video-preview":"max-video-preview:-1"},"canonical":"https:\/\/catholic-television.com\/es\/salmo-71-oracion-de-un-anciano\/","og_locale":"es_ES","og_type":"article","og_title":"Salmo 71 - Oraci\u00f3n de un anciano | Se\u00f1or acojo | roca refugio | lealtad","og_description":"Anciano. A ti, Se\u00f1or, me acojo: no quede yo derrotado para siempre. T\u00fa que eres justo, l\u00edbrame y ponme a salvo, inclina a m\u00ed tu o\u00eddo y s\u00e1lvame. S\u00e9 t\u00fa mi...","og_url":"https:\/\/catholic-television.com\/es\/salmo-71-oracion-de-un-anciano\/","og_site_name":"Catholic-television","article_publisher":"https:\/\/www.facebook.com\/catholic.television.production\/","article_published_time":"2020-06-05T03:02:31+00:00","og_image":[{"width":1024,"height":576,"url":"https:\/\/catholic-television.com\/wp-content\/uploads\/2020\/06\/Salmo-71-Oraci\u00f3n-de-un-anciano-Se\u00f1or-acojo-roca-refugio-lealtad.jpg","type":"image\/jpeg"}],"author":"vlad","twitter_card":"summary_large_image","twitter_creator":"@catholictele","twitter_site":"@catholictele","twitter_misc":{"Escrito por":"vlad","Tiempo de lectura":"2 minutos"},"schema":{"@context":"https:\/\/schema.org","@graph":[{"@type":"Article","@id":"https:\/\/catholic-television.com\/es\/salmo-71-oracion-de-un-anciano\/#article","isPartOf":{"@id":"https:\/\/catholic-television.com\/es\/salmo-71-oracion-de-un-anciano\/"},"author":{"name":"vlad","@id":"https:\/\/catholic-television.com\/es\/#\/schema\/person\/3188c12fc213ed75be05c8a3a8650318"},"headline":"Salmo 71 &#8211; Oraci\u00f3n de un anciano","datePublished":"2020-06-05T03:02:31+00:00","mainEntityOfPage":{"@id":"https:\/\/catholic-television.com\/es\/salmo-71-oracion-de-un-anciano\/"},"wordCount":407,"commentCount":0,"publisher":{"@id":"https:\/\/catholic-television.com\/es\/#organization"},"image":{"@id":"https:\/\/catholic-television.com\/es\/salmo-71-oracion-de-un-anciano\/#primaryimage"},"thumbnailUrl":"https:\/\/catholic-television.com\/wp-content\/uploads\/2020\/06\/Salmo-71-Oraci\u00f3n-de-un-anciano-Se\u00f1or-acojo-roca-refugio-lealtad.jpg","keywords":["aclamar\u00e1n Se\u00f1or","acrecer\u00e1s dignidad","arpa lealtad","boca alabanza","contar\u00e1 justicia","escriba poder","faltando fuerzas","fuerte refugio","justicia Dios","mano perversa","recitar\u00e1 justicia","roca refugio","Se\u00f1or acojo","Se\u00f1or esperanza"],"articleSection":["Bienvenidos","Salmos"],"inLanguage":"es","potentialAction":[{"@type":"CommentAction","name":"Comment","target":["https:\/\/catholic-television.com\/es\/salmo-71-oracion-de-un-anciano\/#respond"]}]},{"@type":"WebPage","@id":"https:\/\/catholic-television.com\/es\/salmo-71-oracion-de-un-anciano\/","url":"https:\/\/catholic-television.com\/es\/salmo-71-oracion-de-un-anciano\/","name":"Salmo 71 - Oraci\u00f3n de un anciano | Se\u00f1or acojo | roca refugio | lealtad","isPartOf":{"@id":"https:\/\/catholic-television.com\/es\/#website"},"primaryImageOfPage":{"@id":"https:\/\/catholic-television.com\/es\/salmo-71-oracion-de-un-anciano\/#primaryimage"},"image":{"@id":"https:\/\/catholic-television.com\/es\/salmo-71-oracion-de-un-anciano\/#primaryimage"},"thumbnailUrl":"https:\/\/catholic-television.com\/wp-content\/uploads\/2020\/06\/Salmo-71-Oraci\u00f3n-de-un-anciano-Se\u00f1or-acojo-roca-refugio-lealtad.jpg","datePublished":"2020-06-05T03:02:31+00:00","description":"Anciano. A ti, Se\u00f1or, me acojo: no quede yo derrotado para siempre. T\u00fa que eres justo, l\u00edbrame y ponme a salvo, inclina a m\u00ed tu o\u00eddo y s\u00e1lvame. S\u00e9 t\u00fa mi...","breadcrumb":{"@id":"https:\/\/catholic-television.com\/es\/salmo-71-oracion-de-un-anciano\/#breadcrumb"},"inLanguage":"es","potentialAction":[{"@type":"ReadAction","target":["https:\/\/catholic-television.com\/es\/salmo-71-oracion-de-un-anciano\/"]}]},{"@type":"ImageObject","inLanguage":"es","@id":"https:\/\/catholic-television.com\/es\/salmo-71-oracion-de-un-anciano\/#primaryimage","url":"https:\/\/catholic-television.com\/wp-content\/uploads\/2020\/06\/Salmo-71-Oraci\u00f3n-de-un-anciano-Se\u00f1or-acojo-roca-refugio-lealtad.jpg","contentUrl":"https:\/\/catholic-television.com\/wp-content\/uploads\/2020\/06\/Salmo-71-Oraci\u00f3n-de-un-anciano-Se\u00f1or-acojo-roca-refugio-lealtad.jpg","width":1024,"height":576,"caption":"Salmo 71 - Oraci\u00f3n de un anciano | Se\u00f1or acojo | roca refugio | lealtad"},{"@type":"BreadcrumbList","@id":"https:\/\/catholic-television.com\/es\/salmo-71-oracion-de-un-anciano\/#breadcrumb","itemListElement":[{"@type":"ListItem","position":1,"name":"Portada","item":"https:\/\/catholic-television.com\/es\/?lang=es"},{"@type":"ListItem","position":2,"name":"Salmo 71 &#8211; Oraci\u00f3n de un anciano"}]},{"@type":"WebSite","@id":"https:\/\/catholic-television.com\/es\/#website","url":"https:\/\/catholic-television.com\/es\/","name":"Catholic-television","description":"Catholic Television","publisher":{"@id":"https:\/\/catholic-television.com\/es\/#organization"},"potentialAction":[{"@type":"SearchAction","target":{"@type":"EntryPoint","urlTemplate":"https:\/\/catholic-television.com\/es\/?s={search_term_string}"},"query-input":{"@type":"PropertyValueSpecification","valueRequired":true,"valueName":"search_term_string"}}],"inLanguage":"es"},{"@type":"Organization","@id":"https:\/\/catholic-television.com\/es\/#organization","name":"Catholic-television","url":"https:\/\/catholic-television.com\/es\/","logo":{"@type":"ImageObject","inLanguage":"es","@id":"https:\/\/catholic-television.com\/es\/#\/schema\/logo\/image\/","url":"https:\/\/catholic-television.com\/wp-content\/uploads\/2019\/06\/catholic-tv_ok2.png","contentUrl":"https:\/\/catholic-television.com\/wp-content\/uploads\/2019\/06\/catholic-tv_ok2.png","width":303,"height":99,"caption":"Catholic-television"},"image":{"@id":"https:\/\/catholic-television.com\/es\/#\/schema\/logo\/image\/"},"sameAs":["https:\/\/www.facebook.com\/catholic.television.production\/","https:\/\/x.com\/catholictele"]},{"@type":"Person","@id":"https:\/\/catholic-television.com\/es\/#\/schema\/person\/3188c12fc213ed75be05c8a3a8650318","name":"vlad","image":{"@type":"ImageObject","inLanguage":"es","@id":"https:\/\/secure.gravatar.com\/avatar\/fc95831d9c48ad0da181a29b0820e0beb60a927341a41b7ffd6b73a4ef239589?s=96&d=mm&r=g","url":"https:\/\/secure.gravatar.com\/avatar\/fc95831d9c48ad0da181a29b0820e0beb60a927341a41b7ffd6b73a4ef239589?s=96&d=mm&r=g","contentUrl":"https:\/\/secure.gravatar.com\/avatar\/fc95831d9c48ad0da181a29b0820e0beb60a927341a41b7ffd6b73a4ef239589?s=96&d=mm&r=g","caption":"vlad"}}]}},"_links":{"self":[{"href":"https:\/\/catholic-television.com\/es\/wp-json\/wp\/v2\/posts\/14076","targetHints":{"allow":["GET"]}}],"collection":[{"href":"https:\/\/catholic-television.com\/es\/wp-json\/wp\/v2\/posts"}],"about":[{"href":"https:\/\/catholic-television.com\/es\/wp-json\/wp\/v2\/types\/post"}],"author":[{"embeddable":true,"href":"https:\/\/catholic-television.com\/es\/wp-json\/wp\/v2\/users\/7"}],"replies":[{"embeddable":true,"href":"https:\/\/catholic-television.com\/es\/wp-json\/wp\/v2\/comments?post=14076"}],"version-history":[{"count":1,"href":"https:\/\/catholic-television.com\/es\/wp-json\/wp\/v2\/posts\/14076\/revisions"}],"predecessor-version":[{"id":14082,"href":"https:\/\/catholic-television.com\/es\/wp-json\/wp\/v2\/posts\/14076\/revisions\/14082"}],"wp:featuredmedia":[{"embeddable":true,"href":"https:\/\/catholic-television.com\/es\/wp-json\/wp\/v2\/media\/14077"}],"wp:attachment":[{"href":"https:\/\/catholic-television.com\/es\/wp-json\/wp\/v2\/media?parent=14076"}],"wp:term":[{"taxonomy":"category","embeddable":true,"href":"https:\/\/catholic-television.com\/es\/wp-json\/wp\/v2\/categories?post=14076"},{"taxonomy":"post_tag","embeddable":true,"href":"https:\/\/catholic-television.com\/es\/wp-json\/wp\/v2\/tags?post=14076"}],"curies":[{"name":"wp","href":"https:\/\/api.w.org\/{rel}","templated":true}]}}