{"id":14069,"date":"2020-06-05T02:54:15","date_gmt":"2020-06-05T02:54:15","guid":{"rendered":"https:\/\/catholic-television.com\/wp-staging\/?p=14069"},"modified":"2020-06-05T02:54:15","modified_gmt":"2020-06-05T02:54:15","slug":"salmo-70-en-la-persecucion","status":"publish","type":"post","link":"https:\/\/catholic-television.com\/es\/salmo-70-en-la-persecucion\/","title":{"rendered":"Salmo 70 &#8211; En la persecuci\u00f3n"},"content":{"rendered":"<p style=\"text-align: center\"><span style=\"color: #000000\"><strong>Salmo 70<\/strong><\/span><br \/>\n<span style=\"color: #000000\"><strong>En la persecuci\u00f3n<\/strong><\/span><\/p>\n<p><span style=\"color: #000000\">Al Director. De David. En conmemoraci\u00f3n.<\/span><\/p>\n<p><span style=\"color: #000000\">Dios m\u00edo, ven en mi auxilio; <\/span><br \/>\n<span style=\"color: #000000\">Se\u00f1or, date prisa en socorrerme.<\/span><\/p>\n<p><span style=\"color: #000000\">Sufran una derrota ignominiosa <\/span><br \/>\n<span style=\"color: #000000\">los que me persiguen a muerte; <\/span><br \/>\n<span style=\"color: #000000\">vuelvan la espalda afrentados <\/span><br \/>\n<span style=\"color: #000000\">los que traman mi da\u00f1o.<\/span><\/p>\n<p><span style=\"color: #000000\">Ret\u00edrense avergonzados <\/span><br \/>\n<span style=\"color: #000000\">los que se r\u00eden de m\u00ed.<\/span><\/p>\n<p><span style=\"color: #000000\">Al\u00e9grense y gocen contigo <\/span><br \/>\n<span style=\"color: #000000\">todos los que te buscan; <\/span><br \/>\n<span style=\"color: #000000\">y digan siempre: \u00abDios es grande\u00bb, <\/span><br \/>\n<span style=\"color: #000000\">los que desean tu salvaci\u00f3n.<\/span><\/p>\n<p><span style=\"color: #000000\">Yo soy pobre y desgraciado: <\/span><br \/>\n<span style=\"color: #000000\">oh Dios, soc\u00f3rreme, <\/span><br \/>\n<span style=\"color: #000000\">que t\u00fa eres mi auxilio y mi liberaci\u00f3n. <\/span><br \/>\n<span style=\"color: #000000\">\u00a1Se\u00f1or, no tardes!<\/span><\/p>\n","protected":false},"excerpt":{"rendered":"<p>Salmo 70 En la persecuci\u00f3n Al Director. De David. En conmemoraci\u00f3n. Dios m\u00edo, ven en mi auxilio; Se\u00f1or, date prisa en socorrerme. Sufran una derrota ignominiosa los que me persiguen a muerte; vuelvan la espalda afrentados los que traman mi da\u00f1o. Ret\u00edrense avergonzados los que se r\u00eden de m\u00ed. Al\u00e9grense y gocen contigo todos los&hellip; <a class=\"more-link\" href=\"https:\/\/catholic-television.com\/es\/salmo-70-en-la-persecucion\/\">Seguir leyendo <span class=\"screen-reader-text\">Salmo 70 &#8211; En la persecuci\u00f3n<\/span><\/a><\/p>\n","protected":false},"author":7,"featured_media":14070,"comment_status":"open","ping_status":"open","sticky":false,"template":"","format":"standard","meta":{"footnotes":""},"categories":[668,13912],"tags":[28008,28927,28932,28931,28933,28930,28926,28934,28929,28928],"class_list":["post-14069","post","type-post","status-publish","format-standard","has-post-thumbnail","hentry","category-bienvenidos","category-salmos","tag-auxilio-liberacion","tag-derrota-ignominiosa","tag-desean-salvacion","tag-dios-grande","tag-dios-socorreme","tag-retirense-avergonzados","tag-senor-socorrerme","tag-senor-tardes","tag-traman-dano","tag-vuelvan-espalda","entry"],"yoast_head":"<!-- This site is optimized with the Yoast SEO plugin v27.4 - https:\/\/yoast.com\/product\/yoast-seo-wordpress\/ -->\n<title>Salmo 70 - En la persecuci\u00f3n | Dios auxilio | Se\u00f1or socorrerme | derrota<\/title>\n<meta name=\"description\" content=\"Salmo. Al Director. De David. En conmemoraci\u00f3n. Dios m\u00edo, ven en mi auxilio; Se\u00f1or, date prisa en socorrerme. Sufran una derrota ignominiosa los...\" \/>\n<meta name=\"robots\" content=\"index, follow, max-snippet:-1, max-image-preview:large, max-video-preview:-1\" \/>\n<link rel=\"canonical\" href=\"https:\/\/catholic-television.com\/es\/salmo-70-en-la-persecucion\/\" \/>\n<meta property=\"og:locale\" content=\"es_ES\" \/>\n<meta property=\"og:type\" content=\"article\" \/>\n<meta property=\"og:title\" content=\"Salmo 70 - En la persecuci\u00f3n | Dios auxilio | Se\u00f1or socorrerme | derrota\" \/>\n<meta property=\"og:description\" content=\"Salmo. Al Director. De David. En conmemoraci\u00f3n. Dios m\u00edo, ven en mi auxilio; Se\u00f1or, date prisa en socorrerme. Sufran una derrota ignominiosa los...\" \/>\n<meta property=\"og:url\" content=\"https:\/\/catholic-television.com\/es\/salmo-70-en-la-persecucion\/\" \/>\n<meta property=\"og:site_name\" content=\"Catholic-television\" \/>\n<meta property=\"article:publisher\" content=\"https:\/\/www.facebook.com\/catholic.television.production\/\" \/>\n<meta property=\"article:published_time\" content=\"2020-06-05T02:54:15+00:00\" \/>\n<meta property=\"og:image\" content=\"https:\/\/catholic-television.com\/wp-content\/uploads\/2020\/06\/Salmo-70-En-la-persecuci\u00f3n-Dios-auxilio-Se\u00f1or-socorrerme-derrota.jpg\" \/>\n\t<meta property=\"og:image:width\" content=\"1024\" \/>\n\t<meta property=\"og:image:height\" content=\"576\" \/>\n\t<meta property=\"og:image:type\" content=\"image\/jpeg\" \/>\n<meta name=\"author\" content=\"vlad\" \/>\n<meta name=\"twitter:card\" content=\"summary_large_image\" \/>\n<meta name=\"twitter:creator\" content=\"@catholictele\" \/>\n<meta name=\"twitter:site\" content=\"@catholictele\" \/>\n<meta name=\"twitter:label1\" content=\"Escrito por\" \/>\n\t<meta name=\"twitter:data1\" content=\"vlad\" \/>\n<script type=\"application\/ld+json\" class=\"yoast-schema-graph\">{\"@context\":\"https:\\\/\\\/schema.org\",\"@graph\":[{\"@type\":\"Article\",\"@id\":\"https:\\\/\\\/catholic-television.com\\\/es\\\/salmo-70-en-la-persecucion\\\/#article\",\"isPartOf\":{\"@id\":\"https:\\\/\\\/catholic-television.com\\\/es\\\/salmo-70-en-la-persecucion\\\/\"},\"author\":{\"name\":\"vlad\",\"@id\":\"https:\\\/\\\/catholic-television.com\\\/es\\\/#\\\/schema\\\/person\\\/3188c12fc213ed75be05c8a3a8650318\"},\"headline\":\"Salmo 70 &#8211; En la persecuci\u00f3n\",\"datePublished\":\"2020-06-05T02:54:15+00:00\",\"mainEntityOfPage\":{\"@id\":\"https:\\\/\\\/catholic-television.com\\\/es\\\/salmo-70-en-la-persecucion\\\/\"},\"wordCount\":105,\"commentCount\":0,\"publisher\":{\"@id\":\"https:\\\/\\\/catholic-television.com\\\/es\\\/#organization\"},\"image\":{\"@id\":\"https:\\\/\\\/catholic-television.com\\\/es\\\/salmo-70-en-la-persecucion\\\/#primaryimage\"},\"thumbnailUrl\":\"https:\\\/\\\/catholic-television.com\\\/wp-content\\\/uploads\\\/2020\\\/06\\\/Salmo-70-En-la-persecuci\u00f3n-Dios-auxilio-Se\u00f1or-socorrerme-derrota.jpg\",\"keywords\":[\"auxilio liberaci\u00f3n\",\"derrota ignominiosa\",\"desean salvaci\u00f3n\",\"Dios grande\",\"Dios soc\u00f3rreme\",\"ret\u00edrense avergonzados\",\"Se\u00f1or socorrerme\",\"Se\u00f1or tardes\",\"traman da\u00f1o\",\"vuelvan espalda\"],\"articleSection\":[\"Bienvenidos\",\"Salmos\"],\"inLanguage\":\"es\",\"potentialAction\":[{\"@type\":\"CommentAction\",\"name\":\"Comment\",\"target\":[\"https:\\\/\\\/catholic-television.com\\\/es\\\/salmo-70-en-la-persecucion\\\/#respond\"]}]},{\"@type\":\"WebPage\",\"@id\":\"https:\\\/\\\/catholic-television.com\\\/es\\\/salmo-70-en-la-persecucion\\\/\",\"url\":\"https:\\\/\\\/catholic-television.com\\\/es\\\/salmo-70-en-la-persecucion\\\/\",\"name\":\"Salmo 70 - En la persecuci\u00f3n | Dios auxilio | Se\u00f1or socorrerme | derrota\",\"isPartOf\":{\"@id\":\"https:\\\/\\\/catholic-television.com\\\/es\\\/#website\"},\"primaryImageOfPage\":{\"@id\":\"https:\\\/\\\/catholic-television.com\\\/es\\\/salmo-70-en-la-persecucion\\\/#primaryimage\"},\"image\":{\"@id\":\"https:\\\/\\\/catholic-television.com\\\/es\\\/salmo-70-en-la-persecucion\\\/#primaryimage\"},\"thumbnailUrl\":\"https:\\\/\\\/catholic-television.com\\\/wp-content\\\/uploads\\\/2020\\\/06\\\/Salmo-70-En-la-persecuci\u00f3n-Dios-auxilio-Se\u00f1or-socorrerme-derrota.jpg\",\"datePublished\":\"2020-06-05T02:54:15+00:00\",\"description\":\"Salmo. Al Director. De David. En conmemoraci\u00f3n. Dios m\u00edo, ven en mi auxilio; Se\u00f1or, date prisa en socorrerme. Sufran una derrota ignominiosa los...\",\"breadcrumb\":{\"@id\":\"https:\\\/\\\/catholic-television.com\\\/es\\\/salmo-70-en-la-persecucion\\\/#breadcrumb\"},\"inLanguage\":\"es\",\"potentialAction\":[{\"@type\":\"ReadAction\",\"target\":[\"https:\\\/\\\/catholic-television.com\\\/es\\\/salmo-70-en-la-persecucion\\\/\"]}]},{\"@type\":\"ImageObject\",\"inLanguage\":\"es\",\"@id\":\"https:\\\/\\\/catholic-television.com\\\/es\\\/salmo-70-en-la-persecucion\\\/#primaryimage\",\"url\":\"https:\\\/\\\/catholic-television.com\\\/wp-content\\\/uploads\\\/2020\\\/06\\\/Salmo-70-En-la-persecuci\u00f3n-Dios-auxilio-Se\u00f1or-socorrerme-derrota.jpg\",\"contentUrl\":\"https:\\\/\\\/catholic-television.com\\\/wp-content\\\/uploads\\\/2020\\\/06\\\/Salmo-70-En-la-persecuci\u00f3n-Dios-auxilio-Se\u00f1or-socorrerme-derrota.jpg\",\"width\":1024,\"height\":576,\"caption\":\"Salmo 70 - En la persecuci\u00f3n | Dios auxilio | Se\u00f1or socorrerme | derrota\"},{\"@type\":\"BreadcrumbList\",\"@id\":\"https:\\\/\\\/catholic-television.com\\\/es\\\/salmo-70-en-la-persecucion\\\/#breadcrumb\",\"itemListElement\":[{\"@type\":\"ListItem\",\"position\":1,\"name\":\"Portada\",\"item\":\"https:\\\/\\\/catholic-television.com\\\/es\\\/?lang=es\"},{\"@type\":\"ListItem\",\"position\":2,\"name\":\"Salmo 70 &#8211; En la persecuci\u00f3n\"}]},{\"@type\":\"WebSite\",\"@id\":\"https:\\\/\\\/catholic-television.com\\\/es\\\/#website\",\"url\":\"https:\\\/\\\/catholic-television.com\\\/es\\\/\",\"name\":\"Catholic-television\",\"description\":\"Catholic Television\",\"publisher\":{\"@id\":\"https:\\\/\\\/catholic-television.com\\\/es\\\/#organization\"},\"potentialAction\":[{\"@type\":\"SearchAction\",\"target\":{\"@type\":\"EntryPoint\",\"urlTemplate\":\"https:\\\/\\\/catholic-television.com\\\/es\\\/?s={search_term_string}\"},\"query-input\":{\"@type\":\"PropertyValueSpecification\",\"valueRequired\":true,\"valueName\":\"search_term_string\"}}],\"inLanguage\":\"es\"},{\"@type\":\"Organization\",\"@id\":\"https:\\\/\\\/catholic-television.com\\\/es\\\/#organization\",\"name\":\"Catholic-television\",\"url\":\"https:\\\/\\\/catholic-television.com\\\/es\\\/\",\"logo\":{\"@type\":\"ImageObject\",\"inLanguage\":\"es\",\"@id\":\"https:\\\/\\\/catholic-television.com\\\/es\\\/#\\\/schema\\\/logo\\\/image\\\/\",\"url\":\"https:\\\/\\\/catholic-television.com\\\/wp-content\\\/uploads\\\/2019\\\/06\\\/catholic-tv_ok2.png\",\"contentUrl\":\"https:\\\/\\\/catholic-television.com\\\/wp-content\\\/uploads\\\/2019\\\/06\\\/catholic-tv_ok2.png\",\"width\":303,\"height\":99,\"caption\":\"Catholic-television\"},\"image\":{\"@id\":\"https:\\\/\\\/catholic-television.com\\\/es\\\/#\\\/schema\\\/logo\\\/image\\\/\"},\"sameAs\":[\"https:\\\/\\\/www.facebook.com\\\/catholic.television.production\\\/\",\"https:\\\/\\\/x.com\\\/catholictele\"]},{\"@type\":\"Person\",\"@id\":\"https:\\\/\\\/catholic-television.com\\\/es\\\/#\\\/schema\\\/person\\\/3188c12fc213ed75be05c8a3a8650318\",\"name\":\"vlad\",\"image\":{\"@type\":\"ImageObject\",\"inLanguage\":\"es\",\"@id\":\"https:\\\/\\\/secure.gravatar.com\\\/avatar\\\/fc95831d9c48ad0da181a29b0820e0beb60a927341a41b7ffd6b73a4ef239589?s=96&d=mm&r=g\",\"url\":\"https:\\\/\\\/secure.gravatar.com\\\/avatar\\\/fc95831d9c48ad0da181a29b0820e0beb60a927341a41b7ffd6b73a4ef239589?s=96&d=mm&r=g\",\"contentUrl\":\"https:\\\/\\\/secure.gravatar.com\\\/avatar\\\/fc95831d9c48ad0da181a29b0820e0beb60a927341a41b7ffd6b73a4ef239589?s=96&d=mm&r=g\",\"caption\":\"vlad\"}}]}<\/script>\n<!-- \/ Yoast SEO plugin. -->","yoast_head_json":{"title":"Salmo 70 - En la persecuci\u00f3n | Dios auxilio | Se\u00f1or socorrerme | derrota","description":"Salmo. Al Director. De David. En conmemoraci\u00f3n. Dios m\u00edo, ven en mi auxilio; Se\u00f1or, date prisa en socorrerme. Sufran una derrota ignominiosa los...","robots":{"index":"index","follow":"follow","max-snippet":"max-snippet:-1","max-image-preview":"max-image-preview:large","max-video-preview":"max-video-preview:-1"},"canonical":"https:\/\/catholic-television.com\/es\/salmo-70-en-la-persecucion\/","og_locale":"es_ES","og_type":"article","og_title":"Salmo 70 - En la persecuci\u00f3n | Dios auxilio | Se\u00f1or socorrerme | derrota","og_description":"Salmo. Al Director. De David. En conmemoraci\u00f3n. Dios m\u00edo, ven en mi auxilio; Se\u00f1or, date prisa en socorrerme. Sufran una derrota ignominiosa los...","og_url":"https:\/\/catholic-television.com\/es\/salmo-70-en-la-persecucion\/","og_site_name":"Catholic-television","article_publisher":"https:\/\/www.facebook.com\/catholic.television.production\/","article_published_time":"2020-06-05T02:54:15+00:00","og_image":[{"width":1024,"height":576,"url":"https:\/\/catholic-television.com\/wp-content\/uploads\/2020\/06\/Salmo-70-En-la-persecuci\u00f3n-Dios-auxilio-Se\u00f1or-socorrerme-derrota.jpg","type":"image\/jpeg"}],"author":"vlad","twitter_card":"summary_large_image","twitter_creator":"@catholictele","twitter_site":"@catholictele","twitter_misc":{"Escrito por":"vlad"},"schema":{"@context":"https:\/\/schema.org","@graph":[{"@type":"Article","@id":"https:\/\/catholic-television.com\/es\/salmo-70-en-la-persecucion\/#article","isPartOf":{"@id":"https:\/\/catholic-television.com\/es\/salmo-70-en-la-persecucion\/"},"author":{"name":"vlad","@id":"https:\/\/catholic-television.com\/es\/#\/schema\/person\/3188c12fc213ed75be05c8a3a8650318"},"headline":"Salmo 70 &#8211; En la persecuci\u00f3n","datePublished":"2020-06-05T02:54:15+00:00","mainEntityOfPage":{"@id":"https:\/\/catholic-television.com\/es\/salmo-70-en-la-persecucion\/"},"wordCount":105,"commentCount":0,"publisher":{"@id":"https:\/\/catholic-television.com\/es\/#organization"},"image":{"@id":"https:\/\/catholic-television.com\/es\/salmo-70-en-la-persecucion\/#primaryimage"},"thumbnailUrl":"https:\/\/catholic-television.com\/wp-content\/uploads\/2020\/06\/Salmo-70-En-la-persecuci\u00f3n-Dios-auxilio-Se\u00f1or-socorrerme-derrota.jpg","keywords":["auxilio liberaci\u00f3n","derrota ignominiosa","desean salvaci\u00f3n","Dios grande","Dios soc\u00f3rreme","ret\u00edrense avergonzados","Se\u00f1or socorrerme","Se\u00f1or tardes","traman da\u00f1o","vuelvan espalda"],"articleSection":["Bienvenidos","Salmos"],"inLanguage":"es","potentialAction":[{"@type":"CommentAction","name":"Comment","target":["https:\/\/catholic-television.com\/es\/salmo-70-en-la-persecucion\/#respond"]}]},{"@type":"WebPage","@id":"https:\/\/catholic-television.com\/es\/salmo-70-en-la-persecucion\/","url":"https:\/\/catholic-television.com\/es\/salmo-70-en-la-persecucion\/","name":"Salmo 70 - En la persecuci\u00f3n | Dios auxilio | Se\u00f1or socorrerme | derrota","isPartOf":{"@id":"https:\/\/catholic-television.com\/es\/#website"},"primaryImageOfPage":{"@id":"https:\/\/catholic-television.com\/es\/salmo-70-en-la-persecucion\/#primaryimage"},"image":{"@id":"https:\/\/catholic-television.com\/es\/salmo-70-en-la-persecucion\/#primaryimage"},"thumbnailUrl":"https:\/\/catholic-television.com\/wp-content\/uploads\/2020\/06\/Salmo-70-En-la-persecuci\u00f3n-Dios-auxilio-Se\u00f1or-socorrerme-derrota.jpg","datePublished":"2020-06-05T02:54:15+00:00","description":"Salmo. Al Director. De David. En conmemoraci\u00f3n. Dios m\u00edo, ven en mi auxilio; Se\u00f1or, date prisa en socorrerme. Sufran una derrota ignominiosa los...","breadcrumb":{"@id":"https:\/\/catholic-television.com\/es\/salmo-70-en-la-persecucion\/#breadcrumb"},"inLanguage":"es","potentialAction":[{"@type":"ReadAction","target":["https:\/\/catholic-television.com\/es\/salmo-70-en-la-persecucion\/"]}]},{"@type":"ImageObject","inLanguage":"es","@id":"https:\/\/catholic-television.com\/es\/salmo-70-en-la-persecucion\/#primaryimage","url":"https:\/\/catholic-television.com\/wp-content\/uploads\/2020\/06\/Salmo-70-En-la-persecuci\u00f3n-Dios-auxilio-Se\u00f1or-socorrerme-derrota.jpg","contentUrl":"https:\/\/catholic-television.com\/wp-content\/uploads\/2020\/06\/Salmo-70-En-la-persecuci\u00f3n-Dios-auxilio-Se\u00f1or-socorrerme-derrota.jpg","width":1024,"height":576,"caption":"Salmo 70 - En la persecuci\u00f3n | Dios auxilio | Se\u00f1or socorrerme | derrota"},{"@type":"BreadcrumbList","@id":"https:\/\/catholic-television.com\/es\/salmo-70-en-la-persecucion\/#breadcrumb","itemListElement":[{"@type":"ListItem","position":1,"name":"Portada","item":"https:\/\/catholic-television.com\/es\/?lang=es"},{"@type":"ListItem","position":2,"name":"Salmo 70 &#8211; En la persecuci\u00f3n"}]},{"@type":"WebSite","@id":"https:\/\/catholic-television.com\/es\/#website","url":"https:\/\/catholic-television.com\/es\/","name":"Catholic-television","description":"Catholic Television","publisher":{"@id":"https:\/\/catholic-television.com\/es\/#organization"},"potentialAction":[{"@type":"SearchAction","target":{"@type":"EntryPoint","urlTemplate":"https:\/\/catholic-television.com\/es\/?s={search_term_string}"},"query-input":{"@type":"PropertyValueSpecification","valueRequired":true,"valueName":"search_term_string"}}],"inLanguage":"es"},{"@type":"Organization","@id":"https:\/\/catholic-television.com\/es\/#organization","name":"Catholic-television","url":"https:\/\/catholic-television.com\/es\/","logo":{"@type":"ImageObject","inLanguage":"es","@id":"https:\/\/catholic-television.com\/es\/#\/schema\/logo\/image\/","url":"https:\/\/catholic-television.com\/wp-content\/uploads\/2019\/06\/catholic-tv_ok2.png","contentUrl":"https:\/\/catholic-television.com\/wp-content\/uploads\/2019\/06\/catholic-tv_ok2.png","width":303,"height":99,"caption":"Catholic-television"},"image":{"@id":"https:\/\/catholic-television.com\/es\/#\/schema\/logo\/image\/"},"sameAs":["https:\/\/www.facebook.com\/catholic.television.production\/","https:\/\/x.com\/catholictele"]},{"@type":"Person","@id":"https:\/\/catholic-television.com\/es\/#\/schema\/person\/3188c12fc213ed75be05c8a3a8650318","name":"vlad","image":{"@type":"ImageObject","inLanguage":"es","@id":"https:\/\/secure.gravatar.com\/avatar\/fc95831d9c48ad0da181a29b0820e0beb60a927341a41b7ffd6b73a4ef239589?s=96&d=mm&r=g","url":"https:\/\/secure.gravatar.com\/avatar\/fc95831d9c48ad0da181a29b0820e0beb60a927341a41b7ffd6b73a4ef239589?s=96&d=mm&r=g","contentUrl":"https:\/\/secure.gravatar.com\/avatar\/fc95831d9c48ad0da181a29b0820e0beb60a927341a41b7ffd6b73a4ef239589?s=96&d=mm&r=g","caption":"vlad"}}]}},"_links":{"self":[{"href":"https:\/\/catholic-television.com\/es\/wp-json\/wp\/v2\/posts\/14069","targetHints":{"allow":["GET"]}}],"collection":[{"href":"https:\/\/catholic-television.com\/es\/wp-json\/wp\/v2\/posts"}],"about":[{"href":"https:\/\/catholic-television.com\/es\/wp-json\/wp\/v2\/types\/post"}],"author":[{"embeddable":true,"href":"https:\/\/catholic-television.com\/es\/wp-json\/wp\/v2\/users\/7"}],"replies":[{"embeddable":true,"href":"https:\/\/catholic-television.com\/es\/wp-json\/wp\/v2\/comments?post=14069"}],"version-history":[{"count":1,"href":"https:\/\/catholic-television.com\/es\/wp-json\/wp\/v2\/posts\/14069\/revisions"}],"predecessor-version":[{"id":14075,"href":"https:\/\/catholic-television.com\/es\/wp-json\/wp\/v2\/posts\/14069\/revisions\/14075"}],"wp:featuredmedia":[{"embeddable":true,"href":"https:\/\/catholic-television.com\/es\/wp-json\/wp\/v2\/media\/14070"}],"wp:attachment":[{"href":"https:\/\/catholic-television.com\/es\/wp-json\/wp\/v2\/media?parent=14069"}],"wp:term":[{"taxonomy":"category","embeddable":true,"href":"https:\/\/catholic-television.com\/es\/wp-json\/wp\/v2\/categories?post=14069"},{"taxonomy":"post_tag","embeddable":true,"href":"https:\/\/catholic-television.com\/es\/wp-json\/wp\/v2\/tags?post=14069"}],"curies":[{"name":"wp","href":"https:\/\/api.w.org\/{rel}","templated":true}]}}