{"id":13660,"date":"2020-05-30T03:24:40","date_gmt":"2020-05-30T03:24:40","guid":{"rendered":"https:\/\/catholic-television.com\/wp-staging\/?p=13660"},"modified":"2020-05-30T03:24:40","modified_gmt":"2020-05-30T03:24:40","slug":"la-felicidad-para-justo-ruina-impios","status":"publish","type":"post","link":"https:\/\/catholic-television.com\/es\/la-felicidad-para-justo-ruina-impios\/","title":{"rendered":"Salmo 37 &#8211; La felicidad ser\u00e1 para el justo y la ruina para los imp\u00edos"},"content":{"rendered":"<p style=\"text-align: center\"><span style=\"color: #000000\"><strong>Salmo 37<\/strong><\/span><br \/>\n<span style=\"color: #000000\"><strong>La felicidad ser\u00e1 para el justo y la ruina para los imp\u00edos<\/strong><\/span><\/p>\n<p><span style=\"color: #000000\">De David.<\/span><\/p>\n<p><span style=\"color: #000000\">(\u00c1lef) No te exasperes por los malvados,<\/span><br \/>\n<span style=\"color: #000000\">no envidies a los que obran el mal:<\/span><br \/>\n<span style=\"color: #000000\">se secar\u00e1n pronto, como la hierba,<\/span><br \/>\n<span style=\"color: #000000\">como el c\u00e9sped verde se agostar\u00e1n.<\/span><\/p>\n<p><span style=\"color: #000000\">(Bet) Conf\u00eda en el Se\u00f1or y haz el bien:<\/span><br \/>\n<span style=\"color: #000000\">habitar\u00e1s tu tierra y reposar\u00e1s en ella en fidelidad;<\/span><br \/>\n<span style=\"color: #000000\">sea el Se\u00f1or tu delicia,<\/span><br \/>\n<span style=\"color: #000000\">y \u00e9l te dar\u00e1 lo que pide tu coraz\u00f3n.<\/span><\/p>\n<p><span style=\"color: #000000\">(Gu\u00edmel) Encomienda tu camino al Se\u00f1or,<\/span><br \/>\n<span style=\"color: #000000\">conf\u00eda en \u00e9l, y \u00e9l actuar\u00e1:<\/span><br \/>\n<span style=\"color: #000000\">har\u00e1 tu justicia como el amanecer,<\/span><br \/>\n<span style=\"color: #000000\">tu derecho como el mediod\u00eda.<\/span><\/p>\n<p><span style=\"color: #000000\">(D\u00e1let) Descansa en el Se\u00f1or y espera en \u00e9l,<\/span><br \/>\n<span style=\"color: #000000\">no te exasperes por el hombre que triunfa<\/span><br \/>\n<span style=\"color: #000000\">empleando la intriga.<\/span><\/p>\n<p><span style=\"color: #000000\">(He) Coh\u00edbe la ira, reprime el coraje;<\/span><br \/>\n<span style=\"color: #000000\">no te exasperes, no sea que obres mal;<\/span><br \/>\n<span style=\"color: #000000\">porque los que obran mal son excluidos,<\/span><br \/>\n<span style=\"color: #000000\">pero los que esperan en el Se\u00f1or poseer\u00e1n la tierra.<\/span><\/p>\n<p><span style=\"color: #000000\">(Vau) Aguarda un momento: desapareci\u00f3 el malvado,<\/span><br \/>\n<span style=\"color: #000000\">f\u00edjate en su sitio: ya no est\u00e1;<\/span><br \/>\n<span style=\"color: #000000\">en cambio, los sufridos poseen la tierra<\/span><br \/>\n<span style=\"color: #000000\">y disfrutan de paz abundante.<\/span><\/p>\n<p><span style=\"color: #000000\">(Zain) El malvado intriga contra el justo,<\/span><br \/>\n<span style=\"color: #000000\">rechina sus dientes contra \u00e9l;<\/span><br \/>\n<span style=\"color: #000000\">pero el Se\u00f1or se r\u00ede de \u00e9l,<\/span><br \/>\n<span style=\"color: #000000\">porque ve que le llega su hora.<\/span><\/p>\n<p><span style=\"color: #000000\">(Jet) Los malvados desenvainan la espada,<\/span><br \/>\n<span style=\"color: #000000\">asestan el arco,<\/span><br \/>\n<span style=\"color: #000000\">para abatir a los pobres y humildes,<\/span><br \/>\n<span style=\"color: #000000\">para asesinar a los honrados;<\/span><br \/>\n<span style=\"color: #000000\">pero su espada les atravesar\u00e1 el coraz\u00f3n,<\/span><br \/>\n<span style=\"color: #000000\">sus arcos se romper\u00e1n.<\/span><\/p>\n<p><span style=\"color: #000000\">(Tet) Mejor es ser honrado con poco<\/span><br \/>\n<span style=\"color: #000000\">que ser malvado en la opulencia;<\/span><br \/>\n<span style=\"color: #000000\">pues al malvado se le romper\u00e1n los brazos,<\/span><br \/>\n<span style=\"color: #000000\">pero al honrado lo sostiene el Se\u00f1or.<\/span><\/p>\n<p><span style=\"color: #000000\">(Yod) El Se\u00f1or vela por los d\u00edas de los buenos,<\/span><br \/>\n<span style=\"color: #000000\">y su herencia durar\u00e1 siempre;<\/span><br \/>\n<span style=\"color: #000000\">no se agostar\u00e1n en tiempo de sequ\u00eda,<\/span><br \/>\n<span style=\"color: #000000\">en tiempo de hambre se saciar\u00e1n.<\/span><\/p>\n<p><span style=\"color: #000000\">(Kaf) Pero los malvados perecer\u00e1n,<\/span><br \/>\n<span style=\"color: #000000\">los enemigos del Se\u00f1or<\/span><br \/>\n<span style=\"color: #000000\">se marchitar\u00e1n como la belleza de un prado,<\/span><br \/>\n<span style=\"color: #000000\">en humo se disipar\u00e1n.<\/span><\/p>\n<p><span style=\"color: #000000\">(L\u00e1med) El malvado pide prestado y no devuelve,<\/span><br \/>\n<span style=\"color: #000000\">el justo se compadece y perdona.<\/span><br \/>\n<span style=\"color: #000000\">Los que el Se\u00f1or bendice poseen la tierra,<\/span><br \/>\n<span style=\"color: #000000\">los que \u00e9l maldice son excluidos.<\/span><\/p>\n<p><span style=\"color: #000000\">(Mem) El Se\u00f1or asegura los pasos del hombre,<\/span><br \/>\n<span style=\"color: #000000\">se complace en sus caminos;<\/span><br \/>\n<span style=\"color: #000000\">si tropieza, no caer\u00e1,<\/span><br \/>\n<span style=\"color: #000000\">porque el Se\u00f1or lo tiene de la mano.<\/span><\/p>\n<p><span style=\"color: #000000\">(Nun) Fui joven, ya soy viejo:<\/span><br \/>\n<span style=\"color: #000000\">nunca he visto a un justo abandonado,<\/span><br \/>\n<span style=\"color: #000000\">ni a su linaje mendigando el pan.<\/span><br \/>\n<span style=\"color: #000000\">A diario se compadece y da prestado;<\/span><br \/>\n<span style=\"color: #000000\">bendita ser\u00e1 su descendencia.<\/span><\/p>\n<p><span style=\"color: #000000\">(S\u00e1mek) Ap\u00e1rtate del mal y haz el bien,<\/span><br \/>\n<span style=\"color: #000000\">y siempre tendr\u00e1s una casa;<\/span><br \/>\n<span style=\"color: #000000\">porque el Se\u00f1or ama la justicia<\/span><br \/>\n<span style=\"color: #000000\">y no abandona a sus fieles.<\/span><\/p>\n<p><span style=\"color: #000000\">(Ayin) Los inicuos son exterminados,<\/span><br \/>\n<span style=\"color: #000000\">la estirpe de los malvados se extinguir\u00e1;<\/span><br \/>\n<span style=\"color: #000000\">pero los justos poseen la tierra,<\/span><br \/>\n<span style=\"color: #000000\">la habitar\u00e1n por siempre jam\u00e1s.<\/span><\/p>\n<p><span style=\"color: #000000\">(Pe) La boca del justo expone la sabidur\u00eda,<\/span><br \/>\n<span style=\"color: #000000\">su lengua explica el derecho;<\/span><br \/>\n<span style=\"color: #000000\">porque lleva en el coraz\u00f3n la ley de su Dios,<\/span><br \/>\n<span style=\"color: #000000\">y sus pasos no vacilan.<\/span><\/p>\n<p><span style=\"color: #000000\">(Sade) El malvado esp\u00eda al justo<\/span><br \/>\n<span style=\"color: #000000\">e intenta darle muerte;<\/span><br \/>\n<span style=\"color: #000000\">pero el Se\u00f1or no lo entrega en sus manos,<\/span><br \/>\n<span style=\"color: #000000\">no deja que lo condenen en el juicio.<\/span><\/p>\n<p><span style=\"color: #000000\">(Qof) Conf\u00eda en el Se\u00f1or, sigue su camino;<\/span><br \/>\n<span style=\"color: #000000\">\u00e9l te levantar\u00e1 a poseer la tierra,<\/span><br \/>\n<span style=\"color: #000000\">y ver\u00e1s la expulsi\u00f3n de los malvados.<\/span><\/p>\n<p><span style=\"color: #000000\">(Res) Vi a un malvado que se jactaba,<\/span><br \/>\n<span style=\"color: #000000\">que prosperaba como un cedro frondoso;<\/span><br \/>\n<span style=\"color: #000000\">volv\u00ed a pasar, y ya no estaba;<\/span><br \/>\n<span style=\"color: #000000\">lo busqu\u00e9, y no lo encontr\u00e9.<\/span><\/p>\n<p><span style=\"color: #000000\">(Sin) Observa al honrado, f\u00edjate en el bueno:<\/span><br \/>\n<span style=\"color: #000000\">porque el pac\u00edfico tendr\u00e1 porvenir;<\/span><br \/>\n<span style=\"color: #000000\">los imp\u00edos ser\u00e1n totalmente aniquilados,<\/span><br \/>\n<span style=\"color: #000000\">el porvenir de los malvados quedar\u00e1 truncado.<\/span><\/p>\n<p><span style=\"color: #000000\">(Tau) El Se\u00f1or es quien salva a los justos,<\/span><br \/>\n<span style=\"color: #000000\">\u00e9l es su alc\u00e1zar en el peligro;<\/span><br \/>\n<span style=\"color: #000000\">el Se\u00f1or los protege y los libra,<\/span><br \/>\n<span style=\"color: #000000\">los libra de los malvados y los salva<\/span><br \/>\n<span style=\"color: #000000\">porque se acogen a \u00e9l.<\/span><\/p>\n","protected":false},"excerpt":{"rendered":"<p>Salmo 37 La felicidad ser\u00e1 para el justo y la ruina para los imp\u00edos De David. (\u00c1lef) No te exasperes por los malvados, no envidies a los que obran el mal: se secar\u00e1n pronto, como la hierba, como el c\u00e9sped verde se agostar\u00e1n. (Bet) Conf\u00eda en el Se\u00f1or y haz el bien: habitar\u00e1s tu tierra&hellip; <a class=\"more-link\" href=\"https:\/\/catholic-television.com\/es\/la-felicidad-para-justo-ruina-impios\/\">Seguir leyendo <span class=\"screen-reader-text\">Salmo 37 &#8211; La felicidad ser\u00e1 para el justo y la ruina para los imp\u00edos<\/span><\/a><\/p>\n","protected":false},"author":7,"featured_media":13661,"comment_status":"open","ping_status":"open","sticky":false,"template":"","format":"standard","meta":{"footnotes":""},"categories":[668,13912],"tags":[27945,27939,27937,27941,27935,27942,27943,27944,27936,27938,27940],"class_list":["post-13660","post","type-post","status-publish","format-standard","has-post-thumbnail","hentry","category-bienvenidos","category-salmos","tag-condenen-juicio","tag-descansa-senor","tag-encomienda-camino","tag-enemigos-senor","tag-exasperes-malvados","tag-justo-abandonado","tag-justo-sabiduria","tag-malvados-extinguira","tag-obran-mal","tag-reposaras-fidelidad","tag-senor-vela","entry"],"yoast_head":"<!-- This site is optimized with the Yoast SEO plugin v27.4 - https:\/\/yoast.com\/product\/yoast-seo-wordpress\/ -->\n<title>Salmo 37 - La felicidad ser\u00e1 para el justo y la ruina para los imp\u00edos | obran mal<\/title>\n<meta name=\"description\" content=\"Justo. De David. (\u00c1lef) No te exasperes por los malvados, no envidies a los que obran el mal: se secar\u00e1n pronto, como la hierba, como el c\u00e9sped verde se...\" \/>\n<meta name=\"robots\" content=\"index, follow, max-snippet:-1, max-image-preview:large, max-video-preview:-1\" \/>\n<link rel=\"canonical\" href=\"https:\/\/catholic-television.com\/es\/la-felicidad-para-justo-ruina-impios\/\" \/>\n<meta property=\"og:locale\" content=\"es_ES\" \/>\n<meta property=\"og:type\" content=\"article\" \/>\n<meta property=\"og:title\" content=\"Salmo 37 - La felicidad ser\u00e1 para el justo y la ruina para los imp\u00edos | obran mal\" \/>\n<meta property=\"og:description\" content=\"Justo. De David. (\u00c1lef) No te exasperes por los malvados, no envidies a los que obran el mal: se secar\u00e1n pronto, como la hierba, como el c\u00e9sped verde se...\" \/>\n<meta property=\"og:url\" content=\"https:\/\/catholic-television.com\/es\/la-felicidad-para-justo-ruina-impios\/\" \/>\n<meta property=\"og:site_name\" content=\"Catholic-television\" \/>\n<meta property=\"article:publisher\" content=\"https:\/\/www.facebook.com\/catholic.television.production\/\" \/>\n<meta property=\"article:published_time\" content=\"2020-05-30T03:24:40+00:00\" \/>\n<meta property=\"og:image\" content=\"https:\/\/catholic-television.com\/wp-content\/uploads\/2020\/05\/Salmo-37-La-felicidad-ser\u00e1-para-el-justo-y-la-ruina-para-los-imp\u00edos-obran-mal.jpg\" \/>\n\t<meta property=\"og:image:width\" content=\"1024\" \/>\n\t<meta property=\"og:image:height\" content=\"576\" \/>\n\t<meta property=\"og:image:type\" content=\"image\/jpeg\" \/>\n<meta name=\"author\" content=\"vlad\" \/>\n<meta name=\"twitter:card\" content=\"summary_large_image\" \/>\n<meta name=\"twitter:creator\" content=\"@catholictele\" \/>\n<meta name=\"twitter:site\" content=\"@catholictele\" \/>\n<meta name=\"twitter:label1\" content=\"Escrito por\" \/>\n\t<meta name=\"twitter:data1\" content=\"vlad\" \/>\n\t<meta name=\"twitter:label2\" content=\"Tiempo de lectura\" \/>\n\t<meta name=\"twitter:data2\" content=\"3 minutos\" \/>\n<script type=\"application\/ld+json\" class=\"yoast-schema-graph\">{\"@context\":\"https:\\\/\\\/schema.org\",\"@graph\":[{\"@type\":\"Article\",\"@id\":\"https:\\\/\\\/catholic-television.com\\\/es\\\/la-felicidad-para-justo-ruina-impios\\\/#article\",\"isPartOf\":{\"@id\":\"https:\\\/\\\/catholic-television.com\\\/es\\\/la-felicidad-para-justo-ruina-impios\\\/\"},\"author\":{\"name\":\"vlad\",\"@id\":\"https:\\\/\\\/catholic-television.com\\\/es\\\/#\\\/schema\\\/person\\\/3188c12fc213ed75be05c8a3a8650318\"},\"headline\":\"Salmo 37 &#8211; La felicidad ser\u00e1 para el justo y la ruina para los imp\u00edos\",\"datePublished\":\"2020-05-30T03:24:40+00:00\",\"mainEntityOfPage\":{\"@id\":\"https:\\\/\\\/catholic-television.com\\\/es\\\/la-felicidad-para-justo-ruina-impios\\\/\"},\"wordCount\":682,\"commentCount\":0,\"publisher\":{\"@id\":\"https:\\\/\\\/catholic-television.com\\\/es\\\/#organization\"},\"image\":{\"@id\":\"https:\\\/\\\/catholic-television.com\\\/es\\\/la-felicidad-para-justo-ruina-impios\\\/#primaryimage\"},\"thumbnailUrl\":\"https:\\\/\\\/catholic-television.com\\\/wp-content\\\/uploads\\\/2020\\\/05\\\/Salmo-37-La-felicidad-ser\u00e1-para-el-justo-y-la-ruina-para-los-imp\u00edos-obran-mal.jpg\",\"keywords\":[\"condenen juicio\",\"descansa Se\u00f1or\",\"encomienda camino\",\"enemigos Se\u00f1or\",\"exasperes malvados\",\"justo abandonado\",\"justo sabidur\u00eda\",\"malvados extinguir\u00e1\",\"obran mal\",\"reposar\u00e1s fidelidad\",\"Se\u00f1or vela\"],\"articleSection\":[\"Bienvenidos\",\"Salmos\"],\"inLanguage\":\"es\",\"potentialAction\":[{\"@type\":\"CommentAction\",\"name\":\"Comment\",\"target\":[\"https:\\\/\\\/catholic-television.com\\\/es\\\/la-felicidad-para-justo-ruina-impios\\\/#respond\"]}]},{\"@type\":\"WebPage\",\"@id\":\"https:\\\/\\\/catholic-television.com\\\/es\\\/la-felicidad-para-justo-ruina-impios\\\/\",\"url\":\"https:\\\/\\\/catholic-television.com\\\/es\\\/la-felicidad-para-justo-ruina-impios\\\/\",\"name\":\"Salmo 37 - La felicidad ser\u00e1 para el justo y la ruina para los imp\u00edos | obran mal\",\"isPartOf\":{\"@id\":\"https:\\\/\\\/catholic-television.com\\\/es\\\/#website\"},\"primaryImageOfPage\":{\"@id\":\"https:\\\/\\\/catholic-television.com\\\/es\\\/la-felicidad-para-justo-ruina-impios\\\/#primaryimage\"},\"image\":{\"@id\":\"https:\\\/\\\/catholic-television.com\\\/es\\\/la-felicidad-para-justo-ruina-impios\\\/#primaryimage\"},\"thumbnailUrl\":\"https:\\\/\\\/catholic-television.com\\\/wp-content\\\/uploads\\\/2020\\\/05\\\/Salmo-37-La-felicidad-ser\u00e1-para-el-justo-y-la-ruina-para-los-imp\u00edos-obran-mal.jpg\",\"datePublished\":\"2020-05-30T03:24:40+00:00\",\"description\":\"Justo. De David. (\u00c1lef) No te exasperes por los malvados, no envidies a los que obran el mal: se secar\u00e1n pronto, como la hierba, como el c\u00e9sped verde se...\",\"breadcrumb\":{\"@id\":\"https:\\\/\\\/catholic-television.com\\\/es\\\/la-felicidad-para-justo-ruina-impios\\\/#breadcrumb\"},\"inLanguage\":\"es\",\"potentialAction\":[{\"@type\":\"ReadAction\",\"target\":[\"https:\\\/\\\/catholic-television.com\\\/es\\\/la-felicidad-para-justo-ruina-impios\\\/\"]}]},{\"@type\":\"ImageObject\",\"inLanguage\":\"es\",\"@id\":\"https:\\\/\\\/catholic-television.com\\\/es\\\/la-felicidad-para-justo-ruina-impios\\\/#primaryimage\",\"url\":\"https:\\\/\\\/catholic-television.com\\\/wp-content\\\/uploads\\\/2020\\\/05\\\/Salmo-37-La-felicidad-ser\u00e1-para-el-justo-y-la-ruina-para-los-imp\u00edos-obran-mal.jpg\",\"contentUrl\":\"https:\\\/\\\/catholic-television.com\\\/wp-content\\\/uploads\\\/2020\\\/05\\\/Salmo-37-La-felicidad-ser\u00e1-para-el-justo-y-la-ruina-para-los-imp\u00edos-obran-mal.jpg\",\"width\":1024,\"height\":576,\"caption\":\"Salmo 37 - La felicidad ser\u00e1 para el justo y la ruina para los imp\u00edos | obran mal\"},{\"@type\":\"BreadcrumbList\",\"@id\":\"https:\\\/\\\/catholic-television.com\\\/es\\\/la-felicidad-para-justo-ruina-impios\\\/#breadcrumb\",\"itemListElement\":[{\"@type\":\"ListItem\",\"position\":1,\"name\":\"Portada\",\"item\":\"https:\\\/\\\/catholic-television.com\\\/es\\\/?lang=es\"},{\"@type\":\"ListItem\",\"position\":2,\"name\":\"Salmo 37 &#8211; La felicidad ser\u00e1 para el justo y la ruina para los imp\u00edos\"}]},{\"@type\":\"WebSite\",\"@id\":\"https:\\\/\\\/catholic-television.com\\\/es\\\/#website\",\"url\":\"https:\\\/\\\/catholic-television.com\\\/es\\\/\",\"name\":\"Catholic-television\",\"description\":\"Catholic Television\",\"publisher\":{\"@id\":\"https:\\\/\\\/catholic-television.com\\\/es\\\/#organization\"},\"potentialAction\":[{\"@type\":\"SearchAction\",\"target\":{\"@type\":\"EntryPoint\",\"urlTemplate\":\"https:\\\/\\\/catholic-television.com\\\/es\\\/?s={search_term_string}\"},\"query-input\":{\"@type\":\"PropertyValueSpecification\",\"valueRequired\":true,\"valueName\":\"search_term_string\"}}],\"inLanguage\":\"es\"},{\"@type\":\"Organization\",\"@id\":\"https:\\\/\\\/catholic-television.com\\\/es\\\/#organization\",\"name\":\"Catholic-television\",\"url\":\"https:\\\/\\\/catholic-television.com\\\/es\\\/\",\"logo\":{\"@type\":\"ImageObject\",\"inLanguage\":\"es\",\"@id\":\"https:\\\/\\\/catholic-television.com\\\/es\\\/#\\\/schema\\\/logo\\\/image\\\/\",\"url\":\"https:\\\/\\\/catholic-television.com\\\/wp-content\\\/uploads\\\/2019\\\/06\\\/catholic-tv_ok2.png\",\"contentUrl\":\"https:\\\/\\\/catholic-television.com\\\/wp-content\\\/uploads\\\/2019\\\/06\\\/catholic-tv_ok2.png\",\"width\":303,\"height\":99,\"caption\":\"Catholic-television\"},\"image\":{\"@id\":\"https:\\\/\\\/catholic-television.com\\\/es\\\/#\\\/schema\\\/logo\\\/image\\\/\"},\"sameAs\":[\"https:\\\/\\\/www.facebook.com\\\/catholic.television.production\\\/\",\"https:\\\/\\\/x.com\\\/catholictele\"]},{\"@type\":\"Person\",\"@id\":\"https:\\\/\\\/catholic-television.com\\\/es\\\/#\\\/schema\\\/person\\\/3188c12fc213ed75be05c8a3a8650318\",\"name\":\"vlad\",\"image\":{\"@type\":\"ImageObject\",\"inLanguage\":\"es\",\"@id\":\"https:\\\/\\\/secure.gravatar.com\\\/avatar\\\/fc95831d9c48ad0da181a29b0820e0beb60a927341a41b7ffd6b73a4ef239589?s=96&d=mm&r=g\",\"url\":\"https:\\\/\\\/secure.gravatar.com\\\/avatar\\\/fc95831d9c48ad0da181a29b0820e0beb60a927341a41b7ffd6b73a4ef239589?s=96&d=mm&r=g\",\"contentUrl\":\"https:\\\/\\\/secure.gravatar.com\\\/avatar\\\/fc95831d9c48ad0da181a29b0820e0beb60a927341a41b7ffd6b73a4ef239589?s=96&d=mm&r=g\",\"caption\":\"vlad\"}}]}<\/script>\n<!-- \/ Yoast SEO plugin. -->","yoast_head_json":{"title":"Salmo 37 - La felicidad ser\u00e1 para el justo y la ruina para los imp\u00edos | obran mal","description":"Justo. De David. (\u00c1lef) No te exasperes por los malvados, no envidies a los que obran el mal: se secar\u00e1n pronto, como la hierba, como el c\u00e9sped verde se...","robots":{"index":"index","follow":"follow","max-snippet":"max-snippet:-1","max-image-preview":"max-image-preview:large","max-video-preview":"max-video-preview:-1"},"canonical":"https:\/\/catholic-television.com\/es\/la-felicidad-para-justo-ruina-impios\/","og_locale":"es_ES","og_type":"article","og_title":"Salmo 37 - La felicidad ser\u00e1 para el justo y la ruina para los imp\u00edos | obran mal","og_description":"Justo. De David. (\u00c1lef) No te exasperes por los malvados, no envidies a los que obran el mal: se secar\u00e1n pronto, como la hierba, como el c\u00e9sped verde se...","og_url":"https:\/\/catholic-television.com\/es\/la-felicidad-para-justo-ruina-impios\/","og_site_name":"Catholic-television","article_publisher":"https:\/\/www.facebook.com\/catholic.television.production\/","article_published_time":"2020-05-30T03:24:40+00:00","og_image":[{"width":1024,"height":576,"url":"https:\/\/catholic-television.com\/wp-content\/uploads\/2020\/05\/Salmo-37-La-felicidad-ser\u00e1-para-el-justo-y-la-ruina-para-los-imp\u00edos-obran-mal.jpg","type":"image\/jpeg"}],"author":"vlad","twitter_card":"summary_large_image","twitter_creator":"@catholictele","twitter_site":"@catholictele","twitter_misc":{"Escrito por":"vlad","Tiempo de lectura":"3 minutos"},"schema":{"@context":"https:\/\/schema.org","@graph":[{"@type":"Article","@id":"https:\/\/catholic-television.com\/es\/la-felicidad-para-justo-ruina-impios\/#article","isPartOf":{"@id":"https:\/\/catholic-television.com\/es\/la-felicidad-para-justo-ruina-impios\/"},"author":{"name":"vlad","@id":"https:\/\/catholic-television.com\/es\/#\/schema\/person\/3188c12fc213ed75be05c8a3a8650318"},"headline":"Salmo 37 &#8211; La felicidad ser\u00e1 para el justo y la ruina para los imp\u00edos","datePublished":"2020-05-30T03:24:40+00:00","mainEntityOfPage":{"@id":"https:\/\/catholic-television.com\/es\/la-felicidad-para-justo-ruina-impios\/"},"wordCount":682,"commentCount":0,"publisher":{"@id":"https:\/\/catholic-television.com\/es\/#organization"},"image":{"@id":"https:\/\/catholic-television.com\/es\/la-felicidad-para-justo-ruina-impios\/#primaryimage"},"thumbnailUrl":"https:\/\/catholic-television.com\/wp-content\/uploads\/2020\/05\/Salmo-37-La-felicidad-ser\u00e1-para-el-justo-y-la-ruina-para-los-imp\u00edos-obran-mal.jpg","keywords":["condenen juicio","descansa Se\u00f1or","encomienda camino","enemigos Se\u00f1or","exasperes malvados","justo abandonado","justo sabidur\u00eda","malvados extinguir\u00e1","obran mal","reposar\u00e1s fidelidad","Se\u00f1or vela"],"articleSection":["Bienvenidos","Salmos"],"inLanguage":"es","potentialAction":[{"@type":"CommentAction","name":"Comment","target":["https:\/\/catholic-television.com\/es\/la-felicidad-para-justo-ruina-impios\/#respond"]}]},{"@type":"WebPage","@id":"https:\/\/catholic-television.com\/es\/la-felicidad-para-justo-ruina-impios\/","url":"https:\/\/catholic-television.com\/es\/la-felicidad-para-justo-ruina-impios\/","name":"Salmo 37 - La felicidad ser\u00e1 para el justo y la ruina para los imp\u00edos | obran mal","isPartOf":{"@id":"https:\/\/catholic-television.com\/es\/#website"},"primaryImageOfPage":{"@id":"https:\/\/catholic-television.com\/es\/la-felicidad-para-justo-ruina-impios\/#primaryimage"},"image":{"@id":"https:\/\/catholic-television.com\/es\/la-felicidad-para-justo-ruina-impios\/#primaryimage"},"thumbnailUrl":"https:\/\/catholic-television.com\/wp-content\/uploads\/2020\/05\/Salmo-37-La-felicidad-ser\u00e1-para-el-justo-y-la-ruina-para-los-imp\u00edos-obran-mal.jpg","datePublished":"2020-05-30T03:24:40+00:00","description":"Justo. De David. (\u00c1lef) No te exasperes por los malvados, no envidies a los que obran el mal: se secar\u00e1n pronto, como la hierba, como el c\u00e9sped verde se...","breadcrumb":{"@id":"https:\/\/catholic-television.com\/es\/la-felicidad-para-justo-ruina-impios\/#breadcrumb"},"inLanguage":"es","potentialAction":[{"@type":"ReadAction","target":["https:\/\/catholic-television.com\/es\/la-felicidad-para-justo-ruina-impios\/"]}]},{"@type":"ImageObject","inLanguage":"es","@id":"https:\/\/catholic-television.com\/es\/la-felicidad-para-justo-ruina-impios\/#primaryimage","url":"https:\/\/catholic-television.com\/wp-content\/uploads\/2020\/05\/Salmo-37-La-felicidad-ser\u00e1-para-el-justo-y-la-ruina-para-los-imp\u00edos-obran-mal.jpg","contentUrl":"https:\/\/catholic-television.com\/wp-content\/uploads\/2020\/05\/Salmo-37-La-felicidad-ser\u00e1-para-el-justo-y-la-ruina-para-los-imp\u00edos-obran-mal.jpg","width":1024,"height":576,"caption":"Salmo 37 - La felicidad ser\u00e1 para el justo y la ruina para los imp\u00edos | obran mal"},{"@type":"BreadcrumbList","@id":"https:\/\/catholic-television.com\/es\/la-felicidad-para-justo-ruina-impios\/#breadcrumb","itemListElement":[{"@type":"ListItem","position":1,"name":"Portada","item":"https:\/\/catholic-television.com\/es\/?lang=es"},{"@type":"ListItem","position":2,"name":"Salmo 37 &#8211; La felicidad ser\u00e1 para el justo y la ruina para los imp\u00edos"}]},{"@type":"WebSite","@id":"https:\/\/catholic-television.com\/es\/#website","url":"https:\/\/catholic-television.com\/es\/","name":"Catholic-television","description":"Catholic Television","publisher":{"@id":"https:\/\/catholic-television.com\/es\/#organization"},"potentialAction":[{"@type":"SearchAction","target":{"@type":"EntryPoint","urlTemplate":"https:\/\/catholic-television.com\/es\/?s={search_term_string}"},"query-input":{"@type":"PropertyValueSpecification","valueRequired":true,"valueName":"search_term_string"}}],"inLanguage":"es"},{"@type":"Organization","@id":"https:\/\/catholic-television.com\/es\/#organization","name":"Catholic-television","url":"https:\/\/catholic-television.com\/es\/","logo":{"@type":"ImageObject","inLanguage":"es","@id":"https:\/\/catholic-television.com\/es\/#\/schema\/logo\/image\/","url":"https:\/\/catholic-television.com\/wp-content\/uploads\/2019\/06\/catholic-tv_ok2.png","contentUrl":"https:\/\/catholic-television.com\/wp-content\/uploads\/2019\/06\/catholic-tv_ok2.png","width":303,"height":99,"caption":"Catholic-television"},"image":{"@id":"https:\/\/catholic-television.com\/es\/#\/schema\/logo\/image\/"},"sameAs":["https:\/\/www.facebook.com\/catholic.television.production\/","https:\/\/x.com\/catholictele"]},{"@type":"Person","@id":"https:\/\/catholic-television.com\/es\/#\/schema\/person\/3188c12fc213ed75be05c8a3a8650318","name":"vlad","image":{"@type":"ImageObject","inLanguage":"es","@id":"https:\/\/secure.gravatar.com\/avatar\/fc95831d9c48ad0da181a29b0820e0beb60a927341a41b7ffd6b73a4ef239589?s=96&d=mm&r=g","url":"https:\/\/secure.gravatar.com\/avatar\/fc95831d9c48ad0da181a29b0820e0beb60a927341a41b7ffd6b73a4ef239589?s=96&d=mm&r=g","contentUrl":"https:\/\/secure.gravatar.com\/avatar\/fc95831d9c48ad0da181a29b0820e0beb60a927341a41b7ffd6b73a4ef239589?s=96&d=mm&r=g","caption":"vlad"}}]}},"_links":{"self":[{"href":"https:\/\/catholic-television.com\/es\/wp-json\/wp\/v2\/posts\/13660","targetHints":{"allow":["GET"]}}],"collection":[{"href":"https:\/\/catholic-television.com\/es\/wp-json\/wp\/v2\/posts"}],"about":[{"href":"https:\/\/catholic-television.com\/es\/wp-json\/wp\/v2\/types\/post"}],"author":[{"embeddable":true,"href":"https:\/\/catholic-television.com\/es\/wp-json\/wp\/v2\/users\/7"}],"replies":[{"embeddable":true,"href":"https:\/\/catholic-television.com\/es\/wp-json\/wp\/v2\/comments?post=13660"}],"version-history":[{"count":1,"href":"https:\/\/catholic-television.com\/es\/wp-json\/wp\/v2\/posts\/13660\/revisions"}],"predecessor-version":[{"id":13666,"href":"https:\/\/catholic-television.com\/es\/wp-json\/wp\/v2\/posts\/13660\/revisions\/13666"}],"wp:featuredmedia":[{"embeddable":true,"href":"https:\/\/catholic-television.com\/es\/wp-json\/wp\/v2\/media\/13661"}],"wp:attachment":[{"href":"https:\/\/catholic-television.com\/es\/wp-json\/wp\/v2\/media?parent=13660"}],"wp:term":[{"taxonomy":"category","embeddable":true,"href":"https:\/\/catholic-television.com\/es\/wp-json\/wp\/v2\/categories?post=13660"},{"taxonomy":"post_tag","embeddable":true,"href":"https:\/\/catholic-television.com\/es\/wp-json\/wp\/v2\/tags?post=13660"}],"curies":[{"name":"wp","href":"https:\/\/api.w.org\/{rel}","templated":true}]}}