{"id":13082,"date":"2020-05-21T02:57:58","date_gmt":"2020-05-21T02:57:58","guid":{"rendered":"https:\/\/catholic-television.com\/wp-staging\/?p=13082"},"modified":"2020-05-23T03:53:48","modified_gmt":"2020-05-23T03:53:48","slug":"los-dos-caminos","status":"publish","type":"post","link":"https:\/\/catholic-television.com\/es\/los-dos-caminos\/","title":{"rendered":"Salmo 1 &#8211; Los dos caminos"},"content":{"rendered":"<p style=\"text-align: center\"><span style=\"color: #000000\"><strong>Salmo 1<\/strong><\/span><br \/>\n<span style=\"color: #000000\"><strong>Los dos caminos<\/strong><\/span><\/p>\n<p><span style=\"color: #000000\">Dichoso el hombre que no sigue el consejo de los imp\u00edos,<\/span><br \/>\n<span style=\"color: #000000\">ni entra por la senda de los pecadores,<\/span><br \/>\n<span style=\"color: #000000\">ni se sienta en la reuni\u00f3n de los c\u00ednicos;<\/span><br \/>\n<span style=\"color: #000000\">sino que su gozo es la ley del Se\u00f1or,<\/span><br \/>\n<span style=\"color: #000000\">y medita su ley d\u00eda y noche.<\/span><\/p>\n<p><span style=\"color: #000000\">Ser\u00e1 como un \u00e1rbol plantado al borde de la acequia:<\/span><br \/>\n<span style=\"color: #000000\">da fruto en su saz\u00f3n y no se marchitan sus hojas;<\/span><br \/>\n<span style=\"color: #000000\">\u00a0y cuanto emprende tiene buen fin.<\/span><br \/>\n<span style=\"color: #000000\">No as\u00ed los imp\u00edos, no as\u00ed;<\/span><br \/>\n<span style=\"color: #000000\">ser\u00e1n paja que arrebata el viento.<\/span><\/p>\n<p><span style=\"color: #000000\">En el juicio los imp\u00edos no se levantar\u00e1n,<\/span><br \/>\n<span style=\"color: #000000\">ni los pecadores en la asamblea de los justos.<\/span><br \/>\n<span style=\"color: #000000\">Porque el Se\u00f1or protege el camino de los justos,<\/span><br \/>\n<span style=\"color: #000000\">pero el camino de los imp\u00edos acaba mal.<\/span><\/p>\n","protected":false},"excerpt":{"rendered":"<p>Salmo 1 Los dos caminos Dichoso el hombre que no sigue el consejo de los imp\u00edos, ni entra por la senda de los pecadores, ni se sienta en la reuni\u00f3n de los c\u00ednicos; sino que su gozo es la ley del Se\u00f1or, y medita su ley d\u00eda y noche. Ser\u00e1 como un \u00e1rbol plantado al&hellip; <a class=\"more-link\" href=\"https:\/\/catholic-television.com\/es\/los-dos-caminos\/\">Seguir leyendo <span class=\"screen-reader-text\">Salmo 1 &#8211; Los dos caminos<\/span><\/a><\/p>\n","protected":false},"author":7,"featured_media":13083,"comment_status":"open","ping_status":"open","sticky":false,"template":"","format":"standard","meta":{"footnotes":""},"categories":[668,13912],"tags":[26726,26729,26723,26727,26724,26728,26725],"class_list":["post-13082","post","type-post","status-publish","format-standard","has-post-thumbnail","hentry","category-bienvenidos","category-salmos","tag-arrebata-viento","tag-camino-justos","tag-consejo-impios","tag-juicio-impios","tag-senda-pecadores","tag-senor-protege","tag-sienta-cinicos","entry"],"yoast_head":"<!-- This site is optimized with the Yoast SEO plugin v27.4 - https:\/\/yoast.com\/product\/yoast-seo-wordpress\/ -->\n<title>Salmo 1 | Los dos caminos | consejo imp\u00edos | senda pecadores | justos<\/title>\n<meta name=\"description\" content=\"Dos caminos. Dichoso el hombre que no sigue el consejo de los imp\u00edos, ni entra por la senda de los pecadores, ni se sienta en la reuni\u00f3n de los c\u00edni...\" \/>\n<meta name=\"robots\" content=\"index, follow, max-snippet:-1, max-image-preview:large, max-video-preview:-1\" \/>\n<link rel=\"canonical\" href=\"https:\/\/catholic-television.com\/es\/los-dos-caminos\/\" \/>\n<meta property=\"og:locale\" content=\"es_ES\" \/>\n<meta property=\"og:type\" content=\"article\" \/>\n<meta property=\"og:title\" content=\"Salmo 1 | Los dos caminos | consejo imp\u00edos | senda pecadores | justos\" \/>\n<meta property=\"og:description\" content=\"Dos caminos. Dichoso el hombre que no sigue el consejo de los imp\u00edos, ni entra por la senda de los pecadores, ni se sienta en la reuni\u00f3n de los c\u00edni...\" \/>\n<meta property=\"og:url\" content=\"https:\/\/catholic-television.com\/es\/los-dos-caminos\/\" \/>\n<meta property=\"og:site_name\" content=\"Catholic-television\" \/>\n<meta property=\"article:publisher\" content=\"https:\/\/www.facebook.com\/catholic.television.production\/\" \/>\n<meta property=\"article:published_time\" content=\"2020-05-21T02:57:58+00:00\" \/>\n<meta property=\"article:modified_time\" content=\"2020-05-23T03:53:48+00:00\" \/>\n<meta property=\"og:image\" content=\"https:\/\/catholic-television.com\/wp-content\/uploads\/2020\/05\/Salmo-1-Los-dos-caminos-consejo-imp\u00edos-senda-pecadores-justos.jpg\" \/>\n\t<meta property=\"og:image:width\" content=\"1024\" \/>\n\t<meta property=\"og:image:height\" content=\"576\" \/>\n\t<meta property=\"og:image:type\" content=\"image\/jpeg\" \/>\n<meta name=\"author\" content=\"vlad\" \/>\n<meta name=\"twitter:card\" content=\"summary_large_image\" \/>\n<meta name=\"twitter:creator\" content=\"@catholictele\" \/>\n<meta name=\"twitter:site\" content=\"@catholictele\" \/>\n<meta name=\"twitter:label1\" content=\"Escrito por\" \/>\n\t<meta name=\"twitter:data1\" content=\"vlad\" \/>\n\t<meta name=\"twitter:label2\" content=\"Tiempo de lectura\" \/>\n\t<meta name=\"twitter:data2\" content=\"1 minuto\" \/>\n<script type=\"application\/ld+json\" class=\"yoast-schema-graph\">{\"@context\":\"https:\\\/\\\/schema.org\",\"@graph\":[{\"@type\":\"Article\",\"@id\":\"https:\\\/\\\/catholic-television.com\\\/es\\\/los-dos-caminos\\\/#article\",\"isPartOf\":{\"@id\":\"https:\\\/\\\/catholic-television.com\\\/es\\\/los-dos-caminos\\\/\"},\"author\":{\"name\":\"vlad\",\"@id\":\"https:\\\/\\\/catholic-television.com\\\/es\\\/#\\\/schema\\\/person\\\/3188c12fc213ed75be05c8a3a8650318\"},\"headline\":\"Salmo 1 &#8211; Los dos caminos\",\"datePublished\":\"2020-05-21T02:57:58+00:00\",\"dateModified\":\"2020-05-23T03:53:48+00:00\",\"mainEntityOfPage\":{\"@id\":\"https:\\\/\\\/catholic-television.com\\\/es\\\/los-dos-caminos\\\/\"},\"wordCount\":138,\"commentCount\":0,\"publisher\":{\"@id\":\"https:\\\/\\\/catholic-television.com\\\/es\\\/#organization\"},\"image\":{\"@id\":\"https:\\\/\\\/catholic-television.com\\\/es\\\/los-dos-caminos\\\/#primaryimage\"},\"thumbnailUrl\":\"https:\\\/\\\/catholic-television.com\\\/wp-content\\\/uploads\\\/2020\\\/05\\\/Salmo-1-Los-dos-caminos-consejo-imp\u00edos-senda-pecadores-justos.jpg\",\"keywords\":[\"arrebata viento\",\"camino justos\",\"consejo imp\u00edos\",\"juicio imp\u00edos\",\"senda pecadores\",\"Se\u00f1or protege\",\"sienta c\u00ednicos\"],\"articleSection\":[\"Bienvenidos\",\"Salmos\"],\"inLanguage\":\"es\",\"potentialAction\":[{\"@type\":\"CommentAction\",\"name\":\"Comment\",\"target\":[\"https:\\\/\\\/catholic-television.com\\\/es\\\/los-dos-caminos\\\/#respond\"]}]},{\"@type\":\"WebPage\",\"@id\":\"https:\\\/\\\/catholic-television.com\\\/es\\\/los-dos-caminos\\\/\",\"url\":\"https:\\\/\\\/catholic-television.com\\\/es\\\/los-dos-caminos\\\/\",\"name\":\"Salmo 1 | Los dos caminos | consejo imp\u00edos | senda pecadores | justos\",\"isPartOf\":{\"@id\":\"https:\\\/\\\/catholic-television.com\\\/es\\\/#website\"},\"primaryImageOfPage\":{\"@id\":\"https:\\\/\\\/catholic-television.com\\\/es\\\/los-dos-caminos\\\/#primaryimage\"},\"image\":{\"@id\":\"https:\\\/\\\/catholic-television.com\\\/es\\\/los-dos-caminos\\\/#primaryimage\"},\"thumbnailUrl\":\"https:\\\/\\\/catholic-television.com\\\/wp-content\\\/uploads\\\/2020\\\/05\\\/Salmo-1-Los-dos-caminos-consejo-imp\u00edos-senda-pecadores-justos.jpg\",\"datePublished\":\"2020-05-21T02:57:58+00:00\",\"dateModified\":\"2020-05-23T03:53:48+00:00\",\"description\":\"Dos caminos. Dichoso el hombre que no sigue el consejo de los imp\u00edos, ni entra por la senda de los pecadores, ni se sienta en la reuni\u00f3n de los c\u00edni...\",\"breadcrumb\":{\"@id\":\"https:\\\/\\\/catholic-television.com\\\/es\\\/los-dos-caminos\\\/#breadcrumb\"},\"inLanguage\":\"es\",\"potentialAction\":[{\"@type\":\"ReadAction\",\"target\":[\"https:\\\/\\\/catholic-television.com\\\/es\\\/los-dos-caminos\\\/\"]}]},{\"@type\":\"ImageObject\",\"inLanguage\":\"es\",\"@id\":\"https:\\\/\\\/catholic-television.com\\\/es\\\/los-dos-caminos\\\/#primaryimage\",\"url\":\"https:\\\/\\\/catholic-television.com\\\/wp-content\\\/uploads\\\/2020\\\/05\\\/Salmo-1-Los-dos-caminos-consejo-imp\u00edos-senda-pecadores-justos.jpg\",\"contentUrl\":\"https:\\\/\\\/catholic-television.com\\\/wp-content\\\/uploads\\\/2020\\\/05\\\/Salmo-1-Los-dos-caminos-consejo-imp\u00edos-senda-pecadores-justos.jpg\",\"width\":1024,\"height\":576,\"caption\":\"Salmo 1 | Los dos caminos | consejo imp\u00edos | senda pecadores | justos\"},{\"@type\":\"BreadcrumbList\",\"@id\":\"https:\\\/\\\/catholic-television.com\\\/es\\\/los-dos-caminos\\\/#breadcrumb\",\"itemListElement\":[{\"@type\":\"ListItem\",\"position\":1,\"name\":\"Portada\",\"item\":\"https:\\\/\\\/catholic-television.com\\\/es\\\/?lang=es\"},{\"@type\":\"ListItem\",\"position\":2,\"name\":\"Salmo 1 &#8211; Los dos caminos\"}]},{\"@type\":\"WebSite\",\"@id\":\"https:\\\/\\\/catholic-television.com\\\/es\\\/#website\",\"url\":\"https:\\\/\\\/catholic-television.com\\\/es\\\/\",\"name\":\"Catholic-television\",\"description\":\"Catholic Television\",\"publisher\":{\"@id\":\"https:\\\/\\\/catholic-television.com\\\/es\\\/#organization\"},\"potentialAction\":[{\"@type\":\"SearchAction\",\"target\":{\"@type\":\"EntryPoint\",\"urlTemplate\":\"https:\\\/\\\/catholic-television.com\\\/es\\\/?s={search_term_string}\"},\"query-input\":{\"@type\":\"PropertyValueSpecification\",\"valueRequired\":true,\"valueName\":\"search_term_string\"}}],\"inLanguage\":\"es\"},{\"@type\":\"Organization\",\"@id\":\"https:\\\/\\\/catholic-television.com\\\/es\\\/#organization\",\"name\":\"Catholic-television\",\"url\":\"https:\\\/\\\/catholic-television.com\\\/es\\\/\",\"logo\":{\"@type\":\"ImageObject\",\"inLanguage\":\"es\",\"@id\":\"https:\\\/\\\/catholic-television.com\\\/es\\\/#\\\/schema\\\/logo\\\/image\\\/\",\"url\":\"https:\\\/\\\/catholic-television.com\\\/wp-content\\\/uploads\\\/2019\\\/06\\\/catholic-tv_ok2.png\",\"contentUrl\":\"https:\\\/\\\/catholic-television.com\\\/wp-content\\\/uploads\\\/2019\\\/06\\\/catholic-tv_ok2.png\",\"width\":303,\"height\":99,\"caption\":\"Catholic-television\"},\"image\":{\"@id\":\"https:\\\/\\\/catholic-television.com\\\/es\\\/#\\\/schema\\\/logo\\\/image\\\/\"},\"sameAs\":[\"https:\\\/\\\/www.facebook.com\\\/catholic.television.production\\\/\",\"https:\\\/\\\/x.com\\\/catholictele\"]},{\"@type\":\"Person\",\"@id\":\"https:\\\/\\\/catholic-television.com\\\/es\\\/#\\\/schema\\\/person\\\/3188c12fc213ed75be05c8a3a8650318\",\"name\":\"vlad\",\"image\":{\"@type\":\"ImageObject\",\"inLanguage\":\"es\",\"@id\":\"https:\\\/\\\/secure.gravatar.com\\\/avatar\\\/fc95831d9c48ad0da181a29b0820e0beb60a927341a41b7ffd6b73a4ef239589?s=96&d=mm&r=g\",\"url\":\"https:\\\/\\\/secure.gravatar.com\\\/avatar\\\/fc95831d9c48ad0da181a29b0820e0beb60a927341a41b7ffd6b73a4ef239589?s=96&d=mm&r=g\",\"contentUrl\":\"https:\\\/\\\/secure.gravatar.com\\\/avatar\\\/fc95831d9c48ad0da181a29b0820e0beb60a927341a41b7ffd6b73a4ef239589?s=96&d=mm&r=g\",\"caption\":\"vlad\"}}]}<\/script>\n<!-- \/ Yoast SEO plugin. -->","yoast_head_json":{"title":"Salmo 1 | Los dos caminos | consejo imp\u00edos | senda pecadores | justos","description":"Dos caminos. Dichoso el hombre que no sigue el consejo de los imp\u00edos, ni entra por la senda de los pecadores, ni se sienta en la reuni\u00f3n de los c\u00edni...","robots":{"index":"index","follow":"follow","max-snippet":"max-snippet:-1","max-image-preview":"max-image-preview:large","max-video-preview":"max-video-preview:-1"},"canonical":"https:\/\/catholic-television.com\/es\/los-dos-caminos\/","og_locale":"es_ES","og_type":"article","og_title":"Salmo 1 | Los dos caminos | consejo imp\u00edos | senda pecadores | justos","og_description":"Dos caminos. Dichoso el hombre que no sigue el consejo de los imp\u00edos, ni entra por la senda de los pecadores, ni se sienta en la reuni\u00f3n de los c\u00edni...","og_url":"https:\/\/catholic-television.com\/es\/los-dos-caminos\/","og_site_name":"Catholic-television","article_publisher":"https:\/\/www.facebook.com\/catholic.television.production\/","article_published_time":"2020-05-21T02:57:58+00:00","article_modified_time":"2020-05-23T03:53:48+00:00","og_image":[{"width":1024,"height":576,"url":"https:\/\/catholic-television.com\/wp-content\/uploads\/2020\/05\/Salmo-1-Los-dos-caminos-consejo-imp\u00edos-senda-pecadores-justos.jpg","type":"image\/jpeg"}],"author":"vlad","twitter_card":"summary_large_image","twitter_creator":"@catholictele","twitter_site":"@catholictele","twitter_misc":{"Escrito por":"vlad","Tiempo de lectura":"1 minuto"},"schema":{"@context":"https:\/\/schema.org","@graph":[{"@type":"Article","@id":"https:\/\/catholic-television.com\/es\/los-dos-caminos\/#article","isPartOf":{"@id":"https:\/\/catholic-television.com\/es\/los-dos-caminos\/"},"author":{"name":"vlad","@id":"https:\/\/catholic-television.com\/es\/#\/schema\/person\/3188c12fc213ed75be05c8a3a8650318"},"headline":"Salmo 1 &#8211; Los dos caminos","datePublished":"2020-05-21T02:57:58+00:00","dateModified":"2020-05-23T03:53:48+00:00","mainEntityOfPage":{"@id":"https:\/\/catholic-television.com\/es\/los-dos-caminos\/"},"wordCount":138,"commentCount":0,"publisher":{"@id":"https:\/\/catholic-television.com\/es\/#organization"},"image":{"@id":"https:\/\/catholic-television.com\/es\/los-dos-caminos\/#primaryimage"},"thumbnailUrl":"https:\/\/catholic-television.com\/wp-content\/uploads\/2020\/05\/Salmo-1-Los-dos-caminos-consejo-imp\u00edos-senda-pecadores-justos.jpg","keywords":["arrebata viento","camino justos","consejo imp\u00edos","juicio imp\u00edos","senda pecadores","Se\u00f1or protege","sienta c\u00ednicos"],"articleSection":["Bienvenidos","Salmos"],"inLanguage":"es","potentialAction":[{"@type":"CommentAction","name":"Comment","target":["https:\/\/catholic-television.com\/es\/los-dos-caminos\/#respond"]}]},{"@type":"WebPage","@id":"https:\/\/catholic-television.com\/es\/los-dos-caminos\/","url":"https:\/\/catholic-television.com\/es\/los-dos-caminos\/","name":"Salmo 1 | Los dos caminos | consejo imp\u00edos | senda pecadores | justos","isPartOf":{"@id":"https:\/\/catholic-television.com\/es\/#website"},"primaryImageOfPage":{"@id":"https:\/\/catholic-television.com\/es\/los-dos-caminos\/#primaryimage"},"image":{"@id":"https:\/\/catholic-television.com\/es\/los-dos-caminos\/#primaryimage"},"thumbnailUrl":"https:\/\/catholic-television.com\/wp-content\/uploads\/2020\/05\/Salmo-1-Los-dos-caminos-consejo-imp\u00edos-senda-pecadores-justos.jpg","datePublished":"2020-05-21T02:57:58+00:00","dateModified":"2020-05-23T03:53:48+00:00","description":"Dos caminos. Dichoso el hombre que no sigue el consejo de los imp\u00edos, ni entra por la senda de los pecadores, ni se sienta en la reuni\u00f3n de los c\u00edni...","breadcrumb":{"@id":"https:\/\/catholic-television.com\/es\/los-dos-caminos\/#breadcrumb"},"inLanguage":"es","potentialAction":[{"@type":"ReadAction","target":["https:\/\/catholic-television.com\/es\/los-dos-caminos\/"]}]},{"@type":"ImageObject","inLanguage":"es","@id":"https:\/\/catholic-television.com\/es\/los-dos-caminos\/#primaryimage","url":"https:\/\/catholic-television.com\/wp-content\/uploads\/2020\/05\/Salmo-1-Los-dos-caminos-consejo-imp\u00edos-senda-pecadores-justos.jpg","contentUrl":"https:\/\/catholic-television.com\/wp-content\/uploads\/2020\/05\/Salmo-1-Los-dos-caminos-consejo-imp\u00edos-senda-pecadores-justos.jpg","width":1024,"height":576,"caption":"Salmo 1 | Los dos caminos | consejo imp\u00edos | senda pecadores | justos"},{"@type":"BreadcrumbList","@id":"https:\/\/catholic-television.com\/es\/los-dos-caminos\/#breadcrumb","itemListElement":[{"@type":"ListItem","position":1,"name":"Portada","item":"https:\/\/catholic-television.com\/es\/?lang=es"},{"@type":"ListItem","position":2,"name":"Salmo 1 &#8211; Los dos caminos"}]},{"@type":"WebSite","@id":"https:\/\/catholic-television.com\/es\/#website","url":"https:\/\/catholic-television.com\/es\/","name":"Catholic-television","description":"Catholic Television","publisher":{"@id":"https:\/\/catholic-television.com\/es\/#organization"},"potentialAction":[{"@type":"SearchAction","target":{"@type":"EntryPoint","urlTemplate":"https:\/\/catholic-television.com\/es\/?s={search_term_string}"},"query-input":{"@type":"PropertyValueSpecification","valueRequired":true,"valueName":"search_term_string"}}],"inLanguage":"es"},{"@type":"Organization","@id":"https:\/\/catholic-television.com\/es\/#organization","name":"Catholic-television","url":"https:\/\/catholic-television.com\/es\/","logo":{"@type":"ImageObject","inLanguage":"es","@id":"https:\/\/catholic-television.com\/es\/#\/schema\/logo\/image\/","url":"https:\/\/catholic-television.com\/wp-content\/uploads\/2019\/06\/catholic-tv_ok2.png","contentUrl":"https:\/\/catholic-television.com\/wp-content\/uploads\/2019\/06\/catholic-tv_ok2.png","width":303,"height":99,"caption":"Catholic-television"},"image":{"@id":"https:\/\/catholic-television.com\/es\/#\/schema\/logo\/image\/"},"sameAs":["https:\/\/www.facebook.com\/catholic.television.production\/","https:\/\/x.com\/catholictele"]},{"@type":"Person","@id":"https:\/\/catholic-television.com\/es\/#\/schema\/person\/3188c12fc213ed75be05c8a3a8650318","name":"vlad","image":{"@type":"ImageObject","inLanguage":"es","@id":"https:\/\/secure.gravatar.com\/avatar\/fc95831d9c48ad0da181a29b0820e0beb60a927341a41b7ffd6b73a4ef239589?s=96&d=mm&r=g","url":"https:\/\/secure.gravatar.com\/avatar\/fc95831d9c48ad0da181a29b0820e0beb60a927341a41b7ffd6b73a4ef239589?s=96&d=mm&r=g","contentUrl":"https:\/\/secure.gravatar.com\/avatar\/fc95831d9c48ad0da181a29b0820e0beb60a927341a41b7ffd6b73a4ef239589?s=96&d=mm&r=g","caption":"vlad"}}]}},"_links":{"self":[{"href":"https:\/\/catholic-television.com\/es\/wp-json\/wp\/v2\/posts\/13082","targetHints":{"allow":["GET"]}}],"collection":[{"href":"https:\/\/catholic-television.com\/es\/wp-json\/wp\/v2\/posts"}],"about":[{"href":"https:\/\/catholic-television.com\/es\/wp-json\/wp\/v2\/types\/post"}],"author":[{"embeddable":true,"href":"https:\/\/catholic-television.com\/es\/wp-json\/wp\/v2\/users\/7"}],"replies":[{"embeddable":true,"href":"https:\/\/catholic-television.com\/es\/wp-json\/wp\/v2\/comments?post=13082"}],"version-history":[{"count":2,"href":"https:\/\/catholic-television.com\/es\/wp-json\/wp\/v2\/posts\/13082\/revisions"}],"predecessor-version":[{"id":13180,"href":"https:\/\/catholic-television.com\/es\/wp-json\/wp\/v2\/posts\/13082\/revisions\/13180"}],"wp:featuredmedia":[{"embeddable":true,"href":"https:\/\/catholic-television.com\/es\/wp-json\/wp\/v2\/media\/13083"}],"wp:attachment":[{"href":"https:\/\/catholic-television.com\/es\/wp-json\/wp\/v2\/media?parent=13082"}],"wp:term":[{"taxonomy":"category","embeddable":true,"href":"https:\/\/catholic-television.com\/es\/wp-json\/wp\/v2\/categories?post=13082"},{"taxonomy":"post_tag","embeddable":true,"href":"https:\/\/catholic-television.com\/es\/wp-json\/wp\/v2\/tags?post=13082"}],"curies":[{"name":"wp","href":"https:\/\/api.w.org\/{rel}","templated":true}]}}