{"id":1266,"date":"2016-12-03T03:12:58","date_gmt":"2016-12-03T03:12:58","guid":{"rendered":"https:\/\/catholic-television.com\/wp-staging\/es\/?p=1266"},"modified":"2022-11-28T11:37:04","modified_gmt":"2022-11-28T11:37:04","slug":"los-fundadores-de-la-compania-de-jesus","status":"publish","type":"post","link":"https:\/\/catholic-television.com\/es\/los-fundadores-de-la-compania-de-jesus\/","title":{"rendered":"Los Fundadores de la Compa\u00f1\u00eda de Jes\u00fas"},"content":{"rendered":"\n<figure class=\"wp-block-embed is-type-video is-provider-youtube wp-block-embed-youtube wp-embed-aspect-16-9 wp-has-aspect-ratio\"><div class=\"wp-block-embed__wrapper\">\n<iframe title=\"Los Fundadores de la Compa\u00f1\u00eda de Jes\u00fas\" width=\"750\" height=\"422\" src=\"https:\/\/www.youtube.com\/embed\/Ucup-bTGx3c?feature=oembed\" frameborder=\"0\" allow=\"accelerometer; autoplay; clipboard-write; encrypted-media; gyroscope; picture-in-picture\" allowfullscreen><\/iframe>\n<\/div><\/figure>\n\n\n<p style=\"text-align: center;\"><span style=\"color: #000000;\"><strong>Los Fundadores de la Compa\u00f1\u00eda de Jes\u00fas<\/strong><\/span><\/p>\n<p style=\"text-align: justify;\"><strong><span style=\"color: #000000;\">Ignacio de Loyola<\/span><\/strong><\/p>\n<p style=\"text-align: justify;\"><span style=\"color: #000000;\">Azpeitia &#8211; Espa\u00f1a<\/span><\/p>\n<p style=\"text-align: justify;\"><span style=\"color: #000000;\">Nacimiento: 23 de Octubre, 1491<\/span><\/p>\n<p style=\"text-align: justify;\"><span style=\"color: #000000;\">Muerte: 31 de Julio, 1556 (Edad 64)<\/span><\/p>\n<p style=\"text-align: justify;\"><strong><span style=\"color: #000000;\">Francisco Javier<\/span><\/strong><\/p>\n<p style=\"text-align: justify;\"><span style=\"color: #000000;\">Navarra &#8211; Espa\u00f1a<\/span><\/p>\n<p style=\"text-align: justify;\"><span style=\"color: #000000;\">Nacimiento: 7 de Abril, 1506<\/span><\/p>\n<p style=\"text-align: justify;\"><span style=\"color: #000000;\">Muerte: 3 de Diciembre, 1552&nbsp;(Edad&nbsp;46)<\/span><\/p>\n<p style=\"text-align: justify;\"><strong><span style=\"color: #000000;\">Alfonso Salmer\u00f3n<\/span><\/strong><\/p>\n<p style=\"text-align: justify;\"><span style=\"color: #000000;\">Toledo &#8211; Espa\u00f1a<\/span><\/p>\n<p style=\"text-align: justify;\"><span style=\"color: #000000;\">Nacimiento: 8 de Septiembre, 1515<\/span><\/p>\n<p style=\"text-align: justify;\"><span style=\"color: #000000;\">Muerte: 13 de Febrero, 1585 (Edad 70)<\/span><\/p>\n<p style=\"text-align: justify;\"><strong><span style=\"color: #000000;\">Diego La\u00ednez<\/span><\/strong><\/p>\n<p style=\"text-align: justify;\"><span style=\"color: #000000;\">Almaz\u00e1n &#8211; Espa\u00f1a<\/span><\/p>\n<p style=\"text-align: justify;\"><span style=\"color: #000000;\">Nacimiento: 1512&nbsp;<\/span><\/p>\n<p style=\"text-align: justify;\"><span style=\"color: #000000;\">Muerte: 19 de Enero, 1565 (Edad 53)<\/span><\/p>\n<p style=\"text-align: justify;\"><strong><span style=\"color: #000000;\">Nicol\u00e1s Bobadilla<\/span><\/strong><\/p>\n<p style=\"text-align: justify;\"><span style=\"color: #000000;\">Palencia &#8211; Espa\u00f1a<\/span><\/p>\n<p style=\"text-align: justify;\"><span style=\"color: #000000;\">Nacimiento: 1511<\/span><\/p>\n<p style=\"text-align: justify;\"><span style=\"color: #000000;\">Muerte: 23 de Septiembre, 1590 (Edad 79)<\/span><\/p>\n<p style=\"text-align: justify;\"><strong><span style=\"color: #000000;\">Pedro Fabro<\/span><\/strong><\/p>\n<p style=\"text-align: justify;\"><span style=\"color: #000000;\">Saboya (Saint Jean de Sixt) &#8211; Francia<\/span><\/p>\n<p style=\"text-align: justify;\"><span style=\"color: #000000;\">Nacimiento: 13 de Abril, 1506<\/span><\/p>\n<p style=\"text-align: justify;\"><span style=\"color: #000000;\">Muerte: 1 de Agosto, 1546&nbsp;(Edad&nbsp;40)<\/span><\/p>\n<p style=\"text-align: justify;\"><strong><span style=\"color: #000000;\">Sim\u00f3n Rodrigues<\/span><\/strong><\/p>\n<p style=\"text-align: justify;\"><span style=\"color: #000000;\">Vouzela &#8211; Portugal<\/span><\/p>\n<p style=\"text-align: justify;\"><span style=\"color: #000000;\">Nacimiento: 1510<\/span><\/p>\n<p style=\"text-align: justify;\"><span style=\"color: #000000;\">Muerte: 15 de Junio, 1579 (Edad 69)<\/span><\/p>","protected":false},"excerpt":{"rendered":"<p>Los Fundadores de la Compa\u00f1\u00eda de Jes\u00fas Ignacio de Loyola Azpeitia &#8211; Espa\u00f1a Nacimiento: 23 de Octubre, 1491 Muerte: 31 de Julio, 1556 (Edad 64) Francisco Javier Navarra &#8211; Espa\u00f1a Nacimiento: 7 de Abril, 1506 Muerte: 3 de Diciembre, 1552&nbsp;(Edad&nbsp;46) Alfonso Salmer\u00f3n Toledo &#8211; Espa\u00f1a Nacimiento: 8 de Septiembre, 1515 Muerte: 13 de Febrero, 1585&hellip; <a class=\"more-link\" href=\"https:\/\/catholic-television.com\/es\/los-fundadores-de-la-compania-de-jesus\/\">Seguir leyendo <span class=\"screen-reader-text\">Los Fundadores de la Compa\u00f1\u00eda de Jes\u00fas<\/span><\/a><\/p>\n","protected":false},"author":1,"featured_media":3218,"comment_status":"open","ping_status":"open","sticky":false,"template":"","format":"video","meta":{"footnotes":""},"categories":[668,663,929],"tags":[23419,759,1025,1024,1022,1023,760,23420,1026,23421,23422,1027],"class_list":["post-1266","post","type-post","status-publish","format-video","has-post-thumbnail","hentry","category-bienvenidos","category-compania-de-jesus","category-santos-lugares-sagrados","tag-alfonso-salmeron-es","tag-compania-de-jesus","tag-diego-lainez","tag-francisco-javier","tag-fundadores-compania-de-jesus","tag-ignacio-de-loyola","tag-jesuitas","tag-nicolas-bobadilla-es","tag-pedro-fabro","tag-peter-faber-es","tag-simao-rodrigues-es","tag-simon-rodrigues","post_format-post-format-video","entry"],"yoast_head":"<!-- This site is optimized with the Yoast SEO plugin v27.4 - https:\/\/yoast.com\/product\/yoast-seo-wordpress\/ -->\n<title>Los Fundadores de la Compa\u00f1\u00eda de Jes\u00fas - www.catholic-television.com<\/title>\n<meta name=\"description\" content=\"Fundadores de la Compa\u00f1\u00eda de Jes\u00fas. Ignacio de Loyola Azpeitia - Espa\u00f1a Nacimiento: 23 de Octubre, 1491 Muerte: 31 de Julio, 1556 (Edad 64) Francisco Javier\" \/>\n<meta name=\"robots\" content=\"index, follow, max-snippet:-1, max-image-preview:large, max-video-preview:-1\" \/>\n<link rel=\"canonical\" href=\"https:\/\/catholic-television.com\/es\/los-fundadores-de-la-compania-de-jesus\/\" \/>\n<meta property=\"og:locale\" content=\"es_ES\" \/>\n<meta property=\"og:type\" content=\"article\" \/>\n<meta property=\"og:title\" content=\"Los Fundadores de la Compa\u00f1\u00eda de Jes\u00fas - www.catholic-television.com\" \/>\n<meta property=\"og:description\" content=\"Fundadores de la Compa\u00f1\u00eda de Jes\u00fas. Ignacio de Loyola Azpeitia - Espa\u00f1a Nacimiento: 23 de Octubre, 1491 Muerte: 31 de Julio, 1556 (Edad 64) Francisco Javier\" \/>\n<meta property=\"og:url\" content=\"https:\/\/catholic-television.com\/es\/los-fundadores-de-la-compania-de-jesus\/\" \/>\n<meta property=\"og:site_name\" content=\"Catholic-television\" \/>\n<meta property=\"article:publisher\" content=\"https:\/\/www.facebook.com\/catholic.television.production\/\" \/>\n<meta property=\"article:published_time\" content=\"2016-12-03T03:12:58+00:00\" \/>\n<meta property=\"article:modified_time\" content=\"2022-11-28T11:37:04+00:00\" \/>\n<meta property=\"og:image\" content=\"https:\/\/catholic-television.com\/wp-content\/uploads\/2016\/12\/los-fundadores-de-la-compania-de-jesus.jpg\" \/>\n\t<meta property=\"og:image:width\" content=\"1024\" \/>\n\t<meta property=\"og:image:height\" content=\"575\" \/>\n\t<meta property=\"og:image:type\" content=\"image\/jpeg\" \/>\n<meta name=\"author\" content=\"David-Rothfuss\" \/>\n<meta name=\"twitter:card\" content=\"summary_large_image\" \/>\n<meta name=\"twitter:creator\" content=\"@catholictele\" \/>\n<meta name=\"twitter:site\" content=\"@catholictele\" \/>\n<meta name=\"twitter:label1\" content=\"Escrito por\" \/>\n\t<meta name=\"twitter:data1\" content=\"David-Rothfuss\" \/>\n\t<meta name=\"twitter:label2\" content=\"Tiempo de lectura\" \/>\n\t<meta name=\"twitter:data2\" content=\"1 minuto\" \/>\n<script type=\"application\/ld+json\" class=\"yoast-schema-graph\">{\"@context\":\"https:\\\/\\\/schema.org\",\"@graph\":[{\"@type\":\"Article\",\"@id\":\"https:\\\/\\\/catholic-television.com\\\/es\\\/los-fundadores-de-la-compania-de-jesus\\\/#article\",\"isPartOf\":{\"@id\":\"https:\\\/\\\/catholic-television.com\\\/es\\\/los-fundadores-de-la-compania-de-jesus\\\/\"},\"author\":{\"name\":\"David-Rothfuss\",\"@id\":\"https:\\\/\\\/catholic-television.com\\\/es\\\/#\\\/schema\\\/person\\\/e012ff19693cfabdf8f197251428c7dd\"},\"headline\":\"Los Fundadores de la Compa\u00f1\u00eda de Jes\u00fas\",\"datePublished\":\"2016-12-03T03:12:58+00:00\",\"dateModified\":\"2022-11-28T11:37:04+00:00\",\"mainEntityOfPage\":{\"@id\":\"https:\\\/\\\/catholic-television.com\\\/es\\\/los-fundadores-de-la-compania-de-jesus\\\/\"},\"wordCount\":128,\"commentCount\":0,\"publisher\":{\"@id\":\"https:\\\/\\\/catholic-television.com\\\/es\\\/#organization\"},\"image\":{\"@id\":\"https:\\\/\\\/catholic-television.com\\\/es\\\/los-fundadores-de-la-compania-de-jesus\\\/#primaryimage\"},\"thumbnailUrl\":\"https:\\\/\\\/catholic-television.com\\\/wp-content\\\/uploads\\\/2016\\\/12\\\/los-fundadores-de-la-compania-de-jesus.jpg\",\"keywords\":[\"Alfonso Salmeron\",\"Compa\u00f1\u00eda de Jes\u00fas\",\"Diego La\u00ednez\",\"Francisco Javier\",\"Fundadores Compa\u00f1\u00eda de Jes\u00fas\",\"Ignacio de Loyola\",\"Jesuitas\",\"Nicolas Bobadilla\",\"Pedro Fabro\",\"Peter Faber\",\"Sim\u00e3o Rodrigues\",\"Sim\u00f3n Rodrigues\"],\"articleSection\":[\"Bienvenidos\",\"Compa\u00f1\u00eda de Jes\u00fas\",\"Santos y lugares sagrados\"],\"inLanguage\":\"es\",\"potentialAction\":[{\"@type\":\"CommentAction\",\"name\":\"Comment\",\"target\":[\"https:\\\/\\\/catholic-television.com\\\/es\\\/los-fundadores-de-la-compania-de-jesus\\\/#respond\"]}]},{\"@type\":\"WebPage\",\"@id\":\"https:\\\/\\\/catholic-television.com\\\/es\\\/los-fundadores-de-la-compania-de-jesus\\\/\",\"url\":\"https:\\\/\\\/catholic-television.com\\\/es\\\/los-fundadores-de-la-compania-de-jesus\\\/\",\"name\":\"Los Fundadores de la Compa\u00f1\u00eda de Jes\u00fas - www.catholic-television.com\",\"isPartOf\":{\"@id\":\"https:\\\/\\\/catholic-television.com\\\/es\\\/#website\"},\"primaryImageOfPage\":{\"@id\":\"https:\\\/\\\/catholic-television.com\\\/es\\\/los-fundadores-de-la-compania-de-jesus\\\/#primaryimage\"},\"image\":{\"@id\":\"https:\\\/\\\/catholic-television.com\\\/es\\\/los-fundadores-de-la-compania-de-jesus\\\/#primaryimage\"},\"thumbnailUrl\":\"https:\\\/\\\/catholic-television.com\\\/wp-content\\\/uploads\\\/2016\\\/12\\\/los-fundadores-de-la-compania-de-jesus.jpg\",\"datePublished\":\"2016-12-03T03:12:58+00:00\",\"dateModified\":\"2022-11-28T11:37:04+00:00\",\"description\":\"Fundadores de la Compa\u00f1\u00eda de Jes\u00fas. Ignacio de Loyola Azpeitia - Espa\u00f1a Nacimiento: 23 de Octubre, 1491 Muerte: 31 de Julio, 1556 (Edad 64) Francisco Javier\",\"breadcrumb\":{\"@id\":\"https:\\\/\\\/catholic-television.com\\\/es\\\/los-fundadores-de-la-compania-de-jesus\\\/#breadcrumb\"},\"inLanguage\":\"es\",\"potentialAction\":[{\"@type\":\"ReadAction\",\"target\":[\"https:\\\/\\\/catholic-television.com\\\/es\\\/los-fundadores-de-la-compania-de-jesus\\\/\"]}]},{\"@type\":\"ImageObject\",\"inLanguage\":\"es\",\"@id\":\"https:\\\/\\\/catholic-television.com\\\/es\\\/los-fundadores-de-la-compania-de-jesus\\\/#primaryimage\",\"url\":\"https:\\\/\\\/catholic-television.com\\\/wp-content\\\/uploads\\\/2016\\\/12\\\/los-fundadores-de-la-compania-de-jesus.jpg\",\"contentUrl\":\"https:\\\/\\\/catholic-television.com\\\/wp-content\\\/uploads\\\/2016\\\/12\\\/los-fundadores-de-la-compania-de-jesus.jpg\",\"width\":1024,\"height\":575,\"caption\":\"los-fundadores-de-la-compania-de-jesus\"},{\"@type\":\"BreadcrumbList\",\"@id\":\"https:\\\/\\\/catholic-television.com\\\/es\\\/los-fundadores-de-la-compania-de-jesus\\\/#breadcrumb\",\"itemListElement\":[{\"@type\":\"ListItem\",\"position\":1,\"name\":\"Portada\",\"item\":\"https:\\\/\\\/catholic-television.com\\\/es\\\/?lang=es\"},{\"@type\":\"ListItem\",\"position\":2,\"name\":\"Los Fundadores de la Compa\u00f1\u00eda de Jes\u00fas\"}]},{\"@type\":\"WebSite\",\"@id\":\"https:\\\/\\\/catholic-television.com\\\/es\\\/#website\",\"url\":\"https:\\\/\\\/catholic-television.com\\\/es\\\/\",\"name\":\"Catholic-television\",\"description\":\"Catholic Television\",\"publisher\":{\"@id\":\"https:\\\/\\\/catholic-television.com\\\/es\\\/#organization\"},\"potentialAction\":[{\"@type\":\"SearchAction\",\"target\":{\"@type\":\"EntryPoint\",\"urlTemplate\":\"https:\\\/\\\/catholic-television.com\\\/es\\\/?s={search_term_string}\"},\"query-input\":{\"@type\":\"PropertyValueSpecification\",\"valueRequired\":true,\"valueName\":\"search_term_string\"}}],\"inLanguage\":\"es\"},{\"@type\":\"Organization\",\"@id\":\"https:\\\/\\\/catholic-television.com\\\/es\\\/#organization\",\"name\":\"Catholic-television\",\"url\":\"https:\\\/\\\/catholic-television.com\\\/es\\\/\",\"logo\":{\"@type\":\"ImageObject\",\"inLanguage\":\"es\",\"@id\":\"https:\\\/\\\/catholic-television.com\\\/es\\\/#\\\/schema\\\/logo\\\/image\\\/\",\"url\":\"https:\\\/\\\/catholic-television.com\\\/wp-content\\\/uploads\\\/2019\\\/06\\\/catholic-tv_ok2.png\",\"contentUrl\":\"https:\\\/\\\/catholic-television.com\\\/wp-content\\\/uploads\\\/2019\\\/06\\\/catholic-tv_ok2.png\",\"width\":303,\"height\":99,\"caption\":\"Catholic-television\"},\"image\":{\"@id\":\"https:\\\/\\\/catholic-television.com\\\/es\\\/#\\\/schema\\\/logo\\\/image\\\/\"},\"sameAs\":[\"https:\\\/\\\/www.facebook.com\\\/catholic.television.production\\\/\",\"https:\\\/\\\/x.com\\\/catholictele\"]},{\"@type\":\"Person\",\"@id\":\"https:\\\/\\\/catholic-television.com\\\/es\\\/#\\\/schema\\\/person\\\/e012ff19693cfabdf8f197251428c7dd\",\"name\":\"David-Rothfuss\",\"image\":{\"@type\":\"ImageObject\",\"inLanguage\":\"es\",\"@id\":\"https:\\\/\\\/secure.gravatar.com\\\/avatar\\\/1bdadd82646ed1b1b380724d24278de576a4d7a2551be5b679e8aa17e11be7f6?s=96&d=mm&r=g\",\"url\":\"https:\\\/\\\/secure.gravatar.com\\\/avatar\\\/1bdadd82646ed1b1b380724d24278de576a4d7a2551be5b679e8aa17e11be7f6?s=96&d=mm&r=g\",\"contentUrl\":\"https:\\\/\\\/secure.gravatar.com\\\/avatar\\\/1bdadd82646ed1b1b380724d24278de576a4d7a2551be5b679e8aa17e11be7f6?s=96&d=mm&r=g\",\"caption\":\"David-Rothfuss\"}}]}<\/script>\n<!-- \/ Yoast SEO plugin. -->","yoast_head_json":{"title":"Los Fundadores de la Compa\u00f1\u00eda de Jes\u00fas - www.catholic-television.com","description":"Fundadores de la Compa\u00f1\u00eda de Jes\u00fas. Ignacio de Loyola Azpeitia - Espa\u00f1a Nacimiento: 23 de Octubre, 1491 Muerte: 31 de Julio, 1556 (Edad 64) Francisco Javier","robots":{"index":"index","follow":"follow","max-snippet":"max-snippet:-1","max-image-preview":"max-image-preview:large","max-video-preview":"max-video-preview:-1"},"canonical":"https:\/\/catholic-television.com\/es\/los-fundadores-de-la-compania-de-jesus\/","og_locale":"es_ES","og_type":"article","og_title":"Los Fundadores de la Compa\u00f1\u00eda de Jes\u00fas - www.catholic-television.com","og_description":"Fundadores de la Compa\u00f1\u00eda de Jes\u00fas. Ignacio de Loyola Azpeitia - Espa\u00f1a Nacimiento: 23 de Octubre, 1491 Muerte: 31 de Julio, 1556 (Edad 64) Francisco Javier","og_url":"https:\/\/catholic-television.com\/es\/los-fundadores-de-la-compania-de-jesus\/","og_site_name":"Catholic-television","article_publisher":"https:\/\/www.facebook.com\/catholic.television.production\/","article_published_time":"2016-12-03T03:12:58+00:00","article_modified_time":"2022-11-28T11:37:04+00:00","og_image":[{"width":1024,"height":575,"url":"https:\/\/catholic-television.com\/wp-content\/uploads\/2016\/12\/los-fundadores-de-la-compania-de-jesus.jpg","type":"image\/jpeg"}],"author":"David-Rothfuss","twitter_card":"summary_large_image","twitter_creator":"@catholictele","twitter_site":"@catholictele","twitter_misc":{"Escrito por":"David-Rothfuss","Tiempo de lectura":"1 minuto"},"schema":{"@context":"https:\/\/schema.org","@graph":[{"@type":"Article","@id":"https:\/\/catholic-television.com\/es\/los-fundadores-de-la-compania-de-jesus\/#article","isPartOf":{"@id":"https:\/\/catholic-television.com\/es\/los-fundadores-de-la-compania-de-jesus\/"},"author":{"name":"David-Rothfuss","@id":"https:\/\/catholic-television.com\/es\/#\/schema\/person\/e012ff19693cfabdf8f197251428c7dd"},"headline":"Los Fundadores de la Compa\u00f1\u00eda de Jes\u00fas","datePublished":"2016-12-03T03:12:58+00:00","dateModified":"2022-11-28T11:37:04+00:00","mainEntityOfPage":{"@id":"https:\/\/catholic-television.com\/es\/los-fundadores-de-la-compania-de-jesus\/"},"wordCount":128,"commentCount":0,"publisher":{"@id":"https:\/\/catholic-television.com\/es\/#organization"},"image":{"@id":"https:\/\/catholic-television.com\/es\/los-fundadores-de-la-compania-de-jesus\/#primaryimage"},"thumbnailUrl":"https:\/\/catholic-television.com\/wp-content\/uploads\/2016\/12\/los-fundadores-de-la-compania-de-jesus.jpg","keywords":["Alfonso Salmeron","Compa\u00f1\u00eda de Jes\u00fas","Diego La\u00ednez","Francisco Javier","Fundadores Compa\u00f1\u00eda de Jes\u00fas","Ignacio de Loyola","Jesuitas","Nicolas Bobadilla","Pedro Fabro","Peter Faber","Sim\u00e3o Rodrigues","Sim\u00f3n Rodrigues"],"articleSection":["Bienvenidos","Compa\u00f1\u00eda de Jes\u00fas","Santos y lugares sagrados"],"inLanguage":"es","potentialAction":[{"@type":"CommentAction","name":"Comment","target":["https:\/\/catholic-television.com\/es\/los-fundadores-de-la-compania-de-jesus\/#respond"]}]},{"@type":"WebPage","@id":"https:\/\/catholic-television.com\/es\/los-fundadores-de-la-compania-de-jesus\/","url":"https:\/\/catholic-television.com\/es\/los-fundadores-de-la-compania-de-jesus\/","name":"Los Fundadores de la Compa\u00f1\u00eda de Jes\u00fas - www.catholic-television.com","isPartOf":{"@id":"https:\/\/catholic-television.com\/es\/#website"},"primaryImageOfPage":{"@id":"https:\/\/catholic-television.com\/es\/los-fundadores-de-la-compania-de-jesus\/#primaryimage"},"image":{"@id":"https:\/\/catholic-television.com\/es\/los-fundadores-de-la-compania-de-jesus\/#primaryimage"},"thumbnailUrl":"https:\/\/catholic-television.com\/wp-content\/uploads\/2016\/12\/los-fundadores-de-la-compania-de-jesus.jpg","datePublished":"2016-12-03T03:12:58+00:00","dateModified":"2022-11-28T11:37:04+00:00","description":"Fundadores de la Compa\u00f1\u00eda de Jes\u00fas. Ignacio de Loyola Azpeitia - Espa\u00f1a Nacimiento: 23 de Octubre, 1491 Muerte: 31 de Julio, 1556 (Edad 64) Francisco Javier","breadcrumb":{"@id":"https:\/\/catholic-television.com\/es\/los-fundadores-de-la-compania-de-jesus\/#breadcrumb"},"inLanguage":"es","potentialAction":[{"@type":"ReadAction","target":["https:\/\/catholic-television.com\/es\/los-fundadores-de-la-compania-de-jesus\/"]}]},{"@type":"ImageObject","inLanguage":"es","@id":"https:\/\/catholic-television.com\/es\/los-fundadores-de-la-compania-de-jesus\/#primaryimage","url":"https:\/\/catholic-television.com\/wp-content\/uploads\/2016\/12\/los-fundadores-de-la-compania-de-jesus.jpg","contentUrl":"https:\/\/catholic-television.com\/wp-content\/uploads\/2016\/12\/los-fundadores-de-la-compania-de-jesus.jpg","width":1024,"height":575,"caption":"los-fundadores-de-la-compania-de-jesus"},{"@type":"BreadcrumbList","@id":"https:\/\/catholic-television.com\/es\/los-fundadores-de-la-compania-de-jesus\/#breadcrumb","itemListElement":[{"@type":"ListItem","position":1,"name":"Portada","item":"https:\/\/catholic-television.com\/es\/?lang=es"},{"@type":"ListItem","position":2,"name":"Los Fundadores de la Compa\u00f1\u00eda de Jes\u00fas"}]},{"@type":"WebSite","@id":"https:\/\/catholic-television.com\/es\/#website","url":"https:\/\/catholic-television.com\/es\/","name":"Catholic-television","description":"Catholic Television","publisher":{"@id":"https:\/\/catholic-television.com\/es\/#organization"},"potentialAction":[{"@type":"SearchAction","target":{"@type":"EntryPoint","urlTemplate":"https:\/\/catholic-television.com\/es\/?s={search_term_string}"},"query-input":{"@type":"PropertyValueSpecification","valueRequired":true,"valueName":"search_term_string"}}],"inLanguage":"es"},{"@type":"Organization","@id":"https:\/\/catholic-television.com\/es\/#organization","name":"Catholic-television","url":"https:\/\/catholic-television.com\/es\/","logo":{"@type":"ImageObject","inLanguage":"es","@id":"https:\/\/catholic-television.com\/es\/#\/schema\/logo\/image\/","url":"https:\/\/catholic-television.com\/wp-content\/uploads\/2019\/06\/catholic-tv_ok2.png","contentUrl":"https:\/\/catholic-television.com\/wp-content\/uploads\/2019\/06\/catholic-tv_ok2.png","width":303,"height":99,"caption":"Catholic-television"},"image":{"@id":"https:\/\/catholic-television.com\/es\/#\/schema\/logo\/image\/"},"sameAs":["https:\/\/www.facebook.com\/catholic.television.production\/","https:\/\/x.com\/catholictele"]},{"@type":"Person","@id":"https:\/\/catholic-television.com\/es\/#\/schema\/person\/e012ff19693cfabdf8f197251428c7dd","name":"David-Rothfuss","image":{"@type":"ImageObject","inLanguage":"es","@id":"https:\/\/secure.gravatar.com\/avatar\/1bdadd82646ed1b1b380724d24278de576a4d7a2551be5b679e8aa17e11be7f6?s=96&d=mm&r=g","url":"https:\/\/secure.gravatar.com\/avatar\/1bdadd82646ed1b1b380724d24278de576a4d7a2551be5b679e8aa17e11be7f6?s=96&d=mm&r=g","contentUrl":"https:\/\/secure.gravatar.com\/avatar\/1bdadd82646ed1b1b380724d24278de576a4d7a2551be5b679e8aa17e11be7f6?s=96&d=mm&r=g","caption":"David-Rothfuss"}}]}},"_links":{"self":[{"href":"https:\/\/catholic-television.com\/es\/wp-json\/wp\/v2\/posts\/1266","targetHints":{"allow":["GET"]}}],"collection":[{"href":"https:\/\/catholic-television.com\/es\/wp-json\/wp\/v2\/posts"}],"about":[{"href":"https:\/\/catholic-television.com\/es\/wp-json\/wp\/v2\/types\/post"}],"author":[{"embeddable":true,"href":"https:\/\/catholic-television.com\/es\/wp-json\/wp\/v2\/users\/1"}],"replies":[{"embeddable":true,"href":"https:\/\/catholic-television.com\/es\/wp-json\/wp\/v2\/comments?post=1266"}],"version-history":[{"count":4,"href":"https:\/\/catholic-television.com\/es\/wp-json\/wp\/v2\/posts\/1266\/revisions"}],"predecessor-version":[{"id":17261,"href":"https:\/\/catholic-television.com\/es\/wp-json\/wp\/v2\/posts\/1266\/revisions\/17261"}],"wp:featuredmedia":[{"embeddable":true,"href":"https:\/\/catholic-television.com\/es\/wp-json\/wp\/v2\/media\/3218"}],"wp:attachment":[{"href":"https:\/\/catholic-television.com\/es\/wp-json\/wp\/v2\/media?parent=1266"}],"wp:term":[{"taxonomy":"category","embeddable":true,"href":"https:\/\/catholic-television.com\/es\/wp-json\/wp\/v2\/categories?post=1266"},{"taxonomy":"post_tag","embeddable":true,"href":"https:\/\/catholic-television.com\/es\/wp-json\/wp\/v2\/tags?post=1266"}],"curies":[{"name":"wp","href":"https:\/\/api.w.org\/{rel}","templated":true}]}}