{"id":11978,"date":"2020-05-08T03:50:48","date_gmt":"2020-05-08T03:50:48","guid":{"rendered":"https:\/\/catholic-television.com\/wp-staging\/?p=11978"},"modified":"2020-05-08T03:50:48","modified_gmt":"2020-05-08T03:50:48","slug":"que-es-ser-veraz","status":"publish","type":"post","link":"https:\/\/catholic-television.com\/es\/que-es-ser-veraz\/","title":{"rendered":"\u00bfQu\u00e9 es ser veraz?"},"content":{"rendered":"<p style=\"text-align: justify\"><span style=\"color: #000000\"><strong>Ser veraz significa que uno act\u00faa con sinceridad y habla con franqueza. La persona veraz evita la duplicidad, la simulaci\u00f3n, el dolo y la hipocres\u00eda. La forma m\u00e1s grave de faltar a la veracidad es el\u00a0 Perjurio.<\/strong><\/span><\/p>\n<p style=\"text-align: justify\"><span style=\"color: #000000\">Un mal grave en toda comunidad es hablar mal de otras personas y la transmisi\u00f3n de lo o\u00eddo: A\u00a0dice a B \u00aben confianza\u00bb aquellas cosas desfavorables que C ha dicho sobre B.<\/span><\/p>\n","protected":false},"excerpt":{"rendered":"<p>Ser veraz significa que uno act\u00faa con sinceridad y habla con franqueza. La persona veraz evita la duplicidad, la simulaci\u00f3n, el dolo y la hipocres\u00eda. La forma m\u00e1s grave de faltar a la veracidad es el\u00a0 Perjurio. Un mal grave en toda comunidad es hablar mal de otras personas y la transmisi\u00f3n de lo o\u00eddo:&hellip; <a class=\"more-link\" href=\"https:\/\/catholic-television.com\/es\/que-es-ser-veraz\/\">Seguir leyendo <span class=\"screen-reader-text\">\u00bfQu\u00e9 es ser veraz?<\/span><\/a><\/p>\n","protected":false},"author":7,"featured_media":11979,"comment_status":"open","ping_status":"open","sticky":false,"template":"","format":"standard","meta":{"footnotes":""},"categories":[668,650],"tags":[24752,24759,24755,24754,24756,24753,24758,24757,24734],"class_list":["post-11978","post","type-post","status-publish","format-standard","has-post-thumbnail","hentry","category-bienvenidos","category-catequesis","tag-actua-sinceridad","tag-cosas-desfavorables","tag-evita-dolo","tag-evita-duplicidad","tag-evita-hipocresia","tag-habla-franqueza","tag-hablar-mal","tag-perjurio","tag-ser-veraz","entry"],"yoast_head":"<!-- This site is optimized with the Yoast SEO plugin v27.4 - https:\/\/yoast.com\/product\/yoast-seo-wordpress\/ -->\n<title>\u00bfQu\u00e9 es ser veraz? | act\u00faa sinceridad | habla franqueza | evita hipocres\u00eda<\/title>\n<meta name=\"description\" content=\"Ser veraz. Un mal grave en toda comunidad es hablar mal de otras personas y la transmisi\u00f3n de lo o\u00eddo: A dice a B \u00aben confianza\u00bb aquellas cosas des...\" \/>\n<meta name=\"robots\" content=\"index, follow, max-snippet:-1, max-image-preview:large, max-video-preview:-1\" \/>\n<link rel=\"canonical\" href=\"https:\/\/catholic-television.com\/es\/que-es-ser-veraz\/\" \/>\n<meta property=\"og:locale\" content=\"es_ES\" \/>\n<meta property=\"og:type\" content=\"article\" \/>\n<meta property=\"og:title\" content=\"\u00bfQu\u00e9 es ser veraz? | act\u00faa sinceridad | habla franqueza | evita hipocres\u00eda\" \/>\n<meta property=\"og:description\" content=\"Ser veraz. Un mal grave en toda comunidad es hablar mal de otras personas y la transmisi\u00f3n de lo o\u00eddo: A dice a B \u00aben confianza\u00bb aquellas cosas des...\" \/>\n<meta property=\"og:url\" content=\"https:\/\/catholic-television.com\/es\/que-es-ser-veraz\/\" \/>\n<meta property=\"og:site_name\" content=\"Catholic-television\" \/>\n<meta property=\"article:publisher\" content=\"https:\/\/www.facebook.com\/catholic.television.production\/\" \/>\n<meta property=\"article:published_time\" content=\"2020-05-08T03:50:48+00:00\" \/>\n<meta property=\"og:image\" content=\"https:\/\/catholic-television.com\/wp-content\/uploads\/2020\/05\/\u00bfQu\u00e9-es-ser-veraz-act\u00faa-sinceridad-habla-franqueza-evita-hipocres\u00eda.jpg\" \/>\n\t<meta property=\"og:image:width\" content=\"1024\" \/>\n\t<meta property=\"og:image:height\" content=\"576\" \/>\n\t<meta property=\"og:image:type\" content=\"image\/jpeg\" \/>\n<meta name=\"author\" content=\"vlad\" \/>\n<meta name=\"twitter:card\" content=\"summary_large_image\" \/>\n<meta name=\"twitter:creator\" content=\"@catholictele\" \/>\n<meta name=\"twitter:site\" content=\"@catholictele\" \/>\n<meta name=\"twitter:label1\" content=\"Escrito por\" \/>\n\t<meta name=\"twitter:data1\" content=\"vlad\" \/>\n<script type=\"application\/ld+json\" class=\"yoast-schema-graph\">{\"@context\":\"https:\\\/\\\/schema.org\",\"@graph\":[{\"@type\":\"Article\",\"@id\":\"https:\\\/\\\/catholic-television.com\\\/es\\\/que-es-ser-veraz\\\/#article\",\"isPartOf\":{\"@id\":\"https:\\\/\\\/catholic-television.com\\\/es\\\/que-es-ser-veraz\\\/\"},\"author\":{\"name\":\"vlad\",\"@id\":\"https:\\\/\\\/catholic-television.com\\\/es\\\/#\\\/schema\\\/person\\\/3188c12fc213ed75be05c8a3a8650318\"},\"headline\":\"\u00bfQu\u00e9 es ser veraz?\",\"datePublished\":\"2020-05-08T03:50:48+00:00\",\"mainEntityOfPage\":{\"@id\":\"https:\\\/\\\/catholic-television.com\\\/es\\\/que-es-ser-veraz\\\/\"},\"wordCount\":80,\"commentCount\":0,\"publisher\":{\"@id\":\"https:\\\/\\\/catholic-television.com\\\/es\\\/#organization\"},\"image\":{\"@id\":\"https:\\\/\\\/catholic-television.com\\\/es\\\/que-es-ser-veraz\\\/#primaryimage\"},\"thumbnailUrl\":\"https:\\\/\\\/catholic-television.com\\\/wp-content\\\/uploads\\\/2020\\\/05\\\/\u00bfQu\u00e9-es-ser-veraz-act\u00faa-sinceridad-habla-franqueza-evita-hipocres\u00eda.jpg\",\"keywords\":[\"act\u00faa sinceridad\",\"cosas desfavorables\",\"evita dolo\",\"evita duplicidad\",\"evita hipocres\u00eda\",\"habla franqueza\",\"hablar mal\",\"perjurio\",\"ser veraz\"],\"articleSection\":[\"Bienvenidos\",\"Catequesis\"],\"inLanguage\":\"es\",\"potentialAction\":[{\"@type\":\"CommentAction\",\"name\":\"Comment\",\"target\":[\"https:\\\/\\\/catholic-television.com\\\/es\\\/que-es-ser-veraz\\\/#respond\"]}]},{\"@type\":\"WebPage\",\"@id\":\"https:\\\/\\\/catholic-television.com\\\/es\\\/que-es-ser-veraz\\\/\",\"url\":\"https:\\\/\\\/catholic-television.com\\\/es\\\/que-es-ser-veraz\\\/\",\"name\":\"\u00bfQu\u00e9 es ser veraz? | act\u00faa sinceridad | habla franqueza | evita hipocres\u00eda\",\"isPartOf\":{\"@id\":\"https:\\\/\\\/catholic-television.com\\\/es\\\/#website\"},\"primaryImageOfPage\":{\"@id\":\"https:\\\/\\\/catholic-television.com\\\/es\\\/que-es-ser-veraz\\\/#primaryimage\"},\"image\":{\"@id\":\"https:\\\/\\\/catholic-television.com\\\/es\\\/que-es-ser-veraz\\\/#primaryimage\"},\"thumbnailUrl\":\"https:\\\/\\\/catholic-television.com\\\/wp-content\\\/uploads\\\/2020\\\/05\\\/\u00bfQu\u00e9-es-ser-veraz-act\u00faa-sinceridad-habla-franqueza-evita-hipocres\u00eda.jpg\",\"datePublished\":\"2020-05-08T03:50:48+00:00\",\"description\":\"Ser veraz. Un mal grave en toda comunidad es hablar mal de otras personas y la transmisi\u00f3n de lo o\u00eddo: A dice a B \u00aben confianza\u00bb aquellas cosas des...\",\"breadcrumb\":{\"@id\":\"https:\\\/\\\/catholic-television.com\\\/es\\\/que-es-ser-veraz\\\/#breadcrumb\"},\"inLanguage\":\"es\",\"potentialAction\":[{\"@type\":\"ReadAction\",\"target\":[\"https:\\\/\\\/catholic-television.com\\\/es\\\/que-es-ser-veraz\\\/\"]}]},{\"@type\":\"ImageObject\",\"inLanguage\":\"es\",\"@id\":\"https:\\\/\\\/catholic-television.com\\\/es\\\/que-es-ser-veraz\\\/#primaryimage\",\"url\":\"https:\\\/\\\/catholic-television.com\\\/wp-content\\\/uploads\\\/2020\\\/05\\\/\u00bfQu\u00e9-es-ser-veraz-act\u00faa-sinceridad-habla-franqueza-evita-hipocres\u00eda.jpg\",\"contentUrl\":\"https:\\\/\\\/catholic-television.com\\\/wp-content\\\/uploads\\\/2020\\\/05\\\/\u00bfQu\u00e9-es-ser-veraz-act\u00faa-sinceridad-habla-franqueza-evita-hipocres\u00eda.jpg\",\"width\":1024,\"height\":576,\"caption\":\"\u00bfQu\u00e9 es ser veraz? | act\u00faa sinceridad | habla franqueza | evita hipocres\u00eda\"},{\"@type\":\"BreadcrumbList\",\"@id\":\"https:\\\/\\\/catholic-television.com\\\/es\\\/que-es-ser-veraz\\\/#breadcrumb\",\"itemListElement\":[{\"@type\":\"ListItem\",\"position\":1,\"name\":\"Portada\",\"item\":\"https:\\\/\\\/catholic-television.com\\\/es\\\/?lang=es\"},{\"@type\":\"ListItem\",\"position\":2,\"name\":\"\u00bfQu\u00e9 es ser veraz?\"}]},{\"@type\":\"WebSite\",\"@id\":\"https:\\\/\\\/catholic-television.com\\\/es\\\/#website\",\"url\":\"https:\\\/\\\/catholic-television.com\\\/es\\\/\",\"name\":\"Catholic-television\",\"description\":\"Catholic Television\",\"publisher\":{\"@id\":\"https:\\\/\\\/catholic-television.com\\\/es\\\/#organization\"},\"potentialAction\":[{\"@type\":\"SearchAction\",\"target\":{\"@type\":\"EntryPoint\",\"urlTemplate\":\"https:\\\/\\\/catholic-television.com\\\/es\\\/?s={search_term_string}\"},\"query-input\":{\"@type\":\"PropertyValueSpecification\",\"valueRequired\":true,\"valueName\":\"search_term_string\"}}],\"inLanguage\":\"es\"},{\"@type\":\"Organization\",\"@id\":\"https:\\\/\\\/catholic-television.com\\\/es\\\/#organization\",\"name\":\"Catholic-television\",\"url\":\"https:\\\/\\\/catholic-television.com\\\/es\\\/\",\"logo\":{\"@type\":\"ImageObject\",\"inLanguage\":\"es\",\"@id\":\"https:\\\/\\\/catholic-television.com\\\/es\\\/#\\\/schema\\\/logo\\\/image\\\/\",\"url\":\"https:\\\/\\\/catholic-television.com\\\/wp-content\\\/uploads\\\/2019\\\/06\\\/catholic-tv_ok2.png\",\"contentUrl\":\"https:\\\/\\\/catholic-television.com\\\/wp-content\\\/uploads\\\/2019\\\/06\\\/catholic-tv_ok2.png\",\"width\":303,\"height\":99,\"caption\":\"Catholic-television\"},\"image\":{\"@id\":\"https:\\\/\\\/catholic-television.com\\\/es\\\/#\\\/schema\\\/logo\\\/image\\\/\"},\"sameAs\":[\"https:\\\/\\\/www.facebook.com\\\/catholic.television.production\\\/\",\"https:\\\/\\\/x.com\\\/catholictele\"]},{\"@type\":\"Person\",\"@id\":\"https:\\\/\\\/catholic-television.com\\\/es\\\/#\\\/schema\\\/person\\\/3188c12fc213ed75be05c8a3a8650318\",\"name\":\"vlad\",\"image\":{\"@type\":\"ImageObject\",\"inLanguage\":\"es\",\"@id\":\"https:\\\/\\\/secure.gravatar.com\\\/avatar\\\/fc95831d9c48ad0da181a29b0820e0beb60a927341a41b7ffd6b73a4ef239589?s=96&d=mm&r=g\",\"url\":\"https:\\\/\\\/secure.gravatar.com\\\/avatar\\\/fc95831d9c48ad0da181a29b0820e0beb60a927341a41b7ffd6b73a4ef239589?s=96&d=mm&r=g\",\"contentUrl\":\"https:\\\/\\\/secure.gravatar.com\\\/avatar\\\/fc95831d9c48ad0da181a29b0820e0beb60a927341a41b7ffd6b73a4ef239589?s=96&d=mm&r=g\",\"caption\":\"vlad\"}}]}<\/script>\n<!-- \/ Yoast SEO plugin. -->","yoast_head_json":{"title":"\u00bfQu\u00e9 es ser veraz? | act\u00faa sinceridad | habla franqueza | evita hipocres\u00eda","description":"Ser veraz. Un mal grave en toda comunidad es hablar mal de otras personas y la transmisi\u00f3n de lo o\u00eddo: A dice a B \u00aben confianza\u00bb aquellas cosas des...","robots":{"index":"index","follow":"follow","max-snippet":"max-snippet:-1","max-image-preview":"max-image-preview:large","max-video-preview":"max-video-preview:-1"},"canonical":"https:\/\/catholic-television.com\/es\/que-es-ser-veraz\/","og_locale":"es_ES","og_type":"article","og_title":"\u00bfQu\u00e9 es ser veraz? | act\u00faa sinceridad | habla franqueza | evita hipocres\u00eda","og_description":"Ser veraz. Un mal grave en toda comunidad es hablar mal de otras personas y la transmisi\u00f3n de lo o\u00eddo: A dice a B \u00aben confianza\u00bb aquellas cosas des...","og_url":"https:\/\/catholic-television.com\/es\/que-es-ser-veraz\/","og_site_name":"Catholic-television","article_publisher":"https:\/\/www.facebook.com\/catholic.television.production\/","article_published_time":"2020-05-08T03:50:48+00:00","og_image":[{"width":1024,"height":576,"url":"https:\/\/catholic-television.com\/wp-content\/uploads\/2020\/05\/\u00bfQu\u00e9-es-ser-veraz-act\u00faa-sinceridad-habla-franqueza-evita-hipocres\u00eda.jpg","type":"image\/jpeg"}],"author":"vlad","twitter_card":"summary_large_image","twitter_creator":"@catholictele","twitter_site":"@catholictele","twitter_misc":{"Escrito por":"vlad"},"schema":{"@context":"https:\/\/schema.org","@graph":[{"@type":"Article","@id":"https:\/\/catholic-television.com\/es\/que-es-ser-veraz\/#article","isPartOf":{"@id":"https:\/\/catholic-television.com\/es\/que-es-ser-veraz\/"},"author":{"name":"vlad","@id":"https:\/\/catholic-television.com\/es\/#\/schema\/person\/3188c12fc213ed75be05c8a3a8650318"},"headline":"\u00bfQu\u00e9 es ser veraz?","datePublished":"2020-05-08T03:50:48+00:00","mainEntityOfPage":{"@id":"https:\/\/catholic-television.com\/es\/que-es-ser-veraz\/"},"wordCount":80,"commentCount":0,"publisher":{"@id":"https:\/\/catholic-television.com\/es\/#organization"},"image":{"@id":"https:\/\/catholic-television.com\/es\/que-es-ser-veraz\/#primaryimage"},"thumbnailUrl":"https:\/\/catholic-television.com\/wp-content\/uploads\/2020\/05\/\u00bfQu\u00e9-es-ser-veraz-act\u00faa-sinceridad-habla-franqueza-evita-hipocres\u00eda.jpg","keywords":["act\u00faa sinceridad","cosas desfavorables","evita dolo","evita duplicidad","evita hipocres\u00eda","habla franqueza","hablar mal","perjurio","ser veraz"],"articleSection":["Bienvenidos","Catequesis"],"inLanguage":"es","potentialAction":[{"@type":"CommentAction","name":"Comment","target":["https:\/\/catholic-television.com\/es\/que-es-ser-veraz\/#respond"]}]},{"@type":"WebPage","@id":"https:\/\/catholic-television.com\/es\/que-es-ser-veraz\/","url":"https:\/\/catholic-television.com\/es\/que-es-ser-veraz\/","name":"\u00bfQu\u00e9 es ser veraz? | act\u00faa sinceridad | habla franqueza | evita hipocres\u00eda","isPartOf":{"@id":"https:\/\/catholic-television.com\/es\/#website"},"primaryImageOfPage":{"@id":"https:\/\/catholic-television.com\/es\/que-es-ser-veraz\/#primaryimage"},"image":{"@id":"https:\/\/catholic-television.com\/es\/que-es-ser-veraz\/#primaryimage"},"thumbnailUrl":"https:\/\/catholic-television.com\/wp-content\/uploads\/2020\/05\/\u00bfQu\u00e9-es-ser-veraz-act\u00faa-sinceridad-habla-franqueza-evita-hipocres\u00eda.jpg","datePublished":"2020-05-08T03:50:48+00:00","description":"Ser veraz. Un mal grave en toda comunidad es hablar mal de otras personas y la transmisi\u00f3n de lo o\u00eddo: A dice a B \u00aben confianza\u00bb aquellas cosas des...","breadcrumb":{"@id":"https:\/\/catholic-television.com\/es\/que-es-ser-veraz\/#breadcrumb"},"inLanguage":"es","potentialAction":[{"@type":"ReadAction","target":["https:\/\/catholic-television.com\/es\/que-es-ser-veraz\/"]}]},{"@type":"ImageObject","inLanguage":"es","@id":"https:\/\/catholic-television.com\/es\/que-es-ser-veraz\/#primaryimage","url":"https:\/\/catholic-television.com\/wp-content\/uploads\/2020\/05\/\u00bfQu\u00e9-es-ser-veraz-act\u00faa-sinceridad-habla-franqueza-evita-hipocres\u00eda.jpg","contentUrl":"https:\/\/catholic-television.com\/wp-content\/uploads\/2020\/05\/\u00bfQu\u00e9-es-ser-veraz-act\u00faa-sinceridad-habla-franqueza-evita-hipocres\u00eda.jpg","width":1024,"height":576,"caption":"\u00bfQu\u00e9 es ser veraz? | act\u00faa sinceridad | habla franqueza | evita hipocres\u00eda"},{"@type":"BreadcrumbList","@id":"https:\/\/catholic-television.com\/es\/que-es-ser-veraz\/#breadcrumb","itemListElement":[{"@type":"ListItem","position":1,"name":"Portada","item":"https:\/\/catholic-television.com\/es\/?lang=es"},{"@type":"ListItem","position":2,"name":"\u00bfQu\u00e9 es ser veraz?"}]},{"@type":"WebSite","@id":"https:\/\/catholic-television.com\/es\/#website","url":"https:\/\/catholic-television.com\/es\/","name":"Catholic-television","description":"Catholic Television","publisher":{"@id":"https:\/\/catholic-television.com\/es\/#organization"},"potentialAction":[{"@type":"SearchAction","target":{"@type":"EntryPoint","urlTemplate":"https:\/\/catholic-television.com\/es\/?s={search_term_string}"},"query-input":{"@type":"PropertyValueSpecification","valueRequired":true,"valueName":"search_term_string"}}],"inLanguage":"es"},{"@type":"Organization","@id":"https:\/\/catholic-television.com\/es\/#organization","name":"Catholic-television","url":"https:\/\/catholic-television.com\/es\/","logo":{"@type":"ImageObject","inLanguage":"es","@id":"https:\/\/catholic-television.com\/es\/#\/schema\/logo\/image\/","url":"https:\/\/catholic-television.com\/wp-content\/uploads\/2019\/06\/catholic-tv_ok2.png","contentUrl":"https:\/\/catholic-television.com\/wp-content\/uploads\/2019\/06\/catholic-tv_ok2.png","width":303,"height":99,"caption":"Catholic-television"},"image":{"@id":"https:\/\/catholic-television.com\/es\/#\/schema\/logo\/image\/"},"sameAs":["https:\/\/www.facebook.com\/catholic.television.production\/","https:\/\/x.com\/catholictele"]},{"@type":"Person","@id":"https:\/\/catholic-television.com\/es\/#\/schema\/person\/3188c12fc213ed75be05c8a3a8650318","name":"vlad","image":{"@type":"ImageObject","inLanguage":"es","@id":"https:\/\/secure.gravatar.com\/avatar\/fc95831d9c48ad0da181a29b0820e0beb60a927341a41b7ffd6b73a4ef239589?s=96&d=mm&r=g","url":"https:\/\/secure.gravatar.com\/avatar\/fc95831d9c48ad0da181a29b0820e0beb60a927341a41b7ffd6b73a4ef239589?s=96&d=mm&r=g","contentUrl":"https:\/\/secure.gravatar.com\/avatar\/fc95831d9c48ad0da181a29b0820e0beb60a927341a41b7ffd6b73a4ef239589?s=96&d=mm&r=g","caption":"vlad"}}]}},"_links":{"self":[{"href":"https:\/\/catholic-television.com\/es\/wp-json\/wp\/v2\/posts\/11978","targetHints":{"allow":["GET"]}}],"collection":[{"href":"https:\/\/catholic-television.com\/es\/wp-json\/wp\/v2\/posts"}],"about":[{"href":"https:\/\/catholic-television.com\/es\/wp-json\/wp\/v2\/types\/post"}],"author":[{"embeddable":true,"href":"https:\/\/catholic-television.com\/es\/wp-json\/wp\/v2\/users\/7"}],"replies":[{"embeddable":true,"href":"https:\/\/catholic-television.com\/es\/wp-json\/wp\/v2\/comments?post=11978"}],"version-history":[{"count":1,"href":"https:\/\/catholic-television.com\/es\/wp-json\/wp\/v2\/posts\/11978\/revisions"}],"predecessor-version":[{"id":11984,"href":"https:\/\/catholic-television.com\/es\/wp-json\/wp\/v2\/posts\/11978\/revisions\/11984"}],"wp:featuredmedia":[{"embeddable":true,"href":"https:\/\/catholic-television.com\/es\/wp-json\/wp\/v2\/media\/11979"}],"wp:attachment":[{"href":"https:\/\/catholic-television.com\/es\/wp-json\/wp\/v2\/media?parent=11978"}],"wp:term":[{"taxonomy":"category","embeddable":true,"href":"https:\/\/catholic-television.com\/es\/wp-json\/wp\/v2\/categories?post=11978"},{"taxonomy":"post_tag","embeddable":true,"href":"https:\/\/catholic-television.com\/es\/wp-json\/wp\/v2\/tags?post=11978"}],"curies":[{"name":"wp","href":"https:\/\/api.w.org\/{rel}","templated":true}]}}