{"id":11444,"date":"2020-05-02T04:17:26","date_gmt":"2020-05-02T04:17:26","guid":{"rendered":"https:\/\/catholic-television.com\/wp-staging\/?p=11444"},"modified":"2022-11-24T02:28:57","modified_gmt":"2022-11-24T02:28:57","slug":"oracion-san-miguel-arcangel-amparo","status":"publish","type":"post","link":"https:\/\/catholic-television.com\/es\/oracion-san-miguel-arcangel-amparo\/","title":{"rendered":"Oraci\u00f3n a San Miguel Arc\u00e1ngel"},"content":{"rendered":"\n<figure class=\"wp-block-embed is-type-video is-provider-youtube wp-block-embed-youtube wp-embed-aspect-16-9 wp-has-aspect-ratio\"><div class=\"wp-block-embed__wrapper\">\n<iframe title=\"Oraci\u00f3n a San Miguel Arc\u00e1ngel | Oraciones a los \u00c1ngeles y Arc\u00e1ngeles\" width=\"750\" height=\"422\" src=\"https:\/\/www.youtube.com\/embed\/E1R5yCrcM8U?feature=oembed\" frameborder=\"0\" allow=\"accelerometer; autoplay; clipboard-write; encrypted-media; gyroscope; picture-in-picture\" allowfullscreen><\/iframe>\n<\/div><\/figure>\n\n\n<p style=\"text-align: center;\"><strong>Oraci\u00f3n a San Miguel Arc\u00e1ngel<\/strong><\/p>\n<p style=\"text-align: center;\"><span style=\"color: #000000;\">San Miguel Arc\u00e1ngel,<\/span><\/p>\n<p style=\"text-align: center;\"><span style=\"color: #000000;\">defi\u00e9ndenos en la batalla.<\/span><\/p>\n<p style=\"text-align: center;\"><span style=\"color: #000000;\">S\u00e9 nuestro amparo<\/span><\/p>\n<p style=\"text-align: center;\"><span style=\"color: #000000;\">contra las perversidad y asechanzas<\/span><\/p>\n<p style=\"text-align: center;\"><span style=\"color: #000000;\">del demonio.<\/span><\/p>\n<p style=\"text-align: center;\"><span style=\"color: #000000;\">Repr\u00edmale Dios, pedimos suplicantes,<\/span><\/p>\n<p style=\"text-align: center;\"><span style=\"color: #000000;\">y tu pr\u00edncipe de la milicia celestial<\/span><\/p>\n<p style=\"text-align: center;\"><span style=\"color: #000000;\">arroja al infierno con el divino poder<\/span><\/p>\n<p style=\"text-align: center;\"><span style=\"color: #000000;\">a Satan\u00e1s y a los otros esp\u00edritus malignos<\/span><\/p>\n<p style=\"text-align: center;\"><span style=\"color: #000000;\">que andan dispersos por el mundo<\/span><\/p>\n<p style=\"text-align: center;\"><span style=\"color: #000000;\">para la perdici\u00f3n de las almas.<\/span><\/p>\n<p style=\"text-align: center;\"><span style=\"color: #000000;\">Am\u00e9n<\/span><\/p>","protected":false},"excerpt":{"rendered":"<p>Oraci\u00f3n a San Miguel Arc\u00e1ngel San Miguel Arc\u00e1ngel, defi\u00e9ndenos en la batalla. S\u00e9 nuestro amparo contra las perversidad y asechanzas del demonio. Repr\u00edmale Dios, pedimos suplicantes, y tu pr\u00edncipe de la milicia celestial arroja al infierno con el divino poder a Satan\u00e1s y a los otros esp\u00edritus malignos que andan dispersos por el mundo para&hellip; <a class=\"more-link\" href=\"https:\/\/catholic-television.com\/es\/oracion-san-miguel-arcangel-amparo\/\">Seguir leyendo <span class=\"screen-reader-text\">Oraci\u00f3n a San Miguel Arc\u00e1ngel<\/span><\/a><\/p>\n","protected":false},"author":7,"featured_media":11445,"comment_status":"open","ping_status":"open","sticky":false,"template":"","format":"video","meta":{"footnotes":""},"categories":[668,662,18080,13913],"tags":[23943,23948,23949,23947,23944,23950,23945,23946,23942],"class_list":["post-11444","post","type-post","status-publish","format-video","has-post-thumbnail","hentry","category-bienvenidos","category-oraciones-es","category-videos","category-videos-oraciones","tag-defiendenos-batalla","tag-divino-poder","tag-espiritus-malignos","tag-milicia-celestial","tag-nuestro-amparo","tag-perdicion-almas","tag-perversidad-asechanzas","tag-reprimale-dios","tag-san-miguel-arcangel","post_format-post-format-video","entry"],"yoast_head":"<!-- This site is optimized with the Yoast SEO plugin v27.4 - https:\/\/yoast.com\/product\/yoast-seo-wordpress\/ -->\n<title>Oraci\u00f3n San Miguel | San Miguel Arc\u00e1ngel | defi\u00e9ndenos batalla | almas<\/title>\n<meta name=\"description\" content=\"San Miguel Arc\u00e1ngel, defi\u00e9ndenos en la batalla. S\u00e9 nuestro amparo contra las perversidad y asechanzas del demonio. Repr\u00edmale Dios, pedimos suplicantes,...\" \/>\n<meta name=\"robots\" content=\"index, follow, max-snippet:-1, max-image-preview:large, max-video-preview:-1\" \/>\n<link rel=\"canonical\" href=\"https:\/\/catholic-television.com\/es\/oracion-san-miguel-arcangel-amparo\/\" \/>\n<meta property=\"og:locale\" content=\"es_ES\" \/>\n<meta property=\"og:type\" content=\"article\" \/>\n<meta property=\"og:title\" content=\"Oraci\u00f3n San Miguel | San Miguel Arc\u00e1ngel | defi\u00e9ndenos batalla | almas\" \/>\n<meta property=\"og:description\" content=\"San Miguel Arc\u00e1ngel, defi\u00e9ndenos en la batalla. S\u00e9 nuestro amparo contra las perversidad y asechanzas del demonio. Repr\u00edmale Dios, pedimos suplicantes,...\" \/>\n<meta property=\"og:url\" content=\"https:\/\/catholic-television.com\/es\/oracion-san-miguel-arcangel-amparo\/\" \/>\n<meta property=\"og:site_name\" content=\"Catholic-television\" \/>\n<meta property=\"article:publisher\" content=\"https:\/\/www.facebook.com\/catholic.television.production\/\" \/>\n<meta property=\"article:published_time\" content=\"2020-05-02T04:17:26+00:00\" \/>\n<meta property=\"article:modified_time\" content=\"2022-11-24T02:28:57+00:00\" \/>\n<meta property=\"og:image\" content=\"https:\/\/catholic-television.com\/wp-content\/uploads\/2020\/05\/Oraci\u00f3n-San-Miguel-San-Miguel-Arc\u00e1ngel-defi\u00e9ndenos-batalla-almas.jpg\" \/>\n\t<meta property=\"og:image:width\" content=\"1024\" \/>\n\t<meta property=\"og:image:height\" content=\"576\" \/>\n\t<meta property=\"og:image:type\" content=\"image\/jpeg\" \/>\n<meta name=\"author\" content=\"vlad\" \/>\n<meta name=\"twitter:card\" content=\"summary_large_image\" \/>\n<meta name=\"twitter:creator\" content=\"@catholictele\" \/>\n<meta name=\"twitter:site\" content=\"@catholictele\" \/>\n<meta name=\"twitter:label1\" content=\"Escrito por\" \/>\n\t<meta name=\"twitter:data1\" content=\"vlad\" \/>\n\t<meta name=\"twitter:label2\" content=\"Tiempo de lectura\" \/>\n\t<meta name=\"twitter:data2\" content=\"1 minuto\" \/>\n<script type=\"application\/ld+json\" class=\"yoast-schema-graph\">{\"@context\":\"https:\\\/\\\/schema.org\",\"@graph\":[{\"@type\":\"Article\",\"@id\":\"https:\\\/\\\/catholic-television.com\\\/es\\\/oracion-san-miguel-arcangel-amparo\\\/#article\",\"isPartOf\":{\"@id\":\"https:\\\/\\\/catholic-television.com\\\/es\\\/oracion-san-miguel-arcangel-amparo\\\/\"},\"author\":{\"name\":\"vlad\",\"@id\":\"https:\\\/\\\/catholic-television.com\\\/es\\\/#\\\/schema\\\/person\\\/3188c12fc213ed75be05c8a3a8650318\"},\"headline\":\"Oraci\u00f3n a San Miguel Arc\u00e1ngel\",\"datePublished\":\"2020-05-02T04:17:26+00:00\",\"dateModified\":\"2022-11-24T02:28:57+00:00\",\"mainEntityOfPage\":{\"@id\":\"https:\\\/\\\/catholic-television.com\\\/es\\\/oracion-san-miguel-arcangel-amparo\\\/\"},\"wordCount\":88,\"commentCount\":0,\"publisher\":{\"@id\":\"https:\\\/\\\/catholic-television.com\\\/es\\\/#organization\"},\"image\":{\"@id\":\"https:\\\/\\\/catholic-television.com\\\/es\\\/oracion-san-miguel-arcangel-amparo\\\/#primaryimage\"},\"thumbnailUrl\":\"https:\\\/\\\/catholic-television.com\\\/wp-content\\\/uploads\\\/2020\\\/05\\\/Oraci\u00f3n-San-Miguel-San-Miguel-Arc\u00e1ngel-defi\u00e9ndenos-batalla-almas.jpg\",\"keywords\":[\"defi\u00e9ndenos batalla\",\"divino poder\",\"esp\u00edritus malignos\",\"milicia celestial\",\"nuestro amparo\",\"perdici\u00f3n almas\",\"perversidad asechanzas\",\"repr\u00edmale Dios\",\"San Miguel Arc\u00e1ngel\"],\"articleSection\":[\"Bienvenidos\",\"Oraciones\",\"Videos\",\"Videos Oraciones\"],\"inLanguage\":\"es\",\"potentialAction\":[{\"@type\":\"CommentAction\",\"name\":\"Comment\",\"target\":[\"https:\\\/\\\/catholic-television.com\\\/es\\\/oracion-san-miguel-arcangel-amparo\\\/#respond\"]}]},{\"@type\":\"WebPage\",\"@id\":\"https:\\\/\\\/catholic-television.com\\\/es\\\/oracion-san-miguel-arcangel-amparo\\\/\",\"url\":\"https:\\\/\\\/catholic-television.com\\\/es\\\/oracion-san-miguel-arcangel-amparo\\\/\",\"name\":\"Oraci\u00f3n San Miguel | San Miguel Arc\u00e1ngel | defi\u00e9ndenos batalla | almas\",\"isPartOf\":{\"@id\":\"https:\\\/\\\/catholic-television.com\\\/es\\\/#website\"},\"primaryImageOfPage\":{\"@id\":\"https:\\\/\\\/catholic-television.com\\\/es\\\/oracion-san-miguel-arcangel-amparo\\\/#primaryimage\"},\"image\":{\"@id\":\"https:\\\/\\\/catholic-television.com\\\/es\\\/oracion-san-miguel-arcangel-amparo\\\/#primaryimage\"},\"thumbnailUrl\":\"https:\\\/\\\/catholic-television.com\\\/wp-content\\\/uploads\\\/2020\\\/05\\\/Oraci\u00f3n-San-Miguel-San-Miguel-Arc\u00e1ngel-defi\u00e9ndenos-batalla-almas.jpg\",\"datePublished\":\"2020-05-02T04:17:26+00:00\",\"dateModified\":\"2022-11-24T02:28:57+00:00\",\"description\":\"San Miguel Arc\u00e1ngel, defi\u00e9ndenos en la batalla. S\u00e9 nuestro amparo contra las perversidad y asechanzas del demonio. Repr\u00edmale Dios, pedimos suplicantes,...\",\"breadcrumb\":{\"@id\":\"https:\\\/\\\/catholic-television.com\\\/es\\\/oracion-san-miguel-arcangel-amparo\\\/#breadcrumb\"},\"inLanguage\":\"es\",\"potentialAction\":[{\"@type\":\"ReadAction\",\"target\":[\"https:\\\/\\\/catholic-television.com\\\/es\\\/oracion-san-miguel-arcangel-amparo\\\/\"]}]},{\"@type\":\"ImageObject\",\"inLanguage\":\"es\",\"@id\":\"https:\\\/\\\/catholic-television.com\\\/es\\\/oracion-san-miguel-arcangel-amparo\\\/#primaryimage\",\"url\":\"https:\\\/\\\/catholic-television.com\\\/wp-content\\\/uploads\\\/2020\\\/05\\\/Oraci\u00f3n-San-Miguel-San-Miguel-Arc\u00e1ngel-defi\u00e9ndenos-batalla-almas.jpg\",\"contentUrl\":\"https:\\\/\\\/catholic-television.com\\\/wp-content\\\/uploads\\\/2020\\\/05\\\/Oraci\u00f3n-San-Miguel-San-Miguel-Arc\u00e1ngel-defi\u00e9ndenos-batalla-almas.jpg\",\"width\":1024,\"height\":576,\"caption\":\"Oraci\u00f3n San Miguel | San Miguel Arc\u00e1ngel | defi\u00e9ndenos batalla | almas\"},{\"@type\":\"BreadcrumbList\",\"@id\":\"https:\\\/\\\/catholic-television.com\\\/es\\\/oracion-san-miguel-arcangel-amparo\\\/#breadcrumb\",\"itemListElement\":[{\"@type\":\"ListItem\",\"position\":1,\"name\":\"Portada\",\"item\":\"https:\\\/\\\/catholic-television.com\\\/es\\\/?lang=es\"},{\"@type\":\"ListItem\",\"position\":2,\"name\":\"Oraci\u00f3n a San Miguel Arc\u00e1ngel\"}]},{\"@type\":\"WebSite\",\"@id\":\"https:\\\/\\\/catholic-television.com\\\/es\\\/#website\",\"url\":\"https:\\\/\\\/catholic-television.com\\\/es\\\/\",\"name\":\"Catholic-television\",\"description\":\"Catholic Television\",\"publisher\":{\"@id\":\"https:\\\/\\\/catholic-television.com\\\/es\\\/#organization\"},\"potentialAction\":[{\"@type\":\"SearchAction\",\"target\":{\"@type\":\"EntryPoint\",\"urlTemplate\":\"https:\\\/\\\/catholic-television.com\\\/es\\\/?s={search_term_string}\"},\"query-input\":{\"@type\":\"PropertyValueSpecification\",\"valueRequired\":true,\"valueName\":\"search_term_string\"}}],\"inLanguage\":\"es\"},{\"@type\":\"Organization\",\"@id\":\"https:\\\/\\\/catholic-television.com\\\/es\\\/#organization\",\"name\":\"Catholic-television\",\"url\":\"https:\\\/\\\/catholic-television.com\\\/es\\\/\",\"logo\":{\"@type\":\"ImageObject\",\"inLanguage\":\"es\",\"@id\":\"https:\\\/\\\/catholic-television.com\\\/es\\\/#\\\/schema\\\/logo\\\/image\\\/\",\"url\":\"https:\\\/\\\/catholic-television.com\\\/wp-content\\\/uploads\\\/2019\\\/06\\\/catholic-tv_ok2.png\",\"contentUrl\":\"https:\\\/\\\/catholic-television.com\\\/wp-content\\\/uploads\\\/2019\\\/06\\\/catholic-tv_ok2.png\",\"width\":303,\"height\":99,\"caption\":\"Catholic-television\"},\"image\":{\"@id\":\"https:\\\/\\\/catholic-television.com\\\/es\\\/#\\\/schema\\\/logo\\\/image\\\/\"},\"sameAs\":[\"https:\\\/\\\/www.facebook.com\\\/catholic.television.production\\\/\",\"https:\\\/\\\/x.com\\\/catholictele\"]},{\"@type\":\"Person\",\"@id\":\"https:\\\/\\\/catholic-television.com\\\/es\\\/#\\\/schema\\\/person\\\/3188c12fc213ed75be05c8a3a8650318\",\"name\":\"vlad\",\"image\":{\"@type\":\"ImageObject\",\"inLanguage\":\"es\",\"@id\":\"https:\\\/\\\/secure.gravatar.com\\\/avatar\\\/fc95831d9c48ad0da181a29b0820e0beb60a927341a41b7ffd6b73a4ef239589?s=96&d=mm&r=g\",\"url\":\"https:\\\/\\\/secure.gravatar.com\\\/avatar\\\/fc95831d9c48ad0da181a29b0820e0beb60a927341a41b7ffd6b73a4ef239589?s=96&d=mm&r=g\",\"contentUrl\":\"https:\\\/\\\/secure.gravatar.com\\\/avatar\\\/fc95831d9c48ad0da181a29b0820e0beb60a927341a41b7ffd6b73a4ef239589?s=96&d=mm&r=g\",\"caption\":\"vlad\"}}]}<\/script>\n<!-- \/ Yoast SEO plugin. -->","yoast_head_json":{"title":"Oraci\u00f3n San Miguel | San Miguel Arc\u00e1ngel | defi\u00e9ndenos batalla | almas","description":"San Miguel Arc\u00e1ngel, defi\u00e9ndenos en la batalla. S\u00e9 nuestro amparo contra las perversidad y asechanzas del demonio. Repr\u00edmale Dios, pedimos suplicantes,...","robots":{"index":"index","follow":"follow","max-snippet":"max-snippet:-1","max-image-preview":"max-image-preview:large","max-video-preview":"max-video-preview:-1"},"canonical":"https:\/\/catholic-television.com\/es\/oracion-san-miguel-arcangel-amparo\/","og_locale":"es_ES","og_type":"article","og_title":"Oraci\u00f3n San Miguel | San Miguel Arc\u00e1ngel | defi\u00e9ndenos batalla | almas","og_description":"San Miguel Arc\u00e1ngel, defi\u00e9ndenos en la batalla. S\u00e9 nuestro amparo contra las perversidad y asechanzas del demonio. Repr\u00edmale Dios, pedimos suplicantes,...","og_url":"https:\/\/catholic-television.com\/es\/oracion-san-miguel-arcangel-amparo\/","og_site_name":"Catholic-television","article_publisher":"https:\/\/www.facebook.com\/catholic.television.production\/","article_published_time":"2020-05-02T04:17:26+00:00","article_modified_time":"2022-11-24T02:28:57+00:00","og_image":[{"width":1024,"height":576,"url":"https:\/\/catholic-television.com\/wp-content\/uploads\/2020\/05\/Oraci\u00f3n-San-Miguel-San-Miguel-Arc\u00e1ngel-defi\u00e9ndenos-batalla-almas.jpg","type":"image\/jpeg"}],"author":"vlad","twitter_card":"summary_large_image","twitter_creator":"@catholictele","twitter_site":"@catholictele","twitter_misc":{"Escrito por":"vlad","Tiempo de lectura":"1 minuto"},"schema":{"@context":"https:\/\/schema.org","@graph":[{"@type":"Article","@id":"https:\/\/catholic-television.com\/es\/oracion-san-miguel-arcangel-amparo\/#article","isPartOf":{"@id":"https:\/\/catholic-television.com\/es\/oracion-san-miguel-arcangel-amparo\/"},"author":{"name":"vlad","@id":"https:\/\/catholic-television.com\/es\/#\/schema\/person\/3188c12fc213ed75be05c8a3a8650318"},"headline":"Oraci\u00f3n a San Miguel Arc\u00e1ngel","datePublished":"2020-05-02T04:17:26+00:00","dateModified":"2022-11-24T02:28:57+00:00","mainEntityOfPage":{"@id":"https:\/\/catholic-television.com\/es\/oracion-san-miguel-arcangel-amparo\/"},"wordCount":88,"commentCount":0,"publisher":{"@id":"https:\/\/catholic-television.com\/es\/#organization"},"image":{"@id":"https:\/\/catholic-television.com\/es\/oracion-san-miguel-arcangel-amparo\/#primaryimage"},"thumbnailUrl":"https:\/\/catholic-television.com\/wp-content\/uploads\/2020\/05\/Oraci\u00f3n-San-Miguel-San-Miguel-Arc\u00e1ngel-defi\u00e9ndenos-batalla-almas.jpg","keywords":["defi\u00e9ndenos batalla","divino poder","esp\u00edritus malignos","milicia celestial","nuestro amparo","perdici\u00f3n almas","perversidad asechanzas","repr\u00edmale Dios","San Miguel Arc\u00e1ngel"],"articleSection":["Bienvenidos","Oraciones","Videos","Videos Oraciones"],"inLanguage":"es","potentialAction":[{"@type":"CommentAction","name":"Comment","target":["https:\/\/catholic-television.com\/es\/oracion-san-miguel-arcangel-amparo\/#respond"]}]},{"@type":"WebPage","@id":"https:\/\/catholic-television.com\/es\/oracion-san-miguel-arcangel-amparo\/","url":"https:\/\/catholic-television.com\/es\/oracion-san-miguel-arcangel-amparo\/","name":"Oraci\u00f3n San Miguel | San Miguel Arc\u00e1ngel | defi\u00e9ndenos batalla | almas","isPartOf":{"@id":"https:\/\/catholic-television.com\/es\/#website"},"primaryImageOfPage":{"@id":"https:\/\/catholic-television.com\/es\/oracion-san-miguel-arcangel-amparo\/#primaryimage"},"image":{"@id":"https:\/\/catholic-television.com\/es\/oracion-san-miguel-arcangel-amparo\/#primaryimage"},"thumbnailUrl":"https:\/\/catholic-television.com\/wp-content\/uploads\/2020\/05\/Oraci\u00f3n-San-Miguel-San-Miguel-Arc\u00e1ngel-defi\u00e9ndenos-batalla-almas.jpg","datePublished":"2020-05-02T04:17:26+00:00","dateModified":"2022-11-24T02:28:57+00:00","description":"San Miguel Arc\u00e1ngel, defi\u00e9ndenos en la batalla. S\u00e9 nuestro amparo contra las perversidad y asechanzas del demonio. Repr\u00edmale Dios, pedimos suplicantes,...","breadcrumb":{"@id":"https:\/\/catholic-television.com\/es\/oracion-san-miguel-arcangel-amparo\/#breadcrumb"},"inLanguage":"es","potentialAction":[{"@type":"ReadAction","target":["https:\/\/catholic-television.com\/es\/oracion-san-miguel-arcangel-amparo\/"]}]},{"@type":"ImageObject","inLanguage":"es","@id":"https:\/\/catholic-television.com\/es\/oracion-san-miguel-arcangel-amparo\/#primaryimage","url":"https:\/\/catholic-television.com\/wp-content\/uploads\/2020\/05\/Oraci\u00f3n-San-Miguel-San-Miguel-Arc\u00e1ngel-defi\u00e9ndenos-batalla-almas.jpg","contentUrl":"https:\/\/catholic-television.com\/wp-content\/uploads\/2020\/05\/Oraci\u00f3n-San-Miguel-San-Miguel-Arc\u00e1ngel-defi\u00e9ndenos-batalla-almas.jpg","width":1024,"height":576,"caption":"Oraci\u00f3n San Miguel | San Miguel Arc\u00e1ngel | defi\u00e9ndenos batalla | almas"},{"@type":"BreadcrumbList","@id":"https:\/\/catholic-television.com\/es\/oracion-san-miguel-arcangel-amparo\/#breadcrumb","itemListElement":[{"@type":"ListItem","position":1,"name":"Portada","item":"https:\/\/catholic-television.com\/es\/?lang=es"},{"@type":"ListItem","position":2,"name":"Oraci\u00f3n a San Miguel Arc\u00e1ngel"}]},{"@type":"WebSite","@id":"https:\/\/catholic-television.com\/es\/#website","url":"https:\/\/catholic-television.com\/es\/","name":"Catholic-television","description":"Catholic Television","publisher":{"@id":"https:\/\/catholic-television.com\/es\/#organization"},"potentialAction":[{"@type":"SearchAction","target":{"@type":"EntryPoint","urlTemplate":"https:\/\/catholic-television.com\/es\/?s={search_term_string}"},"query-input":{"@type":"PropertyValueSpecification","valueRequired":true,"valueName":"search_term_string"}}],"inLanguage":"es"},{"@type":"Organization","@id":"https:\/\/catholic-television.com\/es\/#organization","name":"Catholic-television","url":"https:\/\/catholic-television.com\/es\/","logo":{"@type":"ImageObject","inLanguage":"es","@id":"https:\/\/catholic-television.com\/es\/#\/schema\/logo\/image\/","url":"https:\/\/catholic-television.com\/wp-content\/uploads\/2019\/06\/catholic-tv_ok2.png","contentUrl":"https:\/\/catholic-television.com\/wp-content\/uploads\/2019\/06\/catholic-tv_ok2.png","width":303,"height":99,"caption":"Catholic-television"},"image":{"@id":"https:\/\/catholic-television.com\/es\/#\/schema\/logo\/image\/"},"sameAs":["https:\/\/www.facebook.com\/catholic.television.production\/","https:\/\/x.com\/catholictele"]},{"@type":"Person","@id":"https:\/\/catholic-television.com\/es\/#\/schema\/person\/3188c12fc213ed75be05c8a3a8650318","name":"vlad","image":{"@type":"ImageObject","inLanguage":"es","@id":"https:\/\/secure.gravatar.com\/avatar\/fc95831d9c48ad0da181a29b0820e0beb60a927341a41b7ffd6b73a4ef239589?s=96&d=mm&r=g","url":"https:\/\/secure.gravatar.com\/avatar\/fc95831d9c48ad0da181a29b0820e0beb60a927341a41b7ffd6b73a4ef239589?s=96&d=mm&r=g","contentUrl":"https:\/\/secure.gravatar.com\/avatar\/fc95831d9c48ad0da181a29b0820e0beb60a927341a41b7ffd6b73a4ef239589?s=96&d=mm&r=g","caption":"vlad"}}]}},"_links":{"self":[{"href":"https:\/\/catholic-television.com\/es\/wp-json\/wp\/v2\/posts\/11444","targetHints":{"allow":["GET"]}}],"collection":[{"href":"https:\/\/catholic-television.com\/es\/wp-json\/wp\/v2\/posts"}],"about":[{"href":"https:\/\/catholic-television.com\/es\/wp-json\/wp\/v2\/types\/post"}],"author":[{"embeddable":true,"href":"https:\/\/catholic-television.com\/es\/wp-json\/wp\/v2\/users\/7"}],"replies":[{"embeddable":true,"href":"https:\/\/catholic-television.com\/es\/wp-json\/wp\/v2\/comments?post=11444"}],"version-history":[{"count":5,"href":"https:\/\/catholic-television.com\/es\/wp-json\/wp\/v2\/posts\/11444\/revisions"}],"predecessor-version":[{"id":16991,"href":"https:\/\/catholic-television.com\/es\/wp-json\/wp\/v2\/posts\/11444\/revisions\/16991"}],"wp:featuredmedia":[{"embeddable":true,"href":"https:\/\/catholic-television.com\/es\/wp-json\/wp\/v2\/media\/11445"}],"wp:attachment":[{"href":"https:\/\/catholic-television.com\/es\/wp-json\/wp\/v2\/media?parent=11444"}],"wp:term":[{"taxonomy":"category","embeddable":true,"href":"https:\/\/catholic-television.com\/es\/wp-json\/wp\/v2\/categories?post=11444"},{"taxonomy":"post_tag","embeddable":true,"href":"https:\/\/catholic-television.com\/es\/wp-json\/wp\/v2\/tags?post=11444"}],"curies":[{"name":"wp","href":"https:\/\/api.w.org\/{rel}","templated":true}]}}