{"id":1107,"date":"2016-11-26T17:39:20","date_gmt":"2016-11-26T17:39:20","guid":{"rendered":"https:\/\/catholic-television.com\/wp-staging\/es\/?p=1107"},"modified":"2016-11-26T17:42:03","modified_gmt":"2016-11-26T17:42:03","slug":"el-papa-francisco-aboga-por-la-reconciliacion-y-la-paz-en-venezuela","status":"publish","type":"post","link":"https:\/\/catholic-television.com\/es\/el-papa-francisco-aboga-por-la-reconciliacion-y-la-paz-en-venezuela\/","title":{"rendered":"El Papa Francisco aboga por la reconciliaci\u00f3n y la paz en Venezuela"},"content":{"rendered":"<p style=\"text-align: justify;\"><span style=\"color: #000000;\">A pedido de los sectores pol\u00edticos de Venezuela, el Papa Francisco nombr\u00f3 al Nuncio Papal argentino Emil Paul Tscherrig como representante de la Santa Sede en la iniciativa para el di\u00e1logo.<\/span><\/p>\n<p style=\"text-align: justify;\"><span style=\"color: #000000;\">El pont\u00edfice expres\u00f3 su preocupaci\u00f3n por la situaci\u00f3n en Venezuela e hizo un llamamiento para que cese la violencia en el pa\u00eds y se impulse la reconciliaci\u00f3n a trav\u00e9s del di\u00e1logo.<\/span><\/p>\n<p style=\"text-align: justify;\"><span style=\"color: #000000;\">El papa Francisco pidi\u00f3 que la \u00abjusticia afronte temas concretos para el bien com\u00fan\u00bb, en referencia a la oleada de protestas con violentas represiones que se registran estos d\u00edas en Venezuela contra el presidente Nicol\u00e1s Maduro, causando al menos 16 muertes en las \u00faltimas dos semanas.<\/span><\/p>\n","protected":false},"excerpt":{"rendered":"<p>A pedido de los sectores pol\u00edticos de Venezuela, el Papa Francisco nombr\u00f3 al Nuncio Papal argentino Emil Paul Tscherrig como representante de la Santa Sede en la iniciativa para el di\u00e1logo. El pont\u00edfice expres\u00f3 su preocupaci\u00f3n por la situaci\u00f3n en Venezuela e hizo un llamamiento para que cese la violencia en el pa\u00eds y se&hellip; <a class=\"more-link\" href=\"https:\/\/catholic-television.com\/es\/el-papa-francisco-aboga-por-la-reconciliacion-y-la-paz-en-venezuela\/\">Seguir leyendo <span class=\"screen-reader-text\">El Papa Francisco aboga por la reconciliaci\u00f3n y la paz en Venezuela<\/span><\/a><\/p>\n","protected":false},"author":1,"featured_media":1108,"comment_status":"open","ping_status":"open","sticky":false,"template":"","format":"standard","meta":{"footnotes":""},"categories":[],"tags":[23427,757,755,754,756,23426],"class_list":["post-1107","post","type-post","status-publish","format-standard","has-post-thumbnail","hentry","tag-emil-paul-tscherrig-es","tag-nicolas-maduro","tag-nuncio-papal","tag-papa-francisco","tag-santa-sede","tag-venezuela-es","entry"],"yoast_head":"<!-- This site is optimized with the Yoast SEO plugin v27.5 - https:\/\/yoast.com\/product\/yoast-seo-wordpress\/ -->\n<title>El Papa Francisco aboga por la reconciliaci\u00f3n y la paz en Venezuela<\/title>\n<meta name=\"description\" content=\"A pedido de los sectores pol\u00edticos de Venezuela, el Papa Francisco nombr\u00f3 al Nuncio Papal argentino Emil Paul Tscherrig como representante de la Santa Sede\" \/>\n<meta name=\"robots\" content=\"index, follow, max-snippet:-1, max-image-preview:large, max-video-preview:-1\" \/>\n<link rel=\"canonical\" href=\"https:\/\/catholic-television.com\/es\/el-papa-francisco-aboga-por-la-reconciliacion-y-la-paz-en-venezuela\/\" \/>\n<meta property=\"og:locale\" content=\"es_ES\" \/>\n<meta property=\"og:type\" content=\"article\" \/>\n<meta property=\"og:title\" content=\"El Papa Francisco aboga por la reconciliaci\u00f3n y la paz en Venezuela\" \/>\n<meta property=\"og:description\" content=\"A pedido de los sectores pol\u00edticos de Venezuela, el Papa Francisco nombr\u00f3 al Nuncio Papal argentino Emil Paul Tscherrig como representante de la Santa Sede\" \/>\n<meta property=\"og:url\" content=\"https:\/\/catholic-television.com\/es\/el-papa-francisco-aboga-por-la-reconciliacion-y-la-paz-en-venezuela\/\" \/>\n<meta property=\"og:site_name\" content=\"Catholic-television\" \/>\n<meta property=\"article:publisher\" content=\"https:\/\/www.facebook.com\/catholic.television.production\/\" \/>\n<meta property=\"article:published_time\" content=\"2016-11-26T17:39:20+00:00\" \/>\n<meta property=\"article:modified_time\" content=\"2016-11-26T17:42:03+00:00\" \/>\n<meta property=\"og:image\" content=\"https:\/\/catholic-television.com\/wp-content\/uploads\/2016\/11\/El-Papa-Francisco-aboga-por-la-reconciliaci\u00f3n-y-la-paz-en-Venezuela.jpg\" \/>\n\t<meta property=\"og:image:width\" content=\"1280\" \/>\n\t<meta property=\"og:image:height\" content=\"763\" \/>\n\t<meta property=\"og:image:type\" content=\"image\/jpeg\" \/>\n<meta name=\"author\" content=\"David-Rothfuss\" \/>\n<meta name=\"twitter:card\" content=\"summary_large_image\" \/>\n<meta name=\"twitter:creator\" content=\"@catholictele\" \/>\n<meta name=\"twitter:site\" content=\"@catholictele\" \/>\n<meta name=\"twitter:label1\" content=\"Escrito por\" \/>\n\t<meta name=\"twitter:data1\" content=\"David-Rothfuss\" \/>\n\t<meta name=\"twitter:label2\" content=\"Tiempo de lectura\" \/>\n\t<meta name=\"twitter:data2\" content=\"1 minuto\" \/>\n<script type=\"application\/ld+json\" class=\"yoast-schema-graph\">{\"@context\":\"https:\\\/\\\/schema.org\",\"@graph\":[{\"@type\":\"Article\",\"@id\":\"https:\\\/\\\/catholic-television.com\\\/es\\\/el-papa-francisco-aboga-por-la-reconciliacion-y-la-paz-en-venezuela\\\/#article\",\"isPartOf\":{\"@id\":\"https:\\\/\\\/catholic-television.com\\\/es\\\/el-papa-francisco-aboga-por-la-reconciliacion-y-la-paz-en-venezuela\\\/\"},\"author\":{\"name\":\"David-Rothfuss\",\"@id\":\"https:\\\/\\\/catholic-television.com\\\/es\\\/#\\\/schema\\\/person\\\/e012ff19693cfabdf8f197251428c7dd\"},\"headline\":\"El Papa Francisco aboga por la reconciliaci\u00f3n y la paz en Venezuela\",\"datePublished\":\"2016-11-26T17:39:20+00:00\",\"dateModified\":\"2016-11-26T17:42:03+00:00\",\"mainEntityOfPage\":{\"@id\":\"https:\\\/\\\/catholic-television.com\\\/es\\\/el-papa-francisco-aboga-por-la-reconciliacion-y-la-paz-en-venezuela\\\/\"},\"wordCount\":132,\"commentCount\":0,\"publisher\":{\"@id\":\"https:\\\/\\\/catholic-television.com\\\/es\\\/#organization\"},\"image\":{\"@id\":\"https:\\\/\\\/catholic-television.com\\\/es\\\/el-papa-francisco-aboga-por-la-reconciliacion-y-la-paz-en-venezuela\\\/#primaryimage\"},\"thumbnailUrl\":\"https:\\\/\\\/catholic-television.com\\\/wp-content\\\/uploads\\\/2016\\\/11\\\/El-Papa-Francisco-aboga-por-la-reconciliaci\u00f3n-y-la-paz-en-Venezuela.jpg\",\"keywords\":[\"Emil Paul Tscherrig\",\"Nicol\u00e1s Maduro\",\"Nuncio Papal\",\"Papa Francisco\",\"Santa Sede\",\"Venezuela\"],\"inLanguage\":\"es\",\"potentialAction\":[{\"@type\":\"CommentAction\",\"name\":\"Comment\",\"target\":[\"https:\\\/\\\/catholic-television.com\\\/es\\\/el-papa-francisco-aboga-por-la-reconciliacion-y-la-paz-en-venezuela\\\/#respond\"]}]},{\"@type\":\"WebPage\",\"@id\":\"https:\\\/\\\/catholic-television.com\\\/es\\\/el-papa-francisco-aboga-por-la-reconciliacion-y-la-paz-en-venezuela\\\/\",\"url\":\"https:\\\/\\\/catholic-television.com\\\/es\\\/el-papa-francisco-aboga-por-la-reconciliacion-y-la-paz-en-venezuela\\\/\",\"name\":\"El Papa Francisco aboga por la reconciliaci\u00f3n y la paz en Venezuela\",\"isPartOf\":{\"@id\":\"https:\\\/\\\/catholic-television.com\\\/es\\\/#website\"},\"primaryImageOfPage\":{\"@id\":\"https:\\\/\\\/catholic-television.com\\\/es\\\/el-papa-francisco-aboga-por-la-reconciliacion-y-la-paz-en-venezuela\\\/#primaryimage\"},\"image\":{\"@id\":\"https:\\\/\\\/catholic-television.com\\\/es\\\/el-papa-francisco-aboga-por-la-reconciliacion-y-la-paz-en-venezuela\\\/#primaryimage\"},\"thumbnailUrl\":\"https:\\\/\\\/catholic-television.com\\\/wp-content\\\/uploads\\\/2016\\\/11\\\/El-Papa-Francisco-aboga-por-la-reconciliaci\u00f3n-y-la-paz-en-Venezuela.jpg\",\"datePublished\":\"2016-11-26T17:39:20+00:00\",\"dateModified\":\"2016-11-26T17:42:03+00:00\",\"description\":\"A pedido de los sectores pol\u00edticos de Venezuela, el Papa Francisco nombr\u00f3 al Nuncio Papal argentino Emil Paul Tscherrig como representante de la Santa Sede\",\"breadcrumb\":{\"@id\":\"https:\\\/\\\/catholic-television.com\\\/es\\\/el-papa-francisco-aboga-por-la-reconciliacion-y-la-paz-en-venezuela\\\/#breadcrumb\"},\"inLanguage\":\"es\",\"potentialAction\":[{\"@type\":\"ReadAction\",\"target\":[\"https:\\\/\\\/catholic-television.com\\\/es\\\/el-papa-francisco-aboga-por-la-reconciliacion-y-la-paz-en-venezuela\\\/\"]}]},{\"@type\":\"ImageObject\",\"inLanguage\":\"es\",\"@id\":\"https:\\\/\\\/catholic-television.com\\\/es\\\/el-papa-francisco-aboga-por-la-reconciliacion-y-la-paz-en-venezuela\\\/#primaryimage\",\"url\":\"https:\\\/\\\/catholic-television.com\\\/wp-content\\\/uploads\\\/2016\\\/11\\\/El-Papa-Francisco-aboga-por-la-reconciliaci\u00f3n-y-la-paz-en-Venezuela.jpg\",\"contentUrl\":\"https:\\\/\\\/catholic-television.com\\\/wp-content\\\/uploads\\\/2016\\\/11\\\/El-Papa-Francisco-aboga-por-la-reconciliaci\u00f3n-y-la-paz-en-Venezuela.jpg\",\"width\":1280,\"height\":763,\"caption\":\"El Papa Francisco aboga por la reconciliaci\u00f3n y la paz en Venezuela\"},{\"@type\":\"BreadcrumbList\",\"@id\":\"https:\\\/\\\/catholic-television.com\\\/es\\\/el-papa-francisco-aboga-por-la-reconciliacion-y-la-paz-en-venezuela\\\/#breadcrumb\",\"itemListElement\":[{\"@type\":\"ListItem\",\"position\":1,\"name\":\"Portada\",\"item\":\"https:\\\/\\\/catholic-television.com\\\/es\\\/?lang=es\"},{\"@type\":\"ListItem\",\"position\":2,\"name\":\"El Papa Francisco aboga por la reconciliaci\u00f3n y la paz en Venezuela\"}]},{\"@type\":\"WebSite\",\"@id\":\"https:\\\/\\\/catholic-television.com\\\/es\\\/#website\",\"url\":\"https:\\\/\\\/catholic-television.com\\\/es\\\/\",\"name\":\"Catholic-television\",\"description\":\"Catholic Television\",\"publisher\":{\"@id\":\"https:\\\/\\\/catholic-television.com\\\/es\\\/#organization\"},\"potentialAction\":[{\"@type\":\"SearchAction\",\"target\":{\"@type\":\"EntryPoint\",\"urlTemplate\":\"https:\\\/\\\/catholic-television.com\\\/es\\\/?s={search_term_string}\"},\"query-input\":{\"@type\":\"PropertyValueSpecification\",\"valueRequired\":true,\"valueName\":\"search_term_string\"}}],\"inLanguage\":\"es\"},{\"@type\":\"Organization\",\"@id\":\"https:\\\/\\\/catholic-television.com\\\/es\\\/#organization\",\"name\":\"Catholic-television\",\"url\":\"https:\\\/\\\/catholic-television.com\\\/es\\\/\",\"logo\":{\"@type\":\"ImageObject\",\"inLanguage\":\"es\",\"@id\":\"https:\\\/\\\/catholic-television.com\\\/es\\\/#\\\/schema\\\/logo\\\/image\\\/\",\"url\":\"https:\\\/\\\/catholic-television.com\\\/wp-content\\\/uploads\\\/2019\\\/06\\\/catholic-tv_ok2.png\",\"contentUrl\":\"https:\\\/\\\/catholic-television.com\\\/wp-content\\\/uploads\\\/2019\\\/06\\\/catholic-tv_ok2.png\",\"width\":303,\"height\":99,\"caption\":\"Catholic-television\"},\"image\":{\"@id\":\"https:\\\/\\\/catholic-television.com\\\/es\\\/#\\\/schema\\\/logo\\\/image\\\/\"},\"sameAs\":[\"https:\\\/\\\/www.facebook.com\\\/catholic.television.production\\\/\",\"https:\\\/\\\/x.com\\\/catholictele\"]},{\"@type\":\"Person\",\"@id\":\"https:\\\/\\\/catholic-television.com\\\/es\\\/#\\\/schema\\\/person\\\/e012ff19693cfabdf8f197251428c7dd\",\"name\":\"David-Rothfuss\",\"image\":{\"@type\":\"ImageObject\",\"inLanguage\":\"es\",\"@id\":\"https:\\\/\\\/secure.gravatar.com\\\/avatar\\\/1bdadd82646ed1b1b380724d24278de576a4d7a2551be5b679e8aa17e11be7f6?s=96&d=mm&r=g\",\"url\":\"https:\\\/\\\/secure.gravatar.com\\\/avatar\\\/1bdadd82646ed1b1b380724d24278de576a4d7a2551be5b679e8aa17e11be7f6?s=96&d=mm&r=g\",\"contentUrl\":\"https:\\\/\\\/secure.gravatar.com\\\/avatar\\\/1bdadd82646ed1b1b380724d24278de576a4d7a2551be5b679e8aa17e11be7f6?s=96&d=mm&r=g\",\"caption\":\"David-Rothfuss\"}}]}<\/script>\n<!-- \/ Yoast SEO plugin. -->","yoast_head_json":{"title":"El Papa Francisco aboga por la reconciliaci\u00f3n y la paz en Venezuela","description":"A pedido de los sectores pol\u00edticos de Venezuela, el Papa Francisco nombr\u00f3 al Nuncio Papal argentino Emil Paul Tscherrig como representante de la Santa Sede","robots":{"index":"index","follow":"follow","max-snippet":"max-snippet:-1","max-image-preview":"max-image-preview:large","max-video-preview":"max-video-preview:-1"},"canonical":"https:\/\/catholic-television.com\/es\/el-papa-francisco-aboga-por-la-reconciliacion-y-la-paz-en-venezuela\/","og_locale":"es_ES","og_type":"article","og_title":"El Papa Francisco aboga por la reconciliaci\u00f3n y la paz en Venezuela","og_description":"A pedido de los sectores pol\u00edticos de Venezuela, el Papa Francisco nombr\u00f3 al Nuncio Papal argentino Emil Paul Tscherrig como representante de la Santa Sede","og_url":"https:\/\/catholic-television.com\/es\/el-papa-francisco-aboga-por-la-reconciliacion-y-la-paz-en-venezuela\/","og_site_name":"Catholic-television","article_publisher":"https:\/\/www.facebook.com\/catholic.television.production\/","article_published_time":"2016-11-26T17:39:20+00:00","article_modified_time":"2016-11-26T17:42:03+00:00","og_image":[{"width":1280,"height":763,"url":"https:\/\/catholic-television.com\/wp-content\/uploads\/2016\/11\/El-Papa-Francisco-aboga-por-la-reconciliaci\u00f3n-y-la-paz-en-Venezuela.jpg","type":"image\/jpeg"}],"author":"David-Rothfuss","twitter_card":"summary_large_image","twitter_creator":"@catholictele","twitter_site":"@catholictele","twitter_misc":{"Escrito por":"David-Rothfuss","Tiempo de lectura":"1 minuto"},"schema":{"@context":"https:\/\/schema.org","@graph":[{"@type":"Article","@id":"https:\/\/catholic-television.com\/es\/el-papa-francisco-aboga-por-la-reconciliacion-y-la-paz-en-venezuela\/#article","isPartOf":{"@id":"https:\/\/catholic-television.com\/es\/el-papa-francisco-aboga-por-la-reconciliacion-y-la-paz-en-venezuela\/"},"author":{"name":"David-Rothfuss","@id":"https:\/\/catholic-television.com\/es\/#\/schema\/person\/e012ff19693cfabdf8f197251428c7dd"},"headline":"El Papa Francisco aboga por la reconciliaci\u00f3n y la paz en Venezuela","datePublished":"2016-11-26T17:39:20+00:00","dateModified":"2016-11-26T17:42:03+00:00","mainEntityOfPage":{"@id":"https:\/\/catholic-television.com\/es\/el-papa-francisco-aboga-por-la-reconciliacion-y-la-paz-en-venezuela\/"},"wordCount":132,"commentCount":0,"publisher":{"@id":"https:\/\/catholic-television.com\/es\/#organization"},"image":{"@id":"https:\/\/catholic-television.com\/es\/el-papa-francisco-aboga-por-la-reconciliacion-y-la-paz-en-venezuela\/#primaryimage"},"thumbnailUrl":"https:\/\/catholic-television.com\/wp-content\/uploads\/2016\/11\/El-Papa-Francisco-aboga-por-la-reconciliaci\u00f3n-y-la-paz-en-Venezuela.jpg","keywords":["Emil Paul Tscherrig","Nicol\u00e1s Maduro","Nuncio Papal","Papa Francisco","Santa Sede","Venezuela"],"inLanguage":"es","potentialAction":[{"@type":"CommentAction","name":"Comment","target":["https:\/\/catholic-television.com\/es\/el-papa-francisco-aboga-por-la-reconciliacion-y-la-paz-en-venezuela\/#respond"]}]},{"@type":"WebPage","@id":"https:\/\/catholic-television.com\/es\/el-papa-francisco-aboga-por-la-reconciliacion-y-la-paz-en-venezuela\/","url":"https:\/\/catholic-television.com\/es\/el-papa-francisco-aboga-por-la-reconciliacion-y-la-paz-en-venezuela\/","name":"El Papa Francisco aboga por la reconciliaci\u00f3n y la paz en Venezuela","isPartOf":{"@id":"https:\/\/catholic-television.com\/es\/#website"},"primaryImageOfPage":{"@id":"https:\/\/catholic-television.com\/es\/el-papa-francisco-aboga-por-la-reconciliacion-y-la-paz-en-venezuela\/#primaryimage"},"image":{"@id":"https:\/\/catholic-television.com\/es\/el-papa-francisco-aboga-por-la-reconciliacion-y-la-paz-en-venezuela\/#primaryimage"},"thumbnailUrl":"https:\/\/catholic-television.com\/wp-content\/uploads\/2016\/11\/El-Papa-Francisco-aboga-por-la-reconciliaci\u00f3n-y-la-paz-en-Venezuela.jpg","datePublished":"2016-11-26T17:39:20+00:00","dateModified":"2016-11-26T17:42:03+00:00","description":"A pedido de los sectores pol\u00edticos de Venezuela, el Papa Francisco nombr\u00f3 al Nuncio Papal argentino Emil Paul Tscherrig como representante de la Santa Sede","breadcrumb":{"@id":"https:\/\/catholic-television.com\/es\/el-papa-francisco-aboga-por-la-reconciliacion-y-la-paz-en-venezuela\/#breadcrumb"},"inLanguage":"es","potentialAction":[{"@type":"ReadAction","target":["https:\/\/catholic-television.com\/es\/el-papa-francisco-aboga-por-la-reconciliacion-y-la-paz-en-venezuela\/"]}]},{"@type":"ImageObject","inLanguage":"es","@id":"https:\/\/catholic-television.com\/es\/el-papa-francisco-aboga-por-la-reconciliacion-y-la-paz-en-venezuela\/#primaryimage","url":"https:\/\/catholic-television.com\/wp-content\/uploads\/2016\/11\/El-Papa-Francisco-aboga-por-la-reconciliaci\u00f3n-y-la-paz-en-Venezuela.jpg","contentUrl":"https:\/\/catholic-television.com\/wp-content\/uploads\/2016\/11\/El-Papa-Francisco-aboga-por-la-reconciliaci\u00f3n-y-la-paz-en-Venezuela.jpg","width":1280,"height":763,"caption":"El Papa Francisco aboga por la reconciliaci\u00f3n y la paz en Venezuela"},{"@type":"BreadcrumbList","@id":"https:\/\/catholic-television.com\/es\/el-papa-francisco-aboga-por-la-reconciliacion-y-la-paz-en-venezuela\/#breadcrumb","itemListElement":[{"@type":"ListItem","position":1,"name":"Portada","item":"https:\/\/catholic-television.com\/es\/?lang=es"},{"@type":"ListItem","position":2,"name":"El Papa Francisco aboga por la reconciliaci\u00f3n y la paz en Venezuela"}]},{"@type":"WebSite","@id":"https:\/\/catholic-television.com\/es\/#website","url":"https:\/\/catholic-television.com\/es\/","name":"Catholic-television","description":"Catholic Television","publisher":{"@id":"https:\/\/catholic-television.com\/es\/#organization"},"potentialAction":[{"@type":"SearchAction","target":{"@type":"EntryPoint","urlTemplate":"https:\/\/catholic-television.com\/es\/?s={search_term_string}"},"query-input":{"@type":"PropertyValueSpecification","valueRequired":true,"valueName":"search_term_string"}}],"inLanguage":"es"},{"@type":"Organization","@id":"https:\/\/catholic-television.com\/es\/#organization","name":"Catholic-television","url":"https:\/\/catholic-television.com\/es\/","logo":{"@type":"ImageObject","inLanguage":"es","@id":"https:\/\/catholic-television.com\/es\/#\/schema\/logo\/image\/","url":"https:\/\/catholic-television.com\/wp-content\/uploads\/2019\/06\/catholic-tv_ok2.png","contentUrl":"https:\/\/catholic-television.com\/wp-content\/uploads\/2019\/06\/catholic-tv_ok2.png","width":303,"height":99,"caption":"Catholic-television"},"image":{"@id":"https:\/\/catholic-television.com\/es\/#\/schema\/logo\/image\/"},"sameAs":["https:\/\/www.facebook.com\/catholic.television.production\/","https:\/\/x.com\/catholictele"]},{"@type":"Person","@id":"https:\/\/catholic-television.com\/es\/#\/schema\/person\/e012ff19693cfabdf8f197251428c7dd","name":"David-Rothfuss","image":{"@type":"ImageObject","inLanguage":"es","@id":"https:\/\/secure.gravatar.com\/avatar\/1bdadd82646ed1b1b380724d24278de576a4d7a2551be5b679e8aa17e11be7f6?s=96&d=mm&r=g","url":"https:\/\/secure.gravatar.com\/avatar\/1bdadd82646ed1b1b380724d24278de576a4d7a2551be5b679e8aa17e11be7f6?s=96&d=mm&r=g","contentUrl":"https:\/\/secure.gravatar.com\/avatar\/1bdadd82646ed1b1b380724d24278de576a4d7a2551be5b679e8aa17e11be7f6?s=96&d=mm&r=g","caption":"David-Rothfuss"}}]}},"_links":{"self":[{"href":"https:\/\/catholic-television.com\/es\/wp-json\/wp\/v2\/posts\/1107","targetHints":{"allow":["GET"]}}],"collection":[{"href":"https:\/\/catholic-television.com\/es\/wp-json\/wp\/v2\/posts"}],"about":[{"href":"https:\/\/catholic-television.com\/es\/wp-json\/wp\/v2\/types\/post"}],"author":[{"embeddable":true,"href":"https:\/\/catholic-television.com\/es\/wp-json\/wp\/v2\/users\/1"}],"replies":[{"embeddable":true,"href":"https:\/\/catholic-television.com\/es\/wp-json\/wp\/v2\/comments?post=1107"}],"version-history":[{"count":1,"href":"https:\/\/catholic-television.com\/es\/wp-json\/wp\/v2\/posts\/1107\/revisions"}],"predecessor-version":[{"id":1109,"href":"https:\/\/catholic-television.com\/es\/wp-json\/wp\/v2\/posts\/1107\/revisions\/1109"}],"wp:featuredmedia":[{"embeddable":true,"href":"https:\/\/catholic-television.com\/es\/wp-json\/wp\/v2\/media\/1108"}],"wp:attachment":[{"href":"https:\/\/catholic-television.com\/es\/wp-json\/wp\/v2\/media?parent=1107"}],"wp:term":[{"taxonomy":"category","embeddable":true,"href":"https:\/\/catholic-television.com\/es\/wp-json\/wp\/v2\/categories?post=1107"},{"taxonomy":"post_tag","embeddable":true,"href":"https:\/\/catholic-television.com\/es\/wp-json\/wp\/v2\/tags?post=1107"}],"curies":[{"name":"wp","href":"https:\/\/api.w.org\/{rel}","templated":true}]}}