{"id":1081,"date":"2016-11-26T01:11:37","date_gmt":"2016-11-26T01:11:37","guid":{"rendered":"https:\/\/catholic-television.com\/wp-staging\/es\/?p=1081"},"modified":"2019-05-23T11:34:13","modified_gmt":"2019-05-23T11:34:13","slug":"ayudar-a-las-familias-de-las-victimas-de-la-ley-de-blasfemia-en-pakistan","status":"publish","type":"post","link":"https:\/\/catholic-television.com\/es\/ayudar-a-las-familias-de-las-victimas-de-la-ley-de-blasfemia-en-pakistan\/","title":{"rendered":"Ayudar a las familias de las v\u00edctimas de la ley de blasfemia en Pakist\u00e1n"},"content":{"rendered":"<p style=\"text-align: justify;\"><span style=\"color: #000000;\">La ley de blasfemia de Pakist\u00e1n es infame en todo el mundo por su abuso contra los cristianos. No somos nadie para juzgar la ley o la constituci\u00f3n de Pakist\u00e1n y respetamos plenamente las autoridades de la naci\u00f3n y su postura para mantener la ley y el orden en su territorio. Pero no podemos negar el hecho de que en los \u00faltimos a\u00f1os muchos cristianos pobres e inocentes han sido falsamente acusados, torturados e incluso asesinados debido a esta ley. Se ha convertido en una herramienta tan f\u00e1cil para perseguir a los cristianos que a menudo se utiliza injustamente para resolver una disputa trivial, un rencor personal o asuntos privados.<\/span><\/p>\n<p style=\"text-align: justify;\"><span style=\"color: #000000;\">Hay muchas organizaciones que ayudan a estas v\u00edctimas de la ley de blasfemia y les proporcionan apoyo moral y legal, pero a menudo sus familiares son abandonados y olvidados en la miseria cuando el \u00fanico sustento financiero de la familia es arrojado injustamente tras las rejas. Queremos ayudar a esas familias que se ven obligadas a abandonar sus hogares y viven escondidas por el riesgo de ser torturadas por ser familiares de un presunto blasfemo.<\/span><\/p>\n<p style=\"text-align: justify;\"><span style=\"color: #000000;\">Actualmente hay entre 20 y 30 familias cristianas en Pakist\u00e1n cuyos familiares est\u00e1n siendo procesados por cometer blasfemias o se encuentran escondidos para evitar la persecuci\u00f3n y poder salvar sus vidas. Muchas familias nos han contactado desesperadamente pidiendo ayuda para su supervivencia o reasentamiento en un lugar m\u00e1s seguro.<\/span><\/p>\n<p style=\"text-align: justify;\"><span style=\"color: #000000;\">Si sientes dolor por tus hermanos y hermanas perseguidos que est\u00e1n siendo acosados injustificadamente y quieres tenderles la mano en estos momentos dif\u00edciles, puedes donar hoy, haciendo clic abajo o envi\u00e1ndonos un correo electr\u00f3nico para solicitar los detalles de nuestra cuenta bancaria. Tu ayuda traer\u00e1 una sonrisa y esperanza a los rostros de los cristianos perseguidos en Pakist\u00e1n que viven constantemente bajo la sombra del miedo y la incertidumbre. Para m\u00e1s informaci\u00f3n puedes ponerte en contacto con nosotros y te proporcionaremos la informaci\u00f3n completa sobre c\u00f3mo y d\u00f3nde se proporcionar\u00e1 tu ayuda.<\/span><\/p>\n<p style=\"text-align: justify;\"><span style=\"color: #000000;\">Ad maiorem Dei gloriam \u2013 A mayor gloria de Dios. Am\u00e9n.<\/span><\/p>\n","protected":false},"excerpt":{"rendered":"<p>La ley de blasfemia de Pakist\u00e1n es infame en todo el mundo por su abuso contra los cristianos. No somos nadie para juzgar la ley o la constituci\u00f3n de Pakist\u00e1n y respetamos plenamente las autoridades de la naci\u00f3n y su postura para mantener la ley y el orden en su territorio. Pero no podemos negar&hellip; <a class=\"more-link\" href=\"https:\/\/catholic-television.com\/es\/ayudar-a-las-familias-de-las-victimas-de-la-ley-de-blasfemia-en-pakistan\/\">Seguir leyendo <span class=\"screen-reader-text\">Ayudar a las familias de las v\u00edctimas de la ley de blasfemia en Pakist\u00e1n<\/span><\/a><\/p>\n","protected":false},"author":1,"featured_media":3192,"comment_status":"open","ping_status":"open","sticky":false,"template":"","format":"standard","meta":{"footnotes":""},"categories":[649],"tags":[674,670,679,675,673,672,671,678,676,677],"class_list":["post-1081","post","type-post","status-publish","format-standard","has-post-thumbnail","hentry","category-campanas","tag-autoridades-de-pakistan","tag-blasfemia","tag-cristianos-perseguidos-pakistan","tag-falsa-acusacion-blasfemia-pakistan","tag-la-constitucion-de-pakistan","tag-la-ley-de-pakistan","tag-ley-de-blasfemia-pakistan","tag-persecucion-cristiana-pakistan","tag-perseguir-a-los-cristianos","tag-victimas-ley-de-blasfemia","entry"],"yoast_head":"<!-- This site is optimized with the Yoast SEO plugin v27.5 - https:\/\/yoast.com\/product\/yoast-seo-wordpress\/ -->\n<title>Ayudar a las familias de las v\u00edctimas de la ley de blasfemia en Pakist\u00e1n<\/title>\n<meta name=\"description\" content=\"La ley de blasfemia de Pakist\u00e1n es infame en todo el mundo por su abuso contra los cristianos. No somos nadie para juzgar ley o la constituci\u00f3n de Pakist\u00e1n\" \/>\n<meta name=\"robots\" content=\"index, follow, max-snippet:-1, max-image-preview:large, max-video-preview:-1\" \/>\n<link rel=\"canonical\" href=\"https:\/\/catholic-television.com\/es\/ayudar-a-las-familias-de-las-victimas-de-la-ley-de-blasfemia-en-pakistan\/\" \/>\n<meta property=\"og:locale\" content=\"es_ES\" \/>\n<meta property=\"og:type\" content=\"article\" \/>\n<meta property=\"og:title\" content=\"Ayudar a las familias de las v\u00edctimas de la ley de blasfemia en Pakist\u00e1n\" \/>\n<meta property=\"og:description\" content=\"La ley de blasfemia de Pakist\u00e1n es infame en todo el mundo por su abuso contra los cristianos. No somos nadie para juzgar ley o la constituci\u00f3n de Pakist\u00e1n\" \/>\n<meta property=\"og:url\" content=\"https:\/\/catholic-television.com\/es\/ayudar-a-las-familias-de-las-victimas-de-la-ley-de-blasfemia-en-pakistan\/\" \/>\n<meta property=\"og:site_name\" content=\"Catholic-television\" \/>\n<meta property=\"article:publisher\" content=\"https:\/\/www.facebook.com\/catholic.television.production\/\" \/>\n<meta property=\"article:published_time\" content=\"2016-11-26T01:11:37+00:00\" \/>\n<meta property=\"article:modified_time\" content=\"2019-05-23T11:34:13+00:00\" \/>\n<meta property=\"og:image\" content=\"https:\/\/catholic-television.com\/wp-content\/uploads\/2016\/11\/ayudar-a-las-familias-de-las-victimas-de-la-ley-de-blasfemia-en-pakistan.jpg\" \/>\n\t<meta property=\"og:image:width\" content=\"1024\" \/>\n\t<meta property=\"og:image:height\" content=\"576\" \/>\n\t<meta property=\"og:image:type\" content=\"image\/jpeg\" \/>\n<meta name=\"author\" content=\"David-Rothfuss\" \/>\n<meta name=\"twitter:card\" content=\"summary_large_image\" \/>\n<meta name=\"twitter:creator\" content=\"@catholictele\" \/>\n<meta name=\"twitter:site\" content=\"@catholictele\" \/>\n<meta name=\"twitter:label1\" content=\"Escrito por\" \/>\n\t<meta name=\"twitter:data1\" content=\"David-Rothfuss\" \/>\n\t<meta name=\"twitter:label2\" content=\"Tiempo de lectura\" \/>\n\t<meta name=\"twitter:data2\" content=\"2 minutos\" \/>\n<script type=\"application\/ld+json\" class=\"yoast-schema-graph\">{\"@context\":\"https:\\\/\\\/schema.org\",\"@graph\":[{\"@type\":\"Article\",\"@id\":\"https:\\\/\\\/catholic-television.com\\\/es\\\/ayudar-a-las-familias-de-las-victimas-de-la-ley-de-blasfemia-en-pakistan\\\/#article\",\"isPartOf\":{\"@id\":\"https:\\\/\\\/catholic-television.com\\\/es\\\/ayudar-a-las-familias-de-las-victimas-de-la-ley-de-blasfemia-en-pakistan\\\/\"},\"author\":{\"name\":\"David-Rothfuss\",\"@id\":\"https:\\\/\\\/catholic-television.com\\\/es\\\/#\\\/schema\\\/person\\\/e012ff19693cfabdf8f197251428c7dd\"},\"headline\":\"Ayudar a las familias de las v\u00edctimas de la ley de blasfemia en Pakist\u00e1n\",\"datePublished\":\"2016-11-26T01:11:37+00:00\",\"dateModified\":\"2019-05-23T11:34:13+00:00\",\"mainEntityOfPage\":{\"@id\":\"https:\\\/\\\/catholic-television.com\\\/es\\\/ayudar-a-las-familias-de-las-victimas-de-la-ley-de-blasfemia-en-pakistan\\\/\"},\"wordCount\":372,\"commentCount\":0,\"publisher\":{\"@id\":\"https:\\\/\\\/catholic-television.com\\\/es\\\/#organization\"},\"image\":{\"@id\":\"https:\\\/\\\/catholic-television.com\\\/es\\\/ayudar-a-las-familias-de-las-victimas-de-la-ley-de-blasfemia-en-pakistan\\\/#primaryimage\"},\"thumbnailUrl\":\"https:\\\/\\\/catholic-television.com\\\/wp-content\\\/uploads\\\/2016\\\/11\\\/ayudar-a-las-familias-de-las-victimas-de-la-ley-de-blasfemia-en-pakistan.jpg\",\"keywords\":[\"autoridades de pakist\u00e1n\",\"blasfemia\",\"cristianos perseguidos pakistan\",\"falsa acusaci\u00f3n blasfemia pakistan\",\"la constituci\u00f3n de Pakist\u00e1n\",\"la ley de Pakist\u00e1n\",\"ley de blasfemia pakistan\",\"persecuci\u00f3n cristiana pakistan\",\"perseguir a los cristianos\",\"v\u00edctimas ley de blasfemia\"],\"articleSection\":[\"Campa\u00f1as\"],\"inLanguage\":\"es\",\"potentialAction\":[{\"@type\":\"CommentAction\",\"name\":\"Comment\",\"target\":[\"https:\\\/\\\/catholic-television.com\\\/es\\\/ayudar-a-las-familias-de-las-victimas-de-la-ley-de-blasfemia-en-pakistan\\\/#respond\"]}]},{\"@type\":\"WebPage\",\"@id\":\"https:\\\/\\\/catholic-television.com\\\/es\\\/ayudar-a-las-familias-de-las-victimas-de-la-ley-de-blasfemia-en-pakistan\\\/\",\"url\":\"https:\\\/\\\/catholic-television.com\\\/es\\\/ayudar-a-las-familias-de-las-victimas-de-la-ley-de-blasfemia-en-pakistan\\\/\",\"name\":\"Ayudar a las familias de las v\u00edctimas de la ley de blasfemia en Pakist\u00e1n\",\"isPartOf\":{\"@id\":\"https:\\\/\\\/catholic-television.com\\\/es\\\/#website\"},\"primaryImageOfPage\":{\"@id\":\"https:\\\/\\\/catholic-television.com\\\/es\\\/ayudar-a-las-familias-de-las-victimas-de-la-ley-de-blasfemia-en-pakistan\\\/#primaryimage\"},\"image\":{\"@id\":\"https:\\\/\\\/catholic-television.com\\\/es\\\/ayudar-a-las-familias-de-las-victimas-de-la-ley-de-blasfemia-en-pakistan\\\/#primaryimage\"},\"thumbnailUrl\":\"https:\\\/\\\/catholic-television.com\\\/wp-content\\\/uploads\\\/2016\\\/11\\\/ayudar-a-las-familias-de-las-victimas-de-la-ley-de-blasfemia-en-pakistan.jpg\",\"datePublished\":\"2016-11-26T01:11:37+00:00\",\"dateModified\":\"2019-05-23T11:34:13+00:00\",\"description\":\"La ley de blasfemia de Pakist\u00e1n es infame en todo el mundo por su abuso contra los cristianos. No somos nadie para juzgar ley o la constituci\u00f3n de Pakist\u00e1n\",\"breadcrumb\":{\"@id\":\"https:\\\/\\\/catholic-television.com\\\/es\\\/ayudar-a-las-familias-de-las-victimas-de-la-ley-de-blasfemia-en-pakistan\\\/#breadcrumb\"},\"inLanguage\":\"es\",\"potentialAction\":[{\"@type\":\"ReadAction\",\"target\":[\"https:\\\/\\\/catholic-television.com\\\/es\\\/ayudar-a-las-familias-de-las-victimas-de-la-ley-de-blasfemia-en-pakistan\\\/\"]}]},{\"@type\":\"ImageObject\",\"inLanguage\":\"es\",\"@id\":\"https:\\\/\\\/catholic-television.com\\\/es\\\/ayudar-a-las-familias-de-las-victimas-de-la-ley-de-blasfemia-en-pakistan\\\/#primaryimage\",\"url\":\"https:\\\/\\\/catholic-television.com\\\/wp-content\\\/uploads\\\/2016\\\/11\\\/ayudar-a-las-familias-de-las-victimas-de-la-ley-de-blasfemia-en-pakistan.jpg\",\"contentUrl\":\"https:\\\/\\\/catholic-television.com\\\/wp-content\\\/uploads\\\/2016\\\/11\\\/ayudar-a-las-familias-de-las-victimas-de-la-ley-de-blasfemia-en-pakistan.jpg\",\"width\":1024,\"height\":576,\"caption\":\"ayudar-a-las-familias-de-las-victimas-de-la-ley-de-blasfemia-en-pakistan\"},{\"@type\":\"BreadcrumbList\",\"@id\":\"https:\\\/\\\/catholic-television.com\\\/es\\\/ayudar-a-las-familias-de-las-victimas-de-la-ley-de-blasfemia-en-pakistan\\\/#breadcrumb\",\"itemListElement\":[{\"@type\":\"ListItem\",\"position\":1,\"name\":\"Portada\",\"item\":\"https:\\\/\\\/catholic-television.com\\\/es\\\/?lang=es\"},{\"@type\":\"ListItem\",\"position\":2,\"name\":\"Ayudar a las familias de las v\u00edctimas de la ley de blasfemia en Pakist\u00e1n\"}]},{\"@type\":\"WebSite\",\"@id\":\"https:\\\/\\\/catholic-television.com\\\/es\\\/#website\",\"url\":\"https:\\\/\\\/catholic-television.com\\\/es\\\/\",\"name\":\"Catholic-television\",\"description\":\"Catholic Television\",\"publisher\":{\"@id\":\"https:\\\/\\\/catholic-television.com\\\/es\\\/#organization\"},\"potentialAction\":[{\"@type\":\"SearchAction\",\"target\":{\"@type\":\"EntryPoint\",\"urlTemplate\":\"https:\\\/\\\/catholic-television.com\\\/es\\\/?s={search_term_string}\"},\"query-input\":{\"@type\":\"PropertyValueSpecification\",\"valueRequired\":true,\"valueName\":\"search_term_string\"}}],\"inLanguage\":\"es\"},{\"@type\":\"Organization\",\"@id\":\"https:\\\/\\\/catholic-television.com\\\/es\\\/#organization\",\"name\":\"Catholic-television\",\"url\":\"https:\\\/\\\/catholic-television.com\\\/es\\\/\",\"logo\":{\"@type\":\"ImageObject\",\"inLanguage\":\"es\",\"@id\":\"https:\\\/\\\/catholic-television.com\\\/es\\\/#\\\/schema\\\/logo\\\/image\\\/\",\"url\":\"https:\\\/\\\/catholic-television.com\\\/wp-content\\\/uploads\\\/2019\\\/06\\\/catholic-tv_ok2.png\",\"contentUrl\":\"https:\\\/\\\/catholic-television.com\\\/wp-content\\\/uploads\\\/2019\\\/06\\\/catholic-tv_ok2.png\",\"width\":303,\"height\":99,\"caption\":\"Catholic-television\"},\"image\":{\"@id\":\"https:\\\/\\\/catholic-television.com\\\/es\\\/#\\\/schema\\\/logo\\\/image\\\/\"},\"sameAs\":[\"https:\\\/\\\/www.facebook.com\\\/catholic.television.production\\\/\",\"https:\\\/\\\/x.com\\\/catholictele\"]},{\"@type\":\"Person\",\"@id\":\"https:\\\/\\\/catholic-television.com\\\/es\\\/#\\\/schema\\\/person\\\/e012ff19693cfabdf8f197251428c7dd\",\"name\":\"David-Rothfuss\",\"image\":{\"@type\":\"ImageObject\",\"inLanguage\":\"es\",\"@id\":\"https:\\\/\\\/secure.gravatar.com\\\/avatar\\\/1bdadd82646ed1b1b380724d24278de576a4d7a2551be5b679e8aa17e11be7f6?s=96&d=mm&r=g\",\"url\":\"https:\\\/\\\/secure.gravatar.com\\\/avatar\\\/1bdadd82646ed1b1b380724d24278de576a4d7a2551be5b679e8aa17e11be7f6?s=96&d=mm&r=g\",\"contentUrl\":\"https:\\\/\\\/secure.gravatar.com\\\/avatar\\\/1bdadd82646ed1b1b380724d24278de576a4d7a2551be5b679e8aa17e11be7f6?s=96&d=mm&r=g\",\"caption\":\"David-Rothfuss\"}}]}<\/script>\n<!-- \/ Yoast SEO plugin. -->","yoast_head_json":{"title":"Ayudar a las familias de las v\u00edctimas de la ley de blasfemia en Pakist\u00e1n","description":"La ley de blasfemia de Pakist\u00e1n es infame en todo el mundo por su abuso contra los cristianos. No somos nadie para juzgar ley o la constituci\u00f3n de Pakist\u00e1n","robots":{"index":"index","follow":"follow","max-snippet":"max-snippet:-1","max-image-preview":"max-image-preview:large","max-video-preview":"max-video-preview:-1"},"canonical":"https:\/\/catholic-television.com\/es\/ayudar-a-las-familias-de-las-victimas-de-la-ley-de-blasfemia-en-pakistan\/","og_locale":"es_ES","og_type":"article","og_title":"Ayudar a las familias de las v\u00edctimas de la ley de blasfemia en Pakist\u00e1n","og_description":"La ley de blasfemia de Pakist\u00e1n es infame en todo el mundo por su abuso contra los cristianos. No somos nadie para juzgar ley o la constituci\u00f3n de Pakist\u00e1n","og_url":"https:\/\/catholic-television.com\/es\/ayudar-a-las-familias-de-las-victimas-de-la-ley-de-blasfemia-en-pakistan\/","og_site_name":"Catholic-television","article_publisher":"https:\/\/www.facebook.com\/catholic.television.production\/","article_published_time":"2016-11-26T01:11:37+00:00","article_modified_time":"2019-05-23T11:34:13+00:00","og_image":[{"width":1024,"height":576,"url":"https:\/\/catholic-television.com\/wp-content\/uploads\/2016\/11\/ayudar-a-las-familias-de-las-victimas-de-la-ley-de-blasfemia-en-pakistan.jpg","type":"image\/jpeg"}],"author":"David-Rothfuss","twitter_card":"summary_large_image","twitter_creator":"@catholictele","twitter_site":"@catholictele","twitter_misc":{"Escrito por":"David-Rothfuss","Tiempo de lectura":"2 minutos"},"schema":{"@context":"https:\/\/schema.org","@graph":[{"@type":"Article","@id":"https:\/\/catholic-television.com\/es\/ayudar-a-las-familias-de-las-victimas-de-la-ley-de-blasfemia-en-pakistan\/#article","isPartOf":{"@id":"https:\/\/catholic-television.com\/es\/ayudar-a-las-familias-de-las-victimas-de-la-ley-de-blasfemia-en-pakistan\/"},"author":{"name":"David-Rothfuss","@id":"https:\/\/catholic-television.com\/es\/#\/schema\/person\/e012ff19693cfabdf8f197251428c7dd"},"headline":"Ayudar a las familias de las v\u00edctimas de la ley de blasfemia en Pakist\u00e1n","datePublished":"2016-11-26T01:11:37+00:00","dateModified":"2019-05-23T11:34:13+00:00","mainEntityOfPage":{"@id":"https:\/\/catholic-television.com\/es\/ayudar-a-las-familias-de-las-victimas-de-la-ley-de-blasfemia-en-pakistan\/"},"wordCount":372,"commentCount":0,"publisher":{"@id":"https:\/\/catholic-television.com\/es\/#organization"},"image":{"@id":"https:\/\/catholic-television.com\/es\/ayudar-a-las-familias-de-las-victimas-de-la-ley-de-blasfemia-en-pakistan\/#primaryimage"},"thumbnailUrl":"https:\/\/catholic-television.com\/wp-content\/uploads\/2016\/11\/ayudar-a-las-familias-de-las-victimas-de-la-ley-de-blasfemia-en-pakistan.jpg","keywords":["autoridades de pakist\u00e1n","blasfemia","cristianos perseguidos pakistan","falsa acusaci\u00f3n blasfemia pakistan","la constituci\u00f3n de Pakist\u00e1n","la ley de Pakist\u00e1n","ley de blasfemia pakistan","persecuci\u00f3n cristiana pakistan","perseguir a los cristianos","v\u00edctimas ley de blasfemia"],"articleSection":["Campa\u00f1as"],"inLanguage":"es","potentialAction":[{"@type":"CommentAction","name":"Comment","target":["https:\/\/catholic-television.com\/es\/ayudar-a-las-familias-de-las-victimas-de-la-ley-de-blasfemia-en-pakistan\/#respond"]}]},{"@type":"WebPage","@id":"https:\/\/catholic-television.com\/es\/ayudar-a-las-familias-de-las-victimas-de-la-ley-de-blasfemia-en-pakistan\/","url":"https:\/\/catholic-television.com\/es\/ayudar-a-las-familias-de-las-victimas-de-la-ley-de-blasfemia-en-pakistan\/","name":"Ayudar a las familias de las v\u00edctimas de la ley de blasfemia en Pakist\u00e1n","isPartOf":{"@id":"https:\/\/catholic-television.com\/es\/#website"},"primaryImageOfPage":{"@id":"https:\/\/catholic-television.com\/es\/ayudar-a-las-familias-de-las-victimas-de-la-ley-de-blasfemia-en-pakistan\/#primaryimage"},"image":{"@id":"https:\/\/catholic-television.com\/es\/ayudar-a-las-familias-de-las-victimas-de-la-ley-de-blasfemia-en-pakistan\/#primaryimage"},"thumbnailUrl":"https:\/\/catholic-television.com\/wp-content\/uploads\/2016\/11\/ayudar-a-las-familias-de-las-victimas-de-la-ley-de-blasfemia-en-pakistan.jpg","datePublished":"2016-11-26T01:11:37+00:00","dateModified":"2019-05-23T11:34:13+00:00","description":"La ley de blasfemia de Pakist\u00e1n es infame en todo el mundo por su abuso contra los cristianos. No somos nadie para juzgar ley o la constituci\u00f3n de Pakist\u00e1n","breadcrumb":{"@id":"https:\/\/catholic-television.com\/es\/ayudar-a-las-familias-de-las-victimas-de-la-ley-de-blasfemia-en-pakistan\/#breadcrumb"},"inLanguage":"es","potentialAction":[{"@type":"ReadAction","target":["https:\/\/catholic-television.com\/es\/ayudar-a-las-familias-de-las-victimas-de-la-ley-de-blasfemia-en-pakistan\/"]}]},{"@type":"ImageObject","inLanguage":"es","@id":"https:\/\/catholic-television.com\/es\/ayudar-a-las-familias-de-las-victimas-de-la-ley-de-blasfemia-en-pakistan\/#primaryimage","url":"https:\/\/catholic-television.com\/wp-content\/uploads\/2016\/11\/ayudar-a-las-familias-de-las-victimas-de-la-ley-de-blasfemia-en-pakistan.jpg","contentUrl":"https:\/\/catholic-television.com\/wp-content\/uploads\/2016\/11\/ayudar-a-las-familias-de-las-victimas-de-la-ley-de-blasfemia-en-pakistan.jpg","width":1024,"height":576,"caption":"ayudar-a-las-familias-de-las-victimas-de-la-ley-de-blasfemia-en-pakistan"},{"@type":"BreadcrumbList","@id":"https:\/\/catholic-television.com\/es\/ayudar-a-las-familias-de-las-victimas-de-la-ley-de-blasfemia-en-pakistan\/#breadcrumb","itemListElement":[{"@type":"ListItem","position":1,"name":"Portada","item":"https:\/\/catholic-television.com\/es\/?lang=es"},{"@type":"ListItem","position":2,"name":"Ayudar a las familias de las v\u00edctimas de la ley de blasfemia en Pakist\u00e1n"}]},{"@type":"WebSite","@id":"https:\/\/catholic-television.com\/es\/#website","url":"https:\/\/catholic-television.com\/es\/","name":"Catholic-television","description":"Catholic Television","publisher":{"@id":"https:\/\/catholic-television.com\/es\/#organization"},"potentialAction":[{"@type":"SearchAction","target":{"@type":"EntryPoint","urlTemplate":"https:\/\/catholic-television.com\/es\/?s={search_term_string}"},"query-input":{"@type":"PropertyValueSpecification","valueRequired":true,"valueName":"search_term_string"}}],"inLanguage":"es"},{"@type":"Organization","@id":"https:\/\/catholic-television.com\/es\/#organization","name":"Catholic-television","url":"https:\/\/catholic-television.com\/es\/","logo":{"@type":"ImageObject","inLanguage":"es","@id":"https:\/\/catholic-television.com\/es\/#\/schema\/logo\/image\/","url":"https:\/\/catholic-television.com\/wp-content\/uploads\/2019\/06\/catholic-tv_ok2.png","contentUrl":"https:\/\/catholic-television.com\/wp-content\/uploads\/2019\/06\/catholic-tv_ok2.png","width":303,"height":99,"caption":"Catholic-television"},"image":{"@id":"https:\/\/catholic-television.com\/es\/#\/schema\/logo\/image\/"},"sameAs":["https:\/\/www.facebook.com\/catholic.television.production\/","https:\/\/x.com\/catholictele"]},{"@type":"Person","@id":"https:\/\/catholic-television.com\/es\/#\/schema\/person\/e012ff19693cfabdf8f197251428c7dd","name":"David-Rothfuss","image":{"@type":"ImageObject","inLanguage":"es","@id":"https:\/\/secure.gravatar.com\/avatar\/1bdadd82646ed1b1b380724d24278de576a4d7a2551be5b679e8aa17e11be7f6?s=96&d=mm&r=g","url":"https:\/\/secure.gravatar.com\/avatar\/1bdadd82646ed1b1b380724d24278de576a4d7a2551be5b679e8aa17e11be7f6?s=96&d=mm&r=g","contentUrl":"https:\/\/secure.gravatar.com\/avatar\/1bdadd82646ed1b1b380724d24278de576a4d7a2551be5b679e8aa17e11be7f6?s=96&d=mm&r=g","caption":"David-Rothfuss"}}]}},"_links":{"self":[{"href":"https:\/\/catholic-television.com\/es\/wp-json\/wp\/v2\/posts\/1081","targetHints":{"allow":["GET"]}}],"collection":[{"href":"https:\/\/catholic-television.com\/es\/wp-json\/wp\/v2\/posts"}],"about":[{"href":"https:\/\/catholic-television.com\/es\/wp-json\/wp\/v2\/types\/post"}],"author":[{"embeddable":true,"href":"https:\/\/catholic-television.com\/es\/wp-json\/wp\/v2\/users\/1"}],"replies":[{"embeddable":true,"href":"https:\/\/catholic-television.com\/es\/wp-json\/wp\/v2\/comments?post=1081"}],"version-history":[{"count":2,"href":"https:\/\/catholic-television.com\/es\/wp-json\/wp\/v2\/posts\/1081\/revisions"}],"predecessor-version":[{"id":1817,"href":"https:\/\/catholic-television.com\/es\/wp-json\/wp\/v2\/posts\/1081\/revisions\/1817"}],"wp:featuredmedia":[{"embeddable":true,"href":"https:\/\/catholic-television.com\/es\/wp-json\/wp\/v2\/media\/3192"}],"wp:attachment":[{"href":"https:\/\/catholic-television.com\/es\/wp-json\/wp\/v2\/media?parent=1081"}],"wp:term":[{"taxonomy":"category","embeddable":true,"href":"https:\/\/catholic-television.com\/es\/wp-json\/wp\/v2\/categories?post=1081"},{"taxonomy":"post_tag","embeddable":true,"href":"https:\/\/catholic-television.com\/es\/wp-json\/wp\/v2\/tags?post=1081"}],"curies":[{"name":"wp","href":"https:\/\/api.w.org\/{rel}","templated":true}]}}